{"id":2056,"date":"2015-09-04T16:59:54","date_gmt":"2015-09-04T20:59:54","guid":{"rendered":"http:\/\/bottesetvelo.com\/blog\/?p=2056"},"modified":"2015-09-04T16:59:54","modified_gmt":"2015-09-04T20:59:54","slug":"aller-vers-lautre-pour-arriver-a-soi","status":"publish","type":"post","link":"https:\/\/bottesetvelo.com\/blog\/2015\/09\/04\/aller-vers-lautre-pour-arriver-a-soi\/","title":{"rendered":"Aller vers l\u2019autre pour arriver \u00e0 soi"},"content":{"rendered":"<h6 style=\"text-align: right;\"><em>Tout \u00eatre humain porte en lui une richesse qui rayonne et fait miroiter celle de l\u2019autre.<\/em><br \/>\n<em>Bottes et V\u00e9lo<\/em><\/h6>\n<p style=\"text-align: justify;\"><a href=\"https:\/\/i0.wp.com\/bottesetvelo.com\/blog\/wp-content\/uploads\/2015\/09\/2015-07-04-07.35.27-1.jpg?ssl=1\"><img data-recalc-dims=\"1\" loading=\"lazy\" decoding=\"async\" data-attachment-id=\"2057\" data-permalink=\"https:\/\/bottesetvelo.com\/blog\/2015\/09\/04\/aller-vers-lautre-pour-arriver-a-soi\/2015-07-04-07-35-27-1-2\/\" data-orig-file=\"https:\/\/i0.wp.com\/bottesetvelo.com\/blog\/wp-content\/uploads\/2015\/09\/2015-07-04-07.35.27-1.jpg?fit=3264%2C2448&amp;ssl=1\" data-orig-size=\"3264,2448\" data-comments-opened=\"1\" data-image-meta=\"{&quot;aperture&quot;:&quot;2.6&quot;,&quot;credit&quot;:&quot;&quot;,&quot;camera&quot;:&quot;SGH-I747M&quot;,&quot;caption&quot;:&quot;&quot;,&quot;created_timestamp&quot;:&quot;1435995327&quot;,&quot;copyright&quot;:&quot;&quot;,&quot;focal_length&quot;:&quot;3.7&quot;,&quot;iso&quot;:&quot;50&quot;,&quot;shutter_speed&quot;:&quot;0.00420168067227&quot;,&quot;title&quot;:&quot;&quot;,&quot;orientation&quot;:&quot;1&quot;}\" data-image-title=\"Bottes et V\u00e9lo &amp;#8211; Ste-F\u00e9licit\u00e9 &amp;#8211; Manoir des Sapins\" data-image-description=\"\" data-image-caption=\"\" data-large-file=\"https:\/\/i0.wp.com\/bottesetvelo.com\/blog\/wp-content\/uploads\/2015\/09\/2015-07-04-07.35.27-1.jpg?fit=1024%2C768&amp;ssl=1\" class=\" wp-image-2057 alignright\" src=\"https:\/\/i0.wp.com\/bottesetvelo.com\/blog\/wp-content\/uploads\/2015\/09\/2015-07-04-07.35.27-1.jpg?resize=300%2C225&#038;ssl=1\" alt=\"Bottes et V\u00e9lo - Ste-F\u00e9licit\u00e9 - Manoir des Sapins\" width=\"300\" height=\"225\" srcset=\"https:\/\/i0.wp.com\/bottesetvelo.com\/blog\/wp-content\/uploads\/2015\/09\/2015-07-04-07.35.27-1.jpg?resize=500%2C375&amp;ssl=1 500w, https:\/\/i0.wp.com\/bottesetvelo.com\/blog\/wp-content\/uploads\/2015\/09\/2015-07-04-07.35.27-1.jpg?resize=1024%2C768&amp;ssl=1 1024w, https:\/\/i0.wp.com\/bottesetvelo.com\/blog\/wp-content\/uploads\/2015\/09\/2015-07-04-07.35.27-1.jpg?w=2340&amp;ssl=1 2340w\" sizes=\"auto, (max-width: 300px) 100vw, 300px\" \/><\/a>Pour la majorit\u00e9 d&rsquo;entre nous, nous \u00e9voluons dans un environnement dans lequel l&rsquo;autre, celui que je ne connais pas, est per\u00e7u comme un \u00e9tranger, un \u00eatre distant, inint\u00e9ressant, voire m\u00eame inexistant. Les comportements de masse sont tels que nous nous c\u00f4toyons sans chercher \u00e0 cr\u00e9er de liens, et parfois m\u00eame en agissant pour ne pas en avoir. Nous faisons des kilom\u00e8tres en autobus ou dans le m\u00e9tro sans parler \u00e0 notre voisin, nous barricadant derri\u00e8re un roman, une tablette ou des \u00e9couteurs. Nous revoyons r\u00e9guli\u00e8rement la caissi\u00e8re de l&rsquo;\u00e9picerie, ou le commis au d\u00e9panneur sans lui signifier de marque de reconnaissance. Chacun vit sa vie de fa\u00e7on socialement herm\u00e9tique, ne cr\u00e9ant d&rsquo;ouverture que pour certaines personnes r\u00e9pondant au pr\u00e9requis: famille, coll\u00e8gues de travail, amis ou voisins. Pourtant sur le chemin, le p\u00e8lerin d\u00e9couvrira une toute autre dynamique des rapports sociaux. Sur le chemin, le p\u00e8lerin r\u00e9alisera rapidement que l\u2019autre, loin d\u2019\u00eatre un simple \u00e9tranger, fait partie int\u00e9grante de son aventure et que sa pr\u00e9sence est un incontournable dans les apprentissages qu\u2019il va en tirer.<a href=\"https:\/\/i0.wp.com\/bottesetvelo.com\/blog\/wp-content\/uploads\/2015\/09\/2015-07-08-10.12.24.jpg?ssl=1\"><img data-recalc-dims=\"1\" loading=\"lazy\" decoding=\"async\" data-attachment-id=\"2058\" data-permalink=\"https:\/\/bottesetvelo.com\/blog\/2015\/09\/04\/aller-vers-lautre-pour-arriver-a-soi\/2015-07-08-10-12-24-2\/\" data-orig-file=\"https:\/\/i0.wp.com\/bottesetvelo.com\/blog\/wp-content\/uploads\/2015\/09\/2015-07-08-10.12.24.jpg?fit=2347%2C1669&amp;ssl=1\" data-orig-size=\"2347,1669\" data-comments-opened=\"1\" data-image-meta=\"{&quot;aperture&quot;:&quot;2.6&quot;,&quot;credit&quot;:&quot;&quot;,&quot;camera&quot;:&quot;SGH-I747M&quot;,&quot;caption&quot;:&quot;&quot;,&quot;created_timestamp&quot;:&quot;1436350344&quot;,&quot;copyright&quot;:&quot;&quot;,&quot;focal_length&quot;:&quot;3.7&quot;,&quot;iso&quot;:&quot;125&quot;,&quot;shutter_speed&quot;:&quot;0.0588235294118&quot;,&quot;title&quot;:&quot;&quot;,&quot;orientation&quot;:&quot;1&quot;}\" data-image-title=\"Bottes et V\u00e9lo &amp;#8211; Marsoui &amp;#8211; Caf\u00e9 du Parc\" data-image-description=\"\" data-image-caption=\"\" data-large-file=\"https:\/\/i0.wp.com\/bottesetvelo.com\/blog\/wp-content\/uploads\/2015\/09\/2015-07-08-10.12.24.jpg?fit=1024%2C728&amp;ssl=1\" class=\"alignright wp-image-2058\" src=\"https:\/\/i0.wp.com\/bottesetvelo.com\/blog\/wp-content\/uploads\/2015\/09\/2015-07-08-10.12.24.jpg?resize=300%2C213&#038;ssl=1\" alt=\"Bottes et V\u00e9lo - Marsoui - Caf\u00e9 du Parc\" width=\"300\" height=\"213\" srcset=\"https:\/\/i0.wp.com\/bottesetvelo.com\/blog\/wp-content\/uploads\/2015\/09\/2015-07-08-10.12.24.jpg?resize=500%2C356&amp;ssl=1 500w, https:\/\/i0.wp.com\/bottesetvelo.com\/blog\/wp-content\/uploads\/2015\/09\/2015-07-08-10.12.24.jpg?resize=1024%2C728&amp;ssl=1 1024w, https:\/\/i0.wp.com\/bottesetvelo.com\/blog\/wp-content\/uploads\/2015\/09\/2015-07-08-10.12.24.jpg?w=2340&amp;ssl=1 2340w\" sizes=\"auto, (max-width: 300px) 100vw, 300px\" \/><\/a><\/p>\n<p style=\"text-align: justify;\">Quand on d\u00e9cide d\u2019entreprendre un p\u00e8lerinage, souvent nous sommes \u00e0 la recherche d\u2019un temps de solitude et d\u2019isolement. Mais rapidement, on constate que l\u2019autre, quel qu\u2019il soit, nous est indispensable. Que ce soit le restaurateur, l\u2019h\u00e9bergeur, celui qui nous indique la route \u00e0 prendre, celui qui nous encourage d\u2019un coup de klaxon, celui qui nous offre spontan\u00e9ment de l\u2019eau en nous voyant passer ou celui qui, curieux de nous voir ainsi charg\u00e9, engage la conversation; tous ces gens qui se trouvent sur notre route font partie de notre p\u00e8lerinage. Ils embellissent notre voyage de leur sourire, de leurs paroles et de leur sensibilit\u00e9. Cette relation instantan\u00e9e, toute simple, et sans lendemain transforme le rapport que le p\u00e8lerin entretenait avec l\u2019autre. Elle lui permet de red\u00e9couvrir l\u2019essence m\u00eame de la nature humaine. L\u2019autre, celui qui se trouve sur notre route, est souvent une surprenante mine d\u2019or. Le p\u00e8lerin s\u2019\u00e9tonnera de d\u00e9couvrir tant de bont\u00e9, de g\u00e9n\u00e9rosit\u00e9 et d\u2019entraide \u00e0 l\u2019\u00e9tat pur. <a href=\"https:\/\/i0.wp.com\/bottesetvelo.com\/blog\/wp-content\/uploads\/2015\/09\/2015-07-16-10.24.02.jpg?ssl=1\"><img data-recalc-dims=\"1\" loading=\"lazy\" decoding=\"async\" data-attachment-id=\"2059\" data-permalink=\"https:\/\/bottesetvelo.com\/blog\/2015\/09\/04\/aller-vers-lautre-pour-arriver-a-soi\/2015-07-16-10-24-02-3\/\" data-orig-file=\"https:\/\/i0.wp.com\/bottesetvelo.com\/blog\/wp-content\/uploads\/2015\/09\/2015-07-16-10.24.02.jpg?fit=2177%2C1632&amp;ssl=1\" data-orig-size=\"2177,1632\" data-comments-opened=\"1\" data-image-meta=\"{&quot;aperture&quot;:&quot;2.6&quot;,&quot;credit&quot;:&quot;&quot;,&quot;camera&quot;:&quot;SGH-I747M&quot;,&quot;caption&quot;:&quot;&quot;,&quot;created_timestamp&quot;:&quot;1437042242&quot;,&quot;copyright&quot;:&quot;&quot;,&quot;focal_length&quot;:&quot;3.7&quot;,&quot;iso&quot;:&quot;50&quot;,&quot;shutter_speed&quot;:&quot;0.000865051903114&quot;,&quot;title&quot;:&quot;&quot;,&quot;orientation&quot;:&quot;1&quot;}\" data-image-title=\"Bottes et V\u00e9lo &amp;#8211; Cap-aux-Os\" data-image-description=\"\" data-image-caption=\"\" data-large-file=\"https:\/\/i0.wp.com\/bottesetvelo.com\/blog\/wp-content\/uploads\/2015\/09\/2015-07-16-10.24.02.jpg?fit=1024%2C768&amp;ssl=1\" class=\" wp-image-2059 alignright\" src=\"https:\/\/i0.wp.com\/bottesetvelo.com\/blog\/wp-content\/uploads\/2015\/09\/2015-07-16-10.24.02.jpg?resize=300%2C225&#038;ssl=1\" alt=\"Bottes et V\u00e9lo - Cap-aux-Os\" width=\"300\" height=\"225\" srcset=\"https:\/\/i0.wp.com\/bottesetvelo.com\/blog\/wp-content\/uploads\/2015\/09\/2015-07-16-10.24.02.jpg?resize=500%2C375&amp;ssl=1 500w, https:\/\/i0.wp.com\/bottesetvelo.com\/blog\/wp-content\/uploads\/2015\/09\/2015-07-16-10.24.02.jpg?resize=1024%2C768&amp;ssl=1 1024w\" sizes=\"auto, (max-width: 300px) 100vw, 300px\" \/><\/a>Ces h\u00f4tes du chemin agissent g\u00e9n\u00e9ralement, tout simplement pour aider et rendre service \u00e0 une personne qui pourrait en avoir besoin, ou pour le plaisir d\u2019\u00e9changer et de voyager \u00e0 travers le p\u00e8lerin. Ces courtes rencontres sont riches en humanit\u00e9 et laissent une trace inalt\u00e9rable dans le c\u0153ur et la m\u00e9moire du p\u00e8lerin. Chaque p\u00e8lerin a une anecdote \u00e0 vous partager qui d\u00e9crit combien il est rest\u00e9 marqu\u00e9 par la grandeur d\u2019\u00e2me de cet \u00e9tranger qui l\u2019a aid\u00e9 au moment o\u00f9 il en avait besoin ou qui l\u2019a accueilli au-del\u00e0 de ses attentes.<\/p>\n<p style=\"text-align: justify;\">En chemin, les barri\u00e8res sociales tombent rapidement et le p\u00e8lerin va \u00e0 la rencontre de cet inconnu qui lui ouvre sa porte et entre dans sa bulle. De cette rencontre na\u00eetra un sentiment de bien-\u00eatre et un plaisir de partager un moment de vie avec cet \u00e9tranger qui l\u2019est de moins en moins. Le p\u00e8lerin reprendra sa route, rassasi\u00e9 de cette pause sociale, surpris et touch\u00e9 par cet \u00e9lan de bont\u00e9 envers lui et rempli de gratitude envers son prochain. Graduellement, avec les kilom\u00e8tres qui d\u00e9filent, nous r\u00e9alisons que l\u2019autre n\u2019est pas bien diff\u00e9rent de nous. <a href=\"https:\/\/i0.wp.com\/bottesetvelo.com\/blog\/wp-content\/uploads\/2015\/09\/2015-07-05-08.23.42.jpg?ssl=1\"><img data-recalc-dims=\"1\" loading=\"lazy\" decoding=\"async\" data-attachment-id=\"2060\" data-permalink=\"https:\/\/bottesetvelo.com\/blog\/2015\/09\/04\/aller-vers-lautre-pour-arriver-a-soi\/2015-07-05-08-23-42-2\/\" data-orig-file=\"https:\/\/i0.wp.com\/bottesetvelo.com\/blog\/wp-content\/uploads\/2015\/09\/2015-07-05-08.23.42.jpg?fit=1280%2C960&amp;ssl=1\" data-orig-size=\"1280,960\" data-comments-opened=\"1\" data-image-meta=\"{&quot;aperture&quot;:&quot;2.8&quot;,&quot;credit&quot;:&quot;&quot;,&quot;camera&quot;:&quot;SGH-I747M&quot;,&quot;caption&quot;:&quot;&quot;,&quot;created_timestamp&quot;:&quot;1436084622&quot;,&quot;copyright&quot;:&quot;&quot;,&quot;focal_length&quot;:&quot;2.7&quot;,&quot;iso&quot;:&quot;300&quot;,&quot;shutter_speed&quot;:&quot;0.0714285714286&quot;,&quot;title&quot;:&quot;&quot;,&quot;orientation&quot;:&quot;1&quot;}\" data-image-title=\"Bottes et V\u00e9lo &amp;#8211; Les M\u00e9chins\" data-image-description=\"\" data-image-caption=\"\" data-large-file=\"https:\/\/i0.wp.com\/bottesetvelo.com\/blog\/wp-content\/uploads\/2015\/09\/2015-07-05-08.23.42.jpg?fit=1024%2C768&amp;ssl=1\" class=\" wp-image-2060 alignright\" src=\"https:\/\/i0.wp.com\/bottesetvelo.com\/blog\/wp-content\/uploads\/2015\/09\/2015-07-05-08.23.42.jpg?resize=300%2C225&#038;ssl=1\" alt=\"Bottes et V\u00e9lo - Les M\u00e9chins\" width=\"300\" height=\"225\" srcset=\"https:\/\/i0.wp.com\/bottesetvelo.com\/blog\/wp-content\/uploads\/2015\/09\/2015-07-05-08.23.42.jpg?resize=500%2C375&amp;ssl=1 500w, https:\/\/i0.wp.com\/bottesetvelo.com\/blog\/wp-content\/uploads\/2015\/09\/2015-07-05-08.23.42.jpg?resize=1024%2C768&amp;ssl=1 1024w, https:\/\/i0.wp.com\/bottesetvelo.com\/blog\/wp-content\/uploads\/2015\/09\/2015-07-05-08.23.42.jpg?w=1280&amp;ssl=1 1280w\" sizes=\"auto, (max-width: 300px) 100vw, 300px\" \/><\/a>Chaque h\u00f4te du chemin est une expression de moi-m\u00eame. Et en allant vers cet autre, le p\u00e8lerin avance un peu plus vers lui, retrouvant en l\u2019autre, ce reflet de ce qu\u2019il veut voir s\u2019actualiser en lui. Et c\u2019est aussi \u00e0 travers l\u2019autre que le p\u00e8lerin entrevoit sa propre image. \u00c0 travers les paroles et les actions de l\u2019autre, le p\u00e8lerin d\u00e9couvre des forces qu\u2019il poss\u00e8de en lui, que l\u2019autre lui reconna\u00eet, mais que lui-m\u00eame ne suspectait peut-\u00eatre pas.<\/p>\n<p style=\"text-align: justify;\">Souvent, le p\u00e8lerin qui prend la route, part pr\u00e9occup\u00e9 et turlupin\u00e9, \u00e0 la recherche d\u2019un faire autrement, mais la rencontre avec l\u2019autre lui fera r\u00e9aliser que la r\u00e9ponse r\u00e9side plut\u00f4t dans un \u00eatre autrement. Un p\u00e8lerinage ne saurait \u00eatre complet sans la pr\u00e9sence de l\u2019autre sur le chemin, car ce sont tous ces autres qui me compl\u00e8tent et m\u2019aident \u00e0 me d\u00e9finir, et c\u2019est dans cette d\u00e9finition de soi que le p\u00e8lerin trouvera le d\u00e9but d\u2019une r\u00e9ponse au changement souhait\u00e9.<a href=\"https:\/\/i0.wp.com\/bottesetvelo.com\/blog\/wp-content\/uploads\/2014\/01\/Bottes-et-V%C3%A9lo-Embl%C3%AAme.jpg?ssl=1\"><img data-recalc-dims=\"1\" loading=\"lazy\" decoding=\"async\" data-attachment-id=\"14\" data-permalink=\"https:\/\/bottesetvelo.com\/blog\/bottes-et-velo-le-blog\/bottes-et-velo-embleme\/\" data-orig-file=\"https:\/\/i0.wp.com\/bottesetvelo.com\/blog\/wp-content\/uploads\/2014\/01\/Bottes-et-V%C3%A9lo-Embl%C3%AAme-e1454083414631.jpg?fit=100%2C79&amp;ssl=1\" data-orig-size=\"100,79\" data-comments-opened=\"1\" data-image-meta=\"{&quot;aperture&quot;:&quot;0&quot;,&quot;credit&quot;:&quot;&quot;,&quot;camera&quot;:&quot;&quot;,&quot;caption&quot;:&quot;&quot;,&quot;created_timestamp&quot;:&quot;0&quot;,&quot;copyright&quot;:&quot;&quot;,&quot;focal_length&quot;:&quot;0&quot;,&quot;iso&quot;:&quot;0&quot;,&quot;shutter_speed&quot;:&quot;0&quot;,&quot;title&quot;:&quot;&quot;}\" data-image-title=\"Bottes et V\u00e9lo &amp;#8211; Embl\u00eame\" data-image-description=\"\" data-image-caption=\"\" data-large-file=\"https:\/\/i0.wp.com\/bottesetvelo.com\/blog\/wp-content\/uploads\/2014\/01\/Bottes-et-V%C3%A9lo-Embl%C3%AAme-e1454083414631.jpg?fit=100%2C79&amp;ssl=1\" class=\" wp-image-14 alignright\" src=\"https:\/\/i0.wp.com\/bottesetvelo.com\/blog\/wp-content\/uploads\/2014\/01\/Bottes-et-V%C3%A9lo-Embl%C3%AAme.jpg?resize=86%2C68&#038;ssl=1\" alt=\"Bottes et V\u00e9lo - Embl\u00eame\" width=\"86\" height=\"68\" \/><\/a><\/p>\n<p style=\"text-align: justify;\">Brigitte Harouni<\/p>\n","protected":false},"excerpt":{"rendered":"<p>Tout \u00eatre humain porte en lui une richesse qui rayonne et fait miroiter celle de l\u2019autre. Bottes et V\u00e9lo Pour la majorit\u00e9 d&rsquo;entre nous, nous \u00e9voluons dans un environnement dans lequel l&rsquo;autre, celui que je ne connais pas, est per\u00e7u comme un \u00e9tranger, un \u00eatre distant, inint\u00e9ressant, voire m\u00eame inexistant. Les comportements de masse sont&hellip;<\/p>\n","protected":false},"author":2,"featured_media":0,"comment_status":"open","ping_status":"open","sticky":false,"template":"","format":"standard","meta":{"jetpack_post_was_ever_published":false,"_jetpack_newsletter_access":"","_jetpack_dont_email_post_to_subs":false,"_jetpack_newsletter_tier_id":0,"_jetpack_memberships_contains_paywalled_content":false,"_jetpack_memberships_contains_paid_content":false,"footnotes":"","jetpack_publicize_message":"","jetpack_publicize_feature_enabled":true,"jetpack_social_post_already_shared":true,"jetpack_social_options":{"image_generator_settings":{"template":"highway","default_image_id":0,"font":"","enabled":false},"version":2}},"categories":[50,39,166],"tags":[139,275,40,104,219],"class_list":["post-2056","post","type-post","status-publish","format-standard","hentry","category-art-de-vivre","category-croissance-personnelle","category-demarche-du-pelerin","tag-amitie","tag-art-de-vivre","tag-croissance-personnelle-2","tag-relation","tag-vivre-autrement"],"jetpack_publicize_connections":[],"jetpack_featured_media_url":"","jetpack_shortlink":"https:\/\/wp.me\/p4eY6z-xa","jetpack_sharing_enabled":true,"jetpack_likes_enabled":true,"jetpack-related-posts":[],"_links":{"self":[{"href":"https:\/\/bottesetvelo.com\/blog\/wp-json\/wp\/v2\/posts\/2056","targetHints":{"allow":["GET"]}}],"collection":[{"href":"https:\/\/bottesetvelo.com\/blog\/wp-json\/wp\/v2\/posts"}],"about":[{"href":"https:\/\/bottesetvelo.com\/blog\/wp-json\/wp\/v2\/types\/post"}],"author":[{"embeddable":true,"href":"https:\/\/bottesetvelo.com\/blog\/wp-json\/wp\/v2\/users\/2"}],"replies":[{"embeddable":true,"href":"https:\/\/bottesetvelo.com\/blog\/wp-json\/wp\/v2\/comments?post=2056"}],"version-history":[{"count":2,"href":"https:\/\/bottesetvelo.com\/blog\/wp-json\/wp\/v2\/posts\/2056\/revisions"}],"predecessor-version":[{"id":2062,"href":"https:\/\/bottesetvelo.com\/blog\/wp-json\/wp\/v2\/posts\/2056\/revisions\/2062"}],"wp:attachment":[{"href":"https:\/\/bottesetvelo.com\/blog\/wp-json\/wp\/v2\/media?parent=2056"}],"wp:term":[{"taxonomy":"category","embeddable":true,"href":"https:\/\/bottesetvelo.com\/blog\/wp-json\/wp\/v2\/categories?post=2056"},{"taxonomy":"post_tag","embeddable":true,"href":"https:\/\/bottesetvelo.com\/blog\/wp-json\/wp\/v2\/tags?post=2056"}],"curies":[{"name":"wp","href":"https:\/\/api.w.org\/{rel}","templated":true}]}}