{"id":2033,"date":"2015-08-28T15:54:36","date_gmt":"2015-08-28T19:54:36","guid":{"rendered":"http:\/\/bottesetvelo.com\/blog\/?p=2033"},"modified":"2015-08-28T15:54:36","modified_gmt":"2015-08-28T19:54:36","slug":"gouter-lexperience-du-chemin","status":"publish","type":"post","link":"https:\/\/bottesetvelo.com\/blog\/2015\/08\/28\/gouter-lexperience-du-chemin\/","title":{"rendered":"Go\u00fbter l&rsquo;exp\u00e9rience du chemin"},"content":{"rendered":"<h6 style=\"text-align: right;\"><strong><em>Le monde existe \u00e0 travers nos sens <\/em><\/strong><br \/>\n<strong><em>avant d\u2019exister de fa\u00e7on ordonn\u00e9e dans notre pens\u00e9e.<\/em><\/strong><br \/>\n<strong><em>Fran\u00e7oise H\u00e9ritier<\/em><\/strong><\/h6>\n<p style=\"text-align: justify;\"><a href=\"https:\/\/i0.wp.com\/bottesetvelo.com\/blog\/wp-content\/uploads\/2015\/08\/IMG_6459.jpg?ssl=1\"><img data-recalc-dims=\"1\" loading=\"lazy\" decoding=\"async\" data-attachment-id=\"2041\" data-permalink=\"https:\/\/bottesetvelo.com\/blog\/2015\/08\/28\/gouter-lexperience-du-chemin\/img_6459\/\" data-orig-file=\"https:\/\/i0.wp.com\/bottesetvelo.com\/blog\/wp-content\/uploads\/2015\/08\/IMG_6459.jpg?fit=3648%2C2736&amp;ssl=1\" data-orig-size=\"3648,2736\" data-comments-opened=\"1\" data-image-meta=\"{&quot;aperture&quot;:&quot;4.5&quot;,&quot;credit&quot;:&quot;&quot;,&quot;camera&quot;:&quot;Canon PowerShot SD890 IS&quot;,&quot;caption&quot;:&quot;&quot;,&quot;created_timestamp&quot;:&quot;1435149356&quot;,&quot;copyright&quot;:&quot;&quot;,&quot;focal_length&quot;:&quot;15.434&quot;,&quot;iso&quot;:&quot;80&quot;,&quot;shutter_speed&quot;:&quot;0.008&quot;,&quot;title&quot;:&quot;&quot;,&quot;orientation&quot;:&quot;1&quot;}\" data-image-title=\"La Voie du St-Laurent &amp;#8211; Beaumont\" data-image-description=\"\" data-image-caption=\"\" data-large-file=\"https:\/\/i0.wp.com\/bottesetvelo.com\/blog\/wp-content\/uploads\/2015\/08\/IMG_6459.jpg?fit=1024%2C768&amp;ssl=1\" class=\"alignright wp-image-2041\" src=\"https:\/\/i0.wp.com\/bottesetvelo.com\/blog\/wp-content\/uploads\/2015\/08\/IMG_6459.jpg?resize=300%2C225&#038;ssl=1\" alt=\"La Voie du St-Laurent - Beaumont\" width=\"300\" height=\"225\" srcset=\"https:\/\/i0.wp.com\/bottesetvelo.com\/blog\/wp-content\/uploads\/2015\/08\/IMG_6459.jpg?resize=500%2C375&amp;ssl=1 500w, https:\/\/i0.wp.com\/bottesetvelo.com\/blog\/wp-content\/uploads\/2015\/08\/IMG_6459.jpg?resize=1024%2C768&amp;ssl=1 1024w, https:\/\/i0.wp.com\/bottesetvelo.com\/blog\/wp-content\/uploads\/2015\/08\/IMG_6459.jpg?w=2340&amp;ssl=1 2340w, https:\/\/i0.wp.com\/bottesetvelo.com\/blog\/wp-content\/uploads\/2015\/08\/IMG_6459.jpg?w=3510&amp;ssl=1 3510w\" sizes=\"auto, (max-width: 300px) 100vw, 300px\" \/><\/a>Le chemin de p\u00e8lerinage offre une exp\u00e9rience vivante hors du commun. Pendant plusieurs jours, reprendre la marche ou le v\u00e9lo sous l\u2019effort de nos pieds, de nos jambes, \u00e0 la sueur de notre front, nous projette dans une dimension qui nous semble toute autre. Une dimension dont nous avons souvent perdu la conscience et qui pourtant nous semble si \u00e9vidente d\u00e8s l\u2019instant o\u00f9 on la nomme : la Vie.<\/p>\n<p style=\"text-align: justify;\">Faire l\u2019exp\u00e9rience de la Vie, de cette vie qui coule dans nos veines, qui nous anime et nous met en marche; celle qui nous provient d\u2019un \u00e9lan du c\u0153ur, qui nous fait vibrer de passion et de d\u00e9sir. Une vie pleine de fougue, d\u2019amour et d\u2019\u00e9toiles dans les yeux. Celle-l\u00e0 m\u00eame qui nous fait dire qu\u2019il faut mordre dedans, qu\u2019il faut la saisir, l\u2019embrasser, la chanter.<\/p>\n<p style=\"text-align: justify;\">Toute l\u2019exp\u00e9rience vivante traverse notre corps de part en part, chaque jour, \u00e0 chaque instant. \u00c9veiller sa conscience au principe de Vie, ce principe divin inscrit en chacun de nous, est une exp\u00e9rience qui nous transcende, nous d\u00e9passe. Une exp\u00e9rience qu\u2019il faut prendre le temps de go\u00fbter pour en saisir toute la subtilit\u00e9 de saveur.<a href=\"https:\/\/i0.wp.com\/bottesetvelo.com\/blog\/wp-content\/uploads\/2015\/08\/2015-07-07-09.28.02.jpg?ssl=1\"><img data-recalc-dims=\"1\" loading=\"lazy\" decoding=\"async\" data-attachment-id=\"2037\" data-permalink=\"https:\/\/bottesetvelo.com\/blog\/2015\/08\/28\/gouter-lexperience-du-chemin\/2015-07-07-09-28-02\/\" data-orig-file=\"https:\/\/i0.wp.com\/bottesetvelo.com\/blog\/wp-content\/uploads\/2015\/08\/2015-07-07-09.28.02.jpg?fit=3264%2C2448&amp;ssl=1\" data-orig-size=\"3264,2448\" data-comments-opened=\"1\" data-image-meta=\"{&quot;aperture&quot;:&quot;2.6&quot;,&quot;credit&quot;:&quot;&quot;,&quot;camera&quot;:&quot;SGH-I747M&quot;,&quot;caption&quot;:&quot;&quot;,&quot;created_timestamp&quot;:&quot;1436261282&quot;,&quot;copyright&quot;:&quot;&quot;,&quot;focal_length&quot;:&quot;3.7&quot;,&quot;iso&quot;:&quot;50&quot;,&quot;shutter_speed&quot;:&quot;0.000865051903114&quot;,&quot;title&quot;:&quot;&quot;,&quot;orientation&quot;:&quot;1&quot;}\" data-image-title=\"La Voie du St-Laurent &amp;#8211; Ste-Anne-des-Monts\" data-image-description=\"\" data-image-caption=\"\" data-large-file=\"https:\/\/i0.wp.com\/bottesetvelo.com\/blog\/wp-content\/uploads\/2015\/08\/2015-07-07-09.28.02.jpg?fit=1024%2C768&amp;ssl=1\" class=\" wp-image-2037 alignright\" src=\"https:\/\/i0.wp.com\/bottesetvelo.com\/blog\/wp-content\/uploads\/2015\/08\/2015-07-07-09.28.02.jpg?resize=300%2C225&#038;ssl=1\" alt=\"La Voie du St-Laurent - Ste-Anne-des-Monts\" width=\"300\" height=\"225\" srcset=\"https:\/\/i0.wp.com\/bottesetvelo.com\/blog\/wp-content\/uploads\/2015\/08\/2015-07-07-09.28.02.jpg?resize=500%2C375&amp;ssl=1 500w, https:\/\/i0.wp.com\/bottesetvelo.com\/blog\/wp-content\/uploads\/2015\/08\/2015-07-07-09.28.02.jpg?resize=1024%2C768&amp;ssl=1 1024w, https:\/\/i0.wp.com\/bottesetvelo.com\/blog\/wp-content\/uploads\/2015\/08\/2015-07-07-09.28.02.jpg?w=2340&amp;ssl=1 2340w\" sizes=\"auto, (max-width: 300px) 100vw, 300px\" \/><\/a><\/p>\n<p style=\"text-align: justify;\">Le chemin de p\u00e8lerinage est une exp\u00e9rience qui rel\u00e8ve de ce senti, de la saveur de ce ressenti. Une exp\u00e9rience qui passe bien mieux par les pieds, que par la t\u00eate. Le chemin de p\u00e8lerinage se go\u00fbte, se ressent! Et celui ou celle qui s\u2019y est abandonn\u00e9 comprend tr\u00e8s bien toute la profondeur, la force et le dynamisme de ce lien vivant.<\/p>\n<p style=\"text-align: justify;\">En quittant notre quotidien pour partir sur les chemins de p\u00e8lerinage, c\u2019est notre demeure que nous sommes invit\u00e9s \u00e0 quitter. C\u2019est une invitation \u00e0 sortir de nos rep\u00e8res habituels, de nos routines, de nos id\u00e9es toutes faites. Quitter notre agir m\u00e9canique, enlever le pilote automatique de notre vie. Quitter son chez-soi pour sortir de l\u2019ordinaire, de mani\u00e8re \u00e0 mettre tous nos sens en \u00e9veil. Quitter son chez-soi, pour un peu se quitter soi-m\u00eame, se d\u00e9faire de tout ce dont nous sommes emplis; profiter de l\u2019occasion pour all\u00e9ger son bagage de vie. Ouvrir une porte, une fen\u00eatre, qui fasse de l\u2019espace au milieu de nous-m\u00eames; afin qu\u2019un vent neuf puisse circuler.<\/p>\n<p style=\"text-align: justify;\"><a href=\"https:\/\/i0.wp.com\/bottesetvelo.com\/blog\/wp-content\/uploads\/2015\/08\/IMG_7816.jpg?ssl=1\"><img data-recalc-dims=\"1\" loading=\"lazy\" decoding=\"async\" data-attachment-id=\"2048\" data-permalink=\"https:\/\/bottesetvelo.com\/blog\/2015\/08\/28\/gouter-lexperience-du-chemin\/img_7816\/\" data-orig-file=\"https:\/\/i0.wp.com\/bottesetvelo.com\/blog\/wp-content\/uploads\/2015\/08\/IMG_7816.jpg?fit=3648%2C2736&amp;ssl=1\" data-orig-size=\"3648,2736\" data-comments-opened=\"1\" data-image-meta=\"{&quot;aperture&quot;:&quot;9&quot;,&quot;credit&quot;:&quot;&quot;,&quot;camera&quot;:&quot;Canon PowerShot SD890 IS&quot;,&quot;caption&quot;:&quot;&quot;,&quot;created_timestamp&quot;:&quot;1436893556&quot;,&quot;copyright&quot;:&quot;&quot;,&quot;focal_length&quot;:&quot;6.6&quot;,&quot;iso&quot;:&quot;80&quot;,&quot;shutter_speed&quot;:&quot;0.00625&quot;,&quot;title&quot;:&quot;&quot;,&quot;orientation&quot;:&quot;1&quot;}\" data-image-title=\"La Voie du St-Laurent\" data-image-description=\"\" data-image-caption=\"\" data-large-file=\"https:\/\/i0.wp.com\/bottesetvelo.com\/blog\/wp-content\/uploads\/2015\/08\/IMG_7816.jpg?fit=1024%2C768&amp;ssl=1\" class=\" wp-image-2048 alignright\" src=\"https:\/\/i0.wp.com\/bottesetvelo.com\/blog\/wp-content\/uploads\/2015\/08\/IMG_7816.jpg?resize=300%2C225&#038;ssl=1\" alt=\"La Voie du St-Laurent\" width=\"300\" height=\"225\" srcset=\"https:\/\/i0.wp.com\/bottesetvelo.com\/blog\/wp-content\/uploads\/2015\/08\/IMG_7816.jpg?resize=500%2C375&amp;ssl=1 500w, https:\/\/i0.wp.com\/bottesetvelo.com\/blog\/wp-content\/uploads\/2015\/08\/IMG_7816.jpg?resize=1024%2C768&amp;ssl=1 1024w, https:\/\/i0.wp.com\/bottesetvelo.com\/blog\/wp-content\/uploads\/2015\/08\/IMG_7816.jpg?w=2340&amp;ssl=1 2340w, https:\/\/i0.wp.com\/bottesetvelo.com\/blog\/wp-content\/uploads\/2015\/08\/IMG_7816.jpg?w=3510&amp;ssl=1 3510w\" sizes=\"auto, (max-width: 300px) 100vw, 300px\" \/><\/a>\u00c9trangement, la vie se go\u00fbte dans cet espace que j\u2019aurai lib\u00e9r\u00e9. Le go\u00fbt s\u2019y d\u00e9veloppe et s\u2019y accentue par le manque, l\u2019absence&#8230;<\/p>\n<p style=\"text-align: justify;\">Actuellement, notre culture de consommation nous gave par tous les sens. Il n\u2019y a plus d\u2019espace pour accueillir et go\u00fbter le d\u00e9sir. Tout est combl\u00e9 dans l\u2019instant, et m\u00eame au-del\u00e0. Pourtant, c\u2019est dans et par le manque que je peux go\u00fbter pleinement et que le plaisir en est encore plus grand. Rappelez-vous cette gorg\u00e9e d\u2019eau alors que votre gourde \u00e9tait vide depuis longtemps et que vous avanciez sous la canicule&#8230; Aucune autre eau n\u2019avait jamais eu cette saveur! Mais maintenant&#8230; vous connaissez le go\u00fbt de cette eau, et vous savez comment la trouver. C\u2019est si simple!<\/p>\n<p style=\"text-align: justify;\">En creusant plus loin, nous d\u00e9couvrons que c\u2019est dans ce manque que nous pouvons entendre la vie qui parle en nous. Je peux, dans cet espace, entendre tout mon d\u00e9sir de vivre. Un d\u00e9sir qui me r\u00e9v\u00e8le \u00e0 moi-m\u00eame.<\/p>\n<p style=\"text-align: justify;\"><a href=\"https:\/\/i0.wp.com\/bottesetvelo.com\/blog\/wp-content\/uploads\/2015\/08\/IMG_6964.jpg?ssl=1\"><img data-recalc-dims=\"1\" loading=\"lazy\" decoding=\"async\" data-attachment-id=\"2042\" data-permalink=\"https:\/\/bottesetvelo.com\/blog\/2015\/08\/28\/gouter-lexperience-du-chemin\/img_6964\/\" data-orig-file=\"https:\/\/i0.wp.com\/bottesetvelo.com\/blog\/wp-content\/uploads\/2015\/08\/IMG_6964.jpg?fit=3648%2C2736&amp;ssl=1\" data-orig-size=\"3648,2736\" data-comments-opened=\"1\" data-image-meta=\"{&quot;aperture&quot;:&quot;9&quot;,&quot;credit&quot;:&quot;&quot;,&quot;camera&quot;:&quot;Canon PowerShot SD890 IS&quot;,&quot;caption&quot;:&quot;&quot;,&quot;created_timestamp&quot;:&quot;1435653995&quot;,&quot;copyright&quot;:&quot;&quot;,&quot;focal_length&quot;:&quot;6.6&quot;,&quot;iso&quot;:&quot;80&quot;,&quot;shutter_speed&quot;:&quot;0.008&quot;,&quot;title&quot;:&quot;&quot;,&quot;orientation&quot;:&quot;1&quot;}\" data-image-title=\"La Voie du St-Laurent &amp;#8211; Ste-Flavie\" data-image-description=\"\" data-image-caption=\"\" data-large-file=\"https:\/\/i0.wp.com\/bottesetvelo.com\/blog\/wp-content\/uploads\/2015\/08\/IMG_6964.jpg?fit=1024%2C768&amp;ssl=1\" class=\" wp-image-2042 alignright\" src=\"https:\/\/i0.wp.com\/bottesetvelo.com\/blog\/wp-content\/uploads\/2015\/08\/IMG_6964.jpg?resize=300%2C225&#038;ssl=1\" alt=\"La Voie du St-Laurent - Ste-Flavie\" width=\"300\" height=\"225\" srcset=\"https:\/\/i0.wp.com\/bottesetvelo.com\/blog\/wp-content\/uploads\/2015\/08\/IMG_6964.jpg?resize=500%2C375&amp;ssl=1 500w, https:\/\/i0.wp.com\/bottesetvelo.com\/blog\/wp-content\/uploads\/2015\/08\/IMG_6964.jpg?resize=1024%2C768&amp;ssl=1 1024w, https:\/\/i0.wp.com\/bottesetvelo.com\/blog\/wp-content\/uploads\/2015\/08\/IMG_6964.jpg?w=2340&amp;ssl=1 2340w, https:\/\/i0.wp.com\/bottesetvelo.com\/blog\/wp-content\/uploads\/2015\/08\/IMG_6964.jpg?w=3510&amp;ssl=1 3510w\" sizes=\"auto, (max-width: 300px) 100vw, 300px\" \/><\/a>Sur le chemin, d\u00e9poss\u00e9d\u00e9 de mon trop-plein, je peux enfin me voir en v\u00e9rit\u00e9. D\u00e9fait de mes illusions, je peux entendre mon d\u00e9sir de vie profond. Le chemin m\u2019attire vers ce sanctuaire, cet espace qui appelle le meilleur de moi-m\u00eame. Et entendre le manque qui m\u2019habite sans chercher \u00e0 le combler dans l\u2019instant, c\u2019est lui donner l\u2019occasion de se r\u00e9v\u00e9ler pleinement, de l\u2019entendre avec justesse.<\/p>\n<p style=\"text-align: justify;\">Sur le chemin de p\u00e8lerinage, je d\u00e9couvre qu\u2019il en va de ma vie comme de mon app\u00e9tit : si j\u2019ai faim, je dois d\u2019abord prendre le temps d\u2019entendre ce dont j\u2019ai faim. Manger du brocoli quand j\u2019ai un go\u00fbt de fraises, ne me rassasiera jamais! Je dois prendre le temps d\u2019\u00e9couter pour \u00eatre rassasi\u00e9. Je dois \u00e9couter ce qui monte en moi pour en saisir toute la saveur recherch\u00e9e. La satisfaction profonde vient de cette attention.<\/p>\n<p>Ai-je laiss\u00e9 suffisamment d\u2019espace en moi pour sentir le v\u00e9ritable go\u00fbt de ma vie?<a href=\"https:\/\/i0.wp.com\/bottesetvelo.com\/blog\/wp-content\/uploads\/2014\/01\/Bottes-et-V%C3%A9lo-Embl%C3%AAme.jpg?ssl=1\"><img data-recalc-dims=\"1\" loading=\"lazy\" decoding=\"async\" data-attachment-id=\"14\" data-permalink=\"https:\/\/bottesetvelo.com\/blog\/bottes-et-velo-le-blog\/bottes-et-velo-embleme\/\" data-orig-file=\"https:\/\/i0.wp.com\/bottesetvelo.com\/blog\/wp-content\/uploads\/2014\/01\/Bottes-et-V%C3%A9lo-Embl%C3%AAme-e1454083414631.jpg?fit=100%2C79&amp;ssl=1\" data-orig-size=\"100,79\" data-comments-opened=\"1\" data-image-meta=\"{&quot;aperture&quot;:&quot;0&quot;,&quot;credit&quot;:&quot;&quot;,&quot;camera&quot;:&quot;&quot;,&quot;caption&quot;:&quot;&quot;,&quot;created_timestamp&quot;:&quot;0&quot;,&quot;copyright&quot;:&quot;&quot;,&quot;focal_length&quot;:&quot;0&quot;,&quot;iso&quot;:&quot;0&quot;,&quot;shutter_speed&quot;:&quot;0&quot;,&quot;title&quot;:&quot;&quot;}\" data-image-title=\"Bottes et V\u00e9lo &amp;#8211; Embl\u00eame\" data-image-description=\"\" data-image-caption=\"\" data-large-file=\"https:\/\/i0.wp.com\/bottesetvelo.com\/blog\/wp-content\/uploads\/2014\/01\/Bottes-et-V%C3%A9lo-Embl%C3%AAme-e1454083414631.jpg?fit=100%2C79&amp;ssl=1\" class=\" wp-image-14 alignright\" src=\"https:\/\/i0.wp.com\/bottesetvelo.com\/blog\/wp-content\/uploads\/2014\/01\/Bottes-et-V%C3%A9lo-Embl%C3%AAme.jpg?resize=80%2C63&#038;ssl=1\" alt=\"Bottes et V\u00e9lo - Embl\u00eame\" width=\"80\" height=\"63\" \/><\/a><\/p>\n<p style=\"text-align: justify;\">\u00c9ric Lalibert\u00e9<\/p>\n","protected":false},"excerpt":{"rendered":"<p>Le monde existe \u00e0 travers nos sens avant d\u2019exister de fa\u00e7on ordonn\u00e9e dans notre pens\u00e9e. Fran\u00e7oise H\u00e9ritier Le chemin de p\u00e8lerinage offre une exp\u00e9rience vivante hors du commun. Pendant plusieurs jours, reprendre la marche ou le v\u00e9lo sous l\u2019effort de nos pieds, de nos jambes, \u00e0 la sueur de notre front, nous projette dans une&hellip;<\/p>\n","protected":false},"author":3,"featured_media":0,"comment_status":"open","ping_status":"open","sticky":false,"template":"","format":"standard","meta":{"jetpack_post_was_ever_published":false,"_jetpack_newsletter_access":"","_jetpack_dont_email_post_to_subs":false,"_jetpack_newsletter_tier_id":0,"_jetpack_memberships_contains_paywalled_content":false,"_jetpack_memberships_contains_paid_content":false,"footnotes":"","jetpack_publicize_message":"","jetpack_publicize_feature_enabled":true,"jetpack_social_post_already_shared":true,"jetpack_social_options":{"image_generator_settings":{"template":"highway","default_image_id":0,"font":"","enabled":false},"version":2}},"categories":[50,39,166,37],"tags":[275,40,168,285,287,286,288],"class_list":["post-2033","post","type-post","status-publish","format-standard","hentry","category-art-de-vivre","category-croissance-personnelle","category-demarche-du-pelerin","category-spiritualite-2","tag-art-de-vivre","tag-croissance-personnelle-2","tag-demarche-du-pelerin","tag-gout-de-vivre","tag-plaisir-des-sens","tag-saveur","tag-sensualite"],"jetpack_publicize_connections":[],"jetpack_featured_media_url":"","jetpack_shortlink":"https:\/\/wp.me\/p4eY6z-wN","jetpack_sharing_enabled":true,"jetpack_likes_enabled":true,"jetpack-related-posts":[],"_links":{"self":[{"href":"https:\/\/bottesetvelo.com\/blog\/wp-json\/wp\/v2\/posts\/2033","targetHints":{"allow":["GET"]}}],"collection":[{"href":"https:\/\/bottesetvelo.com\/blog\/wp-json\/wp\/v2\/posts"}],"about":[{"href":"https:\/\/bottesetvelo.com\/blog\/wp-json\/wp\/v2\/types\/post"}],"author":[{"embeddable":true,"href":"https:\/\/bottesetvelo.com\/blog\/wp-json\/wp\/v2\/users\/3"}],"replies":[{"embeddable":true,"href":"https:\/\/bottesetvelo.com\/blog\/wp-json\/wp\/v2\/comments?post=2033"}],"version-history":[{"count":6,"href":"https:\/\/bottesetvelo.com\/blog\/wp-json\/wp\/v2\/posts\/2033\/revisions"}],"predecessor-version":[{"id":2054,"href":"https:\/\/bottesetvelo.com\/blog\/wp-json\/wp\/v2\/posts\/2033\/revisions\/2054"}],"wp:attachment":[{"href":"https:\/\/bottesetvelo.com\/blog\/wp-json\/wp\/v2\/media?parent=2033"}],"wp:term":[{"taxonomy":"category","embeddable":true,"href":"https:\/\/bottesetvelo.com\/blog\/wp-json\/wp\/v2\/categories?post=2033"},{"taxonomy":"post_tag","embeddable":true,"href":"https:\/\/bottesetvelo.com\/blog\/wp-json\/wp\/v2\/tags?post=2033"}],"curies":[{"name":"wp","href":"https:\/\/api.w.org\/{rel}","templated":true}]}}