{"id":2022,"date":"2015-08-25T18:21:48","date_gmt":"2015-08-25T22:21:48","guid":{"rendered":"http:\/\/bottesetvelo.com\/blog\/?p=2022"},"modified":"2015-08-25T18:21:48","modified_gmt":"2015-08-25T22:21:48","slug":"les-ateliers-du-pelerin","status":"publish","type":"post","link":"https:\/\/bottesetvelo.com\/blog\/2015\/08\/25\/les-ateliers-du-pelerin\/","title":{"rendered":"Les ateliers du p\u00e8lerin"},"content":{"rendered":"<h3><span style=\"color: #800000;\"><em>Il est toujours temps de s&rsquo;inscrire aux ateliers du p\u00e8lerins!<\/em><\/span><\/h3>\n<h4><span style=\"color: #800000;\"><em><a href=\"https:\/\/i0.wp.com\/bottesetvelo.com\/blog\/wp-content\/uploads\/2015\/08\/2015-03-21-09.41.02-2.jpg?ssl=1\"><img data-recalc-dims=\"1\" loading=\"lazy\" decoding=\"async\" data-attachment-id=\"2023\" data-permalink=\"https:\/\/bottesetvelo.com\/blog\/2015\/08\/25\/les-ateliers-du-pelerin\/2015-03-21-09-41-02-2\/\" data-orig-file=\"https:\/\/i0.wp.com\/bottesetvelo.com\/blog\/wp-content\/uploads\/2015\/08\/2015-03-21-09.41.02-2.jpg?fit=3264%2C2035&amp;ssl=1\" data-orig-size=\"3264,2035\" data-comments-opened=\"1\" data-image-meta=\"{&quot;aperture&quot;:&quot;2.6&quot;,&quot;credit&quot;:&quot;&quot;,&quot;camera&quot;:&quot;SGH-I747M&quot;,&quot;caption&quot;:&quot;&quot;,&quot;created_timestamp&quot;:&quot;1426930862&quot;,&quot;copyright&quot;:&quot;&quot;,&quot;focal_length&quot;:&quot;3.7&quot;,&quot;iso&quot;:&quot;400&quot;,&quot;shutter_speed&quot;:&quot;0.0333333333333&quot;,&quot;title&quot;:&quot;&quot;,&quot;orientation&quot;:&quot;1&quot;}\" data-image-title=\"Ateliers du p\u00e8lerin\" data-image-description=\"\" data-image-caption=\"\" data-large-file=\"https:\/\/i0.wp.com\/bottesetvelo.com\/blog\/wp-content\/uploads\/2015\/08\/2015-03-21-09.41.02-2.jpg?fit=1024%2C638&amp;ssl=1\" class=\" wp-image-2023 alignright\" src=\"https:\/\/i0.wp.com\/bottesetvelo.com\/blog\/wp-content\/uploads\/2015\/08\/2015-03-21-09.41.02-2.jpg?resize=300%2C187&#038;ssl=1\" alt=\"Ateliers du p\u00e8lerin\" width=\"300\" height=\"187\" srcset=\"https:\/\/i0.wp.com\/bottesetvelo.com\/blog\/wp-content\/uploads\/2015\/08\/2015-03-21-09.41.02-2.jpg?resize=500%2C312&amp;ssl=1 500w, https:\/\/i0.wp.com\/bottesetvelo.com\/blog\/wp-content\/uploads\/2015\/08\/2015-03-21-09.41.02-2.jpg?resize=1024%2C638&amp;ssl=1 1024w, https:\/\/i0.wp.com\/bottesetvelo.com\/blog\/wp-content\/uploads\/2015\/08\/2015-03-21-09.41.02-2.jpg?w=2340&amp;ssl=1 2340w\" sizes=\"auto, (max-width: 300px) 100vw, 300px\" \/><\/a><\/em><\/span><\/h4>\n<p style=\"text-align: justify;\">La d\u00e9marche propos\u00e9e par <span style=\"color: #000080;\"><em><strong>Bottes et V\u00e9lo<\/strong><\/em><\/span> offre un espace qui permette de renouer et d&rsquo;approfondir la dimension spirituelle de notre \u00eatre. Un parcours inspir\u00e9 par les Exercices Spirituels d&rsquo;Ignace de Loyola, qui comprend 14 rencontres de groupe. (Des rencontres en accompagnement individuel sont aussi disponibles.)<\/p>\n<p style=\"text-align: justify;\"><span style=\"color: #003366;\"><em><strong>Ces ateliers offrent un parcours dans un processus qui vise \u00e0 \u00e9tablir une coh\u00e9rence avec l&rsquo;\u00e9lan de vie qui nous habite.\u00a0Comme sur le chemin de p\u00e8lerinage, c&rsquo;est une invitation \u00e0 se d\u00e9faire de notre trop-plein pour se laisser habiter par ce qui nous \u00e9nergise vraiment.<\/strong><\/em><\/span><\/p>\n<p style=\"text-align: justify;\"><span style=\"color: #800000;\"><strong><em>Un premier groupe est form\u00e9 du c\u00f4t\u00e9 de Qu\u00e9bec.<\/em> <\/strong><\/span>Des places sont toujours disponibles pour les gens de Qu\u00e9bec qui voudraient se joindre \u00e0 nous. Les rencontres se tiendront au deux semaines, le mercredi, de 16h00 \u00e0 18h00 ou de 18h30 \u00e0 20h30. Nous fixerons l&rsquo;heure des rencontres apr\u00e8s avoir consult\u00e9 tous les participants. Le lieu reste reste \u00e0 d\u00e9terminer, mais les rencontres auront lieu dans le secteur de l&rsquo;Universit\u00e9 Laval. Pour vous inscrire, rendez-vous sur le site de <strong><em><a href=\"http:\/\/bottesetvelo.com\/bottes-et-v\u00e9lo-ateliers-du-pelerin\">Bottes et V\u00e9lo<\/a><\/em><\/strong>.<\/p>\n<h3><em><span style=\"color: #800000;\">Un deuxi\u00e8me groupe sera offert sur la rive-sud!<\/span><\/em><\/h3>\n<div id=\"attachment_2024\" style=\"width: 310px\" class=\"wp-caption alignleft\"><a href=\"https:\/\/i0.wp.com\/bottesetvelo.com\/blog\/wp-content\/uploads\/2015\/08\/IMG_7275.jpg?ssl=1\"><img data-recalc-dims=\"1\" loading=\"lazy\" decoding=\"async\" aria-describedby=\"caption-attachment-2024\" data-attachment-id=\"2024\" data-permalink=\"https:\/\/bottesetvelo.com\/blog\/2015\/08\/25\/les-ateliers-du-pelerin\/img_7275\/\" data-orig-file=\"https:\/\/i0.wp.com\/bottesetvelo.com\/blog\/wp-content\/uploads\/2015\/08\/IMG_7275.jpg?fit=3648%2C2736&amp;ssl=1\" data-orig-size=\"3648,2736\" data-comments-opened=\"1\" data-image-meta=\"{&quot;aperture&quot;:&quot;5&quot;,&quot;credit&quot;:&quot;&quot;,&quot;camera&quot;:&quot;Canon PowerShot SD890 IS&quot;,&quot;caption&quot;:&quot;&quot;,&quot;created_timestamp&quot;:&quot;1436189993&quot;,&quot;copyright&quot;:&quot;&quot;,&quot;focal_length&quot;:&quot;20.423&quot;,&quot;iso&quot;:&quot;80&quot;,&quot;shutter_speed&quot;:&quot;0.0015625&quot;,&quot;title&quot;:&quot;&quot;,&quot;orientation&quot;:&quot;1&quot;}\" data-image-title=\"La Voie du St-Laurent -Ste-Anne-des-Monts\" data-image-description=\"\" data-image-caption=\"\" data-large-file=\"https:\/\/i0.wp.com\/bottesetvelo.com\/blog\/wp-content\/uploads\/2015\/08\/IMG_7275.jpg?fit=1024%2C768&amp;ssl=1\" class=\"wp-image-2024\" src=\"https:\/\/i0.wp.com\/bottesetvelo.com\/blog\/wp-content\/uploads\/2015\/08\/IMG_7275.jpg?resize=300%2C225&#038;ssl=1\" alt=\"La Voie du St-Laurent -Ste-Anne-des-Monts\" width=\"300\" height=\"225\" srcset=\"https:\/\/i0.wp.com\/bottesetvelo.com\/blog\/wp-content\/uploads\/2015\/08\/IMG_7275.jpg?resize=500%2C375&amp;ssl=1 500w, https:\/\/i0.wp.com\/bottesetvelo.com\/blog\/wp-content\/uploads\/2015\/08\/IMG_7275.jpg?resize=1024%2C768&amp;ssl=1 1024w, https:\/\/i0.wp.com\/bottesetvelo.com\/blog\/wp-content\/uploads\/2015\/08\/IMG_7275.jpg?w=2340&amp;ssl=1 2340w, https:\/\/i0.wp.com\/bottesetvelo.com\/blog\/wp-content\/uploads\/2015\/08\/IMG_7275.jpg?w=3510&amp;ssl=1 3510w\" sizes=\"auto, (max-width: 300px) 100vw, 300px\" \/><\/a><p id=\"caption-attachment-2024\" class=\"wp-caption-text\">Les ateliers du p\u00e8lerin &#8211; Se mettre en marche sans n\u00e9cessairement prendre la route&#8230;<\/p><\/div>\n<p style=\"text-align: justify;\">Afin de rendre la d\u00e9marche plus accessible et pour permettre aux gens de la rive-sud, de L\u00e9vis \u00e0 Montmagny, d&rsquo;entreprendre cette d\u00e9marche, nous avons d\u00e9cid\u00e9 d&rsquo;ouvrir un deuxi\u00e8me groupe. Les rencontres se tiendront le mardi soir, de 16h00 \u00e0 18h00 ou de 18h30 \u00e0 20h30, selon ce qui conviendra le mieux aux participants. La ville reste \u00e0 d\u00e9terminer selon les inscriptions re\u00e7ues. <em>(Vous n&rsquo;avez rien \u00e0 payer tant que le groupe n&rsquo;a pas \u00e9t\u00e9 confirm\u00e9 et que vous n&rsquo;avez pas signifi\u00e9 votre int\u00e9r\u00eat de poursuivre une fois la ville s\u00e9lectionn\u00e9e en accord avec tout le groupe.)<\/em><\/p>\n<p style=\"text-align: justify;\"><span style=\"color: #003366;\"><em><strong>Les deux groupes des ateliers du p\u00e8lerin d\u00e9buteront fin-septembre.<\/strong> <\/em><\/span>Le tarif est de 280$ pour l&rsquo;ensemble de la d\u00e9marche. Si vous d\u00e9sirez un accompagnement spirituel individuel en compl\u00e9ment aux ateliers du p\u00e8lerins, des rencontres sont \u00e9galement disponibles (20$\/heure). Nous vous invitons \u00e0 vous inscrire aux ateliers en vous rendant sur le site de <strong><em><a href=\"http:\/\/bottesetvelo.com\/bottes-et-v\u00e9lo-ateliers-du-pelerin\">Bottes et V\u00e9lo<\/a><\/em><\/strong>.<\/p>\n<p style=\"text-align: justify;\">Si vous ne souhaitez pas participer \u00e0 un groupe, mais d\u00e9sirez tout de m\u00eame un accompagnement spirituel dans l&rsquo;esprit de la d\u00e9marche du p\u00e8lerin, vous pouvez prendre rendez-vous avec \u00c9ric Lalibert\u00e9. (tarif: 40$\/heure)<\/p>\n<p style=\"text-align: justify;\">Pour plus d&rsquo;informations, au sujet des ateliers du p\u00e8lerins ou de l&rsquo;accompagnement spirituel, communiquez avec nous au : 418-208-5367.<\/p>\n<p style=\"text-align: justify;\">Ou encore \u00e9crivez-nous \u00e0: <a href=\"mailto:ateliers@bottesetvelo.com\">ateliers@bottesetvelo.com<\/a><a href=\"https:\/\/i0.wp.com\/bottesetvelo.com\/blog\/wp-content\/uploads\/2014\/01\/Bottes-et-V%C3%A9lo-Embl%C3%AAme.jpg?ssl=1\"><img data-recalc-dims=\"1\" loading=\"lazy\" decoding=\"async\" data-attachment-id=\"14\" data-permalink=\"https:\/\/bottesetvelo.com\/blog\/bottes-et-velo-le-blog\/bottes-et-velo-embleme\/\" data-orig-file=\"https:\/\/i0.wp.com\/bottesetvelo.com\/blog\/wp-content\/uploads\/2014\/01\/Bottes-et-V%C3%A9lo-Embl%C3%AAme-e1454083414631.jpg?fit=100%2C79&amp;ssl=1\" data-orig-size=\"100,79\" data-comments-opened=\"1\" data-image-meta=\"{&quot;aperture&quot;:&quot;0&quot;,&quot;credit&quot;:&quot;&quot;,&quot;camera&quot;:&quot;&quot;,&quot;caption&quot;:&quot;&quot;,&quot;created_timestamp&quot;:&quot;0&quot;,&quot;copyright&quot;:&quot;&quot;,&quot;focal_length&quot;:&quot;0&quot;,&quot;iso&quot;:&quot;0&quot;,&quot;shutter_speed&quot;:&quot;0&quot;,&quot;title&quot;:&quot;&quot;}\" data-image-title=\"Bottes et V\u00e9lo &amp;#8211; Embl\u00eame\" data-image-description=\"\" data-image-caption=\"\" data-large-file=\"https:\/\/i0.wp.com\/bottesetvelo.com\/blog\/wp-content\/uploads\/2014\/01\/Bottes-et-V%C3%A9lo-Embl%C3%AAme-e1454083414631.jpg?fit=100%2C79&amp;ssl=1\" class=\"wp-image-14 alignright\" src=\"https:\/\/i0.wp.com\/bottesetvelo.com\/blog\/wp-content\/uploads\/2014\/01\/Bottes-et-V%C3%A9lo-Embl%C3%AAme.jpg?resize=94%2C74&#038;ssl=1\" alt=\"Bottes et V\u00e9lo - Embl\u00eame\" width=\"94\" height=\"74\" \/><\/a><\/p>\n<p style=\"text-align: justify;\">\u00c9ric Lalibert\u00e9 et Brigitte Harouni<\/p>\n<p>&nbsp;<\/p>\n","protected":false},"excerpt":{"rendered":"<p>Il est toujours temps de s&rsquo;inscrire aux ateliers du p\u00e8lerins! La d\u00e9marche propos\u00e9e par Bottes et V\u00e9lo offre un espace qui permette de renouer et d&rsquo;approfondir la dimension spirituelle de notre \u00eatre. Un parcours inspir\u00e9 par les Exercices Spirituels d&rsquo;Ignace de Loyola, qui comprend 14 rencontres de groupe. (Des rencontres en accompagnement individuel sont aussi&hellip;<\/p>\n","protected":false},"author":1,"featured_media":0,"comment_status":"open","ping_status":"open","sticky":false,"template":"","format":"standard","meta":{"jetpack_post_was_ever_published":false,"_jetpack_newsletter_access":"","_jetpack_dont_email_post_to_subs":false,"_jetpack_newsletter_tier_id":0,"_jetpack_memberships_contains_paywalled_content":false,"_jetpack_memberships_contains_paid_content":false,"footnotes":"","jetpack_publicize_message":"","jetpack_publicize_feature_enabled":true,"jetpack_social_post_already_shared":true,"jetpack_social_options":{"image_generator_settings":{"template":"highway","default_image_id":0,"font":"","enabled":false},"version":2}},"categories":[282],"tags":[268,283,40,168,284],"class_list":["post-2022","post","type-post","status-publish","format-standard","hentry","category-ateliers-du-pelerin","tag-accompagnement-spirituel","tag-cheminement-spirituel","tag-croissance-personnelle-2","tag-demarche-du-pelerin","tag-groupe-de-cheminement"],"jetpack_publicize_connections":[],"jetpack_featured_media_url":"","jetpack_shortlink":"https:\/\/wp.me\/p4eY6z-wC","jetpack_sharing_enabled":true,"jetpack_likes_enabled":true,"jetpack-related-posts":[],"_links":{"self":[{"href":"https:\/\/bottesetvelo.com\/blog\/wp-json\/wp\/v2\/posts\/2022","targetHints":{"allow":["GET"]}}],"collection":[{"href":"https:\/\/bottesetvelo.com\/blog\/wp-json\/wp\/v2\/posts"}],"about":[{"href":"https:\/\/bottesetvelo.com\/blog\/wp-json\/wp\/v2\/types\/post"}],"author":[{"embeddable":true,"href":"https:\/\/bottesetvelo.com\/blog\/wp-json\/wp\/v2\/users\/1"}],"replies":[{"embeddable":true,"href":"https:\/\/bottesetvelo.com\/blog\/wp-json\/wp\/v2\/comments?post=2022"}],"version-history":[{"count":7,"href":"https:\/\/bottesetvelo.com\/blog\/wp-json\/wp\/v2\/posts\/2022\/revisions"}],"predecessor-version":[{"id":2031,"href":"https:\/\/bottesetvelo.com\/blog\/wp-json\/wp\/v2\/posts\/2022\/revisions\/2031"}],"wp:attachment":[{"href":"https:\/\/bottesetvelo.com\/blog\/wp-json\/wp\/v2\/media?parent=2022"}],"wp:term":[{"taxonomy":"category","embeddable":true,"href":"https:\/\/bottesetvelo.com\/blog\/wp-json\/wp\/v2\/categories?post=2022"},{"taxonomy":"post_tag","embeddable":true,"href":"https:\/\/bottesetvelo.com\/blog\/wp-json\/wp\/v2\/tags?post=2022"}],"curies":[{"name":"wp","href":"https:\/\/api.w.org\/{rel}","templated":true}]}}