{"id":2012,"date":"2015-08-21T20:24:57","date_gmt":"2015-08-22T00:24:57","guid":{"rendered":"http:\/\/bottesetvelo.com\/blog\/?p=2012"},"modified":"2015-08-21T20:24:57","modified_gmt":"2015-08-22T00:24:57","slug":"mon-chemin-interieur","status":"publish","type":"post","link":"https:\/\/bottesetvelo.com\/blog\/2015\/08\/21\/mon-chemin-interieur\/","title":{"rendered":"Mon chemin int\u00e9rieur"},"content":{"rendered":"<h6 style=\"text-align: right;\"><em>Toute v\u00e9rit\u00e9 est une route trac\u00e9e \u00e0 travers la r\u00e9alit\u00e9.<\/em><br \/>\n<em>Henri Bergson<\/em><\/h6>\n<p style=\"text-align: justify;\"><a href=\"https:\/\/i0.wp.com\/bottesetvelo.com\/blog\/wp-content\/uploads\/2015\/08\/IMG_6979.jpg?ssl=1\"><img data-recalc-dims=\"1\" loading=\"lazy\" decoding=\"async\" data-attachment-id=\"2015\" data-permalink=\"https:\/\/bottesetvelo.com\/blog\/2015\/08\/21\/mon-chemin-interieur\/img_6979\/\" data-orig-file=\"https:\/\/i0.wp.com\/bottesetvelo.com\/blog\/wp-content\/uploads\/2015\/08\/IMG_6979.jpg?fit=3620%2C2698&amp;ssl=1\" data-orig-size=\"3620,2698\" data-comments-opened=\"1\" data-image-meta=\"{&quot;aperture&quot;:&quot;5.7&quot;,&quot;credit&quot;:&quot;&quot;,&quot;camera&quot;:&quot;Canon PowerShot SD890 IS&quot;,&quot;caption&quot;:&quot;&quot;,&quot;created_timestamp&quot;:&quot;1435657199&quot;,&quot;copyright&quot;:&quot;&quot;,&quot;focal_length&quot;:&quot;33&quot;,&quot;iso&quot;:&quot;80&quot;,&quot;shutter_speed&quot;:&quot;0.002&quot;,&quot;title&quot;:&quot;&quot;,&quot;orientation&quot;:&quot;1&quot;}\" data-image-title=\"La Voie- du St-Laurent &amp;#8211; Ste-Flavie\" data-image-description=\"\" data-image-caption=\"\" data-large-file=\"https:\/\/i0.wp.com\/bottesetvelo.com\/blog\/wp-content\/uploads\/2015\/08\/IMG_6979.jpg?fit=1024%2C763&amp;ssl=1\" class=\" wp-image-2015 alignright\" src=\"https:\/\/i0.wp.com\/bottesetvelo.com\/blog\/wp-content\/uploads\/2015\/08\/IMG_6979.jpg?resize=300%2C224&#038;ssl=1\" alt=\"La Voie- du St-Laurent - Ste-Flavie\" width=\"300\" height=\"224\" srcset=\"https:\/\/i0.wp.com\/bottesetvelo.com\/blog\/wp-content\/uploads\/2015\/08\/IMG_6979.jpg?resize=500%2C373&amp;ssl=1 500w, https:\/\/i0.wp.com\/bottesetvelo.com\/blog\/wp-content\/uploads\/2015\/08\/IMG_6979.jpg?resize=1024%2C763&amp;ssl=1 1024w, https:\/\/i0.wp.com\/bottesetvelo.com\/blog\/wp-content\/uploads\/2015\/08\/IMG_6979.jpg?w=2340&amp;ssl=1 2340w, https:\/\/i0.wp.com\/bottesetvelo.com\/blog\/wp-content\/uploads\/2015\/08\/IMG_6979.jpg?w=3510&amp;ssl=1 3510w\" sizes=\"auto, (max-width: 300px) 100vw, 300px\" \/><\/a>Apr\u00e8s plusieurs p\u00e8lerinages, nous devenons certainement plus aguerris et plus avertis face aux \u00e9preuves du chemin. Notre exp\u00e9rience nous facilite la planification et l\u2019organisation du voyage. Notre \u00e9quipement s\u2019est graduellement pr\u00e9cis\u00e9 et adapt\u00e9 \u00e0 nos r\u00e9els besoins. Notre corps connait ses limites et ses faiblesses. Nous reprenons la route avec cette promesse d\u2019un bien-\u00eatre int\u00e9rieur. Tout comme le travailleur \u00e9reint\u00e9 qui s\u2019\u00e9vade pour une fin de semaine de p\u00eache sur un lac apr\u00e8s une semaine bien charg\u00e9e, comme la jeune m\u00e8re qui sort silencieusement de la chambre de b\u00e9b\u00e9 pour aller s\u2019allonger avec un bon roman apr\u00e8s un avant-midi de coliques, ou les grands-parents qui pr\u00e9parent soigneusement la maison avant une f\u00eate familiale; Le p\u00e8lerin r\u00e9cidiveur part \u00e0 la recherche de cette sensation int\u00e9rieure qui l\u2019a habit\u00e9e la derni\u00e8re fois et qu\u2019il esp\u00e8re encore pouvoir go\u00fbter. Mais comment saisir ce qui n\u2019est pas palpable? Quels sont les ingr\u00e9dients qui permettent \u00e0 ce bien-\u00eatre de jaillir en soi?<\/p>\n<p style=\"text-align: justify;\">\u00c9tonnamment, quel que soit le nombre de p\u00e8lerinage que je fais, chaque fois, je constate que je traverse \u00e0 nouveau les m\u00eames \u00e9tapes\u00a0:<\/p>\n<ol>\n<li style=\"text-align: justify;\">l\u2019excitation m\u00eal\u00e9e d\u2019inqui\u00e9tude du d\u00e9part. Vouloir que tout soit bien planifi\u00e9 et que rien ne soit laiss\u00e9 au hasard.<a href=\"https:\/\/i0.wp.com\/bottesetvelo.com\/blog\/wp-content\/uploads\/2015\/08\/IMG_7245.jpg?ssl=1\"><img data-recalc-dims=\"1\" loading=\"lazy\" decoding=\"async\" data-attachment-id=\"2017\" data-permalink=\"https:\/\/bottesetvelo.com\/blog\/2015\/08\/21\/mon-chemin-interieur\/img_7245\/\" data-orig-file=\"https:\/\/i0.wp.com\/bottesetvelo.com\/blog\/wp-content\/uploads\/2015\/08\/IMG_7245.jpg?fit=3648%2C2736&amp;ssl=1\" data-orig-size=\"3648,2736\" data-comments-opened=\"1\" data-image-meta=\"{&quot;aperture&quot;:&quot;5&quot;,&quot;credit&quot;:&quot;&quot;,&quot;camera&quot;:&quot;Canon PowerShot SD890 IS&quot;,&quot;caption&quot;:&quot;&quot;,&quot;created_timestamp&quot;:&quot;1436176271&quot;,&quot;copyright&quot;:&quot;&quot;,&quot;focal_length&quot;:&quot;20.423&quot;,&quot;iso&quot;:&quot;80&quot;,&quot;shutter_speed&quot;:&quot;0.001&quot;,&quot;title&quot;:&quot;&quot;,&quot;orientation&quot;:&quot;1&quot;}\" data-image-title=\"La Voie-du St-Laurent &amp;#8211; Cap-Chat\" data-image-description=\"\" data-image-caption=\"\" data-large-file=\"https:\/\/i0.wp.com\/bottesetvelo.com\/blog\/wp-content\/uploads\/2015\/08\/IMG_7245.jpg?fit=1024%2C768&amp;ssl=1\" class=\" wp-image-2017 alignright\" src=\"https:\/\/i0.wp.com\/bottesetvelo.com\/blog\/wp-content\/uploads\/2015\/08\/IMG_7245.jpg?resize=300%2C225&#038;ssl=1\" alt=\"La Voie-du St-Laurent - Cap-Chat\" width=\"300\" height=\"225\" srcset=\"https:\/\/i0.wp.com\/bottesetvelo.com\/blog\/wp-content\/uploads\/2015\/08\/IMG_7245.jpg?resize=500%2C375&amp;ssl=1 500w, https:\/\/i0.wp.com\/bottesetvelo.com\/blog\/wp-content\/uploads\/2015\/08\/IMG_7245.jpg?resize=1024%2C768&amp;ssl=1 1024w, https:\/\/i0.wp.com\/bottesetvelo.com\/blog\/wp-content\/uploads\/2015\/08\/IMG_7245.jpg?w=2340&amp;ssl=1 2340w, https:\/\/i0.wp.com\/bottesetvelo.com\/blog\/wp-content\/uploads\/2015\/08\/IMG_7245.jpg?w=3510&amp;ssl=1 3510w\" sizes=\"auto, (max-width: 300px) 100vw, 300px\" \/><\/a><\/li>\n<li style=\"text-align: justify;\">le plaisir des premiers jours. La sensation que vit tout voyageur. L\u2019\u00e9merveillement face au d\u00e9paysement et \u00e0 la nouveaut\u00e9.<\/li>\n<li style=\"text-align: justify;\">la douleur et l\u2019inconfort. Peu importe notre exp\u00e9rience de voyage et notre entrainement, notre corps a des limites et des faiblesses qu\u2019il faut apprendre \u00e0 respecter \u00e0 chaque jour de marche.<\/li>\n<li style=\"text-align: justify;\">la remise en question. Le fameux \u00abpourquoi\u00bb. Pourquoi m\u2019imposer cette \u00e9preuve? Pourquoi suis-je ici? Pourquoi marcher?<\/li>\n<li>et aux environs du 10<sup>e<\/sup> jour de marche, le p\u00e8lerin sent na\u00eetre en lui ce qu\u2019il recherchait.<\/li>\n<\/ol>\n<p style=\"text-align: justify;\">Le p\u00e8lerin qui d\u00e9couvre ce sanctuaire n\u2019y arrive pas sans peines ni sans efforts. Pour y acc\u00e9der, tout au long des 10 jours, le p\u00e8lerin chemine autant physiquement que psychiquement. Chacune des \u00e9tapes qu\u2019il traverse l\u2019\u00e9claire un peu plus sa route int\u00e9rieure et le guide pour aller vers ce mieux-\u00eatre. Ainsi des apprentissages se font \u00e0 chaque \u00e9tape pr\u00e9c\u00e9demment identifi\u00e9e:<\/p>\n<ol>\n<li style=\"text-align: justify;\">C\u2019est la premi\u00e8re phase du l\u00e2cher-prise pour aller vers la confiance. <a href=\"https:\/\/i0.wp.com\/bottesetvelo.com\/blog\/wp-content\/uploads\/2015\/08\/IMG_7132.jpg?ssl=1\"><img data-recalc-dims=\"1\" loading=\"lazy\" decoding=\"async\" data-attachment-id=\"2019\" data-permalink=\"https:\/\/bottesetvelo.com\/blog\/2015\/08\/21\/mon-chemin-interieur\/img_7132\/\" data-orig-file=\"https:\/\/i0.wp.com\/bottesetvelo.com\/blog\/wp-content\/uploads\/2015\/08\/IMG_7132.jpg?fit=1660%2C1220&amp;ssl=1\" data-orig-size=\"1660,1220\" data-comments-opened=\"1\" data-image-meta=\"{&quot;aperture&quot;:&quot;9&quot;,&quot;credit&quot;:&quot;&quot;,&quot;camera&quot;:&quot;Canon PowerShot SD890 IS&quot;,&quot;caption&quot;:&quot;&quot;,&quot;created_timestamp&quot;:&quot;1435996676&quot;,&quot;copyright&quot;:&quot;&quot;,&quot;focal_length&quot;:&quot;6.6&quot;,&quot;iso&quot;:&quot;80&quot;,&quot;shutter_speed&quot;:&quot;0.008&quot;,&quot;title&quot;:&quot;&quot;,&quot;orientation&quot;:&quot;1&quot;}\" data-image-title=\"La Voie du St-Laurent &amp;#8211; Ste-F\u00e9licit\u00e9\" data-image-description=\"\" data-image-caption=\"\" data-large-file=\"https:\/\/i0.wp.com\/bottesetvelo.com\/blog\/wp-content\/uploads\/2015\/08\/IMG_7132.jpg?fit=1024%2C753&amp;ssl=1\" class=\" wp-image-2019 alignright\" src=\"https:\/\/i0.wp.com\/bottesetvelo.com\/blog\/wp-content\/uploads\/2015\/08\/IMG_7132.jpg?resize=300%2C220&#038;ssl=1\" alt=\"La Voie du St-Laurent - Ste-F\u00e9licit\u00e9\" width=\"300\" height=\"220\" srcset=\"https:\/\/i0.wp.com\/bottesetvelo.com\/blog\/wp-content\/uploads\/2015\/08\/IMG_7132.jpg?resize=500%2C367&amp;ssl=1 500w, https:\/\/i0.wp.com\/bottesetvelo.com\/blog\/wp-content\/uploads\/2015\/08\/IMG_7132.jpg?resize=1024%2C753&amp;ssl=1 1024w, https:\/\/i0.wp.com\/bottesetvelo.com\/blog\/wp-content\/uploads\/2015\/08\/IMG_7132.jpg?w=1660&amp;ssl=1 1660w\" sizes=\"auto, (max-width: 300px) 100vw, 300px\" \/><\/a>Le p\u00e8lerin apprend \u00e0 vivre avec l\u2019impr\u00e9vu et l\u2019inconnu. Il les apprivoise et les d\u00e9dramatise. Graduellement, au fil des jours, le p\u00e8lerin d\u00e9tricote certaines pratiques, certaines exigences, certains comportements qui lui apparaissent maintenant inutiles, nuisibles ou superflus.<\/li>\n<li style=\"text-align: justify;\">C\u2019est l\u2019acceptation du changement. Le p\u00e8lerin s\u2019ouvre \u00e0 la nouveaut\u00e9 et \u00e0 la diversit\u00e9. Il en d\u00e9couvre les plaisirs et les limites. Il apprend \u00e0 s\u2019y adapter, change certaines habitudes, en d\u00e9veloppe d\u2019autres pour ainsi \u00eatre en coh\u00e9rence avec ce qui l\u2019entoure.<\/li>\n<li style=\"text-align: justify;\">C\u2019est l\u2019\u00e9coute et le respect de soi. Le corps est un excellent barom\u00e8tre de notre bien-\u00eatre int\u00e9rieur. Le p\u00e8lerin qui sait l\u2019\u00e9couter et s\u2019ajuster pour bien vivre sa marche apprend ainsi \u00e0 cheminer en harmonie avec lui-m\u00eame. Pour y parvenir, il faut reconna\u00eetre ses limites et ses faiblesses, et ce tant physiques que psychiques. Le p\u00e8lerin qui prend le temps d\u2019adapter son rythme et sa marche \u00e0 ce que son corps peut fournir et endurer, s\u2019\u00e9vite les blessures graves ou inutiles, et diminue la douleur. Il avance en respectant celui qu\u2019il est vraiment et rend sa route plus agr\u00e9able.<a href=\"https:\/\/i0.wp.com\/bottesetvelo.com\/blog\/wp-content\/uploads\/2015\/08\/IMG_7251.jpg?ssl=1\"><img data-recalc-dims=\"1\" loading=\"lazy\" decoding=\"async\" data-attachment-id=\"2018\" data-permalink=\"https:\/\/bottesetvelo.com\/blog\/2015\/08\/21\/mon-chemin-interieur\/img_7251\/\" data-orig-file=\"https:\/\/i0.wp.com\/bottesetvelo.com\/blog\/wp-content\/uploads\/2015\/08\/IMG_7251.jpg?fit=2426%2C3436&amp;ssl=1\" data-orig-size=\"2426,3436\" data-comments-opened=\"1\" data-image-meta=\"{&quot;aperture&quot;:&quot;11&quot;,&quot;credit&quot;:&quot;&quot;,&quot;camera&quot;:&quot;Canon PowerShot SD890 IS&quot;,&quot;caption&quot;:&quot;&quot;,&quot;created_timestamp&quot;:&quot;1436179967&quot;,&quot;copyright&quot;:&quot;&quot;,&quot;focal_length&quot;:&quot;11.922&quot;,&quot;iso&quot;:&quot;80&quot;,&quot;shutter_speed&quot;:&quot;0.008&quot;,&quot;title&quot;:&quot;&quot;,&quot;orientation&quot;:&quot;1&quot;}\" data-image-title=\"La Voie du St-Laurent &amp;#8211; Cap-Chat\" data-image-description=\"\" data-image-caption=\"\" data-large-file=\"https:\/\/i0.wp.com\/bottesetvelo.com\/blog\/wp-content\/uploads\/2015\/08\/IMG_7251.jpg?fit=723%2C1024&amp;ssl=1\" class=\" wp-image-2018 alignright\" src=\"https:\/\/i0.wp.com\/bottesetvelo.com\/blog\/wp-content\/uploads\/2015\/08\/IMG_7251.jpg?resize=212%2C300&#038;ssl=1\" alt=\"La Voie du St-Laurent - Cap-Chat\" width=\"212\" height=\"300\" srcset=\"https:\/\/i0.wp.com\/bottesetvelo.com\/blog\/wp-content\/uploads\/2015\/08\/IMG_7251.jpg?resize=353%2C500&amp;ssl=1 353w, https:\/\/i0.wp.com\/bottesetvelo.com\/blog\/wp-content\/uploads\/2015\/08\/IMG_7251.jpg?w=2340&amp;ssl=1 2340w\" sizes=\"auto, (max-width: 212px) 100vw, 212px\" \/><\/a><\/li>\n<li style=\"text-align: justify;\">C\u2019est d\u00e9finir mon r\u00f4le dans la vie. Le p\u00e8lerin, \u00e0 travers ses questions, cherche \u00e0 mieux se conna\u00eetre pour pr\u00e9ciser son chemin de vie. Chaque chose sur Terre a sa raison d\u2019\u00eatre, quelle est la mienne? Qui suis-je vraiment? Pourquoi suis-je ici? Quelle est cette vie que je souhaite? Ce d\u00e9sir de vivre en coh\u00e9rence avec la vie am\u00e8ne le p\u00e8lerin \u00e0 prendre des d\u00e9cisions et \u00e0 poser des actions en ce sens.<\/li>\n<\/ol>\n<p style=\"text-align: justify;\">Au terme de ce remue-m\u00e9nage int\u00e9rieur, le p\u00e8lerin qui tend de plus en plus \u00e0 vivre en harmonie avec le monde ext\u00e9rieur et en coh\u00e9rence avec son monde int\u00e9rieur, vit une sensation de bonheur qui lui est toute personnelle. Il doit prendre conscience de tous ces ingr\u00e9dients qui rendent possible cet \u00e9tat s\u2019il veut pouvoir le vivre \u00e0 nouveau lors de son retour de p\u00e8lerinage. Car ce n\u2019est pas le soleil de l\u2019Espagne, ni le vin de France, ni les plages de Gasp\u00e9sie qui suffisent \u00e0 procurer ce sentiment. Ce que le p\u00e8lerin cherche est en lui. Le cadre du p\u00e8lerinage favorisera l\u2019\u00e9mergence de ce que chacun porte d\u00e9j\u00e0 en son c\u0153ur, mais le p\u00e8lerin n\u2019y acc\u00e9dera que s\u2019il accepte de se laisser d\u00e9placer int\u00e9rieurement.<img data-recalc-dims=\"1\" loading=\"lazy\" decoding=\"async\" data-attachment-id=\"14\" data-permalink=\"https:\/\/bottesetvelo.com\/blog\/bottes-et-velo-le-blog\/bottes-et-velo-embleme\/\" data-orig-file=\"https:\/\/i0.wp.com\/bottesetvelo.com\/blog\/wp-content\/uploads\/2014\/01\/Bottes-et-V%C3%A9lo-Embl%C3%AAme-e1454083414631.jpg?fit=100%2C79&amp;ssl=1\" data-orig-size=\"100,79\" data-comments-opened=\"1\" data-image-meta=\"{&quot;aperture&quot;:&quot;0&quot;,&quot;credit&quot;:&quot;&quot;,&quot;camera&quot;:&quot;&quot;,&quot;caption&quot;:&quot;&quot;,&quot;created_timestamp&quot;:&quot;0&quot;,&quot;copyright&quot;:&quot;&quot;,&quot;focal_length&quot;:&quot;0&quot;,&quot;iso&quot;:&quot;0&quot;,&quot;shutter_speed&quot;:&quot;0&quot;,&quot;title&quot;:&quot;&quot;}\" data-image-title=\"Bottes et V\u00e9lo &amp;#8211; Embl\u00eame\" data-image-description=\"\" data-image-caption=\"\" data-large-file=\"https:\/\/i0.wp.com\/bottesetvelo.com\/blog\/wp-content\/uploads\/2014\/01\/Bottes-et-V%C3%A9lo-Embl%C3%AAme-e1454083414631.jpg?fit=100%2C79&amp;ssl=1\" class=\" wp-image-14 alignright\" src=\"https:\/\/i0.wp.com\/bottesetvelo.com\/blog\/wp-content\/uploads\/2014\/01\/Bottes-et-V%C3%A9lo-Embl%C3%AAme.jpg?resize=89%2C70&#038;ssl=1\" alt=\"Bottes et V\u00e9lo - Embl\u00eame\" width=\"89\" height=\"70\" \/><\/p>\n<p style=\"text-align: justify;\">Brigitte Harouni<\/p>\n<p style=\"text-align: justify;\">\n","protected":false},"excerpt":{"rendered":"<p>Toute v\u00e9rit\u00e9 est une route trac\u00e9e \u00e0 travers la r\u00e9alit\u00e9. Henri Bergson Apr\u00e8s plusieurs p\u00e8lerinages, nous devenons certainement plus aguerris et plus avertis face aux \u00e9preuves du chemin. Notre exp\u00e9rience nous facilite la planification et l\u2019organisation du voyage. Notre \u00e9quipement s\u2019est graduellement pr\u00e9cis\u00e9 et adapt\u00e9 \u00e0 nos r\u00e9els besoins. Notre corps connait ses limites et&hellip;<\/p>\n","protected":false},"author":2,"featured_media":0,"comment_status":"open","ping_status":"open","sticky":false,"template":"","format":"standard","meta":{"jetpack_post_was_ever_published":false,"_jetpack_newsletter_access":"","_jetpack_dont_email_post_to_subs":false,"_jetpack_newsletter_tier_id":0,"_jetpack_memberships_contains_paywalled_content":false,"_jetpack_memberships_contains_paid_content":false,"footnotes":"","jetpack_publicize_message":"","jetpack_publicize_feature_enabled":true,"jetpack_social_post_already_shared":true,"jetpack_social_options":{"image_generator_settings":{"template":"highway","default_image_id":0,"font":"","enabled":false},"version":2}},"categories":[39,171,3],"tags":[103,114,280,168,281,278,279,197],"class_list":["post-2012","post","type-post","status-publish","format-standard","hentry","category-croissance-personnelle","category-pelerinage","category-reflexions","tag-bien-etre","tag-chemin-de-vie","tag-coherence-avec-la-vie","tag-demarche-du-pelerin","tag-integration","tag-le-retour-de-pelerinage","tag-les-etats-du-pelerin","tag-transition"],"jetpack_publicize_connections":[],"jetpack_featured_media_url":"","jetpack_shortlink":"https:\/\/wp.me\/p4eY6z-ws","jetpack_sharing_enabled":true,"jetpack_likes_enabled":true,"jetpack-related-posts":[],"_links":{"self":[{"href":"https:\/\/bottesetvelo.com\/blog\/wp-json\/wp\/v2\/posts\/2012","targetHints":{"allow":["GET"]}}],"collection":[{"href":"https:\/\/bottesetvelo.com\/blog\/wp-json\/wp\/v2\/posts"}],"about":[{"href":"https:\/\/bottesetvelo.com\/blog\/wp-json\/wp\/v2\/types\/post"}],"author":[{"embeddable":true,"href":"https:\/\/bottesetvelo.com\/blog\/wp-json\/wp\/v2\/users\/2"}],"replies":[{"embeddable":true,"href":"https:\/\/bottesetvelo.com\/blog\/wp-json\/wp\/v2\/comments?post=2012"}],"version-history":[{"count":3,"href":"https:\/\/bottesetvelo.com\/blog\/wp-json\/wp\/v2\/posts\/2012\/revisions"}],"predecessor-version":[{"id":2020,"href":"https:\/\/bottesetvelo.com\/blog\/wp-json\/wp\/v2\/posts\/2012\/revisions\/2020"}],"wp:attachment":[{"href":"https:\/\/bottesetvelo.com\/blog\/wp-json\/wp\/v2\/media?parent=2012"}],"wp:term":[{"taxonomy":"category","embeddable":true,"href":"https:\/\/bottesetvelo.com\/blog\/wp-json\/wp\/v2\/categories?post=2012"},{"taxonomy":"post_tag","embeddable":true,"href":"https:\/\/bottesetvelo.com\/blog\/wp-json\/wp\/v2\/tags?post=2012"}],"curies":[{"name":"wp","href":"https:\/\/api.w.org\/{rel}","templated":true}]}}