{"id":1981,"date":"2015-08-09T18:12:33","date_gmt":"2015-08-09T22:12:33","guid":{"rendered":"http:\/\/bottesetvelo.com\/blog\/?p=1981"},"modified":"2015-08-09T18:12:33","modified_gmt":"2015-08-09T22:12:33","slug":"inscriptions-derniers-sejours-ressourcement-et-pelerinage-pour-la-saison-2015","status":"publish","type":"post","link":"https:\/\/bottesetvelo.com\/blog\/2015\/08\/09\/inscriptions-derniers-sejours-ressourcement-et-pelerinage-pour-la-saison-2015\/","title":{"rendered":"Inscriptions &#8211; Derniers s\u00e9jours ressourcement et p\u00e8lerinage pour la saison 2015"},"content":{"rendered":"<h4 style=\"text-align: center;\"><span style=\"color: #003366;\"><span style=\"font: Baskerville Old Face;\"><em>Le p\u00e8lerinage, un exercice \u00e0 int\u00e9grer dans un art de vivre!<br \/>\n<\/em><\/span><\/span><\/h4>\n<h5 style=\"text-align: left;\"><a href=\"https:\/\/i0.wp.com\/bottesetvelo.com\/blog\/wp-content\/uploads\/2015\/08\/Les-p%C3%A8lerins-bottes.jpg?ssl=1\"><img data-recalc-dims=\"1\" loading=\"lazy\" decoding=\"async\" data-attachment-id=\"1984\" data-permalink=\"https:\/\/bottesetvelo.com\/blog\/2015\/08\/09\/inscriptions-derniers-sejours-ressourcement-et-pelerinage-pour-la-saison-2015\/les-pelerins-bottes-2\/\" data-orig-file=\"https:\/\/i0.wp.com\/bottesetvelo.com\/blog\/wp-content\/uploads\/2015\/08\/Les-p%C3%A8lerins-bottes.jpg?fit=1580%2C279&amp;ssl=1\" data-orig-size=\"1580,279\" data-comments-opened=\"1\" data-image-meta=\"{&quot;aperture&quot;:&quot;0&quot;,&quot;credit&quot;:&quot;&quot;,&quot;camera&quot;:&quot;&quot;,&quot;caption&quot;:&quot;&quot;,&quot;created_timestamp&quot;:&quot;0&quot;,&quot;copyright&quot;:&quot;&quot;,&quot;focal_length&quot;:&quot;0&quot;,&quot;iso&quot;:&quot;0&quot;,&quot;shutter_speed&quot;:&quot;0&quot;,&quot;title&quot;:&quot;&quot;,&quot;orientation&quot;:&quot;0&quot;}\" data-image-title=\"Les p\u00e8lerins &amp;#8211; bottes\" data-image-description=\"\" data-image-caption=\"\" data-large-file=\"https:\/\/i0.wp.com\/bottesetvelo.com\/blog\/wp-content\/uploads\/2015\/08\/Les-p%C3%A8lerins-bottes.jpg?fit=1024%2C181&amp;ssl=1\" class=\"aligncenter  wp-image-1984\" src=\"https:\/\/i0.wp.com\/bottesetvelo.com\/blog\/wp-content\/uploads\/2015\/08\/Les-p%C3%A8lerins-bottes.jpg?resize=562%2C99&#038;ssl=1\" alt=\"Les p\u00e8lerins - bottes\" width=\"562\" height=\"99\" srcset=\"https:\/\/i0.wp.com\/bottesetvelo.com\/blog\/wp-content\/uploads\/2015\/08\/Les-p%C3%A8lerins-bottes.jpg?resize=500%2C88&amp;ssl=1 500w, https:\/\/i0.wp.com\/bottesetvelo.com\/blog\/wp-content\/uploads\/2015\/08\/Les-p%C3%A8lerins-bottes.jpg?resize=1024%2C181&amp;ssl=1 1024w, https:\/\/i0.wp.com\/bottesetvelo.com\/blog\/wp-content\/uploads\/2015\/08\/Les-p%C3%A8lerins-bottes.jpg?w=1580&amp;ssl=1 1580w\" sizes=\"auto, (max-width: 562px) 100vw, 562px\" \/><\/a><span style=\"color: #993300;\">Pour les mois d\u2019ao\u00fbt, septembre et octobre, Bottes et V\u00e9lo vous invite \u00e0 participer \u00e0 l\u2019un de ses trois derniers s\u00e9jours de ressourcement \u00e0 travers le p\u00e8lerinage pour la saison 2015:<\/span><\/h5>\n<h6><span style=\"color: #003366;\"><a href=\"https:\/\/i0.wp.com\/bottesetvelo.com\/blog\/wp-content\/uploads\/2015\/08\/2014-05-25-11.44.59.jpg?ssl=1\"><img data-recalc-dims=\"1\" loading=\"lazy\" decoding=\"async\" data-attachment-id=\"1982\" data-permalink=\"https:\/\/bottesetvelo.com\/blog\/2015\/08\/09\/inscriptions-derniers-sejours-ressourcement-et-pelerinage-pour-la-saison-2015\/2014-05-25-11-44-59\/\" data-orig-file=\"https:\/\/i0.wp.com\/bottesetvelo.com\/blog\/wp-content\/uploads\/2015\/08\/2014-05-25-11.44.59.jpg?fit=3108%2C1504&amp;ssl=1\" data-orig-size=\"3108,1504\" data-comments-opened=\"1\" data-image-meta=\"{&quot;aperture&quot;:&quot;2.6&quot;,&quot;credit&quot;:&quot;&quot;,&quot;camera&quot;:&quot;SGH-I747M&quot;,&quot;caption&quot;:&quot;&quot;,&quot;created_timestamp&quot;:&quot;1401018299&quot;,&quot;copyright&quot;:&quot;&quot;,&quot;focal_length&quot;:&quot;3.7&quot;,&quot;iso&quot;:&quot;50&quot;,&quot;shutter_speed&quot;:&quot;0.000593824228029&quot;,&quot;title&quot;:&quot;&quot;,&quot;orientation&quot;:&quot;1&quot;}\" data-image-title=\"Ile d&amp;rsquo;Orl\u00e9ans\" data-image-description=\"\" data-image-caption=\"\" data-large-file=\"https:\/\/i0.wp.com\/bottesetvelo.com\/blog\/wp-content\/uploads\/2015\/08\/2014-05-25-11.44.59.jpg?fit=1024%2C496&amp;ssl=1\" class=\"  alignright wp-image-1982\" src=\"https:\/\/i0.wp.com\/bottesetvelo.com\/blog\/wp-content\/uploads\/2015\/08\/2014-05-25-11.44.59.jpg?resize=250%2C121&#038;ssl=1\" alt=\"Ile d'Orl\u00e9ans\" width=\"250\" height=\"121\" srcset=\"https:\/\/i0.wp.com\/bottesetvelo.com\/blog\/wp-content\/uploads\/2015\/08\/2014-05-25-11.44.59.jpg?resize=500%2C242&amp;ssl=1 500w, https:\/\/i0.wp.com\/bottesetvelo.com\/blog\/wp-content\/uploads\/2015\/08\/2014-05-25-11.44.59.jpg?resize=1024%2C496&amp;ssl=1 1024w, https:\/\/i0.wp.com\/bottesetvelo.com\/blog\/wp-content\/uploads\/2015\/08\/2014-05-25-11.44.59.jpg?w=2340&amp;ssl=1 2340w\" sizes=\"auto, (max-width: 250px) 100vw, 250px\" \/><\/a>Ile d\u2019Orl\u00e9ans (Ste-Famille \u00e0 St-Pierre) &#8211; 32 km<br \/>\nTh\u00e8me: Chemin du terroir &#8211; Exp\u00e9rience des sens<br \/>\n29-30-31 ao\u00fbt <\/span><\/h6>\n<p>&nbsp;<\/p>\n<h6><span style=\"color: #003366;\"><a href=\"https:\/\/i0.wp.com\/bottesetvelo.com\/blog\/wp-content\/uploads\/2015\/08\/2014-07-14-12.23.27.jpg?ssl=1\"><img data-recalc-dims=\"1\" loading=\"lazy\" decoding=\"async\" data-attachment-id=\"1985\" data-permalink=\"https:\/\/bottesetvelo.com\/blog\/2015\/08\/09\/inscriptions-derniers-sejours-ressourcement-et-pelerinage-pour-la-saison-2015\/2014-07-14-12-23-27\/\" data-orig-file=\"https:\/\/i0.wp.com\/bottesetvelo.com\/blog\/wp-content\/uploads\/2015\/08\/2014-07-14-12.23.27.jpg?fit=3264%2C2090&amp;ssl=1\" data-orig-size=\"3264,2090\" data-comments-opened=\"1\" data-image-meta=\"{&quot;aperture&quot;:&quot;2.6&quot;,&quot;credit&quot;:&quot;&quot;,&quot;camera&quot;:&quot;SGH-I747M&quot;,&quot;caption&quot;:&quot;&quot;,&quot;created_timestamp&quot;:&quot;1405340607&quot;,&quot;copyright&quot;:&quot;&quot;,&quot;focal_length&quot;:&quot;3.7&quot;,&quot;iso&quot;:&quot;50&quot;,&quot;shutter_speed&quot;:&quot;0.000730994152047&quot;,&quot;title&quot;:&quot;&quot;,&quot;orientation&quot;:&quot;1&quot;}\" data-image-title=\"Cap-Sant\u00e9\" data-image-description=\"\" data-image-caption=\"\" data-large-file=\"https:\/\/i0.wp.com\/bottesetvelo.com\/blog\/wp-content\/uploads\/2015\/08\/2014-07-14-12.23.27.jpg?fit=1024%2C656&amp;ssl=1\" class=\"  alignleft wp-image-1985\" src=\"https:\/\/i0.wp.com\/bottesetvelo.com\/blog\/wp-content\/uploads\/2015\/08\/2014-07-14-12.23.27.jpg?resize=250%2C160&#038;ssl=1\" alt=\"Cap-Sant\u00e9\" width=\"250\" height=\"160\" srcset=\"https:\/\/i0.wp.com\/bottesetvelo.com\/blog\/wp-content\/uploads\/2015\/08\/2014-07-14-12.23.27.jpg?resize=500%2C320&amp;ssl=1 500w, https:\/\/i0.wp.com\/bottesetvelo.com\/blog\/wp-content\/uploads\/2015\/08\/2014-07-14-12.23.27.jpg?resize=1024%2C656&amp;ssl=1 1024w, https:\/\/i0.wp.com\/bottesetvelo.com\/blog\/wp-content\/uploads\/2015\/08\/2014-07-14-12.23.27.jpg?w=2340&amp;ssl=1 2340w\" sizes=\"auto, (max-width: 250px) 100vw, 250px\" \/><\/a><\/span><\/h6>\n<p>&nbsp;<\/p>\n<h6 style=\"text-align: right;\"><span style=\"color: #003366;\">Cap-Sant\u00e9 (Portneuf \u00e0 Pont-Rouge) 42 km<br \/>\nTh\u00e8me: Chemin de vie &#8211; Les signes de ma vie<br \/>\n18-19-20 septembre <\/span><\/h6>\n<p>&nbsp;<\/p>\n<p><span style=\"color: #003366;\"><a href=\"https:\/\/i0.wp.com\/bottesetvelo.com\/blog\/wp-content\/uploads\/2015\/08\/2015-05-30-15.54.50.jpg?ssl=1\"><img data-recalc-dims=\"1\" loading=\"lazy\" decoding=\"async\" data-attachment-id=\"1983\" data-permalink=\"https:\/\/bottesetvelo.com\/blog\/2015\/08\/09\/inscriptions-derniers-sejours-ressourcement-et-pelerinage-pour-la-saison-2015\/2015-05-30-15-54-50-2\/\" data-orig-file=\"https:\/\/i0.wp.com\/bottesetvelo.com\/blog\/wp-content\/uploads\/2015\/08\/2015-05-30-15.54.50.jpg?fit=2592%2C1936&amp;ssl=1\" data-orig-size=\"2592,1936\" data-comments-opened=\"1\" data-image-meta=\"{&quot;aperture&quot;:&quot;2.8&quot;,&quot;credit&quot;:&quot;&quot;,&quot;camera&quot;:&quot;iPhone 4&quot;,&quot;caption&quot;:&quot;&quot;,&quot;created_timestamp&quot;:&quot;1433001290&quot;,&quot;copyright&quot;:&quot;&quot;,&quot;focal_length&quot;:&quot;3.85&quot;,&quot;iso&quot;:&quot;80&quot;,&quot;shutter_speed&quot;:&quot;0.00390625&quot;,&quot;title&quot;:&quot;&quot;,&quot;orientation&quot;:&quot;1&quot;}\" data-image-title=\"Les bottes du p\u00e8lerin\" data-image-description=\"\" data-image-caption=\"\" data-large-file=\"https:\/\/i0.wp.com\/bottesetvelo.com\/blog\/wp-content\/uploads\/2015\/08\/2015-05-30-15.54.50.jpg?fit=1024%2C765&amp;ssl=1\" class=\"  alignright wp-image-1983\" src=\"https:\/\/i0.wp.com\/bottesetvelo.com\/blog\/wp-content\/uploads\/2015\/08\/2015-05-30-15.54.50.jpg?resize=231%2C173&#038;ssl=1\" alt=\"Les bottes du p\u00e8lerin\" width=\"231\" height=\"173\" srcset=\"https:\/\/i0.wp.com\/bottesetvelo.com\/blog\/wp-content\/uploads\/2015\/08\/2015-05-30-15.54.50.jpg?resize=500%2C373&amp;ssl=1 500w, https:\/\/i0.wp.com\/bottesetvelo.com\/blog\/wp-content\/uploads\/2015\/08\/2015-05-30-15.54.50.jpg?resize=1024%2C765&amp;ssl=1 1024w, https:\/\/i0.wp.com\/bottesetvelo.com\/blog\/wp-content\/uploads\/2015\/08\/2015-05-30-15.54.50.jpg?w=2340&amp;ssl=1 2340w\" sizes=\"auto, (max-width: 231px) 100vw, 231px\" \/><\/a><\/span><\/p>\n<p>&nbsp;<\/p>\n<h6><span style=\"color: #003366;\">Qu\u00e9bec (Charny et Vieux-Qu\u00e9bec) 38 km<br \/>\nTh\u00e8me: Chemin de transition \u2013 Les passages dans ma vie<br \/>\n2-3-4 octobre<\/span><\/h6>\n<p style=\"text-align: justify;\">Des s\u00e9jours qui vous permettront d\u2019apprivoiser et de d\u00e9couvrir l\u2019exp\u00e9rience du p\u00e8lerinage. Mais aussi, des espaces de pr\u00e9sence \u00e0 soi, \u00e0 la nature et au temps qui vous permettront de faire le vide, de renouer avec vous-m\u00eames et d&rsquo;y puiser l&rsquo;\u00e9nergie pour transformer et poursuivre votre route au quotidien.<\/p>\n<h5><span style=\"color: #000000;\"><em>Lors de ces s\u00e9jours :<\/em><\/span><\/h5>\n<ul>\n<li>Nous vous accompagnerons sur la route.<\/li>\n<li>Vous b\u00e9n\u00e9ficierez d&rsquo;exercices reli\u00e9s \u00e0 la tr\u00e8s longue randonn\u00e9e et d&rsquo;ateliers visant l&rsquo;introspection.<\/li>\n<li>Nous prendrons des temps de r\u00e9flexion et de partage qui permettront une meilleure int\u00e9gration de la spiritualit\u00e9 de ces longues randonn\u00e9es.<\/li>\n<li>Nous explorerons diff\u00e9rentes facettes de la d\u00e9marche du p\u00e8lerin.<\/li>\n<li><span style=\"color: #003366;\"><em><strong>Tarif : 275$\/pers. (Le s\u00e9jour inclut : l\u2019h\u00e9bergement (chambres partag\u00e9es ou dortoirs), les d\u00e9jeuners et le souper du samedi soir, la documentation et la formation)<\/strong><\/em><\/span><\/li>\n<\/ul>\n<h4 style=\"text-align: center;\"><span style=\"color: #800000;\"><em>Tentez l\u2019exp\u00e9rience!<\/em><\/span><\/h4>\n<h4 style=\"text-align: center;\"><em>Inscrivez-vous d\u00e8s maintenant sur <a href=\"http:\/\/bottesetvelo.com\/bottes-et-v%C3%A9lo---ressourcement-et-p%C3%A8lerinage\">bottesetvelo.com<\/a><\/em><a href=\"https:\/\/i0.wp.com\/bottesetvelo.com\/blog\/wp-content\/uploads\/2014\/01\/Bottes-et-V%C3%A9lo-Embl%C3%AAme.jpg?ssl=1\"><img data-recalc-dims=\"1\" loading=\"lazy\" decoding=\"async\" data-attachment-id=\"14\" data-permalink=\"https:\/\/bottesetvelo.com\/blog\/bottes-et-velo-le-blog\/bottes-et-velo-embleme\/\" data-orig-file=\"https:\/\/i0.wp.com\/bottesetvelo.com\/blog\/wp-content\/uploads\/2014\/01\/Bottes-et-V%C3%A9lo-Embl%C3%AAme-e1454083414631.jpg?fit=100%2C79&amp;ssl=1\" data-orig-size=\"100,79\" data-comments-opened=\"1\" data-image-meta=\"{&quot;aperture&quot;:&quot;0&quot;,&quot;credit&quot;:&quot;&quot;,&quot;camera&quot;:&quot;&quot;,&quot;caption&quot;:&quot;&quot;,&quot;created_timestamp&quot;:&quot;0&quot;,&quot;copyright&quot;:&quot;&quot;,&quot;focal_length&quot;:&quot;0&quot;,&quot;iso&quot;:&quot;0&quot;,&quot;shutter_speed&quot;:&quot;0&quot;,&quot;title&quot;:&quot;&quot;}\" data-image-title=\"Bottes et V\u00e9lo &amp;#8211; Embl\u00eame\" data-image-description=\"\" data-image-caption=\"\" data-large-file=\"https:\/\/i0.wp.com\/bottesetvelo.com\/blog\/wp-content\/uploads\/2014\/01\/Bottes-et-V%C3%A9lo-Embl%C3%AAme-e1454083414631.jpg?fit=100%2C79&amp;ssl=1\" class=\"  wp-image-14 alignright\" src=\"https:\/\/i0.wp.com\/bottesetvelo.com\/blog\/wp-content\/uploads\/2014\/01\/Bottes-et-V%C3%A9lo-Embl%C3%AAme.jpg?resize=89%2C70&#038;ssl=1\" alt=\"Bottes et V\u00e9lo - Embl\u00eame\" width=\"89\" height=\"70\" \/><\/a><\/h4>\n<p>\u00c9ric Lalibert\u00e9 et Brigitte Harouni<\/p>\n","protected":false},"excerpt":{"rendered":"<p>Le p\u00e8lerinage, un exercice \u00e0 int\u00e9grer dans un art de vivre! Pour les mois d\u2019ao\u00fbt, septembre et octobre, Bottes et V\u00e9lo vous invite \u00e0 participer \u00e0 l\u2019un de ses trois derniers s\u00e9jours de ressourcement \u00e0 travers le p\u00e8lerinage pour la saison 2015: Ile d\u2019Orl\u00e9ans (Ste-Famille \u00e0 St-Pierre) &#8211; 32 km Th\u00e8me: Chemin du terroir &#8211;&hellip;<\/p>\n","protected":false},"author":1,"featured_media":0,"comment_status":"open","ping_status":"open","sticky":false,"template":"","format":"standard","meta":{"jetpack_post_was_ever_published":false,"_jetpack_newsletter_access":"","_jetpack_dont_email_post_to_subs":false,"_jetpack_newsletter_tier_id":0,"_jetpack_memberships_contains_paywalled_content":false,"_jetpack_memberships_contains_paid_content":false,"footnotes":"","jetpack_publicize_message":"","jetpack_publicize_feature_enabled":true,"jetpack_social_post_already_shared":true,"jetpack_social_options":{"image_generator_settings":{"template":"highway","default_image_id":0,"font":"","enabled":false},"version":2}},"categories":[56,39,6],"tags":[275,270,272,273,271,274,13,16,188],"class_list":["post-1981","post","type-post","status-publish","format-standard","hentry","category-activites","category-croissance-personnelle","category-formations","tag-art-de-vivre","tag-cap-sante","tag-experience-des-sens","tag-gouter-la-vie","tag-ile-dorleans","tag-les-signes","tag-pelerinage","tag-quebec","tag-ressourcement"],"jetpack_publicize_connections":[],"jetpack_featured_media_url":"","jetpack_shortlink":"https:\/\/wp.me\/p4eY6z-vX","jetpack_sharing_enabled":true,"jetpack_likes_enabled":true,"jetpack-related-posts":[],"_links":{"self":[{"href":"https:\/\/bottesetvelo.com\/blog\/wp-json\/wp\/v2\/posts\/1981","targetHints":{"allow":["GET"]}}],"collection":[{"href":"https:\/\/bottesetvelo.com\/blog\/wp-json\/wp\/v2\/posts"}],"about":[{"href":"https:\/\/bottesetvelo.com\/blog\/wp-json\/wp\/v2\/types\/post"}],"author":[{"embeddable":true,"href":"https:\/\/bottesetvelo.com\/blog\/wp-json\/wp\/v2\/users\/1"}],"replies":[{"embeddable":true,"href":"https:\/\/bottesetvelo.com\/blog\/wp-json\/wp\/v2\/comments?post=1981"}],"version-history":[{"count":24,"href":"https:\/\/bottesetvelo.com\/blog\/wp-json\/wp\/v2\/posts\/1981\/revisions"}],"predecessor-version":[{"id":2009,"href":"https:\/\/bottesetvelo.com\/blog\/wp-json\/wp\/v2\/posts\/1981\/revisions\/2009"}],"wp:attachment":[{"href":"https:\/\/bottesetvelo.com\/blog\/wp-json\/wp\/v2\/media?parent=1981"}],"wp:term":[{"taxonomy":"category","embeddable":true,"href":"https:\/\/bottesetvelo.com\/blog\/wp-json\/wp\/v2\/categories?post=1981"},{"taxonomy":"post_tag","embeddable":true,"href":"https:\/\/bottesetvelo.com\/blog\/wp-json\/wp\/v2\/tags?post=1981"}],"curies":[{"name":"wp","href":"https:\/\/api.w.org\/{rel}","templated":true}]}}