{"id":1970,"date":"2015-08-03T18:04:13","date_gmt":"2015-08-03T22:04:13","guid":{"rendered":"http:\/\/bottesetvelo.com\/blog\/?p=1970"},"modified":"2015-08-03T18:04:13","modified_gmt":"2015-08-03T22:04:13","slug":"les-ateliers-du-pelerin-debut-des-inscriptions-pour-septembre","status":"publish","type":"post","link":"https:\/\/bottesetvelo.com\/blog\/2015\/08\/03\/les-ateliers-du-pelerin-debut-des-inscriptions-pour-septembre\/","title":{"rendered":"Les ateliers du p\u00e8lerin &#8211; D\u00e9but des inscriptions pour septembre"},"content":{"rendered":"<h6 style=\"text-align: justify;\"><span style=\"color: #003366;\">Vous ressentez le besoin de faire le point sur votre vie? Vous remettez en question certaines mani\u00e8res de vivre, votre mani\u00e8re d\u2019\u00eatre en relation? Vous vous questionnez sur vos choix de vie? Vous vivez un moment de transition (maladie, deuil, s\u00e9paration, perte d\u2019emploi, retraite, r\u00e9orientation de carri\u00e8re)? Vous voulez clarifier les balises de votre vie, \u00e9clairer votre chemin de vie, approfondir votre relation \u00e0 Dieu, au Vivant?<\/span><\/h6>\n<p style=\"text-align: justify;\"><a href=\"https:\/\/i0.wp.com\/bottesetvelo.com\/blog\/wp-content\/uploads\/2015\/08\/2015-03-21-09.41.02.jpg?ssl=1\"><img data-recalc-dims=\"1\" loading=\"lazy\" decoding=\"async\" data-attachment-id=\"1971\" data-permalink=\"https:\/\/bottesetvelo.com\/blog\/2015\/08\/03\/les-ateliers-du-pelerin-debut-des-inscriptions-pour-septembre\/2015-03-21-09-41-02\/\" data-orig-file=\"https:\/\/i0.wp.com\/bottesetvelo.com\/blog\/wp-content\/uploads\/2015\/08\/2015-03-21-09.41.02.jpg?fit=3264%2C2448&amp;ssl=1\" data-orig-size=\"3264,2448\" data-comments-opened=\"1\" data-image-meta=\"{&quot;aperture&quot;:&quot;2.6&quot;,&quot;credit&quot;:&quot;&quot;,&quot;camera&quot;:&quot;SGH-I747M&quot;,&quot;caption&quot;:&quot;&quot;,&quot;created_timestamp&quot;:&quot;1426930862&quot;,&quot;copyright&quot;:&quot;&quot;,&quot;focal_length&quot;:&quot;3.7&quot;,&quot;iso&quot;:&quot;400&quot;,&quot;shutter_speed&quot;:&quot;0.0333333333333&quot;,&quot;title&quot;:&quot;&quot;,&quot;orientation&quot;:&quot;1&quot;}\" data-image-title=\"Bottes et V\u00e9lo &amp;#8211; Activit\u00e9s\" data-image-description=\"\" data-image-caption=\"\" data-large-file=\"https:\/\/i0.wp.com\/bottesetvelo.com\/blog\/wp-content\/uploads\/2015\/08\/2015-03-21-09.41.02.jpg?fit=1024%2C768&amp;ssl=1\" class=\"  wp-image-1971 alignright\" src=\"https:\/\/i0.wp.com\/bottesetvelo.com\/blog\/wp-content\/uploads\/2015\/08\/2015-03-21-09.41.02.jpg?resize=300%2C225&#038;ssl=1\" alt=\"Bottes et V\u00e9lo - Activit\u00e9s\" width=\"300\" height=\"225\" srcset=\"https:\/\/i0.wp.com\/bottesetvelo.com\/blog\/wp-content\/uploads\/2015\/08\/2015-03-21-09.41.02.jpg?resize=500%2C375&amp;ssl=1 500w, https:\/\/i0.wp.com\/bottesetvelo.com\/blog\/wp-content\/uploads\/2015\/08\/2015-03-21-09.41.02.jpg?w=2340&amp;ssl=1 2340w\" sizes=\"auto, (max-width: 300px) 100vw, 300px\" \/><\/a>Bottes et V\u00e9lo vous propose de vous mettre en mouvement et d\u2019exp\u00e9rimenter la d\u00e9marche du p\u00e8lerin sans vous d\u00e9placer!<\/p>\n<p style=\"text-align: justify;\">\u00c0 travers des rencontres de groupe bimensuelles, venez vivre le d\u00e9placement suscit\u00e9 par le p\u00e8lerinage. Offrez-vous un regard neuf sur votre vie! Donnez-vous un point de vue diff\u00e9rent qui permette d\u2019approfondir ou de renouer avec la dimension spirituelle de votre \u00eatre.<\/p>\n<p style=\"text-align: justify;\">Ces rencontres sont v\u00e9cues en toute simplicit\u00e9, dans une ambiance conviviale, \u00e0 travers une d\u00e9marche qui tienne compte non seulement du spirituel, mais de toutes les dimensions de notre humanit\u00e9.<\/p>\n<p style=\"text-align: justify;\">La d\u00e9marche propos\u00e9e par Bottes et V\u00e9lo est inspir\u00e9e par les Exercices Spirituels de St-Ignace. Ce parcours comprend 14 rencontres de groupe et offre aussi la possibilit\u00e9 de rencontres individuelles sur demande.<\/p>\n<p style=\"text-align: justify;\">Lors de ces rencontres, vous serez invit\u00e9s \u00e0 vivre la d\u00e9marche du p\u00e8lerin \u00e0 travers diff\u00e9rents th\u00e8mes tels que :<\/p>\n<ul>\n<li style=\"text-align: justify;\">L\u2019exp\u00e9rience humaine. Red\u00e9couvrir le go\u00fbt de la vie par l\u2019exp\u00e9rience des sens.<a href=\"https:\/\/i0.wp.com\/bottesetvelo.com\/blog\/wp-content\/uploads\/2015\/08\/2015-03-21-09.57.26-e1438639207328.jpg?ssl=1\"><img data-recalc-dims=\"1\" loading=\"lazy\" decoding=\"async\" data-attachment-id=\"1972\" data-permalink=\"https:\/\/bottesetvelo.com\/blog\/2015\/08\/03\/les-ateliers-du-pelerin-debut-des-inscriptions-pour-septembre\/2015-03-21-09-57-26\/\" data-orig-file=\"https:\/\/i0.wp.com\/bottesetvelo.com\/blog\/wp-content\/uploads\/2015\/08\/2015-03-21-09.57.26-e1438639207328.jpg?fit=3264%2C2170&amp;ssl=1\" data-orig-size=\"3264,2170\" data-comments-opened=\"1\" data-image-meta=\"{&quot;aperture&quot;:&quot;2.6&quot;,&quot;credit&quot;:&quot;&quot;,&quot;camera&quot;:&quot;SGH-I747M&quot;,&quot;caption&quot;:&quot;&quot;,&quot;created_timestamp&quot;:&quot;1426931846&quot;,&quot;copyright&quot;:&quot;&quot;,&quot;focal_length&quot;:&quot;3.7&quot;,&quot;iso&quot;:&quot;250&quot;,&quot;shutter_speed&quot;:&quot;0.0333333333333&quot;,&quot;title&quot;:&quot;&quot;,&quot;orientation&quot;:&quot;1&quot;}\" data-image-title=\"Bottes et V\u00e9lo &amp;#8211; Activit\u00e9s\" data-image-description=\"\" data-image-caption=\"\" data-large-file=\"https:\/\/i0.wp.com\/bottesetvelo.com\/blog\/wp-content\/uploads\/2015\/08\/2015-03-21-09.57.26-e1438639207328.jpg?fit=1024%2C681&amp;ssl=1\" class=\"  wp-image-1972  alignright\" src=\"https:\/\/i0.wp.com\/bottesetvelo.com\/blog\/wp-content\/uploads\/2015\/08\/2015-03-21-09.57.26-e1438639207328-500x332.jpg?resize=300%2C199&#038;ssl=1\" alt=\"\" width=\"300\" height=\"199\" srcset=\"https:\/\/i0.wp.com\/bottesetvelo.com\/blog\/wp-content\/uploads\/2015\/08\/2015-03-21-09.57.26-e1438639207328.jpg?resize=500%2C332&amp;ssl=1 500w, https:\/\/i0.wp.com\/bottesetvelo.com\/blog\/wp-content\/uploads\/2015\/08\/2015-03-21-09.57.26-e1438639207328.jpg?resize=1024%2C681&amp;ssl=1 1024w, https:\/\/i0.wp.com\/bottesetvelo.com\/blog\/wp-content\/uploads\/2015\/08\/2015-03-21-09.57.26-e1438639207328.jpg?w=2340&amp;ssl=1 2340w\" sizes=\"auto, (max-width: 300px) 100vw, 300px\" \/><\/a><\/li>\n<li style=\"text-align: justify;\">Choisir la Vie. Faire de ma vie une alliance vivante, enracin\u00e9e dans une spiritualit\u00e9.<\/li>\n<li style=\"text-align: justify;\">Mon sac \u00e0 dos, mon sac de vie. Regard sur mes souffrances.<\/li>\n<li style=\"text-align: justify;\">Le p\u00e8lerin, un \u00eatre de relations.<\/li>\n<li style=\"text-align: justify;\">Les signes qui balisent ma route. Discerner mon d\u00e9sir profond en coh\u00e9rence avec la Vie; en coh\u00e9rence avec ma relation \u00e0 Dieu.<\/li>\n<li style=\"text-align: justify;\">Le bonheur d\u2019\u00eatre en marche! Se laisser habiter par la joie du Vivant, le mouvement de la Vie.<\/li>\n<\/ul>\n<p style=\"text-align: justify;\">Les rencontres d\u00e9buteront \u00e0 la mi-septembre et se feront \u00e0 St-Michel-de-Bellechasse, r\u00e9sidence de Bottes et V\u00e9lo, ou \u00e0 L\u00e9vis. Selon la provenance des participants, nous d\u00e9terminerons le lieu qui sera le plus facilement accessible \u00e0 tous.<\/p>\n<p style=\"text-align: justify;\"><span style=\"color: #993300;\"><a href=\"http:\/\/bottesetvelo.com\/bottes-et-v%C3%A9lo-ateliers-du-pelerin\"><img data-recalc-dims=\"1\" loading=\"lazy\" decoding=\"async\" data-attachment-id=\"1974\" data-permalink=\"https:\/\/bottesetvelo.com\/blog\/2015\/08\/03\/les-ateliers-du-pelerin-debut-des-inscriptions-pour-septembre\/pour-vous-inscrire\/\" data-orig-file=\"https:\/\/i0.wp.com\/bottesetvelo.com\/blog\/wp-content\/uploads\/2015\/08\/Pour-vous-inscrire.png?fit=404%2C150&amp;ssl=1\" data-orig-size=\"404,150\" data-comments-opened=\"1\" data-image-meta=\"{&quot;aperture&quot;:&quot;0&quot;,&quot;credit&quot;:&quot;&quot;,&quot;camera&quot;:&quot;&quot;,&quot;caption&quot;:&quot;&quot;,&quot;created_timestamp&quot;:&quot;0&quot;,&quot;copyright&quot;:&quot;&quot;,&quot;focal_length&quot;:&quot;0&quot;,&quot;iso&quot;:&quot;0&quot;,&quot;shutter_speed&quot;:&quot;0&quot;,&quot;title&quot;:&quot;&quot;,&quot;orientation&quot;:&quot;0&quot;}\" data-image-title=\"Pour vous inscrire\" data-image-description=\"\" data-image-caption=\"\" data-large-file=\"https:\/\/i0.wp.com\/bottesetvelo.com\/blog\/wp-content\/uploads\/2015\/08\/Pour-vous-inscrire.png?fit=404%2C150&amp;ssl=1\" class=\"  alignright wp-image-1974\" src=\"https:\/\/i0.wp.com\/bottesetvelo.com\/blog\/wp-content\/uploads\/2015\/08\/Pour-vous-inscrire.png?resize=221%2C82&#038;ssl=1\" alt=\"Pour vous inscrire\" width=\"221\" height=\"82\" \/><\/a><\/span><span style=\"color: #993300;\">Les quatre premi\u00e8res personnes \u00e0 s\u2019inscrire aux ateliers pourront b\u00e9n\u00e9ficier gratuitement de l\u2019accompagnement individuel.\u00a0<\/span><\/p>\n<p style=\"text-align: justify; padding-left: 60px;\">Tarifs :\u00a0 \u00a0 \u2022 280$ pour les 14 rencontres de groupe<br \/>\n\u2022 20$ par rencontre individuelle (non-obligatoire)<\/p>\n<p style=\"text-align: justify; padding-left: 60px;\">Groupe :\u00a0\u00a0\u00a0\u00a0\u00a0 \u2022 Maximum 10 participant-e-s<a href=\"https:\/\/i0.wp.com\/bottesetvelo.com\/blog\/wp-content\/uploads\/2014\/01\/Bottes-et-V%C3%A9lo-Embl%C3%AAme.jpg?ssl=1\"><img data-recalc-dims=\"1\" loading=\"lazy\" decoding=\"async\" data-attachment-id=\"14\" data-permalink=\"https:\/\/bottesetvelo.com\/blog\/bottes-et-velo-le-blog\/bottes-et-velo-embleme\/\" data-orig-file=\"https:\/\/i0.wp.com\/bottesetvelo.com\/blog\/wp-content\/uploads\/2014\/01\/Bottes-et-V%C3%A9lo-Embl%C3%AAme-e1454083414631.jpg?fit=100%2C79&amp;ssl=1\" data-orig-size=\"100,79\" data-comments-opened=\"1\" data-image-meta=\"{&quot;aperture&quot;:&quot;0&quot;,&quot;credit&quot;:&quot;&quot;,&quot;camera&quot;:&quot;&quot;,&quot;caption&quot;:&quot;&quot;,&quot;created_timestamp&quot;:&quot;0&quot;,&quot;copyright&quot;:&quot;&quot;,&quot;focal_length&quot;:&quot;0&quot;,&quot;iso&quot;:&quot;0&quot;,&quot;shutter_speed&quot;:&quot;0&quot;,&quot;title&quot;:&quot;&quot;}\" data-image-title=\"Bottes et V\u00e9lo &amp;#8211; Embl\u00eame\" data-image-description=\"\" data-image-caption=\"\" data-large-file=\"https:\/\/i0.wp.com\/bottesetvelo.com\/blog\/wp-content\/uploads\/2014\/01\/Bottes-et-V%C3%A9lo-Embl%C3%AAme-e1454083414631.jpg?fit=100%2C79&amp;ssl=1\" class=\"  wp-image-14 alignright\" src=\"https:\/\/i0.wp.com\/bottesetvelo.com\/blog\/wp-content\/uploads\/2014\/01\/Bottes-et-V%C3%A9lo-Embl%C3%AAme.jpg?resize=80%2C63&#038;ssl=1\" alt=\"Bottes et V\u00e9lo - Embl\u00eame\" width=\"80\" height=\"63\" \/><\/a><\/p>\n<p style=\"text-align: justify;\">\u00c9ric Lalibert\u00e9, accompagnateur spirituel<\/p>\n","protected":false},"excerpt":{"rendered":"<p>Vous ressentez le besoin de faire le point sur votre vie? Vous remettez en question certaines mani\u00e8res de vivre, votre mani\u00e8re d\u2019\u00eatre en relation? Vous vous questionnez sur vos choix de vie? Vous vivez un moment de transition (maladie, deuil, s\u00e9paration, perte d\u2019emploi, retraite, r\u00e9orientation de carri\u00e8re)? Vous voulez clarifier les balises de votre vie,&hellip;<\/p>\n","protected":false},"author":3,"featured_media":0,"comment_status":"open","ping_status":"open","sticky":false,"template":"","format":"standard","meta":{"jetpack_post_was_ever_published":false,"_jetpack_newsletter_access":"","_jetpack_dont_email_post_to_subs":false,"_jetpack_newsletter_tier_id":0,"_jetpack_memberships_contains_paywalled_content":false,"_jetpack_memberships_contains_paid_content":false,"footnotes":"","jetpack_publicize_message":"","jetpack_publicize_feature_enabled":true,"jetpack_social_post_already_shared":true,"jetpack_social_options":{"image_generator_settings":{"template":"highway","default_image_id":0,"font":"","enabled":false},"version":2}},"categories":[39,6,37],"tags":[268,267,40,168,13,96,269,192,197],"class_list":["post-1970","post","type-post","status-publish","format-standard","hentry","category-croissance-personnelle","category-formations","category-spiritualite-2","tag-accompagnement-spirituel","tag-ateliers-du-pelerin","tag-croissance-personnelle-2","tag-demarche-du-pelerin","tag-pelerinage","tag-qualite-de-vie","tag-quete-existentielle","tag-quete-spirituelle","tag-transition"],"jetpack_publicize_connections":[],"jetpack_featured_media_url":"","jetpack_shortlink":"https:\/\/wp.me\/p4eY6z-vM","jetpack_sharing_enabled":true,"jetpack_likes_enabled":true,"jetpack-related-posts":[],"_links":{"self":[{"href":"https:\/\/bottesetvelo.com\/blog\/wp-json\/wp\/v2\/posts\/1970","targetHints":{"allow":["GET"]}}],"collection":[{"href":"https:\/\/bottesetvelo.com\/blog\/wp-json\/wp\/v2\/posts"}],"about":[{"href":"https:\/\/bottesetvelo.com\/blog\/wp-json\/wp\/v2\/types\/post"}],"author":[{"embeddable":true,"href":"https:\/\/bottesetvelo.com\/blog\/wp-json\/wp\/v2\/users\/3"}],"replies":[{"embeddable":true,"href":"https:\/\/bottesetvelo.com\/blog\/wp-json\/wp\/v2\/comments?post=1970"}],"version-history":[{"count":7,"href":"https:\/\/bottesetvelo.com\/blog\/wp-json\/wp\/v2\/posts\/1970\/revisions"}],"predecessor-version":[{"id":1980,"href":"https:\/\/bottesetvelo.com\/blog\/wp-json\/wp\/v2\/posts\/1970\/revisions\/1980"}],"wp:attachment":[{"href":"https:\/\/bottesetvelo.com\/blog\/wp-json\/wp\/v2\/media?parent=1970"}],"wp:term":[{"taxonomy":"category","embeddable":true,"href":"https:\/\/bottesetvelo.com\/blog\/wp-json\/wp\/v2\/categories?post=1970"},{"taxonomy":"post_tag","embeddable":true,"href":"https:\/\/bottesetvelo.com\/blog\/wp-json\/wp\/v2\/tags?post=1970"}],"curies":[{"name":"wp","href":"https:\/\/api.w.org\/{rel}","templated":true}]}}