{"id":196,"date":"2014-02-01T09:46:57","date_gmt":"2014-02-01T14:46:57","guid":{"rendered":"http:\/\/bottesetvelo.com\/blog\/?p=196"},"modified":"2014-02-03T09:11:34","modified_gmt":"2014-02-03T14:11:34","slug":"quest-ce-qui-definira-le-pelerinage-bottes-ou-velo","status":"publish","type":"post","link":"https:\/\/bottesetvelo.com\/blog\/2014\/02\/01\/quest-ce-qui-definira-le-pelerinage-bottes-ou-velo\/","title":{"rendered":"Qu\u2019est-ce qui d\u00e9finira le p\u00e8lerinage? Bottes ou V\u00e9lo?"},"content":{"rendered":"<p style=\"text-align: justify;\">Je vous dirai<a href=\"https:\/\/i0.wp.com\/bottesetvelo.com\/blog\/wp-content\/uploads\/2014\/02\/2009-Compostelle-et-Barcelone-163.jpg?ssl=1\"><img data-recalc-dims=\"1\" loading=\"lazy\" decoding=\"async\" data-attachment-id=\"197\" data-permalink=\"https:\/\/bottesetvelo.com\/blog\/2014\/02\/01\/quest-ce-qui-definira-le-pelerinage-bottes-ou-velo\/2009-compostelle-et-barcelone-163\/\" data-orig-file=\"https:\/\/i0.wp.com\/bottesetvelo.com\/blog\/wp-content\/uploads\/2014\/02\/2009-Compostelle-et-Barcelone-163.jpg?fit=3648%2C2736&amp;ssl=1\" data-orig-size=\"3648,2736\" data-comments-opened=\"1\" data-image-meta=\"{&quot;aperture&quot;:&quot;9&quot;,&quot;credit&quot;:&quot;&quot;,&quot;camera&quot;:&quot;Canon PowerShot SD890 IS&quot;,&quot;caption&quot;:&quot;&quot;,&quot;created_timestamp&quot;:&quot;1251725751&quot;,&quot;copyright&quot;:&quot;&quot;,&quot;focal_length&quot;:&quot;6.6&quot;,&quot;iso&quot;:&quot;80&quot;,&quot;shutter_speed&quot;:&quot;0.01&quot;,&quot;title&quot;:&quot;&quot;}\" data-image-title=\"2009 &amp;#8211; Compostelle et Barcelone 163\" data-image-description=\"\" data-image-caption=\"\" data-large-file=\"https:\/\/i0.wp.com\/bottesetvelo.com\/blog\/wp-content\/uploads\/2014\/02\/2009-Compostelle-et-Barcelone-163.jpg?fit=1024%2C768&amp;ssl=1\" class=\" wp-image-197 alignright\" alt=\"2009 - Compostelle et Barcelone 163\" src=\"https:\/\/i0.wp.com\/bottesetvelo.com\/blog\/wp-content\/uploads\/2014\/02\/2009-Compostelle-et-Barcelone-163.jpg?resize=261%2C196&#038;ssl=1\" width=\"261\" height=\"196\" srcset=\"https:\/\/i0.wp.com\/bottesetvelo.com\/blog\/wp-content\/uploads\/2014\/02\/2009-Compostelle-et-Barcelone-163.jpg?resize=500%2C375&amp;ssl=1 500w, https:\/\/i0.wp.com\/bottesetvelo.com\/blog\/wp-content\/uploads\/2014\/02\/2009-Compostelle-et-Barcelone-163.jpg?resize=1024%2C768&amp;ssl=1 1024w, https:\/\/i0.wp.com\/bottesetvelo.com\/blog\/wp-content\/uploads\/2014\/02\/2009-Compostelle-et-Barcelone-163.jpg?resize=624%2C468&amp;ssl=1 624w, https:\/\/i0.wp.com\/bottesetvelo.com\/blog\/wp-content\/uploads\/2014\/02\/2009-Compostelle-et-Barcelone-163.jpg?w=2340&amp;ssl=1 2340w, https:\/\/i0.wp.com\/bottesetvelo.com\/blog\/wp-content\/uploads\/2014\/02\/2009-Compostelle-et-Barcelone-163.jpg?w=3510&amp;ssl=1 3510w\" sizes=\"auto, (max-width: 261px) 100vw, 261px\" \/><\/a>s que je suis davantage en faveur du p\u00e8lerinage \u00e0 pied qu\u2019\u00e0 v\u00e9lo. Je suis bottes, car j\u2019aime la lenteur dans laquelle nous plongent ces longues randonn\u00e9es. Elles nous laissent le temps de savourer et d\u2019\u00eatre impr\u00e9gn\u00e9 de chaque instant. J\u2019aime me laisser porter par le rythme de mes pas qui, marqu\u00e9s par le claquement de mes b\u00e2tons, m\u2019incline \u00e0 la m\u00e9ditation. Brigitte vous dirait, par contre, qu\u2019elle pr\u00e9f\u00e8re le v\u00e9lo. Brigitte est v\u00e9lo pour le type d\u2019\u00e9nergie que ce sport n\u00e9cessite, parce que l\u2019Am\u00e9rique s\u2019y pr\u00eate bien avec ses innombrables pistes cyclables, mais aussi pour le vent. Ce c\u00f4t\u00e9 a\u00e9rien du v\u00e9lo lui lib\u00e8re l\u2019esprit et lui permet cette pr\u00e9sence \u00e0 elle-m\u00eame. <a href=\"https:\/\/i0.wp.com\/bottesetvelo.com\/blog\/wp-content\/uploads\/2014\/02\/2011-134.jpg?ssl=1\"><img data-recalc-dims=\"1\" loading=\"lazy\" decoding=\"async\" data-attachment-id=\"198\" data-permalink=\"https:\/\/bottesetvelo.com\/blog\/2014\/02\/01\/quest-ce-qui-definira-le-pelerinage-bottes-ou-velo\/2011-134\/\" data-orig-file=\"https:\/\/i0.wp.com\/bottesetvelo.com\/blog\/wp-content\/uploads\/2014\/02\/2011-134.jpg?fit=3648%2C2736&amp;ssl=1\" data-orig-size=\"3648,2736\" data-comments-opened=\"1\" data-image-meta=\"{&quot;aperture&quot;:&quot;4.5&quot;,&quot;credit&quot;:&quot;&quot;,&quot;camera&quot;:&quot;Canon PowerShot SD890 IS&quot;,&quot;caption&quot;:&quot;&quot;,&quot;created_timestamp&quot;:&quot;1310655315&quot;,&quot;copyright&quot;:&quot;&quot;,&quot;focal_length&quot;:&quot;17.703&quot;,&quot;iso&quot;:&quot;80&quot;,&quot;shutter_speed&quot;:&quot;0.00125&quot;,&quot;title&quot;:&quot;&quot;}\" data-image-title=\"2011 134\" data-image-description=\"\" data-image-caption=\"\" data-large-file=\"https:\/\/i0.wp.com\/bottesetvelo.com\/blog\/wp-content\/uploads\/2014\/02\/2011-134.jpg?fit=1024%2C768&amp;ssl=1\" class=\" wp-image-198 alignleft\" alt=\"2011 134\" src=\"https:\/\/i0.wp.com\/bottesetvelo.com\/blog\/wp-content\/uploads\/2014\/02\/2011-134.jpg?resize=236%2C177&#038;ssl=1\" width=\"236\" height=\"177\" srcset=\"https:\/\/i0.wp.com\/bottesetvelo.com\/blog\/wp-content\/uploads\/2014\/02\/2011-134.jpg?resize=500%2C375&amp;ssl=1 500w, https:\/\/i0.wp.com\/bottesetvelo.com\/blog\/wp-content\/uploads\/2014\/02\/2011-134.jpg?resize=1024%2C768&amp;ssl=1 1024w, https:\/\/i0.wp.com\/bottesetvelo.com\/blog\/wp-content\/uploads\/2014\/02\/2011-134.jpg?resize=624%2C468&amp;ssl=1 624w, https:\/\/i0.wp.com\/bottesetvelo.com\/blog\/wp-content\/uploads\/2014\/02\/2011-134.jpg?w=2340&amp;ssl=1 2340w, https:\/\/i0.wp.com\/bottesetvelo.com\/blog\/wp-content\/uploads\/2014\/02\/2011-134.jpg?w=3510&amp;ssl=1 3510w\" sizes=\"auto, (max-width: 236px) 100vw, 236px\" \/><\/a>Alors, nous alternons\u00a0: parfois bottes, parfois v\u00e9lo. Ce qui importe, tout compte fait, c\u2019est de trouver une pratique du p\u00e8lerinage qui nous convienne. Alors, si ce n\u2019est ni bottes, ni v\u00e9lo, qu\u2019est-ce qui d\u00e9finira le p\u00e8lerinage? Ce qui importe est de savoir si ce qui le caract\u00e9rise est respect\u00e9. Du p\u00e8lerinage se d\u00e9gagent quatre grandes caract\u00e9ristiques\u00a0: engagement, effort physique soutenu (5 \u00e0 7 heures d\u2019activit\u00e9 physique\/jour), d\u00e9marche de longue dur\u00e9e (min. 10 jours) et introspection. Un p\u00e8lerinage de longue randonn\u00e9e ne sera donc pas de m\u00eame longueur (kilom\u00e9trage) qu\u2019un p\u00e8lerinage de cycliste.<\/p>\n<p style=\"text-align: justify;\">Les exigences temporelle et physique du p\u00e8lerinage n\u00e9cessitent un engagement de la part de celui qui veut pr\u00e9tendre, bien humblement, au titre de p\u00e8lerin. Toute d\u00e9marche initiatique demande un engagement, mais, m\u00eame dans le cas du p\u00e8lerinage, celui-ci ne sera pas pour autant plus facile \u00e0 observer. C\u2019est l\u2019engagement en regard de la dur\u00e9e et du processus qui pourtant fait toute la diff\u00e9rence. Un engagement que l\u2019on renouvelle chaque jour, comme une promesse faite \u00e0 soi-m\u00eame.<\/p>\n<p style=\"text-align: justify;\">Pour parler p\u00e8lerinage, nous devons donc parler de temps. Un temps qui se calcule en termes de jours vou\u00e9s au processus. C\u2019est notre rapport au temps qui fera que l\u2019exp\u00e9rience rel\u00e8vera ou non du p\u00e8lerinage. D\u2019ailleurs, \u00e0 ce sujet, Jean-Christophe Rufin mentionne\u00a0: \u00ab\u00a0Il faut en effet reconna\u00eetre que le temps joue un r\u00f4le essentiel <a href=\"https:\/\/i0.wp.com\/bottesetvelo.com\/blog\/wp-content\/uploads\/2014\/01\/IMG_1275-6.jpg?ssl=1\"><img data-recalc-dims=\"1\" loading=\"lazy\" decoding=\"async\" data-attachment-id=\"159\" data-permalink=\"https:\/\/bottesetvelo.com\/blog\/2014\/02\/01\/quest-ce-qui-definira-le-pelerinage-bottes-ou-velo\/img_1275-6\/\" data-orig-file=\"https:\/\/i0.wp.com\/bottesetvelo.com\/blog\/wp-content\/uploads\/2014\/01\/IMG_1275-6.jpg?fit=1826%2C2736&amp;ssl=1\" data-orig-size=\"1826,2736\" data-comments-opened=\"1\" data-image-meta=\"{&quot;aperture&quot;:&quot;3.2&quot;,&quot;credit&quot;:&quot;&quot;,&quot;camera&quot;:&quot;Canon PowerShot SD890 IS&quot;,&quot;caption&quot;:&quot;&quot;,&quot;created_timestamp&quot;:&quot;1374562499&quot;,&quot;copyright&quot;:&quot;&quot;,&quot;focal_length&quot;:&quot;6.6&quot;,&quot;iso&quot;:&quot;400&quot;,&quot;shutter_speed&quot;:&quot;0.04&quot;,&quot;title&quot;:&quot;&quot;}\" data-image-title=\"IMG_1275-6\" data-image-description=\"\" data-image-caption=\"\" data-large-file=\"https:\/\/i0.wp.com\/bottesetvelo.com\/blog\/wp-content\/uploads\/2014\/01\/IMG_1275-6.jpg?fit=683%2C1024&amp;ssl=1\" class=\" wp-image-159 alignright\" alt=\"IMG_1275-6\" src=\"https:\/\/i0.wp.com\/bottesetvelo.com\/blog\/wp-content\/uploads\/2014\/01\/IMG_1275-6.jpg?resize=213%2C319&#038;ssl=1\" width=\"213\" height=\"319\" srcset=\"https:\/\/i0.wp.com\/bottesetvelo.com\/blog\/wp-content\/uploads\/2014\/01\/IMG_1275-6.jpg?resize=200%2C300&amp;ssl=1 200w, https:\/\/i0.wp.com\/bottesetvelo.com\/blog\/wp-content\/uploads\/2014\/01\/IMG_1275-6.jpg?resize=683%2C1024&amp;ssl=1 683w, https:\/\/i0.wp.com\/bottesetvelo.com\/blog\/wp-content\/uploads\/2014\/01\/IMG_1275-6.jpg?resize=624%2C934&amp;ssl=1 624w, https:\/\/i0.wp.com\/bottesetvelo.com\/blog\/wp-content\/uploads\/2014\/01\/IMG_1275-6.jpg?w=1826&amp;ssl=1 1826w\" sizes=\"auto, (max-width: 213px) 100vw, 213px\" \/><\/a>dans le fa\u00e7onnage du \u201cvrai\u201d marcheur.\u00a0\u00bb <a title=\"\" href=\"#_ftn1\">[1]<\/a> Le temps est ainsi un trait majeur qui permettra de d\u00e9finir le p\u00e8lerinage&#8230; et le p\u00e8lerin. Il ne s\u2019agit pas d\u2019une course vers un lieu et il n\u2019est pas non plus question de laisser filer le temps\u00a0: il s\u2019agit d\u2019une inscription corps et \u00e2me dans le temps. La destination importe peu. (On se donne une destination, mais tout se joue avant le fil d\u2019arriv\u00e9e.) C\u2019est pourquoi Bottes et V\u00e9lo recommande un minimum de 10 jours, de marche ou de v\u00e9lo, pour qu\u2019il soit question de p\u00e8lerinage. Aux abords de ces 10 jours se joue un moment charni\u00e8re du p\u00e8lerinage. Une transition s\u2019op\u00e8re dans l\u2019esprit du p\u00e8lerin. Il bascule alors dans un \u00e9tat qui ne saurait lui \u00eatre accessible en de\u00e7\u00e0 de ce seuil. Une premi\u00e8re lib\u00e9ration s\u2019effectue \u00e0 cet instant pr\u00e9cis, et plusieurs p\u00e8lerins peuvent en t\u00e9moigner. Nous l\u2019avons v\u00e9rifi\u00e9 aupr\u00e8s d\u2019eux et nous avons retrouv\u00e9 la m\u00eame observation chez Rufin\u00a0: \u00ab\u00a0Par-del\u00e0 la fiert\u00e9 un peu pu\u00e9rile qu\u2019il peut ressentir d\u2019avoir accompli un effort consid\u00e9rable par rapport \u00e0 ceux qui se contentent de marcher huit jours, [le p\u00e8lerin] per\u00e7oit une v\u00e9rit\u00e9 plus humble et plus profonde\u00a0: une courte marche ne suffit pas pour venir \u00e0 bout des habitudes. Elle ne transforme pas radicalement la personne.\u00a0\u00bb<a title=\"\" href=\"#_ftn2\">[2]<\/a><\/p>\n<p style=\"text-align: justify;\"><a href=\"https:\/\/i0.wp.com\/bottesetvelo.com\/blog\/wp-content\/uploads\/2014\/02\/2011-120.jpg?ssl=1\"><img data-recalc-dims=\"1\" loading=\"lazy\" decoding=\"async\" data-attachment-id=\"199\" data-permalink=\"https:\/\/bottesetvelo.com\/blog\/2014\/02\/01\/quest-ce-qui-definira-le-pelerinage-bottes-ou-velo\/2011-120\/\" data-orig-file=\"https:\/\/i0.wp.com\/bottesetvelo.com\/blog\/wp-content\/uploads\/2014\/02\/2011-120.jpg?fit=2736%2C3648&amp;ssl=1\" data-orig-size=\"2736,3648\" data-comments-opened=\"1\" data-image-meta=\"{&quot;aperture&quot;:&quot;4&quot;,&quot;credit&quot;:&quot;&quot;,&quot;camera&quot;:&quot;Canon PowerShot SD890 IS&quot;,&quot;caption&quot;:&quot;&quot;,&quot;created_timestamp&quot;:&quot;1310584439&quot;,&quot;copyright&quot;:&quot;&quot;,&quot;focal_length&quot;:&quot;11.922&quot;,&quot;iso&quot;:&quot;80&quot;,&quot;shutter_speed&quot;:&quot;0.0015625&quot;,&quot;title&quot;:&quot;&quot;}\" data-image-title=\"2011 120\" data-image-description=\"\" data-image-caption=\"\" data-large-file=\"https:\/\/i0.wp.com\/bottesetvelo.com\/blog\/wp-content\/uploads\/2014\/02\/2011-120.jpg?fit=768%2C1024&amp;ssl=1\" class=\" wp-image-199 alignleft\" alt=\"2011 120\" src=\"https:\/\/i0.wp.com\/bottesetvelo.com\/blog\/wp-content\/uploads\/2014\/02\/2011-120.jpg?resize=195%2C260&#038;ssl=1\" width=\"195\" height=\"260\" srcset=\"https:\/\/i0.wp.com\/bottesetvelo.com\/blog\/wp-content\/uploads\/2014\/02\/2011-120.jpg?resize=375%2C500&amp;ssl=1 375w, https:\/\/i0.wp.com\/bottesetvelo.com\/blog\/wp-content\/uploads\/2014\/02\/2011-120.jpg?resize=768%2C1024&amp;ssl=1 768w, https:\/\/i0.wp.com\/bottesetvelo.com\/blog\/wp-content\/uploads\/2014\/02\/2011-120.jpg?resize=624%2C832&amp;ssl=1 624w, https:\/\/i0.wp.com\/bottesetvelo.com\/blog\/wp-content\/uploads\/2014\/02\/2011-120.jpg?w=2340&amp;ssl=1 2340w\" sizes=\"auto, (max-width: 195px) 100vw, 195px\" \/><\/a>Les troisi\u00e8me et quatri\u00e8me caract\u00e9ristiques sont li\u00e9es. La troisi\u00e8me caract\u00e9ristique concerne l\u2019effort physique soutenu. L\u2019activit\u00e9 physique de longue dur\u00e9e permet la concentration de toute notre attention sur notre corps qui, elle, enclenche, en quelque sorte, un \u00e9tat m\u00e9ditatif qui conduira sur la voie de l\u2019introspection. Cette observation a d\u2019ailleurs \u00e9t\u00e9 relev\u00e9e par plusieurs adeptes d\u2019\u00e9preuves physiques qui demandent une grande endurance tels que\u00a0: l\u2019alpinisme, les marathons ou encore ces comp\u00e9titions de type \u00ab\u00a0Iron Man\u00a0\u00bb. Sans se classer parmi ces disciplines, le p\u00e8lerinage permet \u00e0 tous d\u2019atteindre cet \u00e9tat d\u2019esprit. En cours de route, le corps atteint un seuil o\u00f9 il est rompu, un moment o\u00f9 le cours se d\u00e9fait tranquillement de ses r\u00e9sistances, et alors l\u2019esprit peut s\u2019\u00e9veiller \u00e0 plus grand. Une exp\u00e9rience qui peut tracer des parall\u00e8les avec les exp\u00e9riences mystiques. Ainsi, sur le chemin, c\u2019est notre corps qui, le premier, nous enseignera les<a href=\"https:\/\/i0.wp.com\/bottesetvelo.com\/blog\/wp-content\/uploads\/2014\/02\/IMG_1280-4.jpg?ssl=1\"><img data-recalc-dims=\"1\" loading=\"lazy\" decoding=\"async\" data-attachment-id=\"200\" data-permalink=\"https:\/\/bottesetvelo.com\/blog\/2014\/02\/01\/quest-ce-qui-definira-le-pelerinage-bottes-ou-velo\/img_1280-4\/\" data-orig-file=\"https:\/\/i0.wp.com\/bottesetvelo.com\/blog\/wp-content\/uploads\/2014\/02\/IMG_1280-4.jpg?fit=2724%2C3640&amp;ssl=1\" data-orig-size=\"2724,3640\" data-comments-opened=\"1\" data-image-meta=\"{&quot;aperture&quot;:&quot;3.2&quot;,&quot;credit&quot;:&quot;&quot;,&quot;camera&quot;:&quot;Canon PowerShot SD890 IS&quot;,&quot;caption&quot;:&quot;&quot;,&quot;created_timestamp&quot;:&quot;1374562995&quot;,&quot;copyright&quot;:&quot;&quot;,&quot;focal_length&quot;:&quot;6.6&quot;,&quot;iso&quot;:&quot;400&quot;,&quot;shutter_speed&quot;:&quot;0.0166666666667&quot;,&quot;title&quot;:&quot;&quot;}\" data-image-title=\"IMG_1280-4\" data-image-description=\"\" data-image-caption=\"\" data-large-file=\"https:\/\/i0.wp.com\/bottesetvelo.com\/blog\/wp-content\/uploads\/2014\/02\/IMG_1280-4.jpg?fit=766%2C1024&amp;ssl=1\" class=\"wp-image-200 alignright\" alt=\"IMG_1280-4\" src=\"https:\/\/i0.wp.com\/bottesetvelo.com\/blog\/wp-content\/uploads\/2014\/02\/IMG_1280-4.jpg?resize=219%2C292&#038;ssl=1\" width=\"219\" height=\"292\" srcset=\"https:\/\/i0.wp.com\/bottesetvelo.com\/blog\/wp-content\/uploads\/2014\/02\/IMG_1280-4.jpg?resize=374%2C500&amp;ssl=1 374w, https:\/\/i0.wp.com\/bottesetvelo.com\/blog\/wp-content\/uploads\/2014\/02\/IMG_1280-4.jpg?resize=766%2C1024&amp;ssl=1 766w, https:\/\/i0.wp.com\/bottesetvelo.com\/blog\/wp-content\/uploads\/2014\/02\/IMG_1280-4.jpg?resize=624%2C833&amp;ssl=1 624w, https:\/\/i0.wp.com\/bottesetvelo.com\/blog\/wp-content\/uploads\/2014\/02\/IMG_1280-4.jpg?w=2340&amp;ssl=1 2340w\" sizes=\"auto, (max-width: 219px) 100vw, 219px\" \/><\/a> rudiments du p\u00e8lerinage. C\u2019est lui aussi qui nous ram\u00e8nera sur la voie si nous refusons de l\u2019\u00e9couter. Et parfois, nous pouvons faire la sourde oreille pendant longtemps&#8230; C\u2019est l\u00e0 que bien souvent des blessures majeures peuvent survenir. Mais, m\u00eame dans ces cas-ci, certains p\u00e8lerins persistent \u00e0 r\u00e9sister aux signaux envoy\u00e9s par leur corps et se bourrent litt\u00e9ralement d\u2019antidouleurs pour ne pas se laisser limiter par celui-ci. Une attitude qui caract\u00e9rise assez bien notre \u00e9poque. \u00c0 ce sujet, Jean-Claude Guillebaud\u00a0\u00e9crivait<i>\u00a0: <\/i>\u00ab\u00a0[&#8230;] on bute r\u00e9guli\u00e8rement sur des propos qui d\u00e9signent la chair comme une servitude dont il convient de se d\u00e9barrasser.\u00a0\u00bb <a title=\"\" href=\"#_ftn3\">[3]<\/a>\u00a0Les limites du corps sont donc souvent per\u00e7ues comme contraignantes dans un monde o\u00f9 est davantage valoris\u00e9 le performant et le comp\u00e9titif&#8230; Un sain rapport au corps dans cet effort physique de longue dur\u00e9e est essentiel. Prendre conscience de cet aspect du p\u00e8lerinage lui conf\u00e8re ce pouvoir de nous \u00e9veiller aux <a href=\"https:\/\/i0.wp.com\/bottesetvelo.com\/blog\/wp-content\/uploads\/2014\/02\/IMG_1280-6.jpg?ssl=1\"><img data-recalc-dims=\"1\" loading=\"lazy\" decoding=\"async\" data-attachment-id=\"201\" data-permalink=\"https:\/\/bottesetvelo.com\/blog\/2014\/02\/01\/quest-ce-qui-definira-le-pelerinage-bottes-ou-velo\/img_1280-6\/\" data-orig-file=\"https:\/\/i0.wp.com\/bottesetvelo.com\/blog\/wp-content\/uploads\/2014\/02\/IMG_1280-6.jpg?fit=3648%2C2736&amp;ssl=1\" data-orig-size=\"3648,2736\" data-comments-opened=\"1\" data-image-meta=\"{&quot;aperture&quot;:&quot;3.2&quot;,&quot;credit&quot;:&quot;&quot;,&quot;camera&quot;:&quot;Canon PowerShot SD890 IS&quot;,&quot;caption&quot;:&quot;&quot;,&quot;created_timestamp&quot;:&quot;1374563302&quot;,&quot;copyright&quot;:&quot;&quot;,&quot;focal_length&quot;:&quot;6.6&quot;,&quot;iso&quot;:&quot;200&quot;,&quot;shutter_speed&quot;:&quot;0.0166666666667&quot;,&quot;title&quot;:&quot;&quot;}\" data-image-title=\"IMG_1280-6\" data-image-description=\"\" data-image-caption=\"\" data-large-file=\"https:\/\/i0.wp.com\/bottesetvelo.com\/blog\/wp-content\/uploads\/2014\/02\/IMG_1280-6.jpg?fit=1024%2C768&amp;ssl=1\" class=\" wp-image-201 alignleft\" alt=\"IMG_1280-6\" src=\"https:\/\/i0.wp.com\/bottesetvelo.com\/blog\/wp-content\/uploads\/2014\/02\/IMG_1280-6.jpg?resize=249%2C186&#038;ssl=1\" width=\"249\" height=\"186\" srcset=\"https:\/\/i0.wp.com\/bottesetvelo.com\/blog\/wp-content\/uploads\/2014\/02\/IMG_1280-6.jpg?resize=500%2C375&amp;ssl=1 500w, https:\/\/i0.wp.com\/bottesetvelo.com\/blog\/wp-content\/uploads\/2014\/02\/IMG_1280-6.jpg?resize=1024%2C768&amp;ssl=1 1024w, https:\/\/i0.wp.com\/bottesetvelo.com\/blog\/wp-content\/uploads\/2014\/02\/IMG_1280-6.jpg?resize=624%2C468&amp;ssl=1 624w, https:\/\/i0.wp.com\/bottesetvelo.com\/blog\/wp-content\/uploads\/2014\/02\/IMG_1280-6.jpg?w=2340&amp;ssl=1 2340w, https:\/\/i0.wp.com\/bottesetvelo.com\/blog\/wp-content\/uploads\/2014\/02\/IMG_1280-6.jpg?w=3510&amp;ssl=1 3510w\" sizes=\"auto, (max-width: 249px) 100vw, 249px\" \/><\/a>incoh\u00e9rences de notre vie moderne et de renouer avec soi-m\u00eame. Lentement, cette prise de contact avec soi nous d\u00e9fait du trop-plein de notre sac \u00e0 dos mental et nous permet de plonger en nous-m\u00eames \u00e0 la rencontre de plus grand que soi\u00a0: \u00ab\u00a0Dans l\u2019\u00e9tat d\u2019aboulie o\u00f9 l\u2019ont plong\u00e9 ces errances, dans cette \u00e2me d\u00e9livr\u00e9e du d\u00e9sir et de l\u2019attente, dans ce corps qui a dompt\u00e9 ses souffrances et lim\u00e9s ses impatiences, dans cet espace, satur\u00e9 de beaut\u00e9s, \u00e0 la fois interminable et fini, le p\u00e8lerin est pr\u00eat \u00e0 voir surgir quelque chose de plus grand que lui, de plus grand que tout, en v\u00e9rit\u00e9.\u00a0\u00bb<a title=\"\" href=\"#_ftn4\">[4]<\/a> Et c\u2019est seulement le temps qui nous permettra de p\u00e9n\u00e9trer cet espace.<\/p>\n<p style=\"text-align: justify;\">Bottes ou v\u00e9lo? disions-nous. Il est clair que le p\u00e8lerinage ne tient pas \u00e0 l\u2019outil, ni \u00e0 la destination, mais bien plus \u00e0 la mani\u00e8re d\u2019\u00eatre, au rapport que nous entretenons avec le processus. Rufin nous donne une d\u00e9finition du p\u00e8lerinage qui tient en quelques mots\u00a0: \u00ab\u00a0Le Chemin est une alchimie du temps sur l\u2019\u00e2me.\u00a0\u00bb <a title=\"\" href=\"#_ftn5\">[5]<\/a> Je crois que c\u2019est la d\u00e9finition la plus honn\u00eate que nous puissions faire de cette exp\u00e9rience qui sort du commun.<\/p>\n<p>\u00c9ric Lalibert\u00e9<a href=\"https:\/\/i0.wp.com\/bottesetvelo.com\/blog\/wp-content\/uploads\/2014\/01\/Bottes-et-V%C3%A9lo-Embl%C3%AAme.jpg?ssl=1\"><img data-recalc-dims=\"1\" loading=\"lazy\" decoding=\"async\" data-attachment-id=\"14\" data-permalink=\"https:\/\/bottesetvelo.com\/blog\/bottes-et-velo-le-blog\/bottes-et-velo-embleme\/\" data-orig-file=\"https:\/\/i0.wp.com\/bottesetvelo.com\/blog\/wp-content\/uploads\/2014\/01\/Bottes-et-V%C3%A9lo-Embl%C3%AAme-e1454083414631.jpg?fit=100%2C79&amp;ssl=1\" data-orig-size=\"100,79\" data-comments-opened=\"1\" data-image-meta=\"{&quot;aperture&quot;:&quot;0&quot;,&quot;credit&quot;:&quot;&quot;,&quot;camera&quot;:&quot;&quot;,&quot;caption&quot;:&quot;&quot;,&quot;created_timestamp&quot;:&quot;0&quot;,&quot;copyright&quot;:&quot;&quot;,&quot;focal_length&quot;:&quot;0&quot;,&quot;iso&quot;:&quot;0&quot;,&quot;shutter_speed&quot;:&quot;0&quot;,&quot;title&quot;:&quot;&quot;}\" data-image-title=\"Bottes et V\u00e9lo &amp;#8211; Embl\u00eame\" data-image-description=\"\" data-image-caption=\"\" data-large-file=\"https:\/\/i0.wp.com\/bottesetvelo.com\/blog\/wp-content\/uploads\/2014\/01\/Bottes-et-V%C3%A9lo-Embl%C3%AAme-e1454083414631.jpg?fit=100%2C79&amp;ssl=1\" class=\" wp-image-14 alignright\" alt=\"Bottes et V\u00e9lo - Embl\u00eame\" src=\"https:\/\/i0.wp.com\/bottesetvelo.com\/blog\/wp-content\/uploads\/2014\/01\/Bottes-et-V%C3%A9lo-Embl%C3%AAme.jpg?resize=54%2C42&#038;ssl=1\" width=\"54\" height=\"42\" \/><\/a><\/p>\n<p>&nbsp;<\/p>\n<p>Pour ceux et celles qui voudraient se procurer les livres de Rufin ou de Guillebaud, cliquez sur ces liens: \u00a0\u00a0 Jean-Christophe Rufin: <a title=\"Immortelle randonn\u00e9e\" href=\"http:\/\/www.amazon.ca\/gp\/product\/2352210615\/ref=as_li_qf_sp_asin_tl?ie=UTF8&amp;camp=15121&amp;creative=330641&amp;creativeASIN=2352210615&amp;linkCode=as2&amp;tag=botetvel-20\" target=\"_blank\">Immortelle randonn\u00e9e\u00a0<\/a> \u00a0 \u00a0 Jean-Claude Guillebaud: <a title=\"La Vie vivante\" href=\"http:\/\/www.amazon.ca\/gp\/product\/2352041392\/ref=as_li_qf_sp_asin_il?ie=UTF8&amp;camp=15121&amp;creative=330641&amp;creativeASIN=2352041392&amp;linkCode=as2&amp;tag=botetvel-20\" target=\"_blank\">La Vie vivante. Contre les nouveaux pudibonds<\/a>.<\/p>\n<div>\n<hr align=\"left\" size=\"1\" width=\"33%\" \/>\n<div>\n<p><a title=\"\" href=\"#_ftnref1\">[1]<\/a> Rufin, Jean-Christophe. (2013). Immortelle randonn\u00e9e\u00a0: Compostelle malgr\u00e9 moi. Chamonix\u00a0: Gu\u00e9rin. p.\u00a015<\/p>\n<\/div>\n<div>\n<p><a title=\"\" href=\"#_ftnref2\">[2]<\/a> Idem. p.\u00a016<\/p>\n<\/div>\n<div>\n<p><a title=\"\" href=\"#_ftnref3\">[3]<\/a> Guillebaud, Jean Claude. (2011). La vie vivante\u00a0: contre les nouveaux pudibonds. Paris\u00a0: Ar\u00e8nes. p.\u00a0152<\/p>\n<\/div>\n<div>\n<p><a title=\"\" href=\"#_ftnref4\">[4]<\/a> Rufin, Jean-Christophe. (2013). Immortelle randonn\u00e9e\u00a0: Compostelle malgr\u00e9 moi. Chamonix\u00a0: Gu\u00e9rin. p.\u00a0192<\/p>\n<\/div>\n<div>\n<p><a title=\"\" href=\"#_ftnref5\">[5]<\/a> Idem. p.\u00a015<\/p>\n<\/div>\n<\/div>\n","protected":false},"excerpt":{"rendered":"<p>Je vous dirais que je suis davantage en faveur du p\u00e8lerinage \u00e0 pied qu\u2019\u00e0 v\u00e9lo. Je suis bottes, car j\u2019aime la lenteur dans laquelle nous plongent ces longues randonn\u00e9es. Elles nous laissent le temps de savourer et d\u2019\u00eatre impr\u00e9gn\u00e9 de chaque instant. J\u2019aime me laisser porter par le rythme de mes pas qui, marqu\u00e9s par&hellip;<\/p>\n","protected":false},"author":3,"featured_media":0,"comment_status":"open","ping_status":"open","sticky":false,"template":"","format":"standard","meta":{"jetpack_post_was_ever_published":false,"_jetpack_newsletter_access":"","_jetpack_dont_email_post_to_subs":false,"_jetpack_newsletter_tier_id":0,"_jetpack_memberships_contains_paywalled_content":false,"_jetpack_memberships_contains_paid_content":false,"footnotes":"","jetpack_publicize_message":"","jetpack_publicize_feature_enabled":true,"jetpack_social_post_already_shared":true,"jetpack_social_options":{"image_generator_settings":{"template":"highway","default_image_id":0,"font":"","enabled":false},"version":2}},"categories":[24,11,3],"tags":[28,26,27,29,14,13,19,20,15],"class_list":["post-196","post","type-post","status-publish","format-standard","hentry","category-aspects-techniques","category-bien-etre-physique","category-reflexions","tag-immortelle-randonnee","tag-jean-christophe-rufin","tag-jean-claude-guillebaud","tag-la-vie-vivante","tag-marche","tag-pelerinage","tag-randonnee","tag-spiritualite","tag-velo"],"jetpack_publicize_connections":[],"jetpack_featured_media_url":"","jetpack_shortlink":"https:\/\/wp.me\/p4eY6z-3a","jetpack_sharing_enabled":true,"jetpack_likes_enabled":true,"jetpack-related-posts":[],"_links":{"self":[{"href":"https:\/\/bottesetvelo.com\/blog\/wp-json\/wp\/v2\/posts\/196","targetHints":{"allow":["GET"]}}],"collection":[{"href":"https:\/\/bottesetvelo.com\/blog\/wp-json\/wp\/v2\/posts"}],"about":[{"href":"https:\/\/bottesetvelo.com\/blog\/wp-json\/wp\/v2\/types\/post"}],"author":[{"embeddable":true,"href":"https:\/\/bottesetvelo.com\/blog\/wp-json\/wp\/v2\/users\/3"}],"replies":[{"embeddable":true,"href":"https:\/\/bottesetvelo.com\/blog\/wp-json\/wp\/v2\/comments?post=196"}],"version-history":[{"count":5,"href":"https:\/\/bottesetvelo.com\/blog\/wp-json\/wp\/v2\/posts\/196\/revisions"}],"predecessor-version":[{"id":207,"href":"https:\/\/bottesetvelo.com\/blog\/wp-json\/wp\/v2\/posts\/196\/revisions\/207"}],"wp:attachment":[{"href":"https:\/\/bottesetvelo.com\/blog\/wp-json\/wp\/v2\/media?parent=196"}],"wp:term":[{"taxonomy":"category","embeddable":true,"href":"https:\/\/bottesetvelo.com\/blog\/wp-json\/wp\/v2\/categories?post=196"},{"taxonomy":"post_tag","embeddable":true,"href":"https:\/\/bottesetvelo.com\/blog\/wp-json\/wp\/v2\/tags?post=196"}],"curies":[{"name":"wp","href":"https:\/\/api.w.org\/{rel}","templated":true}]}}