{"id":1902,"date":"2015-07-24T16:58:05","date_gmt":"2015-07-24T20:58:05","guid":{"rendered":"http:\/\/bottesetvelo.com\/blog\/?p=1902"},"modified":"2015-07-26T11:45:35","modified_gmt":"2015-07-26T15:45:35","slug":"bottes-et-velo-sur-radio-galilee","status":"publish","type":"post","link":"https:\/\/bottesetvelo.com\/blog\/2015\/07\/24\/bottes-et-velo-sur-radio-galilee\/","title":{"rendered":"Bottes et V\u00e9lo sur Radio-Galil\u00e9e"},"content":{"rendered":"<h5 style=\"text-align: justify;\"><strong><span style=\"color: #003366;\">Lors de notre p\u00e8lerinage sur la Voie du Saint-Laurent, chaque semaine Mme Dany Bentz de Radio-Galil\u00e9e nous recevait en entrevue t\u00e9l\u00e9phonique pour faire le point sur notre parcours. <\/span><\/strong><\/h5>\n<h5 style=\"text-align: justify;\"><a href=\"https:\/\/i0.wp.com\/bottesetvelo.com\/blog\/wp-content\/uploads\/2015\/07\/Radio-Galil%C3%A9e-Dany-Bentz.png?ssl=1\"><img data-recalc-dims=\"1\" loading=\"lazy\" decoding=\"async\" data-attachment-id=\"1908\" data-permalink=\"https:\/\/bottesetvelo.com\/blog\/2015\/07\/24\/bottes-et-velo-sur-radio-galilee\/radio-galilee-dany-bentz\/\" data-orig-file=\"https:\/\/i0.wp.com\/bottesetvelo.com\/blog\/wp-content\/uploads\/2015\/07\/Radio-Galil%C3%A9e-Dany-Bentz.png?fit=794%2C348&amp;ssl=1\" data-orig-size=\"794,348\" data-comments-opened=\"1\" data-image-meta=\"{&quot;aperture&quot;:&quot;0&quot;,&quot;credit&quot;:&quot;&quot;,&quot;camera&quot;:&quot;&quot;,&quot;caption&quot;:&quot;&quot;,&quot;created_timestamp&quot;:&quot;0&quot;,&quot;copyright&quot;:&quot;&quot;,&quot;focal_length&quot;:&quot;0&quot;,&quot;iso&quot;:&quot;0&quot;,&quot;shutter_speed&quot;:&quot;0&quot;,&quot;title&quot;:&quot;&quot;,&quot;orientation&quot;:&quot;0&quot;}\" data-image-title=\"Radio-Galil\u00e9e &amp;#8211; Dany Bentz\" data-image-description=\"&lt;p&gt;Radio-Galil\u00e9e &amp;#8211; Dany Bentz&lt;\/p&gt;\n\" data-image-caption=\"\" data-large-file=\"https:\/\/i0.wp.com\/bottesetvelo.com\/blog\/wp-content\/uploads\/2015\/07\/Radio-Galil%C3%A9e-Dany-Bentz.png?fit=794%2C348&amp;ssl=1\" class=\"  alignright wp-image-1908\" src=\"https:\/\/i0.wp.com\/bottesetvelo.com\/blog\/wp-content\/uploads\/2015\/07\/Radio-Galil%C3%A9e-Dany-Bentz.png?resize=370%2C162&#038;ssl=1\" alt=\"Radio-Galil\u00e9e - Dany Bentz\" width=\"370\" height=\"162\" srcset=\"https:\/\/i0.wp.com\/bottesetvelo.com\/blog\/wp-content\/uploads\/2015\/07\/Radio-Galil%C3%A9e-Dany-Bentz.png?resize=500%2C219&amp;ssl=1 500w, https:\/\/i0.wp.com\/bottesetvelo.com\/blog\/wp-content\/uploads\/2015\/07\/Radio-Galil%C3%A9e-Dany-Bentz.png?w=794&amp;ssl=1 794w\" sizes=\"auto, (max-width: 370px) 100vw, 370px\" \/><\/a><\/h5>\n<h5 style=\"text-align: justify;\"><strong><span style=\"color: #003366;\">Si vous avez manqu\u00e9 ces entrevues, ou d\u00e9sirez les entendre de nouveaux, les voici en rafale. Cinq entrevues d&rsquo;environ 8 \u00e0 10 minutes chacune.<\/span><\/strong><\/h5>\n<p>&nbsp;<\/p>\n<h5><span style=\"color: #003366;\"><strong>\u00c9ric Lalibert\u00e9 et Brigitte Harouni<\/strong><a href=\"https:\/\/i0.wp.com\/bottesetvelo.com\/blog\/wp-content\/uploads\/2014\/01\/Bottes-et-V%C3%A9lo-Embl%C3%AAme.jpg?ssl=1\"><img data-recalc-dims=\"1\" loading=\"lazy\" decoding=\"async\" data-attachment-id=\"14\" data-permalink=\"https:\/\/bottesetvelo.com\/blog\/bottes-et-velo-le-blog\/bottes-et-velo-embleme\/\" data-orig-file=\"https:\/\/i0.wp.com\/bottesetvelo.com\/blog\/wp-content\/uploads\/2014\/01\/Bottes-et-V%C3%A9lo-Embl%C3%AAme-e1454083414631.jpg?fit=100%2C79&amp;ssl=1\" data-orig-size=\"100,79\" data-comments-opened=\"1\" data-image-meta=\"{&quot;aperture&quot;:&quot;0&quot;,&quot;credit&quot;:&quot;&quot;,&quot;camera&quot;:&quot;&quot;,&quot;caption&quot;:&quot;&quot;,&quot;created_timestamp&quot;:&quot;0&quot;,&quot;copyright&quot;:&quot;&quot;,&quot;focal_length&quot;:&quot;0&quot;,&quot;iso&quot;:&quot;0&quot;,&quot;shutter_speed&quot;:&quot;0&quot;,&quot;title&quot;:&quot;&quot;}\" data-image-title=\"Bottes et V\u00e9lo &amp;#8211; Embl\u00eame\" data-image-description=\"\" data-image-caption=\"\" data-large-file=\"https:\/\/i0.wp.com\/bottesetvelo.com\/blog\/wp-content\/uploads\/2014\/01\/Bottes-et-V%C3%A9lo-Embl%C3%AAme-e1454083414631.jpg?fit=100%2C79&amp;ssl=1\" class=\"  wp-image-14 alignright\" src=\"https:\/\/i0.wp.com\/bottesetvelo.com\/blog\/wp-content\/uploads\/2014\/01\/Bottes-et-V%C3%A9lo-Embl%C3%AAme.jpg?resize=55%2C43&#038;ssl=1\" alt=\"Bottes et V\u00e9lo - Embl\u00eame\" width=\"55\" height=\"43\" \/><\/a><\/span><\/h5>\n<audio class=\"wp-audio-shortcode\" id=\"audio-1902-1\" preload=\"none\" style=\"width: 100%;\" controls=\"controls\"><source type=\"audio\/mpeg\" src=\"https:\/\/bottesetvelo.com\/blog\/wp-content\/uploads\/2015\/07\/BV_01.mp3?_=1\" \/><a href=\"https:\/\/bottesetvelo.com\/blog\/wp-content\/uploads\/2015\/07\/BV_01.mp3\">https:\/\/bottesetvelo.com\/blog\/wp-content\/uploads\/2015\/07\/BV_01.mp3<\/a><\/audio>\n<p><span style=\"color: #ff9900;\"><strong>1. Bottes et V\u00e9lo sur Radio-Galil\u00e9e &#8211; 23 juin 2015<\/strong><\/span><\/p>\n<audio class=\"wp-audio-shortcode\" id=\"audio-1902-2\" preload=\"none\" style=\"width: 100%;\" controls=\"controls\"><source type=\"audio\/mpeg\" src=\"https:\/\/bottesetvelo.com\/blog\/wp-content\/uploads\/2015\/07\/BV_02.mp3?_=2\" \/><a href=\"https:\/\/bottesetvelo.com\/blog\/wp-content\/uploads\/2015\/07\/BV_02.mp3\">https:\/\/bottesetvelo.com\/blog\/wp-content\/uploads\/2015\/07\/BV_02.mp3<\/a><\/audio>\n<p><strong><span style=\"color: #ff9900;\">2. Bottes et V\u00e9lo sur Radio-Galil\u00e9e &#8211; 30 juin 2015<\/span><\/strong><\/p>\n<audio class=\"wp-audio-shortcode\" id=\"audio-1902-3\" preload=\"none\" style=\"width: 100%;\" controls=\"controls\"><source type=\"audio\/mpeg\" src=\"https:\/\/bottesetvelo.com\/blog\/wp-content\/uploads\/2015\/07\/BV_03.mp3?_=3\" \/><a href=\"https:\/\/bottesetvelo.com\/blog\/wp-content\/uploads\/2015\/07\/BV_03.mp3\">https:\/\/bottesetvelo.com\/blog\/wp-content\/uploads\/2015\/07\/BV_03.mp3<\/a><\/audio>\n<p><strong><span style=\"color: #ff9900;\">3. Bottes et V\u00e9lo sur Radio-Galil\u00e9e &#8211; 9 juillet 2015<\/span><\/strong><\/p>\n<audio class=\"wp-audio-shortcode\" id=\"audio-1902-4\" preload=\"none\" style=\"width: 100%;\" controls=\"controls\"><source type=\"audio\/mpeg\" src=\"https:\/\/bottesetvelo.com\/blog\/wp-content\/uploads\/2015\/07\/BV_04.mp3?_=4\" \/><a href=\"https:\/\/bottesetvelo.com\/blog\/wp-content\/uploads\/2015\/07\/BV_04.mp3\">https:\/\/bottesetvelo.com\/blog\/wp-content\/uploads\/2015\/07\/BV_04.mp3<\/a><\/audio>\n<p><strong><span style=\"color: #ff9900;\">4. Bottes et V\u00e9lo sur Radio-Galil\u00e9e &#8211; 15 juillet 2015<\/span><\/strong><\/p>\n<audio class=\"wp-audio-shortcode\" id=\"audio-1902-5\" preload=\"none\" style=\"width: 100%;\" controls=\"controls\"><source type=\"audio\/mpeg\" src=\"https:\/\/bottesetvelo.com\/blog\/wp-content\/uploads\/2015\/07\/BV_05.mp3?_=5\" \/><a href=\"https:\/\/bottesetvelo.com\/blog\/wp-content\/uploads\/2015\/07\/BV_05.mp3\">https:\/\/bottesetvelo.com\/blog\/wp-content\/uploads\/2015\/07\/BV_05.mp3<\/a><\/audio>\n<p><strong><span style=\"color: #ff9900;\">5. Bottes et V\u00e9lo sur Radio-Galil\u00e9e &#8211; 21 juillet 2015<\/span><\/strong><\/p>\n<p>&nbsp;<\/p>\n<p>&nbsp;<\/p>\n<p>&nbsp;<\/p>\n<p>&nbsp;<\/p>\n<p>&nbsp;<\/p>\n<p>&nbsp;<\/p>\n<p>&nbsp;<\/p>\n","protected":false},"excerpt":{"rendered":"<p>Lors de notre p\u00e8lerinage sur la Voie du Saint-Laurent, chaque semaine Mme Dany Bentz de Radio-Galil\u00e9e nous recevait en entrevue t\u00e9l\u00e9phonique pour faire le point sur notre parcours. Si vous avez manqu\u00e9 ces entrevues, ou d\u00e9sirez les entendre de nouveaux, les voici en rafale. Cinq entrevues d&rsquo;environ 8 \u00e0 10 minutes chacune. &nbsp; \u00c9ric Lalibert\u00e9&hellip;<\/p>\n","protected":false},"author":1,"featured_media":0,"comment_status":"open","ping_status":"open","sticky":false,"template":"","format":"standard","meta":{"jetpack_post_was_ever_published":false,"_jetpack_newsletter_access":"","_jetpack_dont_email_post_to_subs":false,"_jetpack_newsletter_tier_id":0,"_jetpack_memberships_contains_paywalled_content":false,"_jetpack_memberships_contains_paid_content":false,"footnotes":"","jetpack_publicize_message":"","jetpack_publicize_feature_enabled":true,"jetpack_social_post_already_shared":true,"jetpack_social_options":{"image_generator_settings":{"template":"highway","default_image_id":0,"font":"","enabled":false},"version":2}},"categories":[264,74,63],"tags":[18,266,68,265],"class_list":["post-1902","post","type-post","status-publish","format-standard","hentry","category-entrevues","category-la-voie-du-st-laurent","category-revue-de-presse","tag-bottes-et-velo","tag-entrevues","tag-la-voie-du-saint-laurent","tag-radio-galilee"],"jetpack_publicize_connections":[],"jetpack_featured_media_url":"","jetpack_shortlink":"https:\/\/wp.me\/p4eY6z-uG","jetpack_sharing_enabled":true,"jetpack_likes_enabled":true,"jetpack-related-posts":[],"_links":{"self":[{"href":"https:\/\/bottesetvelo.com\/blog\/wp-json\/wp\/v2\/posts\/1902","targetHints":{"allow":["GET"]}}],"collection":[{"href":"https:\/\/bottesetvelo.com\/blog\/wp-json\/wp\/v2\/posts"}],"about":[{"href":"https:\/\/bottesetvelo.com\/blog\/wp-json\/wp\/v2\/types\/post"}],"author":[{"embeddable":true,"href":"https:\/\/bottesetvelo.com\/blog\/wp-json\/wp\/v2\/users\/1"}],"replies":[{"embeddable":true,"href":"https:\/\/bottesetvelo.com\/blog\/wp-json\/wp\/v2\/comments?post=1902"}],"version-history":[{"count":13,"href":"https:\/\/bottesetvelo.com\/blog\/wp-json\/wp\/v2\/posts\/1902\/revisions"}],"predecessor-version":[{"id":1921,"href":"https:\/\/bottesetvelo.com\/blog\/wp-json\/wp\/v2\/posts\/1902\/revisions\/1921"}],"wp:attachment":[{"href":"https:\/\/bottesetvelo.com\/blog\/wp-json\/wp\/v2\/media?parent=1902"}],"wp:term":[{"taxonomy":"category","embeddable":true,"href":"https:\/\/bottesetvelo.com\/blog\/wp-json\/wp\/v2\/categories?post=1902"},{"taxonomy":"post_tag","embeddable":true,"href":"https:\/\/bottesetvelo.com\/blog\/wp-json\/wp\/v2\/tags?post=1902"}],"curies":[{"name":"wp","href":"https:\/\/api.w.org\/{rel}","templated":true}]}}