{"id":1882,"date":"2015-06-22T18:18:46","date_gmt":"2015-06-22T22:18:46","guid":{"rendered":"http:\/\/bottesetvelo.com\/blog\/?p=1882"},"modified":"2015-07-17T07:06:32","modified_gmt":"2015-07-17T11:06:32","slug":"les-aventures-de-bottes-et-velo-sur-la-voie-du-st-laurent-le-chemin-qui-marche","status":"publish","type":"post","link":"https:\/\/bottesetvelo.com\/blog\/2015\/06\/22\/les-aventures-de-bottes-et-velo-sur-la-voie-du-st-laurent-le-chemin-qui-marche\/","title":{"rendered":"Les aventures de Bottes et V\u00e9lo sur la Voie du St-Laurent, le chemin qui marche!"},"content":{"rendered":"<h4><span style=\"color: #003366;\"><em>Cet \u00e9t\u00e9 \u2013 sur facebook, le blogue et youtube \u2013 suivez les aventures de Bottes et V\u00e9lo en p\u00e8lerinage sur la Voie du St-Laurent, le chemin qui marche!<a style=\"color: #003366;\" href=\"https:\/\/i0.wp.com\/bottesetvelo.com\/blog\/wp-content\/uploads\/2015\/05\/2014-08-11-04.47.55.jpg?ssl=1\"><img data-recalc-dims=\"1\" loading=\"lazy\" decoding=\"async\" data-attachment-id=\"1641\" data-permalink=\"https:\/\/bottesetvelo.com\/blog\/2015\/06\/22\/les-aventures-de-bottes-et-velo-sur-la-voie-du-st-laurent-le-chemin-qui-marche\/2014-08-11-04-47-55\/\" data-orig-file=\"https:\/\/i0.wp.com\/bottesetvelo.com\/blog\/wp-content\/uploads\/2015\/05\/2014-08-11-04.47.55.jpg?fit=3223%2C1205&amp;ssl=1\" data-orig-size=\"3223,1205\" data-comments-opened=\"1\" data-image-meta=\"{&quot;aperture&quot;:&quot;2.6&quot;,&quot;credit&quot;:&quot;&quot;,&quot;camera&quot;:&quot;SGH-I747M&quot;,&quot;caption&quot;:&quot;&quot;,&quot;created_timestamp&quot;:&quot;1407732475&quot;,&quot;copyright&quot;:&quot;&quot;,&quot;focal_length&quot;:&quot;3.7&quot;,&quot;iso&quot;:&quot;64&quot;,&quot;shutter_speed&quot;:&quot;0.0333333333333&quot;,&quot;title&quot;:&quot;&quot;,&quot;orientation&quot;:&quot;1&quot;}\" data-image-title=\"La Voie du St-Laurent &amp;#8211; Perc\u00e9\" data-image-description=\"\" data-image-caption=\"\" data-large-file=\"https:\/\/i0.wp.com\/bottesetvelo.com\/blog\/wp-content\/uploads\/2015\/05\/2014-08-11-04.47.55.jpg?fit=1024%2C383&amp;ssl=1\" class=\"  alignright wp-image-1641\" src=\"https:\/\/i0.wp.com\/bottesetvelo.com\/blog\/wp-content\/uploads\/2015\/05\/2014-08-11-04.47.55.jpg?resize=300%2C112&#038;ssl=1\" alt=\"La Voie du St-Laurent - Perc\u00e9\" width=\"300\" height=\"112\" srcset=\"https:\/\/i0.wp.com\/bottesetvelo.com\/blog\/wp-content\/uploads\/2015\/05\/2014-08-11-04.47.55.jpg?resize=500%2C187&amp;ssl=1 500w, https:\/\/i0.wp.com\/bottesetvelo.com\/blog\/wp-content\/uploads\/2015\/05\/2014-08-11-04.47.55.jpg?resize=1024%2C383&amp;ssl=1 1024w, https:\/\/i0.wp.com\/bottesetvelo.com\/blog\/wp-content\/uploads\/2015\/05\/2014-08-11-04.47.55.jpg?w=2340&amp;ssl=1 2340w\" sizes=\"auto, (max-width: 300px) 100vw, 300px\" \/><\/a><\/em><\/span><\/h4>\n<p style=\"text-align: justify;\">Avec nous, d\u00e9couvrez cette portion majestueuse du fleuve qui s\u2019\u00e9tend de Qu\u00e9bec \u00e0 Perc\u00e9.Venez rencontrer les habitants de tous ces villages color\u00e9s qui vivent au rythme des mar\u00e9es. Des gens accueillants, sympathiques et chaleureux!<\/p>\n<p style=\"text-align: justify;\">Venez go\u00fbter les odeurs et les saveurs de la mer au fil de nos pas \u00e9picuriens. Des pas qui, parfois, s\u2019\u00e9ternisent de plage en plage, le temps d\u2019observer phoques, baleines et Fous de Bassan; de se tremper les pieds dans l\u2019eau sal\u00e9e; ou tout simplement pour faire la sieste au pied d\u2019un rocher.<\/p>\n<p style=\"text-align: justify;\">Venez d\u00e9couvrir la marche du p\u00e8lerin! Celle qui se laisse d\u00e9placer hors de ses sentiers connus, vers un ailleurs qui appelle le meilleur en chacun de nous. Celle qui porte un regard diff\u00e9rent sur le quotidien de nos vies. Celle qui nous repositionne dans ce monde et o\u00f9 tout redevient pr\u00e9cieusement vivant\u2026<\/p>\n<p><a href=\"https:\/\/i0.wp.com\/bottesetvelo.com\/blog\/wp-content\/uploads\/2014\/12\/2014-07-29-10.06.20.jpg?ssl=1\"><img data-recalc-dims=\"1\" loading=\"lazy\" decoding=\"async\" data-attachment-id=\"1115\" data-permalink=\"https:\/\/bottesetvelo.com\/blog\/galerie-photos-la-voie-du-st-laurent\/2014-07-29-10-06-20-2\/\" data-orig-file=\"https:\/\/i0.wp.com\/bottesetvelo.com\/blog\/wp-content\/uploads\/2014\/12\/2014-07-29-10.06.20.jpg?fit=3264%2C2448&amp;ssl=1\" data-orig-size=\"3264,2448\" data-comments-opened=\"1\" data-image-meta=\"{&quot;aperture&quot;:&quot;2.6&quot;,&quot;credit&quot;:&quot;&quot;,&quot;camera&quot;:&quot;SGH-I747M&quot;,&quot;caption&quot;:&quot;&quot;,&quot;created_timestamp&quot;:&quot;1406628380&quot;,&quot;copyright&quot;:&quot;&quot;,&quot;focal_length&quot;:&quot;3.7&quot;,&quot;iso&quot;:&quot;50&quot;,&quot;shutter_speed&quot;:&quot;0.000513347022587&quot;,&quot;title&quot;:&quot;&quot;,&quot;orientation&quot;:&quot;1&quot;}\" data-image-title=\"2014-07-29 10.06.20\" data-image-description=\"\" data-image-caption=\"&lt;p&gt;Bottes et V\u00e9lo &amp;#8211; P\u00e8lerinage La Voie du St-Laurent &amp;#8211; Juillet 2014&lt;\/p&gt;\n\" data-large-file=\"https:\/\/i0.wp.com\/bottesetvelo.com\/blog\/wp-content\/uploads\/2014\/12\/2014-07-29-10.06.20.jpg?fit=1024%2C768&amp;ssl=1\" class=\"alignright wp-image-1115\" src=\"https:\/\/i0.wp.com\/bottesetvelo.com\/blog\/wp-content\/uploads\/2014\/12\/2014-07-29-10.06.20.jpg?resize=300%2C225&#038;ssl=1\" alt=\"Bottes et V\u00e9lo - P\u00e8lerinage La Voie du St-Laurent - Juillet 2014\" width=\"300\" height=\"225\" srcset=\"https:\/\/i0.wp.com\/bottesetvelo.com\/blog\/wp-content\/uploads\/2014\/12\/2014-07-29-10.06.20.jpg?resize=500%2C375&amp;ssl=1 500w, https:\/\/i0.wp.com\/bottesetvelo.com\/blog\/wp-content\/uploads\/2014\/12\/2014-07-29-10.06.20.jpg?resize=1024%2C768&amp;ssl=1 1024w, https:\/\/i0.wp.com\/bottesetvelo.com\/blog\/wp-content\/uploads\/2014\/12\/2014-07-29-10.06.20.jpg?resize=624%2C467&amp;ssl=1 624w, https:\/\/i0.wp.com\/bottesetvelo.com\/blog\/wp-content\/uploads\/2014\/12\/2014-07-29-10.06.20.jpg?w=2340&amp;ssl=1 2340w\" sizes=\"auto, (max-width: 300px) 100vw, 300px\" \/><\/a><\/p>\n<p style=\"text-align: justify;\">Au cours de ce p\u00e9riple, nous vous offrons aussi l\u2019occasion de vivre ce p\u00e8lerinage \u00ab live \u00bb en venant marcher quelques jours avec nous, ou en participant \u00e0 l\u2019une des soir\u00e9es-causeries qui se tiendront sur notre parcours. Lors de ces soir\u00e9es, nous vous partagerons notre exp\u00e9rience du p\u00e8lerinage de longue randonn\u00e9e (au Qu\u00e9bec et \u00e0 Compostelle), et nous \u00e9changerons avec vous sur le potentiel d\u2019une telle pratique. Pour ceux et celles qui ne pourront se joindre \u00e0 nous, vous aurez la possibilit\u00e9 de suivre nos aventures sur le web \u00e0 travers le blogue de Bottes et V\u00e9lo, sa page facebook, ou encore sur sa cha\u00eene youtube. Vous avez le choix, aucune raison de manquer cet \u00e9v\u00e9nement! \ud83d\ude42<\/p>\n<p style=\"text-align: justify;\"><span style=\"text-decoration: underline; color: #003366;\"><em><strong>C\u2019est donc un rendez-vous avec Bottes et V\u00e9lo, du 24 juin au 19 juillet, sur la Voie du St-Laurent, le chemin qui marche!<\/strong><\/em><\/span><\/p>\n<p style=\"text-align: justify;\"><span style=\"text-decoration: underline;\"><strong>Rendez-vous radiophoniques :<a href=\"https:\/\/i0.wp.com\/bottesetvelo.com\/blog\/wp-content\/uploads\/2015\/02\/2014-07-28-12.17.43.jpg?ssl=1\"><img data-recalc-dims=\"1\" loading=\"lazy\" decoding=\"async\" data-attachment-id=\"1382\" data-permalink=\"https:\/\/bottesetvelo.com\/blog\/2015\/02\/27\/quest-ce-que-la-demarche-du-pelerin\/2014-07-28-12-17-43\/\" data-orig-file=\"https:\/\/i0.wp.com\/bottesetvelo.com\/blog\/wp-content\/uploads\/2015\/02\/2014-07-28-12.17.43.jpg?fit=2544%2C1868&amp;ssl=1\" data-orig-size=\"2544,1868\" data-comments-opened=\"1\" data-image-meta=\"{&quot;aperture&quot;:&quot;2.8&quot;,&quot;credit&quot;:&quot;&quot;,&quot;camera&quot;:&quot;iPhone 4&quot;,&quot;caption&quot;:&quot;&quot;,&quot;created_timestamp&quot;:&quot;1406549863&quot;,&quot;copyright&quot;:&quot;&quot;,&quot;focal_length&quot;:&quot;3.85&quot;,&quot;iso&quot;:&quot;80&quot;,&quot;shutter_speed&quot;:&quot;0.000629722921914&quot;,&quot;title&quot;:&quot;&quot;,&quot;orientation&quot;:&quot;1&quot;}\" data-image-title=\"La Voie du St-Laurent &amp;#8211; 2014\" data-image-description=\"\" data-image-caption=\"\" data-large-file=\"https:\/\/i0.wp.com\/bottesetvelo.com\/blog\/wp-content\/uploads\/2015\/02\/2014-07-28-12.17.43.jpg?fit=1024%2C752&amp;ssl=1\" class=\"  wp-image-1382 alignright\" src=\"https:\/\/i0.wp.com\/bottesetvelo.com\/blog\/wp-content\/uploads\/2015\/02\/2014-07-28-12.17.43.jpg?resize=300%2C220&#038;ssl=1\" alt=\"La Voie du St-Laurent - 2014\" width=\"300\" height=\"220\" srcset=\"https:\/\/i0.wp.com\/bottesetvelo.com\/blog\/wp-content\/uploads\/2015\/02\/2014-07-28-12.17.43.jpg?resize=500%2C367&amp;ssl=1 500w, https:\/\/i0.wp.com\/bottesetvelo.com\/blog\/wp-content\/uploads\/2015\/02\/2014-07-28-12.17.43.jpg?resize=1024%2C752&amp;ssl=1 1024w, https:\/\/i0.wp.com\/bottesetvelo.com\/blog\/wp-content\/uploads\/2015\/02\/2014-07-28-12.17.43.jpg?resize=624%2C458&amp;ssl=1 624w, https:\/\/i0.wp.com\/bottesetvelo.com\/blog\/wp-content\/uploads\/2015\/02\/2014-07-28-12.17.43.jpg?w=2340&amp;ssl=1 2340w\" sizes=\"auto, (max-width: 300px) 100vw, 300px\" \/><\/a><\/strong><\/span><\/p>\n<ul>\n<li style=\"text-align: justify;\">PASSION FM (Bellechasse): mardi, 23 juin, 7h35. Avec \u00c9milie Anne Larochelle<\/li>\n<li style=\"text-align: justify;\">Radio-Galil\u00e9e (Qu\u00e9bec) : mardi, 23 juin, entre 8h et 9h. (Premier de 5). Avec Dany Bentz.<\/li>\n<li style=\"text-align: justify;\">Radio-Canada (Matane) : jeudi, 25 juin, 8h50. Avec Yves Larouche.<\/li>\n<li style=\"text-align: justify;\">Radio-Canada (Rimouski) : jeudi, 25 juin, entre 8h et 9h. Un reportage d&rsquo;Isabelle Damphousse.<\/li>\n<li style=\"text-align: justify;\">CIEL FM (Rivi\u00e8re-du-Loup): 28 ou 29 juin. Avec Mireille Soucy.<\/li>\n<li style=\"text-align: justify;\">Radio-Galil\u00e9e (Qu\u00e9bec) : mardi, 30 juin, entre 8h et 9h. (2 de 5). Avec Dany Bentz.<\/li>\n<li style=\"text-align: justify;\">Radio-Galil\u00e9e (Qu\u00e9bec) : jeudi, 9 juillet, entre 8h et 9h. (3 de 5). Avec Dany Bentz.<\/li>\n<li style=\"text-align: justify;\">Radio-Galil\u00e9e (Qu\u00e9bec) : mercredi, 15 juillet, entre 8h et 9h. (4 de 5). Avec Dany Bentz.<\/li>\n<li style=\"text-align: justify;\">Radio-Galil\u00e9e (Qu\u00e9bec) : lundi, 20 juillet, entre 8h et 9h. (5 de 5). Avec Dany Bentz.<\/li>\n<li style=\"text-align: justify;\">Radio-Gasp\u00e9sie (Gasp\u00e9) : Avec Ariane Aubert-Bonn.<\/li>\n<\/ul>\n<p style=\"text-align: justify;\"><span style=\"text-decoration: underline;\"><strong>Soir\u00e9es-causeries :<\/strong><\/span><\/p>\n<ul>\n<li style=\"text-align: justify;\">Vendredi, 3 juillet, 19h30 : Auberge de jeunesse Manoir des Sapins (Ste-F\u00e9licit\u00e9)<\/li>\n<li style=\"text-align: justify;\">Mardi, 7 juillet, 19h30 : Turquoiz Caf\u00e9 (La Martre)<\/li>\n<li style=\"text-align: justify;\">Jeudi, 9 juillet, 5 \u00e0 7 : Salle de spectacle La Pointe Sec (Mont-Louis)<\/li>\n<li style=\"text-align: justify;\">Lundi, 13 juillet, 19h30 : L\u2019Anse-\u00e0-Valleau (Lieu \u00e0 d\u00e9terminer)<\/li>\n<li style=\"text-align: justify;\">Mardi, 14 juillet, 19h30 : Auberge de jeunesse Griffon (L\u2019Anse-au-Griffon)<\/li>\n<li style=\"text-align: justify;\">Mercredi, 15 juillet, 19h30 : Centre communautaire La petite \u00e9cole (Cap-aux-Os)<\/li>\n<li style=\"text-align: justify;\">Jeudi, 16 juillet, 19h30 : Centre communautaire (Gasp\u00e9)<a href=\"https:\/\/i0.wp.com\/bottesetvelo.com\/blog\/wp-content\/uploads\/2015\/02\/2014-08-03-15.45.48.jpg?ssl=1\"><img data-recalc-dims=\"1\" loading=\"lazy\" decoding=\"async\" data-attachment-id=\"1350\" data-permalink=\"https:\/\/bottesetvelo.com\/blog\/2015\/02\/13\/le-pelerinage-un-processus-dancrage-vivant\/2014-08-03-15-45-48\/\" data-orig-file=\"https:\/\/i0.wp.com\/bottesetvelo.com\/blog\/wp-content\/uploads\/2015\/02\/2014-08-03-15.45.48.jpg?fit=2588%2C1932&amp;ssl=1\" data-orig-size=\"2588,1932\" data-comments-opened=\"1\" data-image-meta=\"{&quot;aperture&quot;:&quot;2.8&quot;,&quot;credit&quot;:&quot;&quot;,&quot;camera&quot;:&quot;iPhone 4&quot;,&quot;caption&quot;:&quot;&quot;,&quot;created_timestamp&quot;:&quot;1407080748&quot;,&quot;copyright&quot;:&quot;&quot;,&quot;focal_length&quot;:&quot;3.85&quot;,&quot;iso&quot;:&quot;80&quot;,&quot;shutter_speed&quot;:&quot;0.000497265042268&quot;,&quot;title&quot;:&quot;&quot;,&quot;orientation&quot;:&quot;1&quot;}\" data-image-title=\"2014-08-03 15.45.48\" data-image-description=\"\" data-image-caption=\"\" data-large-file=\"https:\/\/i0.wp.com\/bottesetvelo.com\/blog\/wp-content\/uploads\/2015\/02\/2014-08-03-15.45.48.jpg?fit=1024%2C764&amp;ssl=1\" class=\"  alignright wp-image-1350\" src=\"https:\/\/i0.wp.com\/bottesetvelo.com\/blog\/wp-content\/uploads\/2015\/02\/2014-08-03-15.45.48.jpg?resize=300%2C224&#038;ssl=1\" alt=\"La Voie du St-Laurent - Cap-St-Yvon\" width=\"300\" height=\"224\" srcset=\"https:\/\/i0.wp.com\/bottesetvelo.com\/blog\/wp-content\/uploads\/2015\/02\/2014-08-03-15.45.48.jpg?resize=500%2C373&amp;ssl=1 500w, https:\/\/i0.wp.com\/bottesetvelo.com\/blog\/wp-content\/uploads\/2015\/02\/2014-08-03-15.45.48.jpg?resize=1024%2C764&amp;ssl=1 1024w, https:\/\/i0.wp.com\/bottesetvelo.com\/blog\/wp-content\/uploads\/2015\/02\/2014-08-03-15.45.48.jpg?resize=624%2C466&amp;ssl=1 624w, https:\/\/i0.wp.com\/bottesetvelo.com\/blog\/wp-content\/uploads\/2015\/02\/2014-08-03-15.45.48.jpg?w=2340&amp;ssl=1 2340w\" sizes=\"auto, (max-width: 300px) 100vw, 300px\" \/><\/a><\/li>\n<li style=\"text-align: justify;\">Dimanche, 19 juillet, 19h30 : Espace Suzanne Guit\u00e9 (Perc\u00e9)<\/li>\n<\/ul>\n<h5 style=\"text-align: justify;\"><span style=\"text-decoration: underline;\"><strong>Calendrier du parcours :<\/strong><\/span><\/h5>\n<p style=\"text-align: justify;\"><strong>PARCOURS BOTTES<\/strong><\/p>\n<ul>\n<li style=\"text-align: justify;\">24 juin &#8211; \u00c9tape 01 : Qu\u00e9bec \/ St-Michel-de-Bellechasse \u2013 26 km<\/li>\n<\/ul>\n<p style=\"text-align: justify;\"><strong>PARCOURS V\u00c9LO<\/strong><\/p>\n<ul>\n<li style=\"text-align: justify;\">25 juin &#8211; \u00c9tape 02 : St-Michel-de-Bellechasse \/ St-Jean-Port-Joli \u2013 67 km<\/li>\n<li style=\"text-align: justify;\">26 juin &#8211; \u00c9tape 03 : St-Jean-Port-Joli \/ Rivi\u00e8re-du-Loup \u2013 94 km<\/li>\n<li style=\"text-align: justify;\">27 juin &#8211; \u00c9tape 04 : Rivi\u00e8re-du-Loup \/ Trois-Pistoles \u2013 47 km<\/li>\n<li style=\"text-align: justify;\">28 juin &#8211; \u00c9tape 05 : Trois-Pistoles \/ Rimouski (Pointe-au-P\u00e8re) \u2013 72 km<\/li>\n<\/ul>\n<p style=\"text-align: justify;\"><strong>PARCOURS BOTTES<\/strong><\/p>\n<ul>\n<li style=\"text-align: justify;\">29 juin &#8211; \u00c9tape 06 : Rimouski (Pointe-au-P\u00e8re) \/ Ste-Flavie \u2013 20 km<\/li>\n<li style=\"text-align: justify;\">30 juin &#8211; \u00c9tape 07 : Ste-Flavie \/ M\u00e9tis-sur-Mer \u2013 19 km<\/li>\n<li style=\"text-align: justify;\">1er juillet &#8211; \u00c9tape 08 : M\u00e9tis-sur-Mer \/ Baie-des-Sables \u2013 18 km<\/li>\n<li style=\"text-align: justify;\">2 juillet &#8211; \u00c9tape 09 : Baie-des-Sables \/ Matane \u2013 27 km<\/li>\n<li style=\"text-align: justify;\">3 juillet &#8211; \u00c9tape 10 : Matane \/ Ste-F\u00e9licit\u00e9 \u2013 17 km <strong><span style=\"color: #003366;\">(Manoir des Sapins)<\/span><\/strong><\/li>\n<li style=\"text-align: justify;\">4 juillet &#8211; \u00c9tape 11 : Ste-F\u00e9licit\u00e9 \/ Les M\u00e9chins \u2013 29 km<\/li>\n<li style=\"text-align: justify;\">5 juillet &#8211; \u00c9tape 12 : Les M\u00e9chins \/ Cap-Chat \u2013 25 km<a href=\"https:\/\/i0.wp.com\/bottesetvelo.com\/blog\/wp-content\/uploads\/2015\/01\/2014-07-26-14.53.51.jpg?ssl=1\"><img data-recalc-dims=\"1\" loading=\"lazy\" decoding=\"async\" data-attachment-id=\"1296\" data-permalink=\"https:\/\/bottesetvelo.com\/blog\/2015\/01\/31\/pourquoi-le-pelerinage\/2014-07-26-14-53-51\/\" data-orig-file=\"https:\/\/i0.wp.com\/bottesetvelo.com\/blog\/wp-content\/uploads\/2015\/01\/2014-07-26-14.53.51.jpg?fit=2178%2C1632&amp;ssl=1\" data-orig-size=\"2178,1632\" data-comments-opened=\"1\" data-image-meta=\"{&quot;aperture&quot;:&quot;2.6&quot;,&quot;credit&quot;:&quot;&quot;,&quot;camera&quot;:&quot;SGH-I747M&quot;,&quot;caption&quot;:&quot;&quot;,&quot;created_timestamp&quot;:&quot;1406386431&quot;,&quot;copyright&quot;:&quot;&quot;,&quot;focal_length&quot;:&quot;3.7&quot;,&quot;iso&quot;:&quot;50&quot;,&quot;shutter_speed&quot;:&quot;0.000746268656716&quot;,&quot;title&quot;:&quot;&quot;,&quot;orientation&quot;:&quot;1&quot;}\" data-image-title=\"La Voie du Saint-Laurent &amp;#8211; 2014\" data-image-description=\"\" data-image-caption=\"\" data-large-file=\"https:\/\/i0.wp.com\/bottesetvelo.com\/blog\/wp-content\/uploads\/2015\/01\/2014-07-26-14.53.51.jpg?fit=1024%2C767&amp;ssl=1\" class=\"  alignright wp-image-1296\" src=\"https:\/\/i0.wp.com\/bottesetvelo.com\/blog\/wp-content\/uploads\/2015\/01\/2014-07-26-14.53.51.jpg?resize=300%2C225&#038;ssl=1\" alt=\"La Voie du Saint-Laurent - 2014\" width=\"300\" height=\"225\" srcset=\"https:\/\/i0.wp.com\/bottesetvelo.com\/blog\/wp-content\/uploads\/2015\/01\/2014-07-26-14.53.51.jpg?resize=500%2C375&amp;ssl=1 500w, https:\/\/i0.wp.com\/bottesetvelo.com\/blog\/wp-content\/uploads\/2015\/01\/2014-07-26-14.53.51.jpg?resize=1024%2C767&amp;ssl=1 1024w, https:\/\/i0.wp.com\/bottesetvelo.com\/blog\/wp-content\/uploads\/2015\/01\/2014-07-26-14.53.51.jpg?resize=624%2C468&amp;ssl=1 624w\" sizes=\"auto, (max-width: 300px) 100vw, 300px\" \/><\/a><\/li>\n<li style=\"text-align: justify;\">6 juillet &#8211; \u00c9tape 13 : Cap-Chat \/ Ste-Anne-des-Monts \u2013 16 km<\/li>\n<li style=\"text-align: justify;\">7 juillet &#8211; \u00c9tape 14 : Ste-Anne-des-Monts \/ La Martre \u2013 26 km <strong><span style=\"color: #003366;\">(Turquoiz Caf\u00e9)<\/span><\/strong><\/li>\n<li style=\"text-align: justify;\">8 juillet &#8211; \u00c9tape 15 : La Martre \/ Mont-St-Pierre \u2013 28 km<\/li>\n<li style=\"text-align: justify;\">9 juillet &#8211; \u00c9tape 16 : Mont-St-Pierre \/ Mont-Louis \u2013 10 km <span style=\"color: #003366;\"><strong>(Caf\u00e9 L\u2019Amarr\u00e9)<\/strong><\/span><\/li>\n<li style=\"text-align: justify;\">10 juillet &#8211; \u00c9tape 17 : Mont-Louis \/ Ste-Madeleine \u2013 28 km<\/li>\n<li style=\"text-align: justify;\">11 juillet &#8211; \u00c9tape 18 : Ste-Madeleine \/ Grande-Vall\u00e9e \u2013 23 km<\/li>\n<li style=\"text-align: justify;\">12 juillet &#8211; \u00c9tape 19 : Grande-Vall\u00e9e \/ Cap St-Yvon \u2013 28 km<\/li>\n<li style=\"text-align: justify;\">13 juillet &#8211; \u00c9tape 20 : Cap St-Yvon \/ L\u2019Anse-\u00e0-Valleau \u2013 22 km <strong><span style=\"color: #003366;\">(lieu \u00e0 d\u00e9terminer)<\/span><\/strong><\/li>\n<li style=\"text-align: justify;\">14 juillet &#8211; \u00c9tape 21 : L\u2019Anse-\u00e0-Valleau \/ Anse-au-Griffon \u2013 28 km <strong><span style=\"color: #003366;\">(Auberge de jeunesse Griffon)<\/span><\/strong><\/li>\n<li style=\"text-align: justify;\">15 juillet &#8211; \u00c9tape 22 : Anse-au-Griffon \/ Cap-aux-Os \u2013 26 km <strong><span style=\"color: #003366;\">(Centre com. La petite \u00e9cole)<\/span><\/strong><\/li>\n<li style=\"text-align: justify;\">16 juillet &#8211; \u00c9tape 23 : Cap-aux-Os \/ Gasp\u00e9 \u2013 27 km <span style=\"color: #003366;\"><strong>(lieu \u00e0 d\u00e9terminer)<\/strong><\/span><\/li>\n<li style=\"text-align: justify;\">17 juillet &#8211; \u00c9tape 24 : Gasp\u00e9 \/ Douglastown \u2013 15 km<\/li>\n<li style=\"text-align: justify;\">18 juillet &#8211; \u00c9tape 25 : Douglastown \/ St-Georges \u2013 22 km<\/li>\n<li style=\"text-align: justify;\">19 juillet &#8211; \u00c9tape 26 : St-George \/ Perc\u00e9 \u2013 26 km <strong><span style=\"color: #003366;\">(La Place du P\u00eacheur)<\/span><\/strong><\/li>\n<\/ul>\n<p style=\"text-align: justify;\"><span style=\"color: #800000;\">On a bien h\u00e2te de vous retrouver! \ud83d\ude42<\/span><br \/>\n<span style=\"color: #333333;\">\u00c9ric Lalibert\u00e9 et Brigitte Harouni<\/span><\/p>\n<h5 style=\"text-align: justify;\"><\/h5>\n","protected":false},"excerpt":{"rendered":"<p>Cet \u00e9t\u00e9 \u2013 sur facebook, le blogue et youtube \u2013 suivez les aventures de Bottes et V\u00e9lo en p\u00e8lerinage sur la Voie du St-Laurent, le chemin qui marche! Avec nous, d\u00e9couvrez cette portion majestueuse du fleuve qui s\u2019\u00e9tend de Qu\u00e9bec \u00e0 Perc\u00e9.Venez rencontrer les habitants de tous ces villages color\u00e9s qui vivent au rythme des&hellip;<\/p>\n","protected":false},"author":1,"featured_media":0,"comment_status":"open","ping_status":"open","sticky":false,"template":"","format":"standard","meta":{"jetpack_post_was_ever_published":false,"_jetpack_newsletter_access":"","_jetpack_dont_email_post_to_subs":false,"_jetpack_newsletter_tier_id":0,"_jetpack_memberships_contains_paywalled_content":false,"_jetpack_memberships_contains_paid_content":false,"footnotes":"","jetpack_publicize_message":"","jetpack_publicize_feature_enabled":true,"jetpack_social_post_already_shared":true,"jetpack_social_options":{"image_generator_settings":{"template":"highway","default_image_id":0,"font":"","enabled":false},"version":2}},"categories":[9,74,171],"tags":[237,13,243,16,242],"class_list":["post-1882","post","type-post","status-publish","format-standard","hentry","category-chemins-de-pelerinage","category-la-voie-du-st-laurent","category-pelerinage","tag-la-voie-du-st-laurent","tag-pelerinage","tag-perce","tag-quebec","tag-soiree-causerie"],"jetpack_publicize_connections":[],"jetpack_featured_media_url":"","jetpack_shortlink":"https:\/\/wp.me\/p4eY6z-um","jetpack_sharing_enabled":true,"jetpack_likes_enabled":true,"jetpack-related-posts":[],"_links":{"self":[{"href":"https:\/\/bottesetvelo.com\/blog\/wp-json\/wp\/v2\/posts\/1882","targetHints":{"allow":["GET"]}}],"collection":[{"href":"https:\/\/bottesetvelo.com\/blog\/wp-json\/wp\/v2\/posts"}],"about":[{"href":"https:\/\/bottesetvelo.com\/blog\/wp-json\/wp\/v2\/types\/post"}],"author":[{"embeddable":true,"href":"https:\/\/bottesetvelo.com\/blog\/wp-json\/wp\/v2\/users\/1"}],"replies":[{"embeddable":true,"href":"https:\/\/bottesetvelo.com\/blog\/wp-json\/wp\/v2\/comments?post=1882"}],"version-history":[{"count":10,"href":"https:\/\/bottesetvelo.com\/blog\/wp-json\/wp\/v2\/posts\/1882\/revisions"}],"predecessor-version":[{"id":1894,"href":"https:\/\/bottesetvelo.com\/blog\/wp-json\/wp\/v2\/posts\/1882\/revisions\/1894"}],"wp:attachment":[{"href":"https:\/\/bottesetvelo.com\/blog\/wp-json\/wp\/v2\/media?parent=1882"}],"wp:term":[{"taxonomy":"category","embeddable":true,"href":"https:\/\/bottesetvelo.com\/blog\/wp-json\/wp\/v2\/categories?post=1882"},{"taxonomy":"post_tag","embeddable":true,"href":"https:\/\/bottesetvelo.com\/blog\/wp-json\/wp\/v2\/tags?post=1882"}],"curies":[{"name":"wp","href":"https:\/\/api.w.org\/{rel}","templated":true}]}}