{"id":1872,"date":"2015-06-19T20:05:51","date_gmt":"2015-06-20T00:05:51","guid":{"rendered":"http:\/\/bottesetvelo.com\/blog\/?p=1872"},"modified":"2015-08-21T21:57:14","modified_gmt":"2015-08-22T01:57:14","slug":"le-pelerin-cet-epicurien","status":"publish","type":"post","link":"https:\/\/bottesetvelo.com\/blog\/2015\/06\/19\/le-pelerin-cet-epicurien\/","title":{"rendered":"Le p\u00e8lerin, cet \u00e9picurien!"},"content":{"rendered":"<h6 style=\"text-align: right;\"><em>Un bol de riz \u00e0 manger, de l\u2019eau \u00e0 boire et mon bras repli\u00e9 en guise d\u2019oreiller, et me voil\u00e0 heureux.<\/em><br \/>\n<em>Confucius<\/em><\/h6>\n<p style=\"text-align: justify;\"><a href=\"https:\/\/i0.wp.com\/bottesetvelo.com\/blog\/wp-content\/uploads\/2015\/06\/IMG_1244.jpg?ssl=1\"><img data-recalc-dims=\"1\" loading=\"lazy\" decoding=\"async\" data-attachment-id=\"1873\" data-permalink=\"https:\/\/bottesetvelo.com\/blog\/2015\/06\/19\/le-pelerin-cet-epicurien\/img_1244-3\/\" data-orig-file=\"https:\/\/i0.wp.com\/bottesetvelo.com\/blog\/wp-content\/uploads\/2015\/06\/IMG_1244.jpg?fit=1936%2C2592&amp;ssl=1\" data-orig-size=\"1936,2592\" data-comments-opened=\"1\" data-image-meta=\"{&quot;aperture&quot;:&quot;0&quot;,&quot;credit&quot;:&quot;&quot;,&quot;camera&quot;:&quot;&quot;,&quot;caption&quot;:&quot;&quot;,&quot;created_timestamp&quot;:&quot;0&quot;,&quot;copyright&quot;:&quot;&quot;,&quot;focal_length&quot;:&quot;0&quot;,&quot;iso&quot;:&quot;0&quot;,&quot;shutter_speed&quot;:&quot;0&quot;,&quot;title&quot;:&quot;&quot;,&quot;orientation&quot;:&quot;1&quot;}\" data-image-title=\"Compostelle &amp;#8211; Camino Frances\" data-image-description=\"\" data-image-caption=\"\" data-large-file=\"https:\/\/i0.wp.com\/bottesetvelo.com\/blog\/wp-content\/uploads\/2015\/06\/IMG_1244.jpg?fit=765%2C1024&amp;ssl=1\" class=\" wp-image-1873 alignleft\" src=\"https:\/\/i0.wp.com\/bottesetvelo.com\/blog\/wp-content\/uploads\/2015\/06\/IMG_1244.jpg?resize=224%2C300&#038;ssl=1\" alt=\"Compostelle - Camino Frances\" width=\"224\" height=\"300\" srcset=\"https:\/\/i0.wp.com\/bottesetvelo.com\/blog\/wp-content\/uploads\/2015\/06\/IMG_1244.jpg?resize=373%2C500&amp;ssl=1 373w, https:\/\/i0.wp.com\/bottesetvelo.com\/blog\/wp-content\/uploads\/2015\/06\/IMG_1244.jpg?resize=765%2C1024&amp;ssl=1 765w, https:\/\/i0.wp.com\/bottesetvelo.com\/blog\/wp-content\/uploads\/2015\/06\/IMG_1244.jpg?w=1936&amp;ssl=1 1936w\" sizes=\"auto, (max-width: 224px) 100vw, 224px\" \/><\/a>Le p\u00e8lerin n\u2019est pas un pauvre h\u00e8re qui marche et vagabonde faute de logis. Ce n\u2019est pas non plus un pieux personnage qui s\u2019inflige une souffrance pour vivre le pardon et l\u2019humilit\u00e9. Le p\u00e8lerin d\u2019aujourd\u2019hui est un \u00eatre de choix. C\u2019est en pleine conscience d\u2019un d\u00e9sir de vivre autrement qu\u2019il choisit de ralentir le rythme de sa vie, qu\u2019il choisit d\u2019\u00e9laguer tout cet avoir qui l\u2019entoure et l\u2019encombre, qu\u2019il choisit de se rendre vuln\u00e9rable aux \u00e9v\u00e9nements. Le p\u00e8lerin se choisit!<\/p>\n<p style=\"text-align: justify;\">Combien d\u2019entre nous, par une belle journ\u00e9e ensoleill\u00e9e, d\u00e9cident de savourer un bon roman dans une chaise longue, &#8230; et se sentent coupable? Et m\u00eame lors d\u2019une journ\u00e9e pluvieuse, le m\u00e9nage semble si urgent que la petite \u00e9mission de t\u00e9l\u00e9vision que nous nous promettons bien de regarder attendra que tout soit coch\u00e9 sur notre liste! Nous d\u00e9pensons une petite fortune en caprices pour nos enfants et nous h\u00e9sitons et culpabilisons \u00e0 l\u2019id\u00e9e de d\u00e9penser pour les n\u00f4tres. Nous partons en vacances fatigu\u00e9s par un travail que l\u2019on effectue souvent pour le bien des autres. Notre besoin de vivre un moment de bonheur est tellement grand qu\u2019on croit que tout l\u2019argent du monde ne suffirait pas \u00e0 le combler&#8230; <a href=\"https:\/\/i0.wp.com\/bottesetvelo.com\/blog\/wp-content\/uploads\/2015\/06\/IMG_0928.jpg?ssl=1\"><img data-recalc-dims=\"1\" loading=\"lazy\" decoding=\"async\" data-attachment-id=\"1874\" data-permalink=\"https:\/\/bottesetvelo.com\/blog\/2015\/06\/19\/le-pelerin-cet-epicurien\/img_0928-3\/\" data-orig-file=\"https:\/\/i0.wp.com\/bottesetvelo.com\/blog\/wp-content\/uploads\/2015\/06\/IMG_0928.jpg?fit=1936%2C2592&amp;ssl=1\" data-orig-size=\"1936,2592\" data-comments-opened=\"1\" data-image-meta=\"{&quot;aperture&quot;:&quot;2.8&quot;,&quot;credit&quot;:&quot;&quot;,&quot;camera&quot;:&quot;iPhone 4&quot;,&quot;caption&quot;:&quot;&quot;,&quot;created_timestamp&quot;:&quot;1373096560&quot;,&quot;copyright&quot;:&quot;&quot;,&quot;focal_length&quot;:&quot;3.85&quot;,&quot;iso&quot;:&quot;80&quot;,&quot;shutter_speed&quot;:&quot;0.0416666666667&quot;,&quot;title&quot;:&quot;&quot;,&quot;orientation&quot;:&quot;1&quot;}\" data-image-title=\"Compostelle &amp;#8211; Camino Frances\" data-image-description=\"\" data-image-caption=\"\" data-large-file=\"https:\/\/i0.wp.com\/bottesetvelo.com\/blog\/wp-content\/uploads\/2015\/06\/IMG_0928.jpg?fit=765%2C1024&amp;ssl=1\" class=\" wp-image-1874 alignright\" src=\"https:\/\/i0.wp.com\/bottesetvelo.com\/blog\/wp-content\/uploads\/2015\/06\/IMG_0928.jpg?resize=224%2C300&#038;ssl=1\" alt=\"Compostelle - Camino Frances\" width=\"224\" height=\"300\" srcset=\"https:\/\/i0.wp.com\/bottesetvelo.com\/blog\/wp-content\/uploads\/2015\/06\/IMG_0928.jpg?resize=373%2C500&amp;ssl=1 373w, https:\/\/i0.wp.com\/bottesetvelo.com\/blog\/wp-content\/uploads\/2015\/06\/IMG_0928.jpg?resize=765%2C1024&amp;ssl=1 765w, https:\/\/i0.wp.com\/bottesetvelo.com\/blog\/wp-content\/uploads\/2015\/06\/IMG_0928.jpg?w=1936&amp;ssl=1 1936w\" sizes=\"auto, (max-width: 224px) 100vw, 224px\" \/><\/a><\/p>\n<p style=\"text-align: justify;\">Celui qui p\u00e8lerine saura se laisser \u00e9merveiller. Il ne traverse pas des paysages et des villages. Il les vit. Tous ses sens sont ouverts et filtrent en une osmose parfaite l\u2019ext\u00e9rieur. La vue savoure les couleurs, la lumi\u00e8re, les sourires, la beaut\u00e9 de la nouveaut\u00e9. L\u2019odorat se fait chatouiller par l\u2019odeur d\u2019une boulangerie, celle des lilas et des rosiers, celle de la chaleur et de l\u2019humidit\u00e9 dans les champs, mais aussi par celle moins charmante des fermes ou des marais. Notre peau se laisse caresser par le vent, surchauffer par le soleil, rafraichir par l\u2019eau fraiche de la pluie ou l\u2019air frais du petit matin. L\u2019ou\u00efe, toujours pr\u00e9sente, devient plus attentive. Elle s\u2019accroche au chant des oiseaux, au bruit des vagues ou de la cascade qui longe le sentier, aux rires et aux cris des enfants qui jouent, au bruit de ses pas sur la route. Elle entend aussi le vrombissement de tous ces moteurs qui r\u00e9sonnent au loin et se d\u00e9tend dans des moments de pur silence. Le go\u00fbt aime savourer chaque bouch\u00e9e, de la toute petite framboise cueillie sur le bord du chemin au rago\u00fbtant repas chaud tendrement appr\u00eat\u00e9; de l\u2019eau claire de la fontaine au moelleux vin rouge de fin de soir\u00e9e.<\/p>\n<p style=\"text-align: justify;\"><a href=\"https:\/\/i0.wp.com\/bottesetvelo.com\/blog\/wp-content\/uploads\/2015\/06\/IMG_1142.jpg?ssl=1\"><img data-recalc-dims=\"1\" loading=\"lazy\" decoding=\"async\" data-attachment-id=\"1875\" data-permalink=\"https:\/\/bottesetvelo.com\/blog\/2015\/06\/19\/le-pelerin-cet-epicurien\/img_1142-5\/\" data-orig-file=\"https:\/\/i0.wp.com\/bottesetvelo.com\/blog\/wp-content\/uploads\/2015\/06\/IMG_1142.jpg?fit=2518%2C1832&amp;ssl=1\" data-orig-size=\"2518,1832\" data-comments-opened=\"1\" data-image-meta=\"{&quot;aperture&quot;:&quot;2.8&quot;,&quot;credit&quot;:&quot;&quot;,&quot;camera&quot;:&quot;iPhone 4&quot;,&quot;caption&quot;:&quot;&quot;,&quot;created_timestamp&quot;:&quot;1373808687&quot;,&quot;copyright&quot;:&quot;&quot;,&quot;focal_length&quot;:&quot;3.85&quot;,&quot;iso&quot;:&quot;80&quot;,&quot;shutter_speed&quot;:&quot;0.0166666666667&quot;,&quot;title&quot;:&quot;&quot;,&quot;orientation&quot;:&quot;1&quot;}\" data-image-title=\"Compostelle &amp;#8211; Camino Frances\" data-image-description=\"\" data-image-caption=\"\" data-large-file=\"https:\/\/i0.wp.com\/bottesetvelo.com\/blog\/wp-content\/uploads\/2015\/06\/IMG_1142.jpg?fit=1024%2C745&amp;ssl=1\" class=\" wp-image-1875 alignleft\" src=\"https:\/\/i0.wp.com\/bottesetvelo.com\/blog\/wp-content\/uploads\/2015\/06\/IMG_1142.jpg?resize=300%2C218&#038;ssl=1\" alt=\"Compostelle - Camino Frances\" width=\"300\" height=\"218\" srcset=\"https:\/\/i0.wp.com\/bottesetvelo.com\/blog\/wp-content\/uploads\/2015\/06\/IMG_1142.jpg?resize=500%2C364&amp;ssl=1 500w, https:\/\/i0.wp.com\/bottesetvelo.com\/blog\/wp-content\/uploads\/2015\/06\/IMG_1142.jpg?resize=1024%2C745&amp;ssl=1 1024w, https:\/\/i0.wp.com\/bottesetvelo.com\/blog\/wp-content\/uploads\/2015\/06\/IMG_1142.jpg?w=2340&amp;ssl=1 2340w\" sizes=\"auto, (max-width: 300px) 100vw, 300px\" \/><\/a>Le p\u00e8lerin mange par n\u00e9cessit\u00e9, mais aussi par plaisir, pour d\u00e9guster et se d\u00e9lecter peu importe l\u2019heure de la journ\u00e9e. Il marche par plaisir, pour voyager; s\u2019arr\u00eate par besoin ou pour jouir pleinement du moment qu\u2019il ne veut pas voir passer trop vite et dont il veut s\u2019impr\u00e9gner. Jamais dans l\u2019exc\u00e8s, tout sera proportionnel \u00e0 son besoin. Il accepte de vivre la douleur, la fatigue, le d\u00e9couragement, sachant que cela lui permettra aussi de conna\u00eetre l\u2019apaisement, la d\u00e9tente et la fiert\u00e9 dans l\u2019accomplissement de sa journ\u00e9e. Disponible et ressentant intens\u00e9ment chaque moment, chaque \u00e9motion, le p\u00e8lerin vit! Chaque parcelle de son \u00eatre est en relation avec ce qui l\u2019entoure et imprime en lui ces fragments de petits bonheurs tout simples qui composent la mosa\u00efque de son bien-\u00eatre int\u00e9rieur.<\/p>\n<p style=\"text-align: justify;\">Ce p\u00e8lerin, cet \u00e9picurien de la Vie, n\u2019a m\u00eame pas besoin de quitter son logis pour vivre ainsi. Ce qui fait le p\u00e8lerin n\u2019est pas son sac \u00e0 dos, ses b\u00e2tons ou ses bottes. Ce qui fait le p\u00e8lerin est en lui. <a href=\"https:\/\/i0.wp.com\/bottesetvelo.com\/blog\/wp-content\/uploads\/2015\/06\/2010-481.jpg?ssl=1\"><img data-recalc-dims=\"1\" loading=\"lazy\" decoding=\"async\" data-attachment-id=\"1876\" data-permalink=\"https:\/\/bottesetvelo.com\/blog\/2015\/06\/19\/le-pelerin-cet-epicurien\/2010-481-3\/\" data-orig-file=\"https:\/\/i0.wp.com\/bottesetvelo.com\/blog\/wp-content\/uploads\/2015\/06\/2010-481.jpg?fit=3648%2C2736&amp;ssl=1\" data-orig-size=\"3648,2736\" data-comments-opened=\"1\" data-image-meta=\"{&quot;aperture&quot;:&quot;3.5&quot;,&quot;credit&quot;:&quot;&quot;,&quot;camera&quot;:&quot;Canon PowerShot SD890 IS&quot;,&quot;caption&quot;:&quot;&quot;,&quot;created_timestamp&quot;:&quot;1280939816&quot;,&quot;copyright&quot;:&quot;&quot;,&quot;focal_length&quot;:&quot;7.753&quot;,&quot;iso&quot;:&quot;80&quot;,&quot;shutter_speed&quot;:&quot;0.005&quot;,&quot;title&quot;:&quot;&quot;,&quot;orientation&quot;:&quot;1&quot;}\" data-image-title=\"La Voie du St-Laurent &amp;#8211; Toronto\" data-image-description=\"\" data-image-caption=\"\" data-large-file=\"https:\/\/i0.wp.com\/bottesetvelo.com\/blog\/wp-content\/uploads\/2015\/06\/2010-481.jpg?fit=1024%2C768&amp;ssl=1\" class=\" alignright wp-image-1876\" src=\"https:\/\/i0.wp.com\/bottesetvelo.com\/blog\/wp-content\/uploads\/2015\/06\/2010-481.jpg?resize=300%2C225&#038;ssl=1\" alt=\"La Voie du St-Laurent - Toronto\" width=\"300\" height=\"225\" srcset=\"https:\/\/i0.wp.com\/bottesetvelo.com\/blog\/wp-content\/uploads\/2015\/06\/2010-481.jpg?resize=500%2C375&amp;ssl=1 500w, https:\/\/i0.wp.com\/bottesetvelo.com\/blog\/wp-content\/uploads\/2015\/06\/2010-481.jpg?resize=1024%2C768&amp;ssl=1 1024w, https:\/\/i0.wp.com\/bottesetvelo.com\/blog\/wp-content\/uploads\/2015\/06\/2010-481.jpg?w=2340&amp;ssl=1 2340w, https:\/\/i0.wp.com\/bottesetvelo.com\/blog\/wp-content\/uploads\/2015\/06\/2010-481.jpg?w=3510&amp;ssl=1 3510w\" sizes=\"auto, (max-width: 300px) 100vw, 300px\" \/><\/a>C\u2019est dans l\u2019\u00ab\u00eatre\u00bb et non dans l\u2019\u00abavoir\u00bb qu\u2019on reconna\u00eet le p\u00e8lerin. Ce p\u00e8lerin fait ses choix. Il choisit d\u2019\u00e9couter sa voix int\u00e9rieure, celle qui sait ce qui lui fera du bien. Pas question d\u2019\u00e9go\u00efsme. C\u2019est une question d\u2019\u00e9quilibre personnel et interpersonnel; une recherche d\u2019harmonie entre mes besoins et ceux des autres; un d\u00e9sir de bonheur partag\u00e9. Il vit en r\u00e9ponse \u00e0 un \u00e9lan int\u00e9rieur qui a su se faire d\u00e9sirer, car c\u2019est dans l\u2019attente et dans le manque qu\u2019on d\u00e9couvre la juste saveur de nos besoins. Tout est dans l\u2019attente, le temps, le vide qui permet de faire m\u00fbrir un r\u00e9el d\u00e9sir. Sur votre prochaine liste de choses quotidiennes \u00e0 faire, prenez le temps d\u2019inscrire une chose que votre petite voix vous aura dict\u00e9e. Et au moment de la faire, savourez-la pleinement! C\u2019est un cadeau de vous \u00e0 vous, une petite parcelle de bonheur!<a href=\"https:\/\/i0.wp.com\/bottesetvelo.com\/blog\/wp-content\/uploads\/2014\/01\/Bottes-et-V%C3%A9lo-Embl%C3%AAme.jpg?ssl=1\"><img data-recalc-dims=\"1\" loading=\"lazy\" decoding=\"async\" data-attachment-id=\"14\" data-permalink=\"https:\/\/bottesetvelo.com\/blog\/bottes-et-velo-le-blog\/bottes-et-velo-embleme\/\" data-orig-file=\"https:\/\/i0.wp.com\/bottesetvelo.com\/blog\/wp-content\/uploads\/2014\/01\/Bottes-et-V%C3%A9lo-Embl%C3%AAme-e1454083414631.jpg?fit=100%2C79&amp;ssl=1\" data-orig-size=\"100,79\" data-comments-opened=\"1\" data-image-meta=\"{&quot;aperture&quot;:&quot;0&quot;,&quot;credit&quot;:&quot;&quot;,&quot;camera&quot;:&quot;&quot;,&quot;caption&quot;:&quot;&quot;,&quot;created_timestamp&quot;:&quot;0&quot;,&quot;copyright&quot;:&quot;&quot;,&quot;focal_length&quot;:&quot;0&quot;,&quot;iso&quot;:&quot;0&quot;,&quot;shutter_speed&quot;:&quot;0&quot;,&quot;title&quot;:&quot;&quot;}\" data-image-title=\"Bottes et V\u00e9lo &amp;#8211; Embl\u00eame\" data-image-description=\"\" data-image-caption=\"\" data-large-file=\"https:\/\/i0.wp.com\/bottesetvelo.com\/blog\/wp-content\/uploads\/2014\/01\/Bottes-et-V%C3%A9lo-Embl%C3%AAme-e1454083414631.jpg?fit=100%2C79&amp;ssl=1\" class=\" wp-image-14 alignright\" src=\"https:\/\/i0.wp.com\/bottesetvelo.com\/blog\/wp-content\/uploads\/2014\/01\/Bottes-et-V%C3%A9lo-Embl%C3%AAme.jpg?resize=65%2C51&#038;ssl=1\" alt=\"Bottes et V\u00e9lo - Embl\u00eame\" width=\"65\" height=\"51\" \/><\/a><\/p>\n<p style=\"text-align: justify;\">Brigitte Harouni<\/p>\n<h5 style=\"text-align: justify;\"><em><span style=\"color: #003366;\">PRENDRE NOTE QUE CE BILLET \u00c9TAIT LE DERNIER POUR CE PRINTEMPS. <span style=\"color: #666699;\">LE BLOGUE DE BOTTES ET V\u00c9LO FERA REL\u00c2CHE EN JUILLET ET SERA DE RETOUR LE 21 AO\u00dbT.<\/span> PENDANT CE TEMPS, NOUS VOUS INVITONS \u00c0 NOUS SUIVRE SUR LA VOIE DU SAINT-LAURENT DU 24 JUIN AU 19 JUILLET.<\/span><\/em><\/h5>\n","protected":false},"excerpt":{"rendered":"<p>Un bol de riz \u00e0 manger, de l\u2019eau \u00e0 boire et mon bras repli\u00e9 en guise d\u2019oreiller, et me voil\u00e0 heureux. Confucius Le p\u00e8lerin n\u2019est pas un pauvre h\u00e8re qui marche et vagabonde faute de logis. Ce n\u2019est pas non plus un pieux personnage qui s\u2019inflige une souffrance pour vivre le pardon et l\u2019humilit\u00e9. Le&hellip;<\/p>\n","protected":false},"author":2,"featured_media":0,"comment_status":"open","ping_status":"open","sticky":false,"template":"","format":"standard","meta":{"jetpack_post_was_ever_published":false,"_jetpack_newsletter_access":"","_jetpack_dont_email_post_to_subs":false,"_jetpack_newsletter_tier_id":0,"_jetpack_memberships_contains_paywalled_content":false,"_jetpack_memberships_contains_paid_content":false,"footnotes":"","jetpack_publicize_message":"","jetpack_publicize_feature_enabled":true,"jetpack_social_post_already_shared":true,"jetpack_social_options":{"image_generator_settings":{"template":"highway","default_image_id":0,"font":"","enabled":false},"version":2}},"categories":[50,166],"tags":[275,261,260,256,122,257,151,258,259],"class_list":["post-1872","post","type-post","status-publish","format-standard","hentry","category-art-de-vivre","category-demarche-du-pelerin","tag-art-de-vivre","tag-attente","tag-besoins","tag-equilibre-de-vie","tag-faire-des-choix","tag-gouter","tag-prendre-le-temps","tag-sentir","tag-voir"],"jetpack_publicize_connections":[],"jetpack_featured_media_url":"","jetpack_shortlink":"https:\/\/wp.me\/p4eY6z-uc","jetpack_sharing_enabled":true,"jetpack_likes_enabled":true,"jetpack-related-posts":[],"_links":{"self":[{"href":"https:\/\/bottesetvelo.com\/blog\/wp-json\/wp\/v2\/posts\/1872","targetHints":{"allow":["GET"]}}],"collection":[{"href":"https:\/\/bottesetvelo.com\/blog\/wp-json\/wp\/v2\/posts"}],"about":[{"href":"https:\/\/bottesetvelo.com\/blog\/wp-json\/wp\/v2\/types\/post"}],"author":[{"embeddable":true,"href":"https:\/\/bottesetvelo.com\/blog\/wp-json\/wp\/v2\/users\/2"}],"replies":[{"embeddable":true,"href":"https:\/\/bottesetvelo.com\/blog\/wp-json\/wp\/v2\/comments?post=1872"}],"version-history":[{"count":5,"href":"https:\/\/bottesetvelo.com\/blog\/wp-json\/wp\/v2\/posts\/1872\/revisions"}],"predecessor-version":[{"id":2021,"href":"https:\/\/bottesetvelo.com\/blog\/wp-json\/wp\/v2\/posts\/1872\/revisions\/2021"}],"wp:attachment":[{"href":"https:\/\/bottesetvelo.com\/blog\/wp-json\/wp\/v2\/media?parent=1872"}],"wp:term":[{"taxonomy":"category","embeddable":true,"href":"https:\/\/bottesetvelo.com\/blog\/wp-json\/wp\/v2\/categories?post=1872"},{"taxonomy":"post_tag","embeddable":true,"href":"https:\/\/bottesetvelo.com\/blog\/wp-json\/wp\/v2\/tags?post=1872"}],"curies":[{"name":"wp","href":"https:\/\/api.w.org\/{rel}","templated":true}]}}