{"id":1862,"date":"2015-06-17T17:05:34","date_gmt":"2015-06-17T21:05:34","guid":{"rendered":"http:\/\/bottesetvelo.com\/blog\/?p=1862"},"modified":"2015-06-17T17:08:00","modified_gmt":"2015-06-17T21:08:00","slug":"ressourcement-et-pelerinage-chemin-kamouraska","status":"publish","type":"post","link":"https:\/\/bottesetvelo.com\/blog\/2015\/06\/17\/ressourcement-et-pelerinage-chemin-kamouraska\/","title":{"rendered":"Ressourcement et P\u00e8lerinage &#8211; Chemin Kamouraska"},"content":{"rendered":"<div id=\"attachment_1849\" style=\"width: 310px\" class=\"wp-caption alignright\"><a href=\"https:\/\/i0.wp.com\/bottesetvelo.com\/blog\/wp-content\/uploads\/2015\/06\/2015-06-14-08.30.56.jpg?ssl=1\"><img data-recalc-dims=\"1\" loading=\"lazy\" decoding=\"async\" aria-describedby=\"caption-attachment-1849\" data-attachment-id=\"1849\" data-permalink=\"https:\/\/bottesetvelo.com\/blog\/ressourcement-et-pelerinage-chemin-kamouraska\/2015-06-14-08-30-56\/\" data-orig-file=\"https:\/\/i0.wp.com\/bottesetvelo.com\/blog\/wp-content\/uploads\/2015\/06\/2015-06-14-08.30.56.jpg?fit=1797%2C917&amp;ssl=1\" data-orig-size=\"1797,917\" data-comments-opened=\"1\" data-image-meta=\"{&quot;aperture&quot;:&quot;2.6&quot;,&quot;credit&quot;:&quot;&quot;,&quot;camera&quot;:&quot;SGH-I747M&quot;,&quot;caption&quot;:&quot;&quot;,&quot;created_timestamp&quot;:&quot;1434270656&quot;,&quot;copyright&quot;:&quot;&quot;,&quot;focal_length&quot;:&quot;3.7&quot;,&quot;iso&quot;:&quot;50&quot;,&quot;shutter_speed&quot;:&quot;0.00107296137339&quot;,&quot;title&quot;:&quot;&quot;,&quot;orientation&quot;:&quot;1&quot;}\" data-image-title=\"Bottes et V\u00e9lo &amp;#8211; Chemin Kamouraska\" data-image-description=\"\" data-image-caption=\"&lt;p&gt;Bottes et V\u00e9lo &amp;#8211; Chemin Kamouraska&lt;\/p&gt;\n\" data-large-file=\"https:\/\/i0.wp.com\/bottesetvelo.com\/blog\/wp-content\/uploads\/2015\/06\/2015-06-14-08.30.56.jpg?fit=1024%2C523&amp;ssl=1\" class=\" wp-image-1849\" src=\"https:\/\/i0.wp.com\/bottesetvelo.com\/blog\/wp-content\/uploads\/2015\/06\/2015-06-14-08.30.56.jpg?resize=300%2C153&#038;ssl=1\" alt=\"Bottes et V\u00e9lo - Chemin Kamouraska\" width=\"300\" height=\"153\" srcset=\"https:\/\/i0.wp.com\/bottesetvelo.com\/blog\/wp-content\/uploads\/2015\/06\/2015-06-14-08.30.56.jpg?resize=500%2C255&amp;ssl=1 500w, https:\/\/i0.wp.com\/bottesetvelo.com\/blog\/wp-content\/uploads\/2015\/06\/2015-06-14-08.30.56.jpg?resize=1024%2C523&amp;ssl=1 1024w, https:\/\/i0.wp.com\/bottesetvelo.com\/blog\/wp-content\/uploads\/2015\/06\/2015-06-14-08.30.56.jpg?w=1797&amp;ssl=1 1797w\" sizes=\"auto, (max-width: 300px) 100vw, 300px\" \/><\/a><p id=\"caption-attachment-1849\" class=\"wp-caption-text\">Bottes et V\u00e9lo &#8211; Chemin Kamouraska<\/p><\/div>\n<p style=\"text-align: justify;\">Du 12 au 14 juin, la temp\u00e9rature \u00e9tait au rendez-vous pour nous offrir un weekend de ressourcement magnifique! Neuf personnes, \u00e2g\u00e9es entre 39 et 65 ans, prenaient part \u00e0 ce s\u00e9jour. Une marche de 40 km qui trouvait son point de d\u00e9part \u00e0 St-Pascal-de-Kamouraska, passait par Ste-H\u00e9l\u00e8ne, pour terminer une premi\u00e8re journ\u00e9e de marche \u00e0 St-Andr\u00e9-de-Kamouraska.<\/p>\n<p style=\"text-align: justify;\">En soir\u00e9e, apr\u00e8s un bon repas pris sur les lieux de notre h\u00e9bergement, le Manoir St-Andr\u00e9, nous nous sommes rassembl\u00e9s sur la plage pour assister \u00e0 un splendide couch\u00e9 de soleil. Les couch\u00e9es de soleil de Kamouraska! Un spectacle qui laisse sans voix.<\/p>\n<div id=\"attachment_1836\" style=\"width: 230px\" class=\"wp-caption alignleft\"><a href=\"https:\/\/i0.wp.com\/bottesetvelo.com\/blog\/wp-content\/uploads\/2015\/06\/2015-06-13-18.21.44.jpg?ssl=1\"><img data-recalc-dims=\"1\" loading=\"lazy\" decoding=\"async\" aria-describedby=\"caption-attachment-1836\" data-attachment-id=\"1836\" data-permalink=\"https:\/\/bottesetvelo.com\/blog\/ressourcement-et-pelerinage-chemin-kamouraska\/2015-06-13-18-21-44\/\" data-orig-file=\"https:\/\/i0.wp.com\/bottesetvelo.com\/blog\/wp-content\/uploads\/2015\/06\/2015-06-13-18.21.44.jpg?fit=2618%2C3562&amp;ssl=1\" data-orig-size=\"2618,3562\" data-comments-opened=\"1\" data-image-meta=\"{&quot;aperture&quot;:&quot;4&quot;,&quot;credit&quot;:&quot;&quot;,&quot;camera&quot;:&quot;Canon PowerShot SD890 IS&quot;,&quot;caption&quot;:&quot;&quot;,&quot;created_timestamp&quot;:&quot;1434219704&quot;,&quot;copyright&quot;:&quot;&quot;,&quot;focal_length&quot;:&quot;13.527&quot;,&quot;iso&quot;:&quot;80&quot;,&quot;shutter_speed&quot;:&quot;0.004&quot;,&quot;title&quot;:&quot;&quot;,&quot;orientation&quot;:&quot;1&quot;}\" data-image-title=\"Bottes et V\u00e9lo &amp;#8211; Chemin Kamouraska\" data-image-description=\"\" data-image-caption=\"&lt;p&gt;Bottes et V\u00e9lo &amp;#8211; Chemin Kamouraska&lt;\/p&gt;\n\" data-large-file=\"https:\/\/i0.wp.com\/bottesetvelo.com\/blog\/wp-content\/uploads\/2015\/06\/2015-06-13-18.21.44.jpg?fit=753%2C1024&amp;ssl=1\" class=\"wp-image-1836\" src=\"https:\/\/i0.wp.com\/bottesetvelo.com\/blog\/wp-content\/uploads\/2015\/06\/2015-06-13-18.21.44.jpg?resize=220%2C300&#038;ssl=1\" alt=\"Bottes et V\u00e9lo - Chemin Kamouraska\" width=\"220\" height=\"300\" srcset=\"https:\/\/i0.wp.com\/bottesetvelo.com\/blog\/wp-content\/uploads\/2015\/06\/2015-06-13-18.21.44.jpg?resize=367%2C500&amp;ssl=1 367w, https:\/\/i0.wp.com\/bottesetvelo.com\/blog\/wp-content\/uploads\/2015\/06\/2015-06-13-18.21.44.jpg?resize=753%2C1024&amp;ssl=1 753w, https:\/\/i0.wp.com\/bottesetvelo.com\/blog\/wp-content\/uploads\/2015\/06\/2015-06-13-18.21.44.jpg?w=2340&amp;ssl=1 2340w\" sizes=\"auto, (max-width: 220px) 100vw, 220px\" \/><\/a><p id=\"caption-attachment-1836\" class=\"wp-caption-text\">Bottes et V\u00e9lo &#8211; Chemin Kamouraska<\/p><\/div>\n<p style=\"text-align: justify;\">Le lendemain matin, nous reprenions la route en direction de Kamouraska, parcourant les aboiteaux dans une ambiance de symbiose avec la nature. C&rsquo;\u00e9tait merveilleux! D&rsquo;ailleurs les participants ont bien appr\u00e9ci\u00e9 le parcours et la d\u00e9marche propos\u00e9e. Ce n&rsquo;est pas toujours facile! Des prises de conscience qui sont parfois difficiles mais, on en sort toujours gagnant et enrichi. La marche nous d\u00e9place physiquement, mais la d\u00e9marche du p\u00e8lerin appelle un mouvement de plus par un d\u00e9placement int\u00e9rieur qu&rsquo;il faut prendre le temps d&rsquo;\u00e9couter. Un exercice lib\u00e9rateur qui ouvre sur de nouveaux horizons en toute simplicit\u00e9.<\/p>\n<p style=\"text-align: justify;\">Merci \u00e0 tous les p\u00e8lerins qui ont pris part \u00e0 ce s\u00e9jour dans Kamouraska! Nous avons pass\u00e9 un weekend magnifique en votre compagnie.<\/p>\n<p style=\"text-align: justify;\">Si vous avez le go\u00fbt de vous inscrire pour un prochain s\u00e9jour, suivez le lien suivant: <a href=\"http:\/\/bottesetvelo.com\/bottes-et-velo---ressourcement-et-pelerinage\">Bottes et V\u00e9lo &#8211; Ressourcement et P\u00e8lerinage.<\/a><\/p>\n<p style=\"text-align: justify;\">En terminant, nous vous laissons d\u00e9couvrir l&rsquo;album photos de notre s\u00e9jour: <a href=\"https:\/\/bottesetvelo.com\/blog\/ressourcement-et-pelerinage-chemin-kamouraska\/\">Chemin Kamouraska &#8211; Juin 2015<\/a> ; ainsi qu&rsquo;un court vid\u00e9o de ce parcours.<a href=\"https:\/\/i0.wp.com\/bottesetvelo.com\/blog\/wp-content\/uploads\/2014\/01\/Bottes-et-V%C3%A9lo-Embl%C3%AAme.jpg?ssl=1\"><img data-recalc-dims=\"1\" loading=\"lazy\" decoding=\"async\" data-attachment-id=\"14\" data-permalink=\"https:\/\/bottesetvelo.com\/blog\/bottes-et-velo-le-blog\/bottes-et-velo-embleme\/\" data-orig-file=\"https:\/\/i0.wp.com\/bottesetvelo.com\/blog\/wp-content\/uploads\/2014\/01\/Bottes-et-V%C3%A9lo-Embl%C3%AAme-e1454083414631.jpg?fit=100%2C79&amp;ssl=1\" data-orig-size=\"100,79\" data-comments-opened=\"1\" data-image-meta=\"{&quot;aperture&quot;:&quot;0&quot;,&quot;credit&quot;:&quot;&quot;,&quot;camera&quot;:&quot;&quot;,&quot;caption&quot;:&quot;&quot;,&quot;created_timestamp&quot;:&quot;0&quot;,&quot;copyright&quot;:&quot;&quot;,&quot;focal_length&quot;:&quot;0&quot;,&quot;iso&quot;:&quot;0&quot;,&quot;shutter_speed&quot;:&quot;0&quot;,&quot;title&quot;:&quot;&quot;}\" data-image-title=\"Bottes et V\u00e9lo &amp;#8211; Embl\u00eame\" data-image-description=\"\" data-image-caption=\"\" data-large-file=\"https:\/\/i0.wp.com\/bottesetvelo.com\/blog\/wp-content\/uploads\/2014\/01\/Bottes-et-V%C3%A9lo-Embl%C3%AAme-e1454083414631.jpg?fit=100%2C79&amp;ssl=1\" class=\"  wp-image-14 alignright\" src=\"https:\/\/i0.wp.com\/bottesetvelo.com\/blog\/wp-content\/uploads\/2014\/01\/Bottes-et-V%C3%A9lo-Embl%C3%AAme.jpg?resize=78%2C61&#038;ssl=1\" alt=\"Bottes et V\u00e9lo - Embl\u00eame\" width=\"78\" height=\"61\" \/><\/a><\/p>\n<p>\u00c9ric Lalibert\u00e9 et Brigitte Harouni<\/p>\n<p><span class=\"embed-youtube\" style=\"text-align:center; display: block;\"><iframe loading=\"lazy\" class=\"youtube-player\" width=\"1170\" height=\"659\" src=\"https:\/\/www.youtube.com\/embed\/1-FLpqf1X5I?version=3&#038;rel=1&#038;showsearch=0&#038;showinfo=1&#038;iv_load_policy=1&#038;fs=1&#038;hl=fr-FR&#038;autohide=2&#038;wmode=transparent\" allowfullscreen=\"true\" style=\"border:0;\" sandbox=\"allow-scripts allow-same-origin allow-popups allow-presentation allow-popups-to-escape-sandbox\"><\/iframe><\/span><\/p>\n<p>&nbsp;<\/p>\n","protected":false},"excerpt":{"rendered":"<p>Du 12 au 14 juin, la temp\u00e9rature \u00e9tait au rendez-vous pour nous offrir un weekend de ressourcement magnifique! Neuf personnes, \u00e2g\u00e9es entre 39 et 65 ans, prenaient part \u00e0 ce s\u00e9jour. Une marche de 40 km qui trouvait son point de d\u00e9part \u00e0 St-Pascal-de-Kamouraska, passait par Ste-H\u00e9l\u00e8ne, pour terminer une premi\u00e8re journ\u00e9e de marche \u00e0&hellip;<\/p>\n","protected":false},"author":1,"featured_media":0,"comment_status":"open","ping_status":"open","sticky":false,"template":"","format":"standard","meta":{"jetpack_post_was_ever_published":false,"_jetpack_newsletter_access":"","_jetpack_dont_email_post_to_subs":false,"_jetpack_newsletter_tier_id":0,"_jetpack_memberships_contains_paywalled_content":false,"_jetpack_memberships_contains_paid_content":false,"footnotes":"","jetpack_publicize_message":"","jetpack_publicize_feature_enabled":true,"jetpack_social_post_already_shared":true,"jetpack_social_options":{"image_generator_settings":{"template":"highway","default_image_id":0,"font":"","enabled":false},"version":2}},"categories":[6],"tags":[168,41,240,238],"class_list":["post-1862","post","type-post","status-publish","format-standard","hentry","category-formations","tag-demarche-du-pelerin","tag-formation","tag-kamouraska","tag-ressourcement-et-pelerinage"],"jetpack_publicize_connections":[],"jetpack_featured_media_url":"","jetpack_shortlink":"https:\/\/wp.me\/p4eY6z-u2","jetpack_sharing_enabled":true,"jetpack_likes_enabled":true,"jetpack-related-posts":[],"_links":{"self":[{"href":"https:\/\/bottesetvelo.com\/blog\/wp-json\/wp\/v2\/posts\/1862","targetHints":{"allow":["GET"]}}],"collection":[{"href":"https:\/\/bottesetvelo.com\/blog\/wp-json\/wp\/v2\/posts"}],"about":[{"href":"https:\/\/bottesetvelo.com\/blog\/wp-json\/wp\/v2\/types\/post"}],"author":[{"embeddable":true,"href":"https:\/\/bottesetvelo.com\/blog\/wp-json\/wp\/v2\/users\/1"}],"replies":[{"embeddable":true,"href":"https:\/\/bottesetvelo.com\/blog\/wp-json\/wp\/v2\/comments?post=1862"}],"version-history":[{"count":9,"href":"https:\/\/bottesetvelo.com\/blog\/wp-json\/wp\/v2\/posts\/1862\/revisions"}],"predecessor-version":[{"id":1871,"href":"https:\/\/bottesetvelo.com\/blog\/wp-json\/wp\/v2\/posts\/1862\/revisions\/1871"}],"wp:attachment":[{"href":"https:\/\/bottesetvelo.com\/blog\/wp-json\/wp\/v2\/media?parent=1862"}],"wp:term":[{"taxonomy":"category","embeddable":true,"href":"https:\/\/bottesetvelo.com\/blog\/wp-json\/wp\/v2\/categories?post=1862"},{"taxonomy":"post_tag","embeddable":true,"href":"https:\/\/bottesetvelo.com\/blog\/wp-json\/wp\/v2\/tags?post=1862"}],"curies":[{"name":"wp","href":"https:\/\/api.w.org\/{rel}","templated":true}]}}