{"id":1778,"date":"2015-06-12T18:02:58","date_gmt":"2015-06-12T22:02:58","guid":{"rendered":"http:\/\/bottesetvelo.com\/blog\/?p=1778"},"modified":"2015-06-12T18:02:58","modified_gmt":"2015-06-12T22:02:58","slug":"boyd-lalonde-marcher-pour-se-retrouver","status":"publish","type":"post","link":"https:\/\/bottesetvelo.com\/blog\/2015\/06\/12\/boyd-lalonde-marcher-pour-se-retrouver\/","title":{"rendered":"Boyd Lalonde \u2013 Marcher pour se retrouver"},"content":{"rendered":"<h6 style=\"text-align: right;\"><em>Marcher c&rsquo;est retrouver ce rythme qui est celui de l&rsquo;univers, celui de la respiration, celui de notre coeur,<\/em> <em>le rythme des caravanes, des colporteurs et des p\u00e8lerins.<\/em><br \/>\n<em>Michel Jourdan &amp; Jacques Vigne<\/em><\/h6>\n<p style=\"text-align: justify;\"><a href=\"https:\/\/i0.wp.com\/bottesetvelo.com\/blog\/wp-content\/uploads\/2014\/12\/2014-08-04-08.41.09.jpg?ssl=1\"><img data-recalc-dims=\"1\" loading=\"lazy\" decoding=\"async\" data-attachment-id=\"1131\" data-permalink=\"https:\/\/bottesetvelo.com\/blog\/galerie-photos-la-voie-du-st-laurent\/2014-08-04-08-41-09-2\/\" data-orig-file=\"https:\/\/i0.wp.com\/bottesetvelo.com\/blog\/wp-content\/uploads\/2014\/12\/2014-08-04-08.41.09.jpg?fit=3238%2C2414&amp;ssl=1\" data-orig-size=\"3238,2414\" data-comments-opened=\"1\" data-image-meta=\"{&quot;aperture&quot;:&quot;2.6&quot;,&quot;credit&quot;:&quot;&quot;,&quot;camera&quot;:&quot;SGH-I747M&quot;,&quot;caption&quot;:&quot;&quot;,&quot;created_timestamp&quot;:&quot;1407141669&quot;,&quot;copyright&quot;:&quot;&quot;,&quot;focal_length&quot;:&quot;3.7&quot;,&quot;iso&quot;:&quot;50&quot;,&quot;shutter_speed&quot;:&quot;0.000539956803456&quot;,&quot;title&quot;:&quot;&quot;,&quot;orientation&quot;:&quot;1&quot;}\" data-image-title=\"La Voie-du St-Laurent &amp;#8211; Gasp\u00e9sie\" data-image-description=\"\" data-image-caption=\"\" data-large-file=\"https:\/\/i0.wp.com\/bottesetvelo.com\/blog\/wp-content\/uploads\/2014\/12\/2014-08-04-08.41.09.jpg?fit=1024%2C763&amp;ssl=1\" class=\"  wp-image-1131 alignright\" src=\"https:\/\/i0.wp.com\/bottesetvelo.com\/blog\/wp-content\/uploads\/2014\/12\/2014-08-04-08.41.09.jpg?resize=300%2C223&#038;ssl=1\" alt=\"La Voie-du St-Laurent - Gasp\u00e9sie\" width=\"300\" height=\"223\" srcset=\"https:\/\/i0.wp.com\/bottesetvelo.com\/blog\/wp-content\/uploads\/2014\/12\/2014-08-04-08.41.09.jpg?resize=500%2C372&amp;ssl=1 500w, https:\/\/i0.wp.com\/bottesetvelo.com\/blog\/wp-content\/uploads\/2014\/12\/2014-08-04-08.41.09.jpg?resize=1024%2C763&amp;ssl=1 1024w, https:\/\/i0.wp.com\/bottesetvelo.com\/blog\/wp-content\/uploads\/2014\/12\/2014-08-04-08.41.09.jpg?resize=624%2C465&amp;ssl=1 624w, https:\/\/i0.wp.com\/bottesetvelo.com\/blog\/wp-content\/uploads\/2014\/12\/2014-08-04-08.41.09.jpg?w=2340&amp;ssl=1 2340w\" sizes=\"auto, (max-width: 300px) 100vw, 300px\" \/><\/a>Une voiture peut rouler 200, 250, 300 km\/h, peut-\u00eatre m\u00eame plus, selon le mod\u00e8le. Maintenez ce r\u00e9gime tous les jours pendant plusieurs heures, votre voiture ne fera pas long feu\u2026 Et c\u2019est de la m\u00e9canique! On serait quand m\u00eame en droit de s\u2019attendre \u00e0 plus performant, plus durable avec la technologie d\u2019aujourd\u2019hui. Quand m\u00eame!<\/p>\n<p style=\"text-align: justify;\">Les producteurs manufacturiers ont compris depuis longtemps : exiger beaucoup, user rapidement, remplacer. C\u2019est ce qui fait rouler l\u2019\u00e9conomie. On fabrique m\u00eame de qualit\u00e9 moindre pour que l\u2019objet brise plus rapidement et soit remplac\u00e9 plus souvent. Cette mentalit\u00e9 est tellement bien ancr\u00e9e dans la vie courante qu\u2019il est devenu normal d\u2019utiliser et de jeter. Tout se remplace rapidement. Nous exigeons beaucoup des objets que nous utilisons. Nous avons beaucoup d\u2019attentes envers eux et nous d\u00e9sirons qu\u2019ils accomplissent ce pourquoi ils sont fabriqu\u00e9s. C\u2019est normal, ce sont des outils con\u00e7us pour soutenir la vie courante! Seulement, voil\u00e0, nous usons de notre corps de la m\u00eame fa\u00e7on\u2026<\/p>\n<p style=\"text-align: justify;\"><a href=\"https:\/\/i0.wp.com\/bottesetvelo.com\/blog\/wp-content\/uploads\/2014\/12\/2014-08-02-14.40.37.jpg?ssl=1\"><img data-recalc-dims=\"1\" loading=\"lazy\" decoding=\"async\" data-attachment-id=\"1126\" data-permalink=\"https:\/\/bottesetvelo.com\/blog\/galerie-photos-la-voie-du-st-laurent\/2014-08-02-14-40-37\/\" data-orig-file=\"https:\/\/i0.wp.com\/bottesetvelo.com\/blog\/wp-content\/uploads\/2014\/12\/2014-08-02-14.40.37.jpg?fit=1713%2C2222&amp;ssl=1\" data-orig-size=\"1713,2222\" data-comments-opened=\"1\" data-image-meta=\"{&quot;aperture&quot;:&quot;2.8&quot;,&quot;credit&quot;:&quot;&quot;,&quot;camera&quot;:&quot;iPhone 4&quot;,&quot;caption&quot;:&quot;&quot;,&quot;created_timestamp&quot;:&quot;1406990437&quot;,&quot;copyright&quot;:&quot;&quot;,&quot;focal_length&quot;:&quot;3.85&quot;,&quot;iso&quot;:&quot;80&quot;,&quot;shutter_speed&quot;:&quot;0.000629722921914&quot;,&quot;title&quot;:&quot;&quot;,&quot;orientation&quot;:&quot;1&quot;}\" data-image-title=\"2014-08-02 14.40.37\" data-image-description=\"\" data-image-caption=\"&lt;p&gt;Bottes et V\u00e9lo &amp;#8211; P\u00e8lerinage La Voie du St-Laurent &amp;#8211; Juillet 2014&lt;\/p&gt;\n\" data-large-file=\"https:\/\/i0.wp.com\/bottesetvelo.com\/blog\/wp-content\/uploads\/2014\/12\/2014-08-02-14.40.37.jpg?fit=789%2C1024&amp;ssl=1\" class=\"alignright wp-image-1126\" src=\"https:\/\/i0.wp.com\/bottesetvelo.com\/blog\/wp-content\/uploads\/2014\/12\/2014-08-02-14.40.37.jpg?resize=231%2C300&#038;ssl=1\" alt=\"Bottes et V\u00e9lo - P\u00e8lerinage La Voie du St-Laurent - Juillet 2014\" width=\"231\" height=\"300\" srcset=\"https:\/\/i0.wp.com\/bottesetvelo.com\/blog\/wp-content\/uploads\/2014\/12\/2014-08-02-14.40.37.jpg?resize=385%2C500&amp;ssl=1 385w, https:\/\/i0.wp.com\/bottesetvelo.com\/blog\/wp-content\/uploads\/2014\/12\/2014-08-02-14.40.37.jpg?resize=789%2C1024&amp;ssl=1 789w, https:\/\/i0.wp.com\/bottesetvelo.com\/blog\/wp-content\/uploads\/2014\/12\/2014-08-02-14.40.37.jpg?resize=624%2C809&amp;ssl=1 624w, https:\/\/i0.wp.com\/bottesetvelo.com\/blog\/wp-content\/uploads\/2014\/12\/2014-08-02-14.40.37.jpg?w=1713&amp;ssl=1 1713w\" sizes=\"auto, (max-width: 231px) 100vw, 231px\" \/><\/a>Imaginez votre corps subir la m\u00eame pression que peut subir l\u2019automobile: performance, comp\u00e9titivit\u00e9, efficacit\u00e9, se d\u00e9passer sans cesse, obligation de se distinguer, la p\u00e9dale dans le plancher tous les jours; ceci sans compter le stress, l\u2019angoisse et l\u2019anxi\u00e9t\u00e9 qui viennent s\u2019ajouter \u00e0 ces exigences impos\u00e9es au corps. Un mal \u00eatre que la m\u00e9canique automobile ne ressentira jamais.<\/p>\n<p style=\"text-align: justify;\">Tout comme la voiture, on peut maintenir le rythme quelques ann\u00e9es, plusieurs pour certains, mais nous finissons tous par nous rendre compte de l\u2019absence de sens d\u2019une telle agitation. O\u00f9 allions-nous pendant tout ce temps? Quelle direction avait ma vie? O\u00f9 cela me m\u00e8ne-t-il? Le corps finit par flancher, l\u2019esprit s\u2019embrouille. Le surcroit de pression fait \u00ab tilter \u00bb la machine humaine. Et nous avons peu de consid\u00e9ration pour le corps-objet que nous avons surutilis\u00e9. On est port\u00e9 \u00e0 le mettre au rancart. Il est l\u00e2che celui ou celle qui flanche sous la pression\u2026<\/p>\n<p style=\"text-align: justify;\">Le rythme social d\u2019aujourd\u2019hui engendre de nombreux troubles de sant\u00e9 mentale. Nous sommes nombreux \u00e0 \u00eatre touch\u00e9s, de pr\u00e8s ou de loin, par ce fl\u00e9au qui tue \u00e0 petit feu, qui emporte des vies et qui, bien souvent, est consid\u00e9r\u00e9 comme une faiblesse. Il serait important de revoir nos exigences, de nous comporter humainement envers nous-m\u00eames et envers ceux qui nous entourent, non comme avec des objets.<\/p>\n<p style=\"text-align: justify;\"><a href=\"https:\/\/i0.wp.com\/bottesetvelo.com\/blog\/wp-content\/uploads\/2015\/06\/2015-06-10-18.13.121.jpg?ssl=1\"><img data-recalc-dims=\"1\" loading=\"lazy\" decoding=\"async\" data-attachment-id=\"1780\" data-permalink=\"https:\/\/bottesetvelo.com\/blog\/2015\/06\/12\/boyd-lalonde-marcher-pour-se-retrouver\/2015-06-10-18-13-12-2\/\" data-orig-file=\"https:\/\/i0.wp.com\/bottesetvelo.com\/blog\/wp-content\/uploads\/2015\/06\/2015-06-10-18.13.121.jpg?fit=1280%2C960&amp;ssl=1\" data-orig-size=\"1280,960\" data-comments-opened=\"1\" data-image-meta=\"{&quot;aperture&quot;:&quot;2.8&quot;,&quot;credit&quot;:&quot;&quot;,&quot;camera&quot;:&quot;SGH-I747M&quot;,&quot;caption&quot;:&quot;&quot;,&quot;created_timestamp&quot;:&quot;1433959992&quot;,&quot;copyright&quot;:&quot;&quot;,&quot;focal_length&quot;:&quot;2.7&quot;,&quot;iso&quot;:&quot;100&quot;,&quot;shutter_speed&quot;:&quot;0.000950570342205&quot;,&quot;title&quot;:&quot;&quot;,&quot;orientation&quot;:&quot;1&quot;}\" data-image-title=\"Bottes et V\u00e9lo en compagnie de Boyd Lalonde &amp;#8211; 10 juin 2015\" data-image-description=\"\" data-image-caption=\"\" data-large-file=\"https:\/\/i0.wp.com\/bottesetvelo.com\/blog\/wp-content\/uploads\/2015\/06\/2015-06-10-18.13.121.jpg?fit=1024%2C768&amp;ssl=1\" class=\"  wp-image-1780 alignright\" src=\"https:\/\/i0.wp.com\/bottesetvelo.com\/blog\/wp-content\/uploads\/2015\/06\/2015-06-10-18.13.121.jpg?resize=300%2C225&#038;ssl=1\" alt=\"Bottes et V\u00e9lo en compagnie de Boyd Lalonde - 10 juin 2015\" width=\"300\" height=\"225\" srcset=\"https:\/\/i0.wp.com\/bottesetvelo.com\/blog\/wp-content\/uploads\/2015\/06\/2015-06-10-18.13.121.jpg?resize=500%2C375&amp;ssl=1 500w, https:\/\/i0.wp.com\/bottesetvelo.com\/blog\/wp-content\/uploads\/2015\/06\/2015-06-10-18.13.121.jpg?resize=1024%2C768&amp;ssl=1 1024w, https:\/\/i0.wp.com\/bottesetvelo.com\/blog\/wp-content\/uploads\/2015\/06\/2015-06-10-18.13.121.jpg?w=1280&amp;ssl=1 1280w\" sizes=\"auto, (max-width: 300px) 100vw, 300px\" \/><\/a>Cette semaine, nous avons fait la connaissance de Boyd Lalonde. Boyd a un de ces parcours original qui dit combien le d\u00e9sir de vivre est fort en chacun de nous. Parti \u00e0 pied des rives de l\u2019Ile de Vancouver, nous l\u2019avons crois\u00e9 juste avant Montmagny, le 10 juin. Boyd compte se rendre jusqu\u2019\u00e0 Terre-Neuve. Une fois l\u00e0-bas, il fera demi-tour pour rentrer chez lui.<\/p>\n<p style=\"text-align: justify;\">L\u2019\u00e9pop\u00e9e est \u00e0 elle seule extraordinaire. Seulement, les raisons qui ont pouss\u00e9 Boyd \u00e0 accomplir ce p\u00e9riple nous laissent pensifs. Boyd avait une entreprise qui roulait sur l\u2019or quand tout a bascul\u00e9 et qu\u2019il a sombr\u00e9 dans la d\u00e9pression. Pourquoi? Probablement qu\u2019un peu de tout ce qui a \u00e9t\u00e9 dit auparavant \u00e9tait en cause : surplus de travail, manque de sommeil, stress de performance, absence de sens\u2026<\/p>\n<p style=\"text-align: justify;\">Au cours de cet \u00e9pisode de sa vie, il a tout perdu. Apr\u00e8s plusieurs tentatives de suicide, il se retrouve sous m\u00e9dication pour l\u2019aider \u00e0 vaincre cet \u00e9tat d\u00e9pressif qui l\u2019habite continuellement. Au bout d\u2019un certain temps, les m\u00e9dicaments lui occasionnent des probl\u00e8mes de sant\u00e9 qui enl\u00e8vent encore \u00e0 sa qualit\u00e9 de vie. Les m\u00e9decins lui disent qu\u2019ils ne peuvent r\u00e9duire sa m\u00e9dication les risques sont trop grands de le voir replonger dans la d\u00e9pression. Boyd se sent coinc\u00e9 dans un cul-de-sac. Sa vie n\u2019a plus d\u2019issue. C\u2019est pire que la mort.<\/p>\n<p style=\"text-align: justify;\"><a href=\"https:\/\/i0.wp.com\/bottesetvelo.com\/blog\/wp-content\/uploads\/2015\/06\/2015-06-10-18.14.22.jpg?ssl=1\"><img data-recalc-dims=\"1\" loading=\"lazy\" decoding=\"async\" data-attachment-id=\"1782\" data-permalink=\"https:\/\/bottesetvelo.com\/blog\/2015\/06\/12\/boyd-lalonde-marcher-pour-se-retrouver\/2015-06-10-18-14-22\/\" data-orig-file=\"https:\/\/i0.wp.com\/bottesetvelo.com\/blog\/wp-content\/uploads\/2015\/06\/2015-06-10-18.14.22.jpg?fit=2177%2C1632&amp;ssl=1\" data-orig-size=\"2177,1632\" data-comments-opened=\"1\" data-image-meta=\"{&quot;aperture&quot;:&quot;2.6&quot;,&quot;credit&quot;:&quot;&quot;,&quot;camera&quot;:&quot;SGH-I747M&quot;,&quot;caption&quot;:&quot;&quot;,&quot;created_timestamp&quot;:&quot;1433960062&quot;,&quot;copyright&quot;:&quot;&quot;,&quot;focal_length&quot;:&quot;3.7&quot;,&quot;iso&quot;:&quot;50&quot;,&quot;shutter_speed&quot;:&quot;0.000796178343949&quot;,&quot;title&quot;:&quot;&quot;,&quot;orientation&quot;:&quot;1&quot;}\" data-image-title=\"Boyd Lalonde &amp;#8211; 10 juin 2015\" data-image-description=\"\" data-image-caption=\"\" data-large-file=\"https:\/\/i0.wp.com\/bottesetvelo.com\/blog\/wp-content\/uploads\/2015\/06\/2015-06-10-18.14.22.jpg?fit=1024%2C768&amp;ssl=1\" class=\"  wp-image-1782 alignright\" src=\"https:\/\/i0.wp.com\/bottesetvelo.com\/blog\/wp-content\/uploads\/2015\/06\/2015-06-10-18.14.22.jpg?resize=300%2C225&#038;ssl=1\" alt=\"Boyd Lalonde - 10 juin 2015\" width=\"300\" height=\"225\" srcset=\"https:\/\/i0.wp.com\/bottesetvelo.com\/blog\/wp-content\/uploads\/2015\/06\/2015-06-10-18.14.22.jpg?resize=500%2C375&amp;ssl=1 500w, https:\/\/i0.wp.com\/bottesetvelo.com\/blog\/wp-content\/uploads\/2015\/06\/2015-06-10-18.14.22.jpg?resize=1024%2C768&amp;ssl=1 1024w\" sizes=\"auto, (max-width: 300px) 100vw, 300px\" \/><\/a>N\u2019ayant plus rien \u00e0 perdre, il choisit une alternative toute simple qui va faire basculer sa vie. Il d\u00e9cide de marcher. Mais pas n\u2019importe quelle marche! Il d\u00e9cide de partir en qu\u00eate de lui-m\u00eame, \u00ab to find myself again\u00bb comme il le dit dans une vid\u00e9o sur son blog (<a href=\"http:\/\/canforrest.blogspot.ca\/\">http:\/\/canforrest.blogspot.ca\/<\/a>). Une marche pour reprendre contact avec la vie en lui, dans la gr\u00e2ce de Dieu. C\u2019est un long p\u00e8lerinage qui commence\u2026<\/p>\n<p style=\"text-align: justify;\">C\u2019est le 18 f\u00e9vrier 2013 que Boyd s\u2019est pench\u00e9 sur les eaux froides du Pacifique pour emplir une petite bouteille d\u2019eau qu\u2019il garde pr\u00e9cieusement sur lui. Cette bouteille porte en elle le d\u00e9sir de son p\u00e8lerinage : retrouver l\u2019\u00e9quilibre en lui. Cette bouteille, il la versera dans les eaux de l\u2019Atlantique pour ensuite la remplir \u00e0 nouveau et ramener l\u2019eau de l\u2019Atlantique vers le Pacifique. Boyd \u00ab le porteur d\u2019eau \u00bb! Une eau pleine d\u2019espoir.<\/p>\n<p style=\"text-align: justify;\"><a href=\"https:\/\/i0.wp.com\/bottesetvelo.com\/blog\/wp-content\/uploads\/2015\/06\/2015-06-10-18.13.21.jpg?ssl=1\"><img data-recalc-dims=\"1\" loading=\"lazy\" decoding=\"async\" data-attachment-id=\"1781\" data-permalink=\"https:\/\/bottesetvelo.com\/blog\/2015\/06\/12\/boyd-lalonde-marcher-pour-se-retrouver\/2015-06-10-18-13-21\/\" data-orig-file=\"https:\/\/i0.wp.com\/bottesetvelo.com\/blog\/wp-content\/uploads\/2015\/06\/2015-06-10-18.13.21.jpg?fit=2448%2C3264&amp;ssl=1\" data-orig-size=\"2448,3264\" data-comments-opened=\"1\" data-image-meta=\"{&quot;aperture&quot;:&quot;2.6&quot;,&quot;credit&quot;:&quot;&quot;,&quot;camera&quot;:&quot;SGH-I747M&quot;,&quot;caption&quot;:&quot;&quot;,&quot;created_timestamp&quot;:&quot;1433960001&quot;,&quot;copyright&quot;:&quot;&quot;,&quot;focal_length&quot;:&quot;3.7&quot;,&quot;iso&quot;:&quot;50&quot;,&quot;shutter_speed&quot;:&quot;0.00110375275938&quot;,&quot;title&quot;:&quot;&quot;,&quot;orientation&quot;:&quot;1&quot;}\" data-image-title=\"Boyd Lalonde &amp;#8211; 10 juin 2015\" data-image-description=\"\" data-image-caption=\"\" data-large-file=\"https:\/\/i0.wp.com\/bottesetvelo.com\/blog\/wp-content\/uploads\/2015\/06\/2015-06-10-18.13.21.jpg?fit=768%2C1024&amp;ssl=1\" class=\"  wp-image-1781 alignright\" src=\"https:\/\/i0.wp.com\/bottesetvelo.com\/blog\/wp-content\/uploads\/2015\/06\/2015-06-10-18.13.21.jpg?resize=225%2C300&#038;ssl=1\" alt=\"Boyd Lalonde - 10 juin 2015\" width=\"225\" height=\"300\" srcset=\"https:\/\/i0.wp.com\/bottesetvelo.com\/blog\/wp-content\/uploads\/2015\/06\/2015-06-10-18.13.21.jpg?resize=375%2C500&amp;ssl=1 375w, https:\/\/i0.wp.com\/bottesetvelo.com\/blog\/wp-content\/uploads\/2015\/06\/2015-06-10-18.13.21.jpg?resize=768%2C1024&amp;ssl=1 768w, https:\/\/i0.wp.com\/bottesetvelo.com\/blog\/wp-content\/uploads\/2015\/06\/2015-06-10-18.13.21.jpg?w=2340&amp;ssl=1 2340w\" sizes=\"auto, (max-width: 225px) 100vw, 225px\" \/><\/a>Aujourd\u2019hui \u00e2g\u00e9 de 51 ans, tout sourire et l\u2019air serein, Boyd nous dit que sa sant\u00e9 n\u2019a jamais \u00e9t\u00e9 aussi bonne. Il ne prend plus de m\u00e9dicaments et cet \u00e9tat d\u00e9pressif l\u2019a quitt\u00e9. Malgr\u00e9 les vents, malgr\u00e9 la pluie, malgr\u00e9 le froid, malgr\u00e9 la chaleur, Boyd avance et semble avoir trouv\u00e9 ce qu\u2019il cherchait. Sa vie reprend son sens et son p\u00e8lerinage le fait entrer dans cet espace de sanctification appelant le meilleur de lui-m\u00eame et le laissant resplendissant.<\/p>\n<p style=\"text-align: justify;\">Le p\u00e8lerinage a cet effet rassembleur sur l\u2019humain. Il r\u00e9unifie les dimensions de notre humanit\u00e9 que nous avions dispers\u00e9es dans le flot de notre course sociale. Il remet la vie au c\u0153ur de nos pr\u00e9occupations et lui redonne de la perspective. \u00c0 travers cette longue marche, le physique, le psychique et le spirituel se trouvent \u00e0 nouveau r\u00e9unis. Ils s\u2019harmonisent et travaillent de concert \u00e0 notre \u00e9panouissement. L\u2019\u00eatre humain est pleinement vivant lorsqu\u2019il agit en coh\u00e9rence avec sa nature vivante. Nous sommes des \u00eatres issus de la Vie, des \u00eatres naturels. Notre rythme est celui du vivant. La nature ne performe pas, ne se presse pas. Elle suit son cours lib\u00e9rant toujours plus de vie. L\u2019\u00eatre humain s\u2019inscrit dans ce parcours, non dans celui de l\u2019objet. Le p\u00e8lerinage est une c\u00e9l\u00e9bration de notre humanit\u00e9.<\/p>\n<p style=\"text-align: justify;\">Bonne route Boyd!<a href=\"https:\/\/i0.wp.com\/bottesetvelo.com\/blog\/wp-content\/uploads\/2014\/01\/Bottes-et-V%C3%A9lo-Embl%C3%AAme.jpg?ssl=1\"><img data-recalc-dims=\"1\" loading=\"lazy\" decoding=\"async\" data-attachment-id=\"14\" data-permalink=\"https:\/\/bottesetvelo.com\/blog\/bottes-et-velo-le-blog\/bottes-et-velo-embleme\/\" data-orig-file=\"https:\/\/i0.wp.com\/bottesetvelo.com\/blog\/wp-content\/uploads\/2014\/01\/Bottes-et-V%C3%A9lo-Embl%C3%AAme-e1454083414631.jpg?fit=100%2C79&amp;ssl=1\" data-orig-size=\"100,79\" data-comments-opened=\"1\" data-image-meta=\"{&quot;aperture&quot;:&quot;0&quot;,&quot;credit&quot;:&quot;&quot;,&quot;camera&quot;:&quot;&quot;,&quot;caption&quot;:&quot;&quot;,&quot;created_timestamp&quot;:&quot;0&quot;,&quot;copyright&quot;:&quot;&quot;,&quot;focal_length&quot;:&quot;0&quot;,&quot;iso&quot;:&quot;0&quot;,&quot;shutter_speed&quot;:&quot;0&quot;,&quot;title&quot;:&quot;&quot;}\" data-image-title=\"Bottes et V\u00e9lo &amp;#8211; Embl\u00eame\" data-image-description=\"\" data-image-caption=\"\" data-large-file=\"https:\/\/i0.wp.com\/bottesetvelo.com\/blog\/wp-content\/uploads\/2014\/01\/Bottes-et-V%C3%A9lo-Embl%C3%AAme-e1454083414631.jpg?fit=100%2C79&amp;ssl=1\" class=\"  wp-image-14 alignright\" src=\"https:\/\/i0.wp.com\/bottesetvelo.com\/blog\/wp-content\/uploads\/2014\/01\/Bottes-et-V%C3%A9lo-Embl%C3%AAme.jpg?resize=75%2C59&#038;ssl=1\" alt=\"Bottes et V\u00e9lo - Embl\u00eame\" width=\"75\" height=\"59\" \/><\/a><br \/>\n\u00c9ric Lalibert\u00e9<\/p>\n","protected":false},"excerpt":{"rendered":"<p>Marcher c&rsquo;est retrouver ce rythme qui est celui de l&rsquo;univers, celui de la respiration, celui de notre coeur, le rythme des caravanes, des colporteurs et des p\u00e8lerins. Michel Jourdan &amp; Jacques Vigne Une voiture peut rouler 200, 250, 300 km\/h, peut-\u00eatre m\u00eame plus, selon le mod\u00e8le. Maintenez ce r\u00e9gime tous les jours pendant plusieurs heures,&hellip;<\/p>\n","protected":false},"author":3,"featured_media":0,"comment_status":"open","ping_status":"open","sticky":false,"template":"","format":"standard","meta":{"jetpack_post_was_ever_published":false,"_jetpack_newsletter_access":"","_jetpack_dont_email_post_to_subs":false,"_jetpack_newsletter_tier_id":0,"_jetpack_memberships_contains_paywalled_content":false,"_jetpack_memberships_contains_paid_content":false,"footnotes":"","jetpack_publicize_message":"","jetpack_publicize_feature_enabled":true,"jetpack_social_post_already_shared":true,"jetpack_social_options":{"image_generator_settings":{"template":"highway","default_image_id":0,"font":"","enabled":false},"version":2}},"categories":[52,50,11,39,230],"tags":[250,251,253,254,13,96,152,155,252,255],"class_list":["post-1778","post","type-post","status-publish","format-standard","hentry","category-alternatives-de-vie","category-art-de-vivre","category-bien-etre-physique","category-croissance-personnelle","category-histoire-de-pelerin","tag-boyd-lalonde","tag-canforrest","tag-depression","tag-marcher","tag-pelerinage","tag-qualite-de-vie","tag-resilience","tag-rythme-de-vie","tag-sante-mentale","tag-traversee-du-canada"],"jetpack_publicize_connections":[],"jetpack_featured_media_url":"","jetpack_shortlink":"https:\/\/wp.me\/p4eY6z-sG","jetpack_sharing_enabled":true,"jetpack_likes_enabled":true,"jetpack-related-posts":[],"_links":{"self":[{"href":"https:\/\/bottesetvelo.com\/blog\/wp-json\/wp\/v2\/posts\/1778","targetHints":{"allow":["GET"]}}],"collection":[{"href":"https:\/\/bottesetvelo.com\/blog\/wp-json\/wp\/v2\/posts"}],"about":[{"href":"https:\/\/bottesetvelo.com\/blog\/wp-json\/wp\/v2\/types\/post"}],"author":[{"embeddable":true,"href":"https:\/\/bottesetvelo.com\/blog\/wp-json\/wp\/v2\/users\/3"}],"replies":[{"embeddable":true,"href":"https:\/\/bottesetvelo.com\/blog\/wp-json\/wp\/v2\/comments?post=1778"}],"version-history":[{"count":3,"href":"https:\/\/bottesetvelo.com\/blog\/wp-json\/wp\/v2\/posts\/1778\/revisions"}],"predecessor-version":[{"id":1786,"href":"https:\/\/bottesetvelo.com\/blog\/wp-json\/wp\/v2\/posts\/1778\/revisions\/1786"}],"wp:attachment":[{"href":"https:\/\/bottesetvelo.com\/blog\/wp-json\/wp\/v2\/media?parent=1778"}],"wp:term":[{"taxonomy":"category","embeddable":true,"href":"https:\/\/bottesetvelo.com\/blog\/wp-json\/wp\/v2\/categories?post=1778"},{"taxonomy":"post_tag","embeddable":true,"href":"https:\/\/bottesetvelo.com\/blog\/wp-json\/wp\/v2\/tags?post=1778"}],"curies":[{"name":"wp","href":"https:\/\/api.w.org\/{rel}","templated":true}]}}