{"id":1771,"date":"2015-06-07T15:39:38","date_gmt":"2015-06-07T19:39:38","guid":{"rendered":"http:\/\/bottesetvelo.com\/blog\/?p=1771"},"modified":"2015-06-07T15:39:38","modified_gmt":"2015-06-07T19:39:38","slug":"jade-arrive-a-riviere-du-loup-8ieme-jour-de-marche","status":"publish","type":"post","link":"https:\/\/bottesetvelo.com\/blog\/2015\/06\/07\/jade-arrive-a-riviere-du-loup-8ieme-jour-de-marche\/","title":{"rendered":"Jade arrive \u00e0 Rivi\u00e8re-du-Loup, 8i\u00e8me jour de marche!"},"content":{"rendered":"<p style=\"text-align: justify;\">Jade est arriv\u00e9e cet apr\u00e8s-midi \u00e0 Rivi\u00e8re-du-Loup o\u00f9 elle s\u00e9journera \u00e0 l&rsquo;auberge de jeunesse. Ce dimanche concluait son 8i\u00e8me jour de marche, soit pr\u00e8s de 200km \u00e0 pied!!! Et elle continue! C&rsquo;est samedi prochain que son p\u00e9riple prendra fin \u00e0 Rimouski.<\/p>\n<p style=\"text-align: justify;\">Nous nous r\u00e9p\u00e9tons, mais Jade fait preuve d&rsquo;une grande d\u00e9termination dans ce parcours et tout cela rayonne autour d&rsquo;elle. <span style=\"color: #003366;\"><span style=\"color: #000000;\"><span style=\"color: #003366;\"><em><strong>C&rsquo;est merveilleux de voir la cha\u00eene de solidarit\u00e9 qui se forme autour de ce projet de p\u00e8lerinage!<\/strong><\/em><\/span> <span style=\"color: #333333;\">Des dizaines de messages d&rsquo;encouragements ont \u00e9t\u00e9 faits \u00e0 l&rsquo;adresse de Jade et,<\/span><\/span><em><strong> gr\u00e2ce au r\u00e9seau couchsurfing<\/strong><\/em><\/span>, nous avons pu lui trouver un h\u00e9bergement \u00e0 Cacouna pour demain. En ce moment, nous attendons des r\u00e9ponses du c\u00f4t\u00e9 de l&rsquo;Isle-Verte pour mardi soir.<\/p>\n<p style=\"text-align: justify;\">Hier, <span style=\"color: #003366;\"><em><strong>Jade a voulu partager son histoire avec vous tous<\/strong><\/em><\/span> afin de vous aider \u00e0 mieux la conna\u00eetre. Dans un texte qui vous avez peut-\u00eatre \u00e9chapp\u00e9, elle a \u00e9crit sur le blogue , son parcours de vie et le but de ce p\u00e8lerinage. Nous vous le retransmettons en int\u00e9gral.<\/p>\n<p>Encore une fois merci de votre soutien et de vos encouragements dans le projet de Jade! <em><strong><span style=\"color: #003366;\">Bottes et V\u00e9lo<\/span><\/strong><\/em> est tr\u00e8s heureux de la soutenir et de l&rsquo;accompagner dans toute cette d\u00e9marche. Pour nous aussi l&rsquo;exp\u00e9rience de Jade devient p\u00e8lerinage.<a href=\"https:\/\/i0.wp.com\/bottesetvelo.com\/blog\/wp-content\/uploads\/2014\/01\/Bottes-et-V%C3%A9lo-Embl%C3%AAme.jpg?ssl=1\"><img data-recalc-dims=\"1\" loading=\"lazy\" decoding=\"async\" data-attachment-id=\"14\" data-permalink=\"https:\/\/bottesetvelo.com\/blog\/bottes-et-velo-le-blog\/bottes-et-velo-embleme\/\" data-orig-file=\"https:\/\/i0.wp.com\/bottesetvelo.com\/blog\/wp-content\/uploads\/2014\/01\/Bottes-et-V%C3%A9lo-Embl%C3%AAme-e1454083414631.jpg?fit=100%2C79&amp;ssl=1\" data-orig-size=\"100,79\" data-comments-opened=\"1\" data-image-meta=\"{&quot;aperture&quot;:&quot;0&quot;,&quot;credit&quot;:&quot;&quot;,&quot;camera&quot;:&quot;&quot;,&quot;caption&quot;:&quot;&quot;,&quot;created_timestamp&quot;:&quot;0&quot;,&quot;copyright&quot;:&quot;&quot;,&quot;focal_length&quot;:&quot;0&quot;,&quot;iso&quot;:&quot;0&quot;,&quot;shutter_speed&quot;:&quot;0&quot;,&quot;title&quot;:&quot;&quot;}\" data-image-title=\"Bottes et V\u00e9lo &amp;#8211; Embl\u00eame\" data-image-description=\"\" data-image-caption=\"\" data-large-file=\"https:\/\/i0.wp.com\/bottesetvelo.com\/blog\/wp-content\/uploads\/2014\/01\/Bottes-et-V%C3%A9lo-Embl%C3%AAme-e1454083414631.jpg?fit=100%2C79&amp;ssl=1\" class=\"  wp-image-14 alignright\" src=\"https:\/\/i0.wp.com\/bottesetvelo.com\/blog\/wp-content\/uploads\/2014\/01\/Bottes-et-V%C3%A9lo-Embl%C3%AAme.jpg?resize=65%2C51&#038;ssl=1\" alt=\"Bottes et V\u00e9lo - Embl\u00eame\" width=\"65\" height=\"51\" \/><\/a><\/p>\n<p>\u00c9ric Lalibert\u00e9 et Brigitte Harouni<\/p>\n<h5><span style=\"color: #003366;\">Message de Jade:<\/span><\/h5>\n<p style=\"text-align: justify;\"><a href=\"https:\/\/i0.wp.com\/bottesetvelo.com\/blog\/wp-content\/uploads\/2015\/06\/2015-06-02-14.37.061.jpg?ssl=1\"><img data-recalc-dims=\"1\" loading=\"lazy\" decoding=\"async\" data-attachment-id=\"1775\" data-permalink=\"https:\/\/bottesetvelo.com\/blog\/2015\/06\/07\/jade-arrive-a-riviere-du-loup-8ieme-jour-de-marche\/2015-06-02-14-37-06-2\/\" data-orig-file=\"https:\/\/i0.wp.com\/bottesetvelo.com\/blog\/wp-content\/uploads\/2015\/06\/2015-06-02-14.37.061.jpg?fit=605%2C480&amp;ssl=1\" data-orig-size=\"605,480\" data-comments-opened=\"1\" data-image-meta=\"{&quot;aperture&quot;:&quot;2.6&quot;,&quot;credit&quot;:&quot;&quot;,&quot;camera&quot;:&quot;SGH-I747M&quot;,&quot;caption&quot;:&quot;&quot;,&quot;created_timestamp&quot;:&quot;1433255826&quot;,&quot;copyright&quot;:&quot;&quot;,&quot;focal_length&quot;:&quot;3.7&quot;,&quot;iso&quot;:&quot;50&quot;,&quot;shutter_speed&quot;:&quot;0.0135135135135&quot;,&quot;title&quot;:&quot;&quot;,&quot;orientation&quot;:&quot;1&quot;}\" data-image-title=\"Jade Champagne-Provost &amp;#8211; La Voie du St-Laurent\" data-image-description=\"\" data-image-caption=\"\" data-large-file=\"https:\/\/i0.wp.com\/bottesetvelo.com\/blog\/wp-content\/uploads\/2015\/06\/2015-06-02-14.37.061.jpg?fit=605%2C480&amp;ssl=1\" class=\"  wp-image-1775 alignright\" src=\"https:\/\/i0.wp.com\/bottesetvelo.com\/blog\/wp-content\/uploads\/2015\/06\/2015-06-02-14.37.061.jpg?resize=300%2C238&#038;ssl=1\" alt=\"Jade Champagne-Provost - La Voie du St-Laurent\" width=\"300\" height=\"238\" srcset=\"https:\/\/i0.wp.com\/bottesetvelo.com\/blog\/wp-content\/uploads\/2015\/06\/2015-06-02-14.37.061.jpg?resize=500%2C397&amp;ssl=1 500w, https:\/\/i0.wp.com\/bottesetvelo.com\/blog\/wp-content\/uploads\/2015\/06\/2015-06-02-14.37.061.jpg?w=605&amp;ssl=1 605w\" sizes=\"auto, (max-width: 300px) 100vw, 300px\" \/><\/a>Bonjour \u00e0 vous tous !! J&rsquo;ai d\u00e9cid\u00e9e de vous partager un peu mon parcours \u00e0 date ! Et puis, je me suis aussi Dis que vous aimeriez ca avoir ma version!<\/p>\n<p style=\"text-align: justify;\">Premi\u00e8rement, je me nomme Jade comme vous le savez d\u00e9j\u00e0 !\u00a0 j&rsquo;ai 24 ans. Pour faire une histoire courte. Je suis n\u00e9e avec le syndrome d&rsquo;usher type 1, qui inclus une surdit\u00e9 profonde \u00e0 la naissance, vers l&rsquo;\u00e2ge de 3 ans et demi j&rsquo;ai \u00e9t\u00e9 implant\u00e9e de l&rsquo;implant cochl\u00e9aire ( ca a changer ma vie!) Et puis, vers l&rsquo;\u00e2ge de 6 ans j&rsquo;ai su que j&rsquo;\u00e9tais atteinte de la retinite pigmentaire, qui veut dire que je n&rsquo;ai aucune vision peripherique, puis mon champ visuel diminue peu \u00e0 peu avec les ann\u00e9es.<\/p>\n<p style=\"text-align: justify;\">Puis, il y a environ 1 mois et demi je suis all\u00e9e passer des tests pour savoir combien il me restais de vision, et le verdict est sorti \u00e0 4 degr\u00e9s. C&rsquo;Est minime! Imaginez-vous de regarder dans le trou d&rsquo;une paille c&rsquo;est quasiment ca !! Donc en sachant ca, ca m&rsquo;a rentrer dedans solide, donc j&rsquo;ai paniquer et j&rsquo;avais de la difficult\u00e9 \u00e0 l&rsquo;accepter de fa\u00e7on constante, car parfois ca m&rsquo;arrive d&rsquo;\u00eatre bien avec \u00e7a , mais pas assez souvent \u00e0 mon go\u00fbt. Je ne savais plus comment g\u00e9rer ma vie quand j&rsquo;ai su qu\u00a0\u00bbil me restait que 4 degr\u00e9s de vision.. je veux voyager moi ! Je veux voir toutes ces merveilles que la terre nous offre ! Alors c&rsquo;est pourquoi je me suis lanc\u00e9e dans une LONGUEEE marche du vieux qu\u00e9bec jusqu&rsquo;\u00e0 Rimouski.<\/p>\n<p style=\"text-align: justify;\">Je ne trouve pas \u00e7a toujours facile, mais \u00e7a fait parti du p\u00e9riple ! Mal \u00e0 la cheville, mal de genoux, mal aux hanches, la pluie, le vent de face, le froid, avoir l&rsquo;impression de marcher comme une tite vieille de 90 ans! Passer \u00e0 travers des joies, peines, decouragements etc c&rsquo;est \u00e7a le vrai p\u00e9riple ! Mais ca fait parti de la game et y a rien qui va m&#8217;emp\u00eacher d&rsquo;arriver \u00e0 mes buts! Par contre, c&rsquo;est tout de m\u00eame magnifique \ud83d\ude42 Je ne lacherai pas !<\/p>\n<p style=\"text-align: justify;\">Mon but c&rsquo;est mon chemin int\u00e9rieur et non la distance que je parcours, m\u00eame si mon c\u00f4t\u00e9 sportive et comp\u00e9titive prends le dessus des fois!<\/p>\n<p style=\"text-align: justify;\">Alors voil\u00e0, mon but ici est de trouver une esp\u00e8ce d&rsquo;harmonie constante dans tout \u00e7a malgr\u00e9 tout ! Que j&rsquo;accepte ce que j&rsquo;ai \u00e0 vivre pour de bon et \u00eatre bien avec ca!<\/p>\n<p>Je sais que j&rsquo;y arriverai, mais je ne sais pas quand!<\/p>\n<p>Merci !<\/p>\n<p>Jade<\/p>\n<p>&nbsp;<\/p>\n","protected":false},"excerpt":{"rendered":"<p>Jade est arriv\u00e9e cet apr\u00e8s-midi \u00e0 Rivi\u00e8re-du-Loup o\u00f9 elle s\u00e9journera \u00e0 l&rsquo;auberge de jeunesse. Ce dimanche concluait son 8i\u00e8me jour de marche, soit pr\u00e8s de 200km \u00e0 pied!!! Et elle continue! C&rsquo;est samedi prochain que son p\u00e9riple prendra fin \u00e0 Rimouski. Nous nous r\u00e9p\u00e9tons, mais Jade fait preuve d&rsquo;une grande d\u00e9termination dans ce parcours et&hellip;<\/p>\n","protected":false},"author":1,"featured_media":0,"comment_status":"open","ping_status":"open","sticky":false,"template":"","format":"standard","meta":{"jetpack_post_was_ever_published":false,"_jetpack_newsletter_access":"","_jetpack_dont_email_post_to_subs":false,"_jetpack_newsletter_tier_id":0,"_jetpack_memberships_contains_paywalled_content":false,"_jetpack_memberships_contains_paid_content":false,"footnotes":"","jetpack_publicize_message":"","jetpack_publicize_feature_enabled":true,"jetpack_social_post_already_shared":true,"jetpack_social_options":{"image_generator_settings":{"template":"highway","default_image_id":0,"font":"","enabled":false},"version":2}},"categories":[230],"tags":[231,237,208,248,249],"class_list":["post-1771","post","type-post","status-publish","format-standard","hentry","category-histoire-de-pelerin","tag-jade-champagne-provost","tag-la-voie-du-st-laurent","tag-pelerinage-autonome","tag-recit-de-pelerinage","tag-solidarite"],"jetpack_publicize_connections":[],"jetpack_featured_media_url":"","jetpack_shortlink":"https:\/\/wp.me\/p4eY6z-sz","jetpack_sharing_enabled":true,"jetpack_likes_enabled":true,"jetpack-related-posts":[],"_links":{"self":[{"href":"https:\/\/bottesetvelo.com\/blog\/wp-json\/wp\/v2\/posts\/1771","targetHints":{"allow":["GET"]}}],"collection":[{"href":"https:\/\/bottesetvelo.com\/blog\/wp-json\/wp\/v2\/posts"}],"about":[{"href":"https:\/\/bottesetvelo.com\/blog\/wp-json\/wp\/v2\/types\/post"}],"author":[{"embeddable":true,"href":"https:\/\/bottesetvelo.com\/blog\/wp-json\/wp\/v2\/users\/1"}],"replies":[{"embeddable":true,"href":"https:\/\/bottesetvelo.com\/blog\/wp-json\/wp\/v2\/comments?post=1771"}],"version-history":[{"count":5,"href":"https:\/\/bottesetvelo.com\/blog\/wp-json\/wp\/v2\/posts\/1771\/revisions"}],"predecessor-version":[{"id":1777,"href":"https:\/\/bottesetvelo.com\/blog\/wp-json\/wp\/v2\/posts\/1771\/revisions\/1777"}],"wp:attachment":[{"href":"https:\/\/bottesetvelo.com\/blog\/wp-json\/wp\/v2\/media?parent=1771"}],"wp:term":[{"taxonomy":"category","embeddable":true,"href":"https:\/\/bottesetvelo.com\/blog\/wp-json\/wp\/v2\/categories?post=1771"},{"taxonomy":"post_tag","embeddable":true,"href":"https:\/\/bottesetvelo.com\/blog\/wp-json\/wp\/v2\/tags?post=1771"}],"curies":[{"name":"wp","href":"https:\/\/api.w.org\/{rel}","templated":true}]}}