{"id":1760,"date":"2015-06-05T19:20:47","date_gmt":"2015-06-05T23:20:47","guid":{"rendered":"http:\/\/bottesetvelo.com\/blog\/?p=1760"},"modified":"2015-06-05T19:20:47","modified_gmt":"2015-06-05T23:20:47","slug":"rencontre-entre-hebergeurs-et-pelerins-quebecois","status":"publish","type":"post","link":"https:\/\/bottesetvelo.com\/blog\/2015\/06\/05\/rencontre-entre-hebergeurs-et-pelerins-quebecois\/","title":{"rendered":"Rencontre entre h\u00e9bergeurs et p\u00e8lerins qu\u00e9b\u00e9cois"},"content":{"rendered":"<h6 style=\"text-align: right;\"><em>Le besoin de s&rsquo;aider engendre la bienveillance,<br \/>\nune indulgence mutuelle, l&rsquo;absence de toute rivalit\u00e9.<\/em><br \/>\n<em>George Sand<\/em><\/h6>\n<p style=\"text-align: justify;\">Pourquoi le p\u00e8lerin \u00e0 pied se pr\u00e9occupe-t-il davantage de l\u2019h\u00e9bergement que le cycliste ou l\u2019automobiliste? Vous me r\u00e9pondrez certainement que c\u2019est parce qu\u2019il se d\u00e9place lentement. Alors \u00e0 partir de quelle vitesse l\u2019h\u00e9bergement devient-il une source d\u2019inqui\u00e9tude? C\u2019est peut-\u00eatre aussi parce qu\u2019il porte son bagage? Pourtant le cycliste en transporte souvent plus. <a href=\"https:\/\/i0.wp.com\/bottesetvelo.com\/blog\/wp-content\/uploads\/2015\/06\/Auberge-de-jeunesse-Rivi%C3%A8re-du-Loup.png?ssl=1\"><img data-recalc-dims=\"1\" loading=\"lazy\" decoding=\"async\" data-attachment-id=\"1768\" data-permalink=\"https:\/\/bottesetvelo.com\/blog\/2015\/06\/05\/rencontre-entre-hebergeurs-et-pelerins-quebecois\/auberge-de-jeunesse-riviere-du-loup\/\" data-orig-file=\"https:\/\/i0.wp.com\/bottesetvelo.com\/blog\/wp-content\/uploads\/2015\/06\/Auberge-de-jeunesse-Rivi%C3%A8re-du-Loup.png?fit=458%2C258&amp;ssl=1\" data-orig-size=\"458,258\" data-comments-opened=\"1\" data-image-meta=\"{&quot;aperture&quot;:&quot;0&quot;,&quot;credit&quot;:&quot;&quot;,&quot;camera&quot;:&quot;&quot;,&quot;caption&quot;:&quot;&quot;,&quot;created_timestamp&quot;:&quot;0&quot;,&quot;copyright&quot;:&quot;&quot;,&quot;focal_length&quot;:&quot;0&quot;,&quot;iso&quot;:&quot;0&quot;,&quot;shutter_speed&quot;:&quot;0&quot;,&quot;title&quot;:&quot;&quot;,&quot;orientation&quot;:&quot;0&quot;}\" data-image-title=\"Auberge de jeunesse &amp;#8211; Rivi\u00e8re-du-Loup\" data-image-description=\"\" data-image-caption=\"\" data-large-file=\"https:\/\/i0.wp.com\/bottesetvelo.com\/blog\/wp-content\/uploads\/2015\/06\/Auberge-de-jeunesse-Rivi%C3%A8re-du-Loup.png?fit=458%2C258&amp;ssl=1\" class=\"  wp-image-1768 alignright\" src=\"https:\/\/i0.wp.com\/bottesetvelo.com\/blog\/wp-content\/uploads\/2015\/06\/Auberge-de-jeunesse-Rivi%C3%A8re-du-Loup.png?resize=300%2C169&#038;ssl=1\" alt=\"Auberge de jeunesse - Rivi\u00e8re-du-Loup\" width=\"300\" height=\"169\" \/><\/a>Eh bien, c\u2019est s\u00fbrement parce qu\u2019il ne campe pas et que cela diminue ses choix d\u2019h\u00e9bergement. Mais plusieurs campings offrent la location de cabines ou de roulottes. Je crois que la source de cette inqui\u00e9tude vient de la m\u00e9connaissance des diff\u00e9rents services d\u2019h\u00e9bergement. Et inversement, les h\u00e9bergeurs m\u00e9connaissent le p\u00e8lerin d\u2019aujourd\u2019hui et les services qu\u2019ils pourraient lui offrir.<a href=\"https:\/\/i0.wp.com\/bottesetvelo.com\/blog\/wp-content\/uploads\/2015\/06\/2014-07-18-17.02.45.jpg?ssl=1\"><img data-recalc-dims=\"1\" loading=\"lazy\" decoding=\"async\" data-attachment-id=\"1764\" data-permalink=\"https:\/\/bottesetvelo.com\/blog\/2015\/06\/05\/rencontre-entre-hebergeurs-et-pelerins-quebecois\/2014-07-18-17-02-45\/\" data-orig-file=\"https:\/\/i0.wp.com\/bottesetvelo.com\/blog\/wp-content\/uploads\/2015\/06\/2014-07-18-17.02.45.jpg?fit=1936%2C2592&amp;ssl=1\" data-orig-size=\"1936,2592\" data-comments-opened=\"1\" data-image-meta=\"{&quot;aperture&quot;:&quot;2.8&quot;,&quot;credit&quot;:&quot;&quot;,&quot;camera&quot;:&quot;iPhone 4&quot;,&quot;caption&quot;:&quot;&quot;,&quot;created_timestamp&quot;:&quot;1405702965&quot;,&quot;copyright&quot;:&quot;&quot;,&quot;focal_length&quot;:&quot;3.85&quot;,&quot;iso&quot;:&quot;400&quot;,&quot;shutter_speed&quot;:&quot;0.0666666666667&quot;,&quot;title&quot;:&quot;&quot;,&quot;orientation&quot;:&quot;1&quot;}\" data-image-title=\"Auberge de jeunesse &amp;#8211; Rivi\u00e8re-du-Loup\" data-image-description=\"\" data-image-caption=\"\" data-large-file=\"https:\/\/i0.wp.com\/bottesetvelo.com\/blog\/wp-content\/uploads\/2015\/06\/2014-07-18-17.02.45.jpg?fit=765%2C1024&amp;ssl=1\" class=\"  wp-image-1764 alignleft\" src=\"https:\/\/i0.wp.com\/bottesetvelo.com\/blog\/wp-content\/uploads\/2015\/06\/2014-07-18-17.02.45.jpg?resize=224%2C300&#038;ssl=1\" alt=\"Auberge de jeunesse - Rivi\u00e8re-du-Loup\" width=\"224\" height=\"300\" srcset=\"https:\/\/i0.wp.com\/bottesetvelo.com\/blog\/wp-content\/uploads\/2015\/06\/2014-07-18-17.02.45.jpg?resize=373%2C500&amp;ssl=1 373w, https:\/\/i0.wp.com\/bottesetvelo.com\/blog\/wp-content\/uploads\/2015\/06\/2014-07-18-17.02.45.jpg?resize=765%2C1024&amp;ssl=1 765w, https:\/\/i0.wp.com\/bottesetvelo.com\/blog\/wp-content\/uploads\/2015\/06\/2014-07-18-17.02.45.jpg?w=1936&amp;ssl=1 1936w\" sizes=\"auto, (max-width: 224px) 100vw, 224px\" \/><\/a><\/p>\n<p style=\"text-align: justify;\">Bottes et V\u00e9lo s\u2019est donn\u00e9 pour mission de d\u00e9velopper le p\u00e8lerinage autonome au Qu\u00e9bec, et pour y parvenir, il faut amener le p\u00e8lerin et l\u2019h\u00e9bergeur \u00e0 se rencontrer. C\u2019est pourquoi Bottes et V\u00e9lo a envoy\u00e9 \u00e0 tous les h\u00e9bergements avoisinant un des chemins de p\u00e8lerinage qu\u00e9b\u00e9cois une invitation \u00e0 d\u00e9couvrir le touriste lent qu\u2019est le p\u00e8lerin. Tr\u00e8s positive a \u00e9t\u00e9 la r\u00e9ponse \u00e0 cette lettre et tr\u00e8s nombreux ont \u00e9t\u00e9 les h\u00e9bergements ouverts \u00e0 recevoir des p\u00e8lerins, et qui sait, voire m\u00eame \u00e0 ajuster leurs services pour accommoder ce nouveau type de voyageur.<\/p>\n<p style=\"text-align: justify;\"><a href=\"https:\/\/i0.wp.com\/bottesetvelo.com\/blog\/wp-content\/uploads\/2015\/06\/2014-07-24-14.04.02.jpg?ssl=1\"><img data-recalc-dims=\"1\" loading=\"lazy\" decoding=\"async\" data-attachment-id=\"1765\" data-permalink=\"https:\/\/bottesetvelo.com\/blog\/2015\/06\/05\/rencontre-entre-hebergeurs-et-pelerins-quebecois\/2014-07-24-14-04-02\/\" data-orig-file=\"https:\/\/i0.wp.com\/bottesetvelo.com\/blog\/wp-content\/uploads\/2015\/06\/2014-07-24-14.04.02.jpg?fit=2613%2C1871&amp;ssl=1\" data-orig-size=\"2613,1871\" data-comments-opened=\"1\" data-image-meta=\"{&quot;aperture&quot;:&quot;2.6&quot;,&quot;credit&quot;:&quot;&quot;,&quot;camera&quot;:&quot;SGH-I747M&quot;,&quot;caption&quot;:&quot;&quot;,&quot;created_timestamp&quot;:&quot;1406210642&quot;,&quot;copyright&quot;:&quot;&quot;,&quot;focal_length&quot;:&quot;3.7&quot;,&quot;iso&quot;:&quot;50&quot;,&quot;shutter_speed&quot;:&quot;0.000739644970414&quot;,&quot;title&quot;:&quot;&quot;,&quot;orientation&quot;:&quot;1&quot;}\" data-image-title=\"Auberge de jeunesse &amp;#8211; Ste-F\u00e9licit\u00e9\" data-image-description=\"\" data-image-caption=\"\" data-large-file=\"https:\/\/i0.wp.com\/bottesetvelo.com\/blog\/wp-content\/uploads\/2015\/06\/2014-07-24-14.04.02.jpg?fit=1024%2C733&amp;ssl=1\" class=\"  alignright wp-image-1765\" src=\"https:\/\/i0.wp.com\/bottesetvelo.com\/blog\/wp-content\/uploads\/2015\/06\/2014-07-24-14.04.02.jpg?resize=250%2C179&#038;ssl=1\" alt=\"Auberge de jeunesse - Ste-F\u00e9licit\u00e9\" width=\"250\" height=\"179\" srcset=\"https:\/\/i0.wp.com\/bottesetvelo.com\/blog\/wp-content\/uploads\/2015\/06\/2014-07-24-14.04.02.jpg?resize=500%2C358&amp;ssl=1 500w, https:\/\/i0.wp.com\/bottesetvelo.com\/blog\/wp-content\/uploads\/2015\/06\/2014-07-24-14.04.02.jpg?resize=1024%2C733&amp;ssl=1 1024w, https:\/\/i0.wp.com\/bottesetvelo.com\/blog\/wp-content\/uploads\/2015\/06\/2014-07-24-14.04.02.jpg?w=2340&amp;ssl=1 2340w\" sizes=\"auto, (max-width: 250px) 100vw, 250px\" \/><\/a>Certains h\u00e9bergements sont d\u00e9j\u00e0 adapt\u00e9s aux marcheurs de longue randonn\u00e9e : les auberges de jeunesse et les r\u00e9sidences \u00e9tudiantes. \u00c0 prix tr\u00e8s abordable, le p\u00e8lerin y trouve confort et commodit\u00e9s. Les auberges de jeunesse ont malheureusement eu mauvaise r\u00e9putation il y a une bonne trentaine d\u2019ann\u00e9es. Dans l\u2019auberge de jeunesse d\u2019aujourd\u2019hui on retrouve une atmosph\u00e8re familiale et conviviale tr\u00e8s agr\u00e9able. Et presque toutes offrent la possibilit\u00e9 d\u2019avoir une chambre priv\u00e9e ou une chambre familiale. On peut m\u00eame avoir une salle de bain priv\u00e9e. Les r\u00e9sidences \u00e9tudiantes sont un h\u00e9bergement souvent m\u00e9connu qui r\u00e9pond pourtant parfaitement aux besoins du p\u00e8lerin. On les retrouve dans toutes les grandes villes et elles ont l\u2019avantage d\u2019offrir une multitude de commodit\u00e9s dans un environnement calme, car l\u2019\u00e9t\u00e9, ces r\u00e9sidences sont peu occup\u00e9es!<a href=\"https:\/\/i0.wp.com\/bottesetvelo.com\/blog\/wp-content\/uploads\/2015\/06\/2014-07-24-14.57.29.jpg?ssl=1\"><img data-recalc-dims=\"1\" loading=\"lazy\" decoding=\"async\" data-attachment-id=\"1766\" data-permalink=\"https:\/\/bottesetvelo.com\/blog\/2015\/06\/05\/rencontre-entre-hebergeurs-et-pelerins-quebecois\/2014-07-24-14-57-29\/\" data-orig-file=\"https:\/\/i0.wp.com\/bottesetvelo.com\/blog\/wp-content\/uploads\/2015\/06\/2014-07-24-14.57.29.jpg?fit=3264%2C2448&amp;ssl=1\" data-orig-size=\"3264,2448\" data-comments-opened=\"1\" data-image-meta=\"{&quot;aperture&quot;:&quot;2.6&quot;,&quot;credit&quot;:&quot;&quot;,&quot;camera&quot;:&quot;SGH-I747M&quot;,&quot;caption&quot;:&quot;&quot;,&quot;created_timestamp&quot;:&quot;1406213849&quot;,&quot;copyright&quot;:&quot;&quot;,&quot;focal_length&quot;:&quot;3.7&quot;,&quot;iso&quot;:&quot;125&quot;,&quot;shutter_speed&quot;:&quot;0.0333333333333&quot;,&quot;title&quot;:&quot;&quot;,&quot;orientation&quot;:&quot;1&quot;}\" data-image-title=\"Auberge de jeunesse &amp;#8211; Ste-F\u00e9licit\u00e9 &amp;#8211; chambre familiale\" data-image-description=\"\" data-image-caption=\"\" data-large-file=\"https:\/\/i0.wp.com\/bottesetvelo.com\/blog\/wp-content\/uploads\/2015\/06\/2014-07-24-14.57.29.jpg?fit=1024%2C768&amp;ssl=1\" class=\"  wp-image-1766 alignright\" src=\"https:\/\/i0.wp.com\/bottesetvelo.com\/blog\/wp-content\/uploads\/2015\/06\/2014-07-24-14.57.29.jpg?resize=250%2C187&#038;ssl=1\" alt=\"Auberge de jeunesse - Ste-F\u00e9licit\u00e9 - chambre familiale\" width=\"250\" height=\"187\" srcset=\"https:\/\/i0.wp.com\/bottesetvelo.com\/blog\/wp-content\/uploads\/2015\/06\/2014-07-24-14.57.29.jpg?resize=500%2C375&amp;ssl=1 500w, https:\/\/i0.wp.com\/bottesetvelo.com\/blog\/wp-content\/uploads\/2015\/06\/2014-07-24-14.57.29.jpg?resize=1024%2C768&amp;ssl=1 1024w, https:\/\/i0.wp.com\/bottesetvelo.com\/blog\/wp-content\/uploads\/2015\/06\/2014-07-24-14.57.29.jpg?w=2340&amp;ssl=1 2340w\" sizes=\"auto, (max-width: 250px) 100vw, 250px\" \/><\/a><\/p>\n<p style=\"text-align: justify;\">Puis il y a les gites et les motels. Ces h\u00e9bergements sont souvent plus co\u00fbteux, mais suite \u00e0 notre message, plusieurs se disent ouverts \u00e0 apporter des ajustements tarifaires ou m\u00eame organisationnels si la demande devenait plus marqu\u00e9e. On parle ici de\u00ab tarif p\u00e8lerin\u00bb, de cr\u00e9ation de dortoirs ou de conversion d\u2019une chambre en mini-dortoir, de petits d\u00e9jeuners de base. Mais pour que l\u2019h\u00e9bergement-p\u00e8lerin fleurisse et se d\u00e9veloppe, il faut des p\u00e8lerins! Et pour que le p\u00e8lerinage prenne de l\u2019expansion au Qu\u00e9bec, il est n\u00e9cessaire d\u2019avoir plus d\u2019h\u00e9bergements abordables (dortoirs, d\u2019h\u00e9bergements alternatifs, de refuges priv\u00e9s). C\u2019est l\u2019\u00e9ternelle question de l\u2019\u0153uf ou la poule :-). Mais plus les h\u00e9bergeurs rencontreront de p\u00e8lerins, plus il leur sera possible de bien comprendre la r\u00e9alit\u00e9 et les besoins de ces voyageurs et donc d\u2019adapter leurs services.<a href=\"https:\/\/i0.wp.com\/bottesetvelo.com\/blog\/wp-content\/uploads\/2015\/06\/2014-07-25-06.44.33.jpg?ssl=1\"><img data-recalc-dims=\"1\" loading=\"lazy\" decoding=\"async\" data-attachment-id=\"1767\" data-permalink=\"https:\/\/bottesetvelo.com\/blog\/2015\/06\/05\/rencontre-entre-hebergeurs-et-pelerins-quebecois\/2014-07-25-06-44-33\/\" data-orig-file=\"https:\/\/i0.wp.com\/bottesetvelo.com\/blog\/wp-content\/uploads\/2015\/06\/2014-07-25-06.44.33.jpg?fit=3264%2C2448&amp;ssl=1\" data-orig-size=\"3264,2448\" data-comments-opened=\"1\" data-image-meta=\"{&quot;aperture&quot;:&quot;2.6&quot;,&quot;credit&quot;:&quot;&quot;,&quot;camera&quot;:&quot;SGH-I747M&quot;,&quot;caption&quot;:&quot;&quot;,&quot;created_timestamp&quot;:&quot;1406270673&quot;,&quot;copyright&quot;:&quot;&quot;,&quot;focal_length&quot;:&quot;3.7&quot;,&quot;iso&quot;:&quot;64&quot;,&quot;shutter_speed&quot;:&quot;0.0166666666667&quot;,&quot;title&quot;:&quot;&quot;,&quot;orientation&quot;:&quot;1&quot;}\" data-image-title=\"Auberge de jeunesse &amp;#8211; Ste-F\u00e9licit\u00e9 &amp;#8211; Cuisine commune\" data-image-description=\"\" data-image-caption=\"\" data-large-file=\"https:\/\/i0.wp.com\/bottesetvelo.com\/blog\/wp-content\/uploads\/2015\/06\/2014-07-25-06.44.33.jpg?fit=1024%2C768&amp;ssl=1\" class=\"  alignright wp-image-1767\" src=\"https:\/\/i0.wp.com\/bottesetvelo.com\/blog\/wp-content\/uploads\/2015\/06\/2014-07-25-06.44.33.jpg?resize=250%2C188&#038;ssl=1\" alt=\"Auberge de jeunesse - Ste-F\u00e9licit\u00e9 - Cuisine commune\" width=\"250\" height=\"188\" srcset=\"https:\/\/i0.wp.com\/bottesetvelo.com\/blog\/wp-content\/uploads\/2015\/06\/2014-07-25-06.44.33.jpg?resize=500%2C375&amp;ssl=1 500w, https:\/\/i0.wp.com\/bottesetvelo.com\/blog\/wp-content\/uploads\/2015\/06\/2014-07-25-06.44.33.jpg?resize=1024%2C768&amp;ssl=1 1024w, https:\/\/i0.wp.com\/bottesetvelo.com\/blog\/wp-content\/uploads\/2015\/06\/2014-07-25-06.44.33.jpg?w=2340&amp;ssl=1 2340w\" sizes=\"auto, (max-width: 250px) 100vw, 250px\" \/><\/a><\/p>\n<p style=\"text-align: justify;\">Et s\u2019il arrivait par malheur que l\u2019h\u00e9bergement ou les moyens manquent \u00e0 un p\u00e8lerin sur nos chemins du Qu\u00e9bec, celui-ci sera surpris par la g\u00e9n\u00e9rosit\u00e9 des gens qu\u2019il croise. La nature humaine est ainsi faite que nous ne laisserons pas quelqu\u2019un qui a besoin d\u2019aide se d\u00e9brouiller seul, surtout si nous avons une solution. Tout le long de la route, des gens, des inconnus, nous surprennent de par leur bont\u00e9 d\u00e9sint\u00e9ress\u00e9e.<\/p>\n<p style=\"text-align: justify;\">Alphonse de Ch\u00e2teaubriant disait : \u00abOn a toujours besoin des autres.\u00bb Dans cette recherche de mariage harmonieux entre l\u2019h\u00e9bergeur et le p\u00e8lerin, nous n\u2019en sommes qu\u2019aux premiers pas. Et c\u2019est en faisant route ensemble que chacun apprendra \u00e0 bien conna\u00eetre l\u2019autre, et qu\u2019une complicit\u00e9 pourra na\u00eetre.<a href=\"https:\/\/i0.wp.com\/bottesetvelo.com\/blog\/wp-content\/uploads\/2014\/01\/Bottes-et-V%C3%A9lo-Embl%C3%AAme.jpg?ssl=1\"><img data-recalc-dims=\"1\" loading=\"lazy\" decoding=\"async\" data-attachment-id=\"14\" data-permalink=\"https:\/\/bottesetvelo.com\/blog\/bottes-et-velo-le-blog\/bottes-et-velo-embleme\/\" data-orig-file=\"https:\/\/i0.wp.com\/bottesetvelo.com\/blog\/wp-content\/uploads\/2014\/01\/Bottes-et-V%C3%A9lo-Embl%C3%AAme-e1454083414631.jpg?fit=100%2C79&amp;ssl=1\" data-orig-size=\"100,79\" data-comments-opened=\"1\" data-image-meta=\"{&quot;aperture&quot;:&quot;0&quot;,&quot;credit&quot;:&quot;&quot;,&quot;camera&quot;:&quot;&quot;,&quot;caption&quot;:&quot;&quot;,&quot;created_timestamp&quot;:&quot;0&quot;,&quot;copyright&quot;:&quot;&quot;,&quot;focal_length&quot;:&quot;0&quot;,&quot;iso&quot;:&quot;0&quot;,&quot;shutter_speed&quot;:&quot;0&quot;,&quot;title&quot;:&quot;&quot;}\" data-image-title=\"Bottes et V\u00e9lo &amp;#8211; Embl\u00eame\" data-image-description=\"\" data-image-caption=\"\" data-large-file=\"https:\/\/i0.wp.com\/bottesetvelo.com\/blog\/wp-content\/uploads\/2014\/01\/Bottes-et-V%C3%A9lo-Embl%C3%AAme-e1454083414631.jpg?fit=100%2C79&amp;ssl=1\" class=\"  wp-image-14 alignright\" src=\"https:\/\/i0.wp.com\/bottesetvelo.com\/blog\/wp-content\/uploads\/2014\/01\/Bottes-et-V%C3%A9lo-Embl%C3%AAme.jpg?resize=72%2C56&#038;ssl=1\" alt=\"Bottes et V\u00e9lo - Embl\u00eame\" width=\"72\" height=\"56\" \/><\/a><\/p>\n<p style=\"text-align: justify;\">Brigitte Harouni<\/p>\n","protected":false},"excerpt":{"rendered":"<p>Le besoin de s&rsquo;aider engendre la bienveillance, une indulgence mutuelle, l&rsquo;absence de toute rivalit\u00e9. George Sand Pourquoi le p\u00e8lerin \u00e0 pied se pr\u00e9occupe-t-il davantage de l\u2019h\u00e9bergement que le cycliste ou l\u2019automobiliste? Vous me r\u00e9pondrez certainement que c\u2019est parce qu\u2019il se d\u00e9place lentement. Alors \u00e0 partir de quelle vitesse l\u2019h\u00e9bergement devient-il une source d\u2019inqui\u00e9tude? C\u2019est peut-\u00eatre&hellip;<\/p>\n","protected":false},"author":2,"featured_media":0,"comment_status":"open","ping_status":"open","sticky":false,"template":"","format":"standard","meta":{"jetpack_post_was_ever_published":false,"_jetpack_newsletter_access":"","_jetpack_dont_email_post_to_subs":false,"_jetpack_newsletter_tier_id":0,"_jetpack_memberships_contains_paywalled_content":false,"_jetpack_memberships_contains_paid_content":false,"footnotes":"","jetpack_publicize_message":"","jetpack_publicize_feature_enabled":true,"jetpack_social_post_already_shared":true,"jetpack_social_options":{"image_generator_settings":{"template":"highway","default_image_id":0,"font":"","enabled":false},"version":2}},"categories":[22],"tags":[246,129,23,247,208,140],"class_list":["post-1760","post","type-post","status-publish","format-standard","hentry","category-hebergement","tag-accueil","tag-entraide","tag-hebergement-2","tag-hote","tag-pelerinage-autonome","tag-rencontre"],"jetpack_publicize_connections":[],"jetpack_featured_media_url":"","jetpack_shortlink":"https:\/\/wp.me\/p4eY6z-so","jetpack_sharing_enabled":true,"jetpack_likes_enabled":true,"jetpack-related-posts":[],"_links":{"self":[{"href":"https:\/\/bottesetvelo.com\/blog\/wp-json\/wp\/v2\/posts\/1760","targetHints":{"allow":["GET"]}}],"collection":[{"href":"https:\/\/bottesetvelo.com\/blog\/wp-json\/wp\/v2\/posts"}],"about":[{"href":"https:\/\/bottesetvelo.com\/blog\/wp-json\/wp\/v2\/types\/post"}],"author":[{"embeddable":true,"href":"https:\/\/bottesetvelo.com\/blog\/wp-json\/wp\/v2\/users\/2"}],"replies":[{"embeddable":true,"href":"https:\/\/bottesetvelo.com\/blog\/wp-json\/wp\/v2\/comments?post=1760"}],"version-history":[{"count":5,"href":"https:\/\/bottesetvelo.com\/blog\/wp-json\/wp\/v2\/posts\/1760\/revisions"}],"predecessor-version":[{"id":1770,"href":"https:\/\/bottesetvelo.com\/blog\/wp-json\/wp\/v2\/posts\/1760\/revisions\/1770"}],"wp:attachment":[{"href":"https:\/\/bottesetvelo.com\/blog\/wp-json\/wp\/v2\/media?parent=1760"}],"wp:term":[{"taxonomy":"category","embeddable":true,"href":"https:\/\/bottesetvelo.com\/blog\/wp-json\/wp\/v2\/categories?post=1760"},{"taxonomy":"post_tag","embeddable":true,"href":"https:\/\/bottesetvelo.com\/blog\/wp-json\/wp\/v2\/tags?post=1760"}],"curies":[{"name":"wp","href":"https:\/\/api.w.org\/{rel}","templated":true}]}}