{"id":1748,"date":"2015-06-04T17:03:34","date_gmt":"2015-06-04T21:03:34","guid":{"rendered":"http:\/\/bottesetvelo.com\/blog\/?p=1748"},"modified":"2015-06-04T17:03:34","modified_gmt":"2015-06-04T21:03:34","slug":"la-voie-du-st-laurent-edition-2015","status":"publish","type":"post","link":"https:\/\/bottesetvelo.com\/blog\/2015\/06\/04\/la-voie-du-st-laurent-edition-2015\/","title":{"rendered":"La Voie du St-Laurent &#8211; \u00c9dition 2015"},"content":{"rendered":"<h4 style=\"text-align: justify;\"><a href=\"https:\/\/i0.wp.com\/bottesetvelo.com\/blog\/wp-content\/uploads\/2015\/06\/2014-07-15-18.23.58.jpg?ssl=1\"><img data-recalc-dims=\"1\" loading=\"lazy\" decoding=\"async\" data-attachment-id=\"1749\" data-permalink=\"https:\/\/bottesetvelo.com\/blog\/2015\/06\/04\/la-voie-du-st-laurent-edition-2015\/2014-07-15-18-23-58\/\" data-orig-file=\"https:\/\/i0.wp.com\/bottesetvelo.com\/blog\/wp-content\/uploads\/2015\/06\/2014-07-15-18.23.58.jpg?fit=1280%2C960&amp;ssl=1\" data-orig-size=\"1280,960\" data-comments-opened=\"1\" data-image-meta=\"{&quot;aperture&quot;:&quot;2.8&quot;,&quot;credit&quot;:&quot;&quot;,&quot;camera&quot;:&quot;SGH-I747M&quot;,&quot;caption&quot;:&quot;&quot;,&quot;created_timestamp&quot;:&quot;1405448638&quot;,&quot;copyright&quot;:&quot;&quot;,&quot;focal_length&quot;:&quot;2.7&quot;,&quot;iso&quot;:&quot;100&quot;,&quot;shutter_speed&quot;:&quot;0.00333333333333&quot;,&quot;title&quot;:&quot;&quot;,&quot;orientation&quot;:&quot;1&quot;}\" data-image-title=\"2014-07-15 18.23.58\" data-image-description=\"\" data-image-caption=\"\" data-large-file=\"https:\/\/i0.wp.com\/bottesetvelo.com\/blog\/wp-content\/uploads\/2015\/06\/2014-07-15-18.23.58.jpg?fit=1024%2C768&amp;ssl=1\" class=\"  alignright wp-image-1749\" src=\"https:\/\/i0.wp.com\/bottesetvelo.com\/blog\/wp-content\/uploads\/2015\/06\/2014-07-15-18.23.58.jpg?resize=299%2C224&#038;ssl=1\" alt=\"Bottes et V\u00e9lo - La Voie du St-Laurent - Qu\u00e9bec\" width=\"299\" height=\"224\" srcset=\"https:\/\/i0.wp.com\/bottesetvelo.com\/blog\/wp-content\/uploads\/2015\/06\/2014-07-15-18.23.58.jpg?resize=500%2C375&amp;ssl=1 500w, https:\/\/i0.wp.com\/bottesetvelo.com\/blog\/wp-content\/uploads\/2015\/06\/2014-07-15-18.23.58.jpg?resize=1024%2C768&amp;ssl=1 1024w, https:\/\/i0.wp.com\/bottesetvelo.com\/blog\/wp-content\/uploads\/2015\/06\/2014-07-15-18.23.58.jpg?w=1280&amp;ssl=1 1280w\" sizes=\"auto, (max-width: 299px) 100vw, 299px\" \/><\/a>C\u2019est investi d\u2019une mission bien pr\u00e9cise que Bottes et V\u00e9lo se lance pour une deuxi\u00e8me ann\u00e9e cons\u00e9cutive sur La Voie du St-Laurent, le chemin qui marche :<\/h4>\n<ol>\n<li>\n<h6><span style=\"color: #003366;\">Faire conna\u00eetre le p\u00e8lerinage comme exercice \u00e0 int\u00e9grer dans un art de vivre.<\/span><\/h6>\n<\/li>\n<li>\n<h6><span style=\"color: #003366;\">Explorer et sensibiliser au besoin d\u2019h\u00e9bergement p\u00e8lerin afin que cette pratique prenne de l\u2019ampleur au Qu\u00e9bec.<\/span><\/h6>\n<\/li>\n<\/ol>\n<p style=\"text-align: justify;\">Si on se r\u00e9f\u00e8re \u00e0 Compostelle, l\u2019int\u00e9r\u00eat est pr\u00e9sent et s\u2019accroisse sans cesse : de 150 p\u00e8lerins par ann\u00e9e au d\u00e9but des ann\u00e9es 80, c\u2019est plus de 225 000 p\u00e8lerins qui ont fr\u00e9quent\u00e9 le chemin en 2014. C\u2019est plus qu\u2019exponentiel! Mais cela signifie surtout qu\u2019il s\u2019agit plus que d\u2019une simple mode. La population est vivement interpel\u00e9e par cette d\u00e9marche spirituelle.<\/p>\n<p style=\"text-align: justify;\">La Voie du St-Laurent &#8211; le chemin qui marche &#8211; fut nomm\u00e9e ainsi, par les autochtones, il y a plusieurs milliers d\u2019ann\u00e9es. Une appellation qui, sans le savoir, allait donner le ton \u00e0 ce p\u00e8lerinage que plusieurs peuples ont d\u00e9j\u00e0 fr\u00e9quent\u00e9 dans l\u2019espoir d\u2019un meilleur. Empruntant cette voie maritime, des milliers de personnes \u00e0 travers l\u2019histoire se sont mises en marche, quittant leur quotidien, loin de leurs certitudes, en qu\u00eate d\u2019une vie meilleure, en qu\u00eate d\u2019une r\u00e9alisation, d\u2019un accomplissement. Des b\u00e2tisseurs, des visionnaires, des cr\u00e9atifs ont pris cette route \u00e0 l\u2019\u00e9coute de cette Parole qui murmurait en eux le go\u00fbt de vivre. C\u2019est la d\u00e9finition m\u00eame du p\u00e8lerinage qui, depuis des si\u00e8cles, s\u2019exp\u00e9rimente \u00e0 travers cette d\u00e9marche le long du St-Laurent : se laisser d\u00e9placer, physiquement et int\u00e9rieurement, vers un espace de sanctification \u2013 un sanctuaire \u2013 un lieu qui appelle le meilleur de soi.<\/p>\n<p style=\"text-align: justify;\"><a href=\"https:\/\/i0.wp.com\/bottesetvelo.com\/blog\/wp-content\/uploads\/2015\/06\/2014-08-10-11.24.55.jpg?ssl=1\"><img data-recalc-dims=\"1\" loading=\"lazy\" decoding=\"async\" data-attachment-id=\"1750\" data-permalink=\"https:\/\/bottesetvelo.com\/blog\/2015\/06\/04\/la-voie-du-st-laurent-edition-2015\/2014-08-10-11-24-55-2\/\" data-orig-file=\"https:\/\/i0.wp.com\/bottesetvelo.com\/blog\/wp-content\/uploads\/2015\/06\/2014-08-10-11.24.55.jpg?fit=1280%2C960&amp;ssl=1\" data-orig-size=\"1280,960\" data-comments-opened=\"1\" data-image-meta=\"{&quot;aperture&quot;:&quot;2.8&quot;,&quot;credit&quot;:&quot;&quot;,&quot;camera&quot;:&quot;SGH-I747M&quot;,&quot;caption&quot;:&quot;&quot;,&quot;created_timestamp&quot;:&quot;1407669895&quot;,&quot;copyright&quot;:&quot;&quot;,&quot;focal_length&quot;:&quot;2.7&quot;,&quot;iso&quot;:&quot;100&quot;,&quot;shutter_speed&quot;:&quot;0.000280033604032&quot;,&quot;title&quot;:&quot;&quot;,&quot;orientation&quot;:&quot;1&quot;}\" data-image-title=\"2014-08-10 11.24.55\" data-image-description=\"\" data-image-caption=\"\" data-large-file=\"https:\/\/i0.wp.com\/bottesetvelo.com\/blog\/wp-content\/uploads\/2015\/06\/2014-08-10-11.24.55.jpg?fit=1024%2C768&amp;ssl=1\" class=\"  alignright wp-image-1750\" src=\"https:\/\/i0.wp.com\/bottesetvelo.com\/blog\/wp-content\/uploads\/2015\/06\/2014-08-10-11.24.55.jpg?resize=300%2C225&#038;ssl=1\" alt=\"Bottes et V\u00e9lo - La Voie du St-Laurent - Perc\u00e9\" width=\"300\" height=\"225\" srcset=\"https:\/\/i0.wp.com\/bottesetvelo.com\/blog\/wp-content\/uploads\/2015\/06\/2014-08-10-11.24.55.jpg?resize=500%2C375&amp;ssl=1 500w, https:\/\/i0.wp.com\/bottesetvelo.com\/blog\/wp-content\/uploads\/2015\/06\/2014-08-10-11.24.55.jpg?resize=1024%2C768&amp;ssl=1 1024w, https:\/\/i0.wp.com\/bottesetvelo.com\/blog\/wp-content\/uploads\/2015\/06\/2014-08-10-11.24.55.jpg?w=1280&amp;ssl=1 1280w\" sizes=\"auto, (max-width: 300px) 100vw, 300px\" \/><\/a>Du 24 juin au 19 juillet, nous referons donc le parcours de ce p\u00e8lerinage historique, depuis la Basilique-cath\u00e9drale Notre-Dame-de-Qu\u00e9bec, premi\u00e8re \u00e9glise en Am\u00e9rique du Nord, jusqu\u2019\u00e0 Perc\u00e9. Ce sont les yeux encore brillants de nos exp\u00e9riences pr\u00e9c\u00e9dentes que nous replongerons dans cette belle aventure qu\u2019est le p\u00e8lerinage, ceci tout en ayant en t\u00eate le d\u00e9veloppement de l\u2019h\u00e9bergement p\u00e8lerin et d\u2019en sonder les diverses formes existantes.<\/p>\n<p style=\"text-align: justify;\">Au cours de ce p\u00e9riple de 26 jours, nous encouragerons particuli\u00e8rement les gens \u00e0 s\u2019inscrire sur le r\u00e9seau <a href=\"http:\/\/www.ephatta.com\/\"><strong>Ephatta<\/strong><\/a> comme h\u00e9bergement p\u00e8lerin\u00a0 \u00ab\u00a0donativo\u00a0\u00bb (contribution volontaire); et nous exp\u00e9rimenterons le r\u00e9seau d\u2019h\u00e9bergement alternatif <em><strong>Couchsurfing<\/strong><\/em> qui semble d\u00e9j\u00e0 bien implant\u00e9 au Qu\u00e9bec.<\/p>\n<p style=\"text-align: justify;\">\u00c0 travers diff\u00e9rentes capsules vid\u00e9o que nous mettrons en ligne, vous pourrez suivre notre p\u00e8lerinage. Ces capsules vous permettront de d\u00e9couvrir la r\u00e9gion et d\u2019en apprendre davantage sur l\u2019h\u00e9bergement disponible.<\/p>\n<p style=\"text-align: justify;\">Encore une fois cette ann\u00e9e, nous comptons sur votre soutien pour faire courir la rumeur de la Voie du St-Laurent! Suivez notre calendrier de p\u00e8lerinage pour savoir quand nous serons de passage dans votre secteur: <a href=\"https:\/\/bottesetvelo.com\/blog\/wp-content\/uploads\/2015\/06\/Bottes-et-V\u00e9lo-La-Voie-du-St-Laurent-Calendrier-2015.pdf\">Bottes et V\u00e9lo &#8211; La Voie du St-Laurent &#8211; Calendrier 2015<\/a><\/p>\n<p style=\"text-align: justify;\"><a href=\"https:\/\/i0.wp.com\/bottesetvelo.com\/blog\/wp-content\/uploads\/2015\/06\/2014-08-10-14.42.58.jpg?ssl=1\"><img data-recalc-dims=\"1\" loading=\"lazy\" decoding=\"async\" data-attachment-id=\"1751\" data-permalink=\"https:\/\/bottesetvelo.com\/blog\/2015\/06\/04\/la-voie-du-st-laurent-edition-2015\/2014-08-10-14-42-58-2\/\" data-orig-file=\"https:\/\/i0.wp.com\/bottesetvelo.com\/blog\/wp-content\/uploads\/2015\/06\/2014-08-10-14.42.58.jpg?fit=3240%2C2414&amp;ssl=1\" data-orig-size=\"3240,2414\" data-comments-opened=\"1\" data-image-meta=\"{&quot;aperture&quot;:&quot;2.6&quot;,&quot;credit&quot;:&quot;&quot;,&quot;camera&quot;:&quot;SGH-I747M&quot;,&quot;caption&quot;:&quot;&quot;,&quot;created_timestamp&quot;:&quot;1407681778&quot;,&quot;copyright&quot;:&quot;&quot;,&quot;focal_length&quot;:&quot;3.7&quot;,&quot;iso&quot;:&quot;50&quot;,&quot;shutter_speed&quot;:&quot;0.000706214689266&quot;,&quot;title&quot;:&quot;&quot;,&quot;orientation&quot;:&quot;1&quot;}\" data-image-title=\"2014-08-10 14.42.58\" data-image-description=\"\" data-image-caption=\"\" data-large-file=\"https:\/\/i0.wp.com\/bottesetvelo.com\/blog\/wp-content\/uploads\/2015\/06\/2014-08-10-14.42.58.jpg?fit=1024%2C763&amp;ssl=1\" class=\"  alignright wp-image-1751\" src=\"https:\/\/i0.wp.com\/bottesetvelo.com\/blog\/wp-content\/uploads\/2015\/06\/2014-08-10-14.42.58.jpg?resize=300%2C224&#038;ssl=1\" alt=\"Bottes et V\u00e9lo - La Voie du St-Laurent - Perc\u00e9\" width=\"300\" height=\"224\" srcset=\"https:\/\/i0.wp.com\/bottesetvelo.com\/blog\/wp-content\/uploads\/2015\/06\/2014-08-10-14.42.58.jpg?resize=500%2C373&amp;ssl=1 500w, https:\/\/i0.wp.com\/bottesetvelo.com\/blog\/wp-content\/uploads\/2015\/06\/2014-08-10-14.42.58.jpg?resize=1024%2C763&amp;ssl=1 1024w, https:\/\/i0.wp.com\/bottesetvelo.com\/blog\/wp-content\/uploads\/2015\/06\/2014-08-10-14.42.58.jpg?w=2340&amp;ssl=1 2340w\" sizes=\"auto, (max-width: 300px) 100vw, 300px\" \/><\/a><span style=\"color: #003366;\"><em><strong>Si certains, certaines, parmi vous souhaitent organiser une rencontre lors de notre passage, nous sommes disponibles pour offrir une soir\u00e9e-causerie sur le p\u00e8lerinage et partager notre exp\u00e9rience de la Voie du St-Laurent et du Chemin de Compostelle. Une soir\u00e9e qui peut se d\u00e9rouler dans votre salon ou sur votre patio, en toute simplicit\u00e9. Vous n\u2019avez qu\u2019\u00e0 nous contacter.<\/strong> <\/em><\/span><\/p>\n<p style=\"text-align: justify;\">Nous lan\u00e7ons \u00e9galement l\u2019invitation \u00e0 tous ceux et celles qui seraient tent\u00e9s par l\u2019exp\u00e9rience \u00e0 venir faire un bout de chemin avec nous. Que ce soit pour une journ\u00e9e, plusieurs jours ou m\u00eame plus d\u2019une semaine : vous \u00eates les bienvenu-e-s! Vous n\u2019aurez qu\u2019\u00e0 d\u00e9frayer les co\u00fbts de vos repas et de votre h\u00e9bergement. Consultez notre calendrier et \u00e9crivez-nous pour nous dire en quel endroit vous aimeriez vous joindre \u00e0 nous. Ce serait une merveilleuse fa\u00e7on de faire votre connaissance, ceci tout en explorant une des plus magnifiques r\u00e9gions du Qu\u00e9bec!<a href=\"https:\/\/i0.wp.com\/bottesetvelo.com\/blog\/wp-content\/uploads\/2014\/01\/Bottes-et-V%C3%A9lo-Embl%C3%AAme.jpg?ssl=1\"><img data-recalc-dims=\"1\" loading=\"lazy\" decoding=\"async\" data-attachment-id=\"14\" data-permalink=\"https:\/\/bottesetvelo.com\/blog\/bottes-et-velo-le-blog\/bottes-et-velo-embleme\/\" data-orig-file=\"https:\/\/i0.wp.com\/bottesetvelo.com\/blog\/wp-content\/uploads\/2014\/01\/Bottes-et-V%C3%A9lo-Embl%C3%AAme-e1454083414631.jpg?fit=100%2C79&amp;ssl=1\" data-orig-size=\"100,79\" data-comments-opened=\"1\" data-image-meta=\"{&quot;aperture&quot;:&quot;0&quot;,&quot;credit&quot;:&quot;&quot;,&quot;camera&quot;:&quot;&quot;,&quot;caption&quot;:&quot;&quot;,&quot;created_timestamp&quot;:&quot;0&quot;,&quot;copyright&quot;:&quot;&quot;,&quot;focal_length&quot;:&quot;0&quot;,&quot;iso&quot;:&quot;0&quot;,&quot;shutter_speed&quot;:&quot;0&quot;,&quot;title&quot;:&quot;&quot;}\" data-image-title=\"Bottes et V\u00e9lo &amp;#8211; Embl\u00eame\" data-image-description=\"\" data-image-caption=\"\" data-large-file=\"https:\/\/i0.wp.com\/bottesetvelo.com\/blog\/wp-content\/uploads\/2014\/01\/Bottes-et-V%C3%A9lo-Embl%C3%AAme-e1454083414631.jpg?fit=100%2C79&amp;ssl=1\" class=\"  wp-image-14 alignright\" src=\"https:\/\/i0.wp.com\/bottesetvelo.com\/blog\/wp-content\/uploads\/2014\/01\/Bottes-et-V%C3%A9lo-Embl%C3%AAme.jpg?resize=87%2C68&#038;ssl=1\" alt=\"Bottes et V\u00e9lo - Embl\u00eame\" width=\"87\" height=\"68\" \/><\/a><\/p>\n<p style=\"text-align: justify;\">\u00c9ric Lalibert\u00e9 et Brigitte Harouni<\/p>\n<h4 style=\"text-align: justify;\"><a href=\"http:\/\/bottesetvelo.com\/bottes-et-v%C3%A9lo---la-voie-du-saint-laurent\">Bottes et V\u00e9lo &#8211; La Voie du St-Laurent &#8211; \u00c9dition 2015<\/a><\/h4>\n","protected":false},"excerpt":{"rendered":"<p>C\u2019est investi d\u2019une mission bien pr\u00e9cise que Bottes et V\u00e9lo se lance pour une deuxi\u00e8me ann\u00e9e cons\u00e9cutive sur La Voie du St-Laurent, le chemin qui marche : Faire conna\u00eetre le p\u00e8lerinage comme exercice \u00e0 int\u00e9grer dans un art de vivre. Explorer et sensibiliser au besoin d\u2019h\u00e9bergement p\u00e8lerin afin que cette pratique prenne de l\u2019ampleur au&hellip;<\/p>\n","protected":false},"author":1,"featured_media":0,"comment_status":"open","ping_status":"open","sticky":false,"template":"","format":"standard","meta":{"jetpack_post_was_ever_published":false,"_jetpack_newsletter_access":"","_jetpack_dont_email_post_to_subs":false,"_jetpack_newsletter_tier_id":0,"_jetpack_memberships_contains_paywalled_content":false,"_jetpack_memberships_contains_paid_content":false,"footnotes":"","jetpack_publicize_message":"","jetpack_publicize_feature_enabled":true,"jetpack_social_post_already_shared":true,"jetpack_social_options":{"image_generator_settings":{"template":"highway","default_image_id":0,"font":"","enabled":false},"version":2}},"categories":[9,74],"tags":[245,212,23,244,13,243,16,242],"class_list":["post-1748","post","type-post","status-publish","format-standard","hentry","category-chemins-de-pelerinage","category-la-voie-du-st-laurent","tag-couchsurfing","tag-ephatta","tag-hebergement-2","tag-la-voie-du-st-laurent-edition-2015","tag-pelerinage","tag-perce","tag-quebec","tag-soiree-causerie"],"jetpack_publicize_connections":[],"jetpack_featured_media_url":"","jetpack_shortlink":"https:\/\/wp.me\/p4eY6z-sc","jetpack_sharing_enabled":true,"jetpack_likes_enabled":true,"jetpack-related-posts":[],"_links":{"self":[{"href":"https:\/\/bottesetvelo.com\/blog\/wp-json\/wp\/v2\/posts\/1748","targetHints":{"allow":["GET"]}}],"collection":[{"href":"https:\/\/bottesetvelo.com\/blog\/wp-json\/wp\/v2\/posts"}],"about":[{"href":"https:\/\/bottesetvelo.com\/blog\/wp-json\/wp\/v2\/types\/post"}],"author":[{"embeddable":true,"href":"https:\/\/bottesetvelo.com\/blog\/wp-json\/wp\/v2\/users\/1"}],"replies":[{"embeddable":true,"href":"https:\/\/bottesetvelo.com\/blog\/wp-json\/wp\/v2\/comments?post=1748"}],"version-history":[{"count":7,"href":"https:\/\/bottesetvelo.com\/blog\/wp-json\/wp\/v2\/posts\/1748\/revisions"}],"predecessor-version":[{"id":1759,"href":"https:\/\/bottesetvelo.com\/blog\/wp-json\/wp\/v2\/posts\/1748\/revisions\/1759"}],"wp:attachment":[{"href":"https:\/\/bottesetvelo.com\/blog\/wp-json\/wp\/v2\/media?parent=1748"}],"wp:term":[{"taxonomy":"category","embeddable":true,"href":"https:\/\/bottesetvelo.com\/blog\/wp-json\/wp\/v2\/categories?post=1748"},{"taxonomy":"post_tag","embeddable":true,"href":"https:\/\/bottesetvelo.com\/blog\/wp-json\/wp\/v2\/tags?post=1748"}],"curies":[{"name":"wp","href":"https:\/\/api.w.org\/{rel}","templated":true}]}}