{"id":1742,"date":"2015-06-04T10:35:32","date_gmt":"2015-06-04T14:35:32","guid":{"rendered":"http:\/\/bottesetvelo.com\/blog\/?p=1742"},"modified":"2015-06-04T10:35:32","modified_gmt":"2015-06-04T14:35:32","slug":"jade-sur-la-voie-du-st-laurent","status":"publish","type":"post","link":"https:\/\/bottesetvelo.com\/blog\/2015\/06\/04\/jade-sur-la-voie-du-st-laurent\/","title":{"rendered":"Jade sur la Voie du St-Laurent"},"content":{"rendered":"<h5 style=\"text-align: justify;\"><a href=\"https:\/\/i0.wp.com\/bottesetvelo.com\/blog\/wp-content\/uploads\/2015\/06\/2015-06-01-08.54.481.jpg?ssl=1\"><img data-recalc-dims=\"1\" loading=\"lazy\" decoding=\"async\" data-attachment-id=\"1743\" data-permalink=\"https:\/\/bottesetvelo.com\/blog\/2015\/06\/04\/jade-sur-la-voie-du-st-laurent\/2015-06-01-08-54-48-2\/\" data-orig-file=\"https:\/\/i0.wp.com\/bottesetvelo.com\/blog\/wp-content\/uploads\/2015\/06\/2015-06-01-08.54.481.jpg?fit=584%2C492&amp;ssl=1\" data-orig-size=\"584,492\" data-comments-opened=\"1\" data-image-meta=\"{&quot;aperture&quot;:&quot;2.6&quot;,&quot;credit&quot;:&quot;&quot;,&quot;camera&quot;:&quot;SGH-I747M&quot;,&quot;caption&quot;:&quot;&quot;,&quot;created_timestamp&quot;:&quot;1433148888&quot;,&quot;copyright&quot;:&quot;&quot;,&quot;focal_length&quot;:&quot;3.7&quot;,&quot;iso&quot;:&quot;50&quot;,&quot;shutter_speed&quot;:&quot;0.00185873605948&quot;,&quot;title&quot;:&quot;&quot;,&quot;orientation&quot;:&quot;1&quot;}\" data-image-title=\"Jade Champagne-Provost &amp;#8211; La Voie du St-Laurent\" data-image-description=\"\" data-image-caption=\"\" data-large-file=\"https:\/\/i0.wp.com\/bottesetvelo.com\/blog\/wp-content\/uploads\/2015\/06\/2015-06-01-08.54.481.jpg?fit=584%2C492&amp;ssl=1\" class=\"  wp-image-1743 alignright\" src=\"https:\/\/i0.wp.com\/bottesetvelo.com\/blog\/wp-content\/uploads\/2015\/06\/2015-06-01-08.54.481.jpg?resize=300%2C253&#038;ssl=1\" alt=\"Jade Champagne-Provost - La Voie du St-Laurent\" width=\"300\" height=\"253\" srcset=\"https:\/\/i0.wp.com\/bottesetvelo.com\/blog\/wp-content\/uploads\/2015\/06\/2015-06-01-08.54.481.jpg?resize=500%2C421&amp;ssl=1 500w, https:\/\/i0.wp.com\/bottesetvelo.com\/blog\/wp-content\/uploads\/2015\/06\/2015-06-01-08.54.481.jpg?w=584&amp;ssl=1 584w\" sizes=\"auto, (max-width: 300px) 100vw, 300px\" \/><\/a>Jade a quitt\u00e9 St-Jean-Port-Joli ce matin avec, enfin, le soleil et un peu de chaleur pour l&rsquo;accompagner sur sa route.<\/h5>\n<p style=\"text-align: justify;\">Sa cheville va de mieux en mieux, me dit-elle, et elle int\u00e8gre de plus en plus le rythme du p\u00e8lerin, c&rsquo;est-\u00e0-dire: appr\u00e9cier et savourer lentement chacun de ces pas qui m\u00e8ne \u00e0 un\u00a0 changement int\u00e9rieur. En ce moment, elle se dirige vers La Pocati\u00e8re o\u00f9 elle passera la nuit \u00e0 la r\u00e9sidence \u00e9tudiante du C\u00e9gep.<\/p>\n<p style=\"text-align: justify;\">Pour la suite de son p\u00e9riple, nous sommes pr\u00e9sentement \u00e0 la recherche d&rsquo;h\u00e9bergements dans la r\u00e9gion de Kamouraska:<\/p>\n<ul>\n<li>5 juin &#8211; Kamouraska<\/li>\n<li>6 juin &#8211; St-Andr\u00e9-de-Kamouraska<\/li>\n<\/ul>\n<p style=\"text-align: justify;\">Si vous avez une chambre, ne serait-ce qu&rsquo;un sofa, pour l&rsquo;accueillir une nuit, ainsi qu&rsquo;un petit-d\u00e9jeuner \u00e0 lui offrir, ce serait appr\u00e9ci\u00e9. \ud83d\ude42 Peut-\u00eatre m\u00eame pourriez-vous transmettre ce message \u00e0 quelqu&rsquo;un que vous connaissez dans ce secteur&#8230;<\/p>\n<p style=\"text-align: justify;\">Nous vous rappelons que Jade a entrepris 12 jours de marche sur la Voie du St-Laurent, entre Qu\u00e9bec et Rimouski, relevant le d\u00e9fi de se d\u00e9passer, malgr\u00e9 des handicaps visuels et auditifs. Jade fait preuve d&rsquo;un grand courage et d&rsquo;une belle d\u00e9termination. Nous vous invitons \u00e0 l&rsquo;encourager en lui ouvrant grande votre porte!<a href=\"https:\/\/i0.wp.com\/bottesetvelo.com\/blog\/wp-content\/uploads\/2014\/01\/Bottes-et-V%C3%A9lo-Embl%C3%AAme.jpg?ssl=1\"><img data-recalc-dims=\"1\" loading=\"lazy\" decoding=\"async\" data-attachment-id=\"14\" data-permalink=\"https:\/\/bottesetvelo.com\/blog\/bottes-et-velo-le-blog\/bottes-et-velo-embleme\/\" data-orig-file=\"https:\/\/i0.wp.com\/bottesetvelo.com\/blog\/wp-content\/uploads\/2014\/01\/Bottes-et-V%C3%A9lo-Embl%C3%AAme-e1454083414631.jpg?fit=100%2C79&amp;ssl=1\" data-orig-size=\"100,79\" data-comments-opened=\"1\" data-image-meta=\"{&quot;aperture&quot;:&quot;0&quot;,&quot;credit&quot;:&quot;&quot;,&quot;camera&quot;:&quot;&quot;,&quot;caption&quot;:&quot;&quot;,&quot;created_timestamp&quot;:&quot;0&quot;,&quot;copyright&quot;:&quot;&quot;,&quot;focal_length&quot;:&quot;0&quot;,&quot;iso&quot;:&quot;0&quot;,&quot;shutter_speed&quot;:&quot;0&quot;,&quot;title&quot;:&quot;&quot;}\" data-image-title=\"Bottes et V\u00e9lo &amp;#8211; Embl\u00eame\" data-image-description=\"\" data-image-caption=\"\" data-large-file=\"https:\/\/i0.wp.com\/bottesetvelo.com\/blog\/wp-content\/uploads\/2014\/01\/Bottes-et-V%C3%A9lo-Embl%C3%AAme-e1454083414631.jpg?fit=100%2C79&amp;ssl=1\" class=\"  wp-image-14 alignright\" src=\"https:\/\/i0.wp.com\/bottesetvelo.com\/blog\/wp-content\/uploads\/2014\/01\/Bottes-et-V%C3%A9lo-Embl%C3%AAme.jpg?resize=81%2C64&#038;ssl=1\" alt=\"Bottes et V\u00e9lo - Embl\u00eame\" width=\"81\" height=\"64\" \/><\/a><\/p>\n<p>\u00c9ric Lalibert\u00e9<\/p>\n","protected":false},"excerpt":{"rendered":"<p>Jade a quitt\u00e9 St-Jean-Port-Joli ce matin avec, enfin, le soleil et un peu de chaleur pour l&rsquo;accompagner sur sa route. Sa cheville va de mieux en mieux, me dit-elle, et elle int\u00e8gre de plus en plus le rythme du p\u00e8lerin, c&rsquo;est-\u00e0-dire: appr\u00e9cier et savourer lentement chacun de ces pas qui m\u00e8ne \u00e0 un\u00a0 changement int\u00e9rieur.&hellip;<\/p>\n","protected":false},"author":3,"featured_media":0,"comment_status":"open","ping_status":"open","sticky":false,"template":"","format":"standard","meta":{"jetpack_post_was_ever_published":false,"_jetpack_newsletter_access":"","_jetpack_dont_email_post_to_subs":false,"_jetpack_newsletter_tier_id":0,"_jetpack_memberships_contains_paywalled_content":false,"_jetpack_memberships_contains_paid_content":false,"footnotes":"","jetpack_publicize_message":"","jetpack_publicize_feature_enabled":true,"jetpack_social_post_already_shared":true,"jetpack_social_options":{"image_generator_settings":{"template":"highway","default_image_id":0,"font":"","enabled":false},"version":2}},"categories":[22,230],"tags":[168,23,231,240],"class_list":["post-1742","post","type-post","status-publish","format-standard","hentry","category-hebergement","category-histoire-de-pelerin","tag-demarche-du-pelerin","tag-hebergement-2","tag-jade-champagne-provost","tag-kamouraska"],"jetpack_publicize_connections":[],"jetpack_featured_media_url":"","jetpack_shortlink":"https:\/\/wp.me\/p4eY6z-s6","jetpack_sharing_enabled":true,"jetpack_likes_enabled":true,"jetpack-related-posts":[],"_links":{"self":[{"href":"https:\/\/bottesetvelo.com\/blog\/wp-json\/wp\/v2\/posts\/1742","targetHints":{"allow":["GET"]}}],"collection":[{"href":"https:\/\/bottesetvelo.com\/blog\/wp-json\/wp\/v2\/posts"}],"about":[{"href":"https:\/\/bottesetvelo.com\/blog\/wp-json\/wp\/v2\/types\/post"}],"author":[{"embeddable":true,"href":"https:\/\/bottesetvelo.com\/blog\/wp-json\/wp\/v2\/users\/3"}],"replies":[{"embeddable":true,"href":"https:\/\/bottesetvelo.com\/blog\/wp-json\/wp\/v2\/comments?post=1742"}],"version-history":[{"count":3,"href":"https:\/\/bottesetvelo.com\/blog\/wp-json\/wp\/v2\/posts\/1742\/revisions"}],"predecessor-version":[{"id":1746,"href":"https:\/\/bottesetvelo.com\/blog\/wp-json\/wp\/v2\/posts\/1742\/revisions\/1746"}],"wp:attachment":[{"href":"https:\/\/bottesetvelo.com\/blog\/wp-json\/wp\/v2\/media?parent=1742"}],"wp:term":[{"taxonomy":"category","embeddable":true,"href":"https:\/\/bottesetvelo.com\/blog\/wp-json\/wp\/v2\/categories?post=1742"},{"taxonomy":"post_tag","embeddable":true,"href":"https:\/\/bottesetvelo.com\/blog\/wp-json\/wp\/v2\/tags?post=1742"}],"curies":[{"name":"wp","href":"https:\/\/api.w.org\/{rel}","templated":true}]}}