{"id":1732,"date":"2015-06-02T19:27:03","date_gmt":"2015-06-02T23:27:03","guid":{"rendered":"http:\/\/bottesetvelo.com\/blog\/?p=1732"},"modified":"2015-06-02T19:27:03","modified_gmt":"2015-06-02T23:27:03","slug":"ressourcement-et-pelerinage-kamouraska-12-13-14-juin","status":"publish","type":"post","link":"https:\/\/bottesetvelo.com\/blog\/2015\/06\/02\/ressourcement-et-pelerinage-kamouraska-12-13-14-juin\/","title":{"rendered":"Ressourcement et p\u00e8lerinage &#8211; Kamouraska (12-13-14 juin)"},"content":{"rendered":"<h3 style=\"text-align: left;\"><span style=\"color: #800000;\">Il est encore temps de s&rsquo;inscrire pour le s\u00e9jour dans Kamouraska du 12 au 14 juin.<\/span><\/h3>\n<p><span style=\"color: #000080;\"><strong><a href=\"https:\/\/i0.wp.com\/bottesetvelo.com\/blog\/wp-content\/uploads\/2015\/06\/2014-09-06-16.04.21.jpg?ssl=1\"><img data-recalc-dims=\"1\" loading=\"lazy\" decoding=\"async\" data-attachment-id=\"1733\" data-permalink=\"https:\/\/bottesetvelo.com\/blog\/2015\/06\/02\/ressourcement-et-pelerinage-kamouraska-12-13-14-juin\/2014-09-06-16-04-21\/\" data-orig-file=\"https:\/\/i0.wp.com\/bottesetvelo.com\/blog\/wp-content\/uploads\/2015\/06\/2014-09-06-16.04.21.jpg?fit=2166%2C1616&amp;ssl=1\" data-orig-size=\"2166,1616\" data-comments-opened=\"1\" data-image-meta=\"{&quot;aperture&quot;:&quot;2.6&quot;,&quot;credit&quot;:&quot;&quot;,&quot;camera&quot;:&quot;SGH-I747M&quot;,&quot;caption&quot;:&quot;&quot;,&quot;created_timestamp&quot;:&quot;1410019461&quot;,&quot;copyright&quot;:&quot;&quot;,&quot;focal_length&quot;:&quot;3.7&quot;,&quot;iso&quot;:&quot;50&quot;,&quot;shutter_speed&quot;:&quot;0.000642673521851&quot;,&quot;title&quot;:&quot;&quot;,&quot;orientation&quot;:&quot;1&quot;}\" data-image-title=\"2014-09-06 16.04.21\" data-image-description=\"\" data-image-caption=\"\" data-large-file=\"https:\/\/i0.wp.com\/bottesetvelo.com\/blog\/wp-content\/uploads\/2015\/06\/2014-09-06-16.04.21.jpg?fit=1024%2C764&amp;ssl=1\" class=\"  alignright wp-image-1733\" src=\"https:\/\/i0.wp.com\/bottesetvelo.com\/blog\/wp-content\/uploads\/2015\/06\/2014-09-06-16.04.21.jpg?resize=300%2C224&#038;ssl=1\" alt=\"St-Andr\u00e9-de-Kamouraska\" width=\"300\" height=\"224\" srcset=\"https:\/\/i0.wp.com\/bottesetvelo.com\/blog\/wp-content\/uploads\/2015\/06\/2014-09-06-16.04.21.jpg?resize=500%2C373&amp;ssl=1 500w, https:\/\/i0.wp.com\/bottesetvelo.com\/blog\/wp-content\/uploads\/2015\/06\/2014-09-06-16.04.21.jpg?resize=1024%2C764&amp;ssl=1 1024w\" sizes=\"auto, (max-width: 300px) 100vw, 300px\" \/><\/a>Kamouraska (Saint-Pascal et Saint-Andr\u00e9) 45 km <\/strong><\/span><br \/>\n<span style=\"color: #003300;\"><strong>Th\u00e8me: Calme et m\u00e9ditation \u2013 Terre et mer <\/strong><\/span><br \/>\n<span style=\"color: #800000;\"><strong>12-13-14 juin\u00a0\u00a0<\/strong><\/span><\/p>\n<ul>\n<li><span style=\"color: #003300;\"><strong>L&rsquo;h\u00e9bergement se fait au Motel de l&rsquo;Amiti\u00e9 \u00e0 St-Pascal-de-Kamouraska et au Manoir St-Andr\u00e9 \u00e0 St-Andr\u00e9-de-Kamouraska. Les repas se prennent au restaurant.<br \/>\n<\/strong><\/span><\/li>\n<\/ul>\n<p style=\"text-align: justify;\"><span style=\"color: #000080;\"><strong>Comment se laisser d\u00e9placer vers cette espace de calme qui semble si souvent nous \u00e9chapper? C&rsquo;est la d\u00e9marche que vous propose Bottes et V\u00e9lo lors de ce s\u00e9jour. Un espace de pr\u00e9sence \u00e0 soi, \u00e0 la nature et au temps qui vous permettront de faire le vide, de renouer <\/strong><\/span><span style=\"color: #000080;\"><strong>avec vous-m\u00eames et d&rsquo;y puiser l&rsquo;\u00e9nergie pour transformer et poursuivre votre route au quotidien.<\/strong><\/span><\/p>\n<h3><a href=\"https:\/\/i0.wp.com\/bottesetvelo.com\/blog\/wp-content\/uploads\/2015\/06\/2014-09-06-15.56.07.jpg?ssl=1\"><img data-recalc-dims=\"1\" loading=\"lazy\" decoding=\"async\" data-attachment-id=\"1734\" data-permalink=\"https:\/\/bottesetvelo.com\/blog\/2015\/06\/02\/ressourcement-et-pelerinage-kamouraska-12-13-14-juin\/2014-09-06-15-56-07\/\" data-orig-file=\"https:\/\/i0.wp.com\/bottesetvelo.com\/blog\/wp-content\/uploads\/2015\/06\/2014-09-06-15.56.07.jpg?fit=2171%2C1623&amp;ssl=1\" data-orig-size=\"2171,1623\" data-comments-opened=\"1\" data-image-meta=\"{&quot;aperture&quot;:&quot;2.6&quot;,&quot;credit&quot;:&quot;&quot;,&quot;camera&quot;:&quot;SGH-I747M&quot;,&quot;caption&quot;:&quot;&quot;,&quot;created_timestamp&quot;:&quot;1410018967&quot;,&quot;copyright&quot;:&quot;&quot;,&quot;focal_length&quot;:&quot;3.7&quot;,&quot;iso&quot;:&quot;50&quot;,&quot;shutter_speed&quot;:&quot;0.00065445026178&quot;,&quot;title&quot;:&quot;&quot;,&quot;orientation&quot;:&quot;1&quot;}\" data-image-title=\"2014-09-06 15.56.07\" data-image-description=\"\" data-image-caption=\"\" data-large-file=\"https:\/\/i0.wp.com\/bottesetvelo.com\/blog\/wp-content\/uploads\/2015\/06\/2014-09-06-15.56.07.jpg?fit=1024%2C766&amp;ssl=1\" class=\"  alignright wp-image-1734\" src=\"https:\/\/i0.wp.com\/bottesetvelo.com\/blog\/wp-content\/uploads\/2015\/06\/2014-09-06-15.56.07.jpg?resize=300%2C224&#038;ssl=1\" alt=\"St-Andr\u00e9-de-Kamouraska\" width=\"300\" height=\"224\" srcset=\"https:\/\/i0.wp.com\/bottesetvelo.com\/blog\/wp-content\/uploads\/2015\/06\/2014-09-06-15.56.07.jpg?resize=500%2C374&amp;ssl=1 500w, https:\/\/i0.wp.com\/bottesetvelo.com\/blog\/wp-content\/uploads\/2015\/06\/2014-09-06-15.56.07.jpg?resize=1024%2C766&amp;ssl=1 1024w\" sizes=\"auto, (max-width: 300px) 100vw, 300px\" \/><\/a>\u00c0 surveiller en ao\u00fbt:<\/h3>\n<ul>\n<li><span style=\"color: #000080;\"><strong><em><span style=\"color: #993300;\">S\u00e9jour dans la r\u00e9gion de Bellechasse<\/span> (St-Michel et Berthier-sur-Mer) &#8211; 42 km (th\u00e8me: Chemin de transition \u2013\u00a0 Les passages dans ma vie) <span style=\"color: #993300;\">4-5-6 ao\u00fbt<\/span><\/em><\/strong><\/span><\/li>\n<li><span style=\"color: #000080;\"><strong>\u00a0 <\/strong><\/span><span style=\"color: #993300;\"><strong>S\u00e9jour \u00e0 <em>l&rsquo;Ile d&rsquo;Orl\u00e9a<\/em><\/strong><\/span><span style=\"color: #000080;\"><strong><em><span style=\"color: #993300;\">ns<\/span> &#8211; 40 km<\/em><\/strong><\/span><span style=\"color: #000080;\"><strong><em> (th\u00e8me: Chemin du terroir &#8211; Exp\u00e9rience des sens) <span style=\"color: #993300;\">28-29-30 ao\u00fbt<\/span><\/em><\/strong><\/span><\/li>\n<\/ul>\n<h3><span style=\"color: #800000;\">Lors de ces s\u00e9jours :<\/span><\/h3>\n<ul>\n<li style=\"text-align: left;\"><span style=\"color: #000080;\"><strong>Nous vous accompagnerons sur la route.<\/strong><\/span><\/li>\n<li style=\"text-align: left;\"><span style=\"color: #000080;\"><strong>Vous b\u00e9n\u00e9ficierez d&rsquo;exercices reli\u00e9s \u00e0 la tr\u00e8s longue randonn\u00e9e et d&rsquo;ateliers visant l&rsquo;introspection.<\/strong><\/span><\/li>\n<li style=\"text-align: left;\"><span style=\"color: #000080;\"><strong><a href=\"https:\/\/i0.wp.com\/bottesetvelo.com\/blog\/wp-content\/uploads\/2015\/06\/2014-09-06-15.10.09.jpg?ssl=1\"><img data-recalc-dims=\"1\" loading=\"lazy\" decoding=\"async\" data-attachment-id=\"1735\" data-permalink=\"https:\/\/bottesetvelo.com\/blog\/2015\/06\/02\/ressourcement-et-pelerinage-kamouraska-12-13-14-juin\/2014-09-06-15-10-09\/\" data-orig-file=\"https:\/\/i0.wp.com\/bottesetvelo.com\/blog\/wp-content\/uploads\/2015\/06\/2014-09-06-15.10.09.jpg?fit=2562%2C1531&amp;ssl=1\" data-orig-size=\"2562,1531\" data-comments-opened=\"1\" data-image-meta=\"{&quot;aperture&quot;:&quot;2.6&quot;,&quot;credit&quot;:&quot;&quot;,&quot;camera&quot;:&quot;SGH-I747M&quot;,&quot;caption&quot;:&quot;&quot;,&quot;created_timestamp&quot;:&quot;1410016209&quot;,&quot;copyright&quot;:&quot;&quot;,&quot;focal_length&quot;:&quot;3.7&quot;,&quot;iso&quot;:&quot;50&quot;,&quot;shutter_speed&quot;:&quot;0.000521920668058&quot;,&quot;title&quot;:&quot;&quot;,&quot;orientation&quot;:&quot;1&quot;}\" data-image-title=\"2014-09-06 15.10.09\" data-image-description=\"\" data-image-caption=\"\" data-large-file=\"https:\/\/i0.wp.com\/bottesetvelo.com\/blog\/wp-content\/uploads\/2015\/06\/2014-09-06-15.10.09.jpg?fit=1024%2C612&amp;ssl=1\" class=\"  alignright wp-image-1735\" src=\"https:\/\/i0.wp.com\/bottesetvelo.com\/blog\/wp-content\/uploads\/2015\/06\/2014-09-06-15.10.09.jpg?resize=300%2C179&#038;ssl=1\" alt=\"St-Andr\u00e9-de-Kamouraska\" width=\"300\" height=\"179\" srcset=\"https:\/\/i0.wp.com\/bottesetvelo.com\/blog\/wp-content\/uploads\/2015\/06\/2014-09-06-15.10.09.jpg?resize=500%2C299&amp;ssl=1 500w, https:\/\/i0.wp.com\/bottesetvelo.com\/blog\/wp-content\/uploads\/2015\/06\/2014-09-06-15.10.09.jpg?resize=1024%2C612&amp;ssl=1 1024w, https:\/\/i0.wp.com\/bottesetvelo.com\/blog\/wp-content\/uploads\/2015\/06\/2014-09-06-15.10.09.jpg?w=2340&amp;ssl=1 2340w\" sizes=\"auto, (max-width: 300px) 100vw, 300px\" \/><\/a>Nous prendrons des temps de r\u00e9flexion et de partage qui permettront une meilleure int\u00e9gration de la spiritualit\u00e9 de ces longues randonn\u00e9es.<\/strong><\/span><\/li>\n<li style=\"text-align: left;\"><span style=\"color: #000080;\"><strong>Nous explorerons diff\u00e9rentes facettes de la d\u00e9marche du p\u00e8lerin.<\/strong><\/span><\/li>\n<li style=\"text-align: left;\"><span style=\"color: #003300;\"><strong>Tarif: 275$\/pers. (Le s\u00e9jour inclut : l\u2019h\u00e9bergement, les d\u00e9jeuners et le souper du samedi soir, la documentation et la formation)<\/strong><\/span><\/li>\n<\/ul>\n<h2 style=\"text-align: center;\"><em><span style=\"color: #800000;\">TENTEZ L\u2019EXP\u00c9RIENCE!<\/span><\/em><\/h2>\n<h2 style=\"text-align: center;\"><span style=\"color: #000080;\">Inscrivez-vous d\u00e8s maintenant sur<\/span> <a href=\"http:\/\/bottesetvelo.com\/bottes-et-velo---ressourcement-et-pelerinage\">bottesetvelo.com<\/a><\/h2>\n","protected":false},"excerpt":{"rendered":"<p>Il est encore temps de s&rsquo;inscrire pour le s\u00e9jour dans Kamouraska du 12 au 14 juin. Kamouraska (Saint-Pascal et Saint-Andr\u00e9) 45 km Th\u00e8me: Calme et m\u00e9ditation \u2013 Terre et mer 12-13-14 juin\u00a0\u00a0 L&rsquo;h\u00e9bergement se fait au Motel de l&rsquo;Amiti\u00e9 \u00e0 St-Pascal-de-Kamouraska et au Manoir St-Andr\u00e9 \u00e0 St-Andr\u00e9-de-Kamouraska. Les repas se prennent au restaurant. Comment se&hellip;<\/p>\n","protected":false},"author":1,"featured_media":0,"comment_status":"open","ping_status":"open","sticky":false,"template":"","format":"standard","meta":{"jetpack_post_was_ever_published":false,"_jetpack_newsletter_access":"","_jetpack_dont_email_post_to_subs":false,"_jetpack_newsletter_tier_id":0,"_jetpack_memberships_contains_paywalled_content":false,"_jetpack_memberships_contains_paid_content":false,"footnotes":"","jetpack_publicize_message":"","jetpack_publicize_feature_enabled":true,"jetpack_social_post_already_shared":true,"jetpack_social_options":{"image_generator_settings":{"template":"highway","default_image_id":0,"font":"","enabled":false},"version":2}},"categories":[166,6],"tags":[239,168,41,118,238],"class_list":["post-1732","post","type-post","status-publish","format-standard","hentry","category-demarche-du-pelerin","category-formations","tag-calme","tag-demarche-du-pelerin","tag-formation","tag-meditation","tag-ressourcement-et-pelerinage"],"jetpack_publicize_connections":[],"jetpack_featured_media_url":"","jetpack_shortlink":"https:\/\/wp.me\/p4eY6z-rW","jetpack_sharing_enabled":true,"jetpack_likes_enabled":true,"jetpack-related-posts":[],"_links":{"self":[{"href":"https:\/\/bottesetvelo.com\/blog\/wp-json\/wp\/v2\/posts\/1732","targetHints":{"allow":["GET"]}}],"collection":[{"href":"https:\/\/bottesetvelo.com\/blog\/wp-json\/wp\/v2\/posts"}],"about":[{"href":"https:\/\/bottesetvelo.com\/blog\/wp-json\/wp\/v2\/types\/post"}],"author":[{"embeddable":true,"href":"https:\/\/bottesetvelo.com\/blog\/wp-json\/wp\/v2\/users\/1"}],"replies":[{"embeddable":true,"href":"https:\/\/bottesetvelo.com\/blog\/wp-json\/wp\/v2\/comments?post=1732"}],"version-history":[{"count":6,"href":"https:\/\/bottesetvelo.com\/blog\/wp-json\/wp\/v2\/posts\/1732\/revisions"}],"predecessor-version":[{"id":1741,"href":"https:\/\/bottesetvelo.com\/blog\/wp-json\/wp\/v2\/posts\/1732\/revisions\/1741"}],"wp:attachment":[{"href":"https:\/\/bottesetvelo.com\/blog\/wp-json\/wp\/v2\/media?parent=1732"}],"wp:term":[{"taxonomy":"category","embeddable":true,"href":"https:\/\/bottesetvelo.com\/blog\/wp-json\/wp\/v2\/categories?post=1732"},{"taxonomy":"post_tag","embeddable":true,"href":"https:\/\/bottesetvelo.com\/blog\/wp-json\/wp\/v2\/tags?post=1732"}],"curies":[{"name":"wp","href":"https:\/\/api.w.org\/{rel}","templated":true}]}}