{"id":1728,"date":"2015-06-02T18:00:17","date_gmt":"2015-06-02T22:00:17","guid":{"rendered":"http:\/\/bottesetvelo.com\/blog\/?p=1728"},"modified":"2015-06-02T18:00:17","modified_gmt":"2015-06-02T22:00:17","slug":"jade-ni-la-pluie-ni-le-froid","status":"publish","type":"post","link":"https:\/\/bottesetvelo.com\/blog\/2015\/06\/02\/jade-ni-la-pluie-ni-le-froid\/","title":{"rendered":"Jade : ni la pluie, ni le froid&#8230;"},"content":{"rendered":"<p style=\"text-align: justify;\">Tr\u00e8s t\u00f4t ce matin, Jade \u00e9tait d\u2019attaque pour reprendre la route malgr\u00e9 la pluie et les vents qui rendaient la temp\u00e9rature tr\u00e8s froide : 7\u00b0Celsius \u00e0 5h30 ce matin, ce n\u2019est pas chaud pour un 2 juin!!!<\/p>\n<p style=\"text-align: justify;\">Quittant Berthier-sur-Mer en direction de Montmagny, apr\u00e8s une bonne nuit de sommeil : couch\u00e9e \u00e0 20h30, lev\u00e9e \u00e0 5h00, elle avan\u00e7ait d\u2019un pas all\u00e8gre en bordure de la route 132. Apr\u00e8s avoir \u00e9chang\u00e9 quelques textos avec elle au d\u00e9jeuner pour prendre des nouvelles, Brigitte est ensuite pass\u00e9e la voir en se rendant \u00e0 son travail. Une fois sur place, elle fut heureuse de constater que le moral \u00e9tait bon et que Jade \u00e9tait encore tout sourire. Malgr\u00e9 quelques douleurs aux genoux et \u00e0 l\u2019arri\u00e8re de la cheville, elle s\u2019appr\u00eatait \u00e0 entrer dans Montmagny et faire une longue pause bien m\u00e9rit\u00e9e. Il n\u2019\u00e9tait pas encore 9h00 qu\u2019elle avait d\u00e9j\u00e0 march\u00e9 15 km!!!<\/p>\n<p style=\"text-align: justify;\">C&rsquo;est un plus tard que le vent \u00e0 tourn\u00e9.<\/p>\n<p style=\"text-align: justify;\"><a href=\"https:\/\/i0.wp.com\/bottesetvelo.com\/blog\/wp-content\/uploads\/2015\/06\/2015-06-02-12.22.17.jpg?ssl=1\"><img data-recalc-dims=\"1\" loading=\"lazy\" decoding=\"async\" data-attachment-id=\"1729\" data-permalink=\"https:\/\/bottesetvelo.com\/blog\/2015\/06\/02\/jade-ni-la-pluie-ni-le-froid\/2015-06-02-12-22-17\/\" data-orig-file=\"https:\/\/i0.wp.com\/bottesetvelo.com\/blog\/wp-content\/uploads\/2015\/06\/2015-06-02-12.22.17.jpg?fit=2177%2C1632&amp;ssl=1\" data-orig-size=\"2177,1632\" data-comments-opened=\"1\" data-image-meta=\"{&quot;aperture&quot;:&quot;2.6&quot;,&quot;credit&quot;:&quot;&quot;,&quot;camera&quot;:&quot;SGH-I747M&quot;,&quot;caption&quot;:&quot;&quot;,&quot;created_timestamp&quot;:&quot;1433247737&quot;,&quot;copyright&quot;:&quot;&quot;,&quot;focal_length&quot;:&quot;3.7&quot;,&quot;iso&quot;:&quot;64&quot;,&quot;shutter_speed&quot;:&quot;0.025&quot;,&quot;title&quot;:&quot;&quot;,&quot;orientation&quot;:&quot;1&quot;}\" data-image-title=\"2015-06-02 12.22.17\" data-image-description=\"\" data-image-caption=\"\" data-large-file=\"https:\/\/i0.wp.com\/bottesetvelo.com\/blog\/wp-content\/uploads\/2015\/06\/2015-06-02-12.22.17.jpg?fit=1024%2C768&amp;ssl=1\" class=\"  alignright wp-image-1729\" src=\"https:\/\/i0.wp.com\/bottesetvelo.com\/blog\/wp-content\/uploads\/2015\/06\/2015-06-02-12.22.17.jpg?resize=300%2C225&#038;ssl=1\" alt=\"Jade Champagne-Provost sur La Voie du St-Laurent - Montmagny\" width=\"300\" height=\"225\" srcset=\"https:\/\/i0.wp.com\/bottesetvelo.com\/blog\/wp-content\/uploads\/2015\/06\/2015-06-02-12.22.17.jpg?resize=500%2C375&amp;ssl=1 500w, https:\/\/i0.wp.com\/bottesetvelo.com\/blog\/wp-content\/uploads\/2015\/06\/2015-06-02-12.22.17.jpg?resize=1024%2C768&amp;ssl=1 1024w\" sizes=\"auto, (max-width: 300px) 100vw, 300px\" \/><\/a>Alors que je m\u2019appr\u00eatais \u00e0 d\u00eener, j\u2019ai re\u00e7u un texto ou le moral me semblait moins bon. Il \u00e9tait midi et elle \u00e9tait toujours Montmagny&#8230; J\u2019ai propos\u00e9 \u00e0 Jade d\u2019aller la rejoindre.<\/p>\n<p style=\"text-align: justify;\">Je l\u2019ai trouv\u00e9 attabl\u00e9 dans un Tim Horton regardant ses cartes d\u2019itin\u00e9raires, l\u2019air songeur. La pluie et le froid semblaient \u00eatre venus \u00e0 bout de sa bonne humeur. Quand elle m\u2019a vu, elle m\u2019a dit que sa cheville lui faisait terriblement mal et qu\u2019elle ne pensait pas pouvoir marcher plus longtemps. Je lui ai dit qu\u2019elle pouvait revoir son calendrier, seulement son tiraillement \u00e9tait l\u00e0 : elle tient \u00e0 aller jusqu\u2019au bout et se rendre \u00e0 Rimouski. R\u00e9duire son calendrier d\u2019une journ\u00e9e signifierait renoncer \u00e0 son but.<\/p>\n<p style=\"text-align: justify;\"><a href=\"https:\/\/i0.wp.com\/bottesetvelo.com\/blog\/wp-content\/uploads\/2015\/06\/2015-06-02-14.37.06.jpg?ssl=1\"><img data-recalc-dims=\"1\" loading=\"lazy\" decoding=\"async\" data-attachment-id=\"1730\" data-permalink=\"https:\/\/bottesetvelo.com\/blog\/2015\/06\/02\/jade-ni-la-pluie-ni-le-froid\/2015-06-02-14-37-06\/\" data-orig-file=\"https:\/\/i0.wp.com\/bottesetvelo.com\/blog\/wp-content\/uploads\/2015\/06\/2015-06-02-14.37.06.jpg?fit=3214%2C2378&amp;ssl=1\" data-orig-size=\"3214,2378\" data-comments-opened=\"1\" data-image-meta=\"{&quot;aperture&quot;:&quot;2.6&quot;,&quot;credit&quot;:&quot;&quot;,&quot;camera&quot;:&quot;SGH-I747M&quot;,&quot;caption&quot;:&quot;&quot;,&quot;created_timestamp&quot;:&quot;1433255826&quot;,&quot;copyright&quot;:&quot;&quot;,&quot;focal_length&quot;:&quot;3.7&quot;,&quot;iso&quot;:&quot;50&quot;,&quot;shutter_speed&quot;:&quot;0.0135135135135&quot;,&quot;title&quot;:&quot;&quot;,&quot;orientation&quot;:&quot;1&quot;}\" data-image-title=\"2015-06-02 14.37.06\" data-image-description=\"\" data-image-caption=\"\" data-large-file=\"https:\/\/i0.wp.com\/bottesetvelo.com\/blog\/wp-content\/uploads\/2015\/06\/2015-06-02-14.37.06.jpg?fit=1024%2C758&amp;ssl=1\" class=\"  alignright wp-image-1730\" src=\"https:\/\/i0.wp.com\/bottesetvelo.com\/blog\/wp-content\/uploads\/2015\/06\/2015-06-02-14.37.06.jpg?resize=300%2C222&#038;ssl=1\" alt=\"Jade Champagne-Provost sur La Voie du St-Laurent - Islet-sur-Mer\" width=\"300\" height=\"222\" srcset=\"https:\/\/i0.wp.com\/bottesetvelo.com\/blog\/wp-content\/uploads\/2015\/06\/2015-06-02-14.37.06.jpg?resize=500%2C370&amp;ssl=1 500w, https:\/\/i0.wp.com\/bottesetvelo.com\/blog\/wp-content\/uploads\/2015\/06\/2015-06-02-14.37.06.jpg?resize=1024%2C758&amp;ssl=1 1024w, https:\/\/i0.wp.com\/bottesetvelo.com\/blog\/wp-content\/uploads\/2015\/06\/2015-06-02-14.37.06.jpg?w=2340&amp;ssl=1 2340w\" sizes=\"auto, (max-width: 300px) 100vw, 300px\" \/><\/a>Je lui ai donc propos\u00e9 d\u2019aller la d\u00e9poser plus loin sur le chemin pour que demain elle s\u2019offre une journ\u00e9e de repos, en ne marchant que 8 km, et donne le temps \u00e0 sa cheville de se replacer. Apr\u00e8s une longue h\u00e9sitation, cette solution lui convint mieux. Ce soir elle s\u2019arr\u00eate donc \u00e0 l\u2019Islet-sur-Mer. Et, lorsque je l\u2019ai laiss\u00e9 sur les marches du g\u00eete o\u00f9 elle allait passer la nuit, elle avait retrouv\u00e9 son beau sourire.<\/p>\n<p style=\"text-align: justify;\">Demain, Jade se rendra \u00e0 St-Jean-Port-Joli o\u00f9 la propri\u00e9taire du G\u00eete La Mer Veille, l\u2019accueillera avec une grande g\u00e9n\u00e9rosit\u00e9. Nous vous rappelons que vous pouvez faire de m\u00eame lors de son passage dans votre village. Jade est fort sympathique et d\u2019une belle simplicit\u00e9. C\u2019est vraiment un plaisir de faire sa connaissance!<\/p>\n<p style=\"text-align: justify;\">Nous vous r\u00e9p\u00e9tons donc son calendrier. Vous n\u2019aurez qu\u2019\u00e0 nous \u00e9crire ou nous t\u00e9l\u00e9phoner pour l\u2019inviter et nous lui ferons parvenir votre invitation.<\/p>\n<p style=\"text-align: justify;\">4 juin: La Pocati\u00e8re<br \/>\n5 juin: Kamouraska<br \/>\n6 juin: St-Andr\u00e9-de-Kamouraska<br \/>\n7 juin: Rivi\u00e8re-du-Loup<br \/>\n8 juin: Cacouna<br \/>\n9 juin: L&rsquo;Isle-Verte<br \/>\n10 juin: Trois-Pistoles<br \/>\n11 juin: St-Simon<br \/>\n12 juin: St-Fabien<br \/>\n13 juin: Bic<\/p>\n<p style=\"text-align: justify;\">\u00c9ric Lalibert\u00e9<\/p>\n","protected":false},"excerpt":{"rendered":"<p>Tr\u00e8s t\u00f4t ce matin, Jade \u00e9tait d\u2019attaque pour reprendre la route malgr\u00e9 la pluie et les vents qui rendaient la temp\u00e9rature tr\u00e8s froide : 7\u00b0Celsius \u00e0 5h30 ce matin, ce n\u2019est pas chaud pour un 2 juin!!! Quittant Berthier-sur-Mer en direction de Montmagny, apr\u00e8s une bonne nuit de sommeil : couch\u00e9e \u00e0 20h30, lev\u00e9e \u00e0&hellip;<\/p>\n","protected":false},"author":3,"featured_media":0,"comment_status":"open","ping_status":"open","sticky":false,"template":"","format":"standard","meta":{"jetpack_post_was_ever_published":false,"_jetpack_newsletter_access":"","_jetpack_dont_email_post_to_subs":false,"_jetpack_newsletter_tier_id":0,"_jetpack_memberships_contains_paywalled_content":false,"_jetpack_memberships_contains_paid_content":false,"footnotes":"","jetpack_publicize_message":"","jetpack_publicize_feature_enabled":true,"jetpack_social_post_already_shared":true,"jetpack_social_options":{"image_generator_settings":{"template":"highway","default_image_id":0,"font":"","enabled":false},"version":2}},"categories":[230],"tags":[231,237,13,208],"class_list":["post-1728","post","type-post","status-publish","format-standard","hentry","category-histoire-de-pelerin","tag-jade-champagne-provost","tag-la-voie-du-st-laurent","tag-pelerinage","tag-pelerinage-autonome"],"jetpack_publicize_connections":[],"jetpack_featured_media_url":"","jetpack_shortlink":"https:\/\/wp.me\/p4eY6z-rS","jetpack_sharing_enabled":true,"jetpack_likes_enabled":true,"jetpack-related-posts":[],"_links":{"self":[{"href":"https:\/\/bottesetvelo.com\/blog\/wp-json\/wp\/v2\/posts\/1728","targetHints":{"allow":["GET"]}}],"collection":[{"href":"https:\/\/bottesetvelo.com\/blog\/wp-json\/wp\/v2\/posts"}],"about":[{"href":"https:\/\/bottesetvelo.com\/blog\/wp-json\/wp\/v2\/types\/post"}],"author":[{"embeddable":true,"href":"https:\/\/bottesetvelo.com\/blog\/wp-json\/wp\/v2\/users\/3"}],"replies":[{"embeddable":true,"href":"https:\/\/bottesetvelo.com\/blog\/wp-json\/wp\/v2\/comments?post=1728"}],"version-history":[{"count":1,"href":"https:\/\/bottesetvelo.com\/blog\/wp-json\/wp\/v2\/posts\/1728\/revisions"}],"predecessor-version":[{"id":1731,"href":"https:\/\/bottesetvelo.com\/blog\/wp-json\/wp\/v2\/posts\/1728\/revisions\/1731"}],"wp:attachment":[{"href":"https:\/\/bottesetvelo.com\/blog\/wp-json\/wp\/v2\/media?parent=1728"}],"wp:term":[{"taxonomy":"category","embeddable":true,"href":"https:\/\/bottesetvelo.com\/blog\/wp-json\/wp\/v2\/categories?post=1728"},{"taxonomy":"post_tag","embeddable":true,"href":"https:\/\/bottesetvelo.com\/blog\/wp-json\/wp\/v2\/tags?post=1728"}],"curies":[{"name":"wp","href":"https:\/\/api.w.org\/{rel}","templated":true}]}}