{"id":1717,"date":"2015-06-01T12:27:13","date_gmt":"2015-06-01T16:27:13","guid":{"rendered":"http:\/\/bottesetvelo.com\/blog\/?p=1717"},"modified":"2015-06-01T12:34:03","modified_gmt":"2015-06-01T16:34:03","slug":"jade-champagne-provost-premiere-pelerine-autonome-sur-la-voie-du-st-laurent","status":"publish","type":"post","link":"https:\/\/bottesetvelo.com\/blog\/2015\/06\/01\/jade-champagne-provost-premiere-pelerine-autonome-sur-la-voie-du-st-laurent\/","title":{"rendered":"Jade Champagne-Provost, premi\u00e8re p\u00e8lerine autonome sur la Voie du St-Laurent!"},"content":{"rendered":"<p style=\"text-align: justify;\"><a href=\"https:\/\/i0.wp.com\/bottesetvelo.com\/blog\/wp-content\/uploads\/2015\/06\/2015-06-01-08.34.22.jpg?ssl=1\"><img data-recalc-dims=\"1\" loading=\"lazy\" decoding=\"async\" data-attachment-id=\"1718\" data-permalink=\"https:\/\/bottesetvelo.com\/blog\/2015\/06\/01\/jade-champagne-provost-premiere-pelerine-autonome-sur-la-voie-du-st-laurent\/2015-06-01-08-34-22\/\" data-orig-file=\"https:\/\/i0.wp.com\/bottesetvelo.com\/blog\/wp-content\/uploads\/2015\/06\/2015-06-01-08.34.22.jpg?fit=854%2C640&amp;ssl=1\" data-orig-size=\"854,640\" data-comments-opened=\"1\" data-image-meta=\"{&quot;aperture&quot;:&quot;2.8&quot;,&quot;credit&quot;:&quot;&quot;,&quot;camera&quot;:&quot;SGH-I747M&quot;,&quot;caption&quot;:&quot;&quot;,&quot;created_timestamp&quot;:&quot;1433147662&quot;,&quot;copyright&quot;:&quot;&quot;,&quot;focal_length&quot;:&quot;2.7&quot;,&quot;iso&quot;:&quot;100&quot;,&quot;shutter_speed&quot;:&quot;0.0166666666667&quot;,&quot;title&quot;:&quot;&quot;,&quot;orientation&quot;:&quot;1&quot;}\" data-image-title=\"2015-06-01 08.34.22\" data-image-description=\"\" data-image-caption=\"\" data-large-file=\"https:\/\/i0.wp.com\/bottesetvelo.com\/blog\/wp-content\/uploads\/2015\/06\/2015-06-01-08.34.22.jpg?fit=854%2C640&amp;ssl=1\" class=\"  alignleft wp-image-1718\" src=\"https:\/\/i0.wp.com\/bottesetvelo.com\/blog\/wp-content\/uploads\/2015\/06\/2015-06-01-08.34.22.jpg?resize=300%2C225&#038;ssl=1\" alt=\"Brigitte Harouni, Jade Champagne-Provost et \u00c9ric Lalibert\u00e9 - Bottes et V\u00e9lo\" width=\"300\" height=\"225\" srcset=\"https:\/\/i0.wp.com\/bottesetvelo.com\/blog\/wp-content\/uploads\/2015\/06\/2015-06-01-08.34.22.jpg?resize=500%2C375&amp;ssl=1 500w, https:\/\/i0.wp.com\/bottesetvelo.com\/blog\/wp-content\/uploads\/2015\/06\/2015-06-01-08.34.22.jpg?w=854&amp;ssl=1 854w\" sizes=\"auto, (max-width: 300px) 100vw, 300px\" \/><\/a> Une premi\u00e8re p\u00e8lerine se lance en parfaite autonomie sur la Voie du St-Laurent de Qu\u00e9bec \u00e0 Rimouski.<\/p>\n<p style=\"text-align: justify;\">Ce matin, Jade Champagne-Provost quittait la demeure de Bottes et V\u00e9lo \u00e0 St-Michel-de-Bellechasse en direction de Berthier-sur-Mer pour une deuxi\u00e8me journ\u00e9e de marche. Malgr\u00e9 des handicaps visuel et auditif, Jade fait preuve d&rsquo;une belle d\u00e9termination en se lan\u00e7ant \u00e0 l&rsquo;assaut de ce p\u00e8lerinage pour une douzaine de jours.<\/p>\n<p style=\"text-align: justify;\">Pour la soutenir dans sa d\u00e9marche, nous vous invitons \u00e0 nous contacter si vous souhaitez l&rsquo;h\u00e9berger lors de son passage dans votre village.<\/p>\n<p style=\"text-align: justify;\">Voici son calendrier:<a href=\"https:\/\/i0.wp.com\/bottesetvelo.com\/blog\/wp-content\/uploads\/2015\/06\/2015-06-01-08.56.46.jpg?ssl=1\"><img data-recalc-dims=\"1\" loading=\"lazy\" decoding=\"async\" data-attachment-id=\"1721\" data-permalink=\"https:\/\/bottesetvelo.com\/blog\/2015\/06\/01\/jade-champagne-provost-premiere-pelerine-autonome-sur-la-voie-du-st-laurent\/2015-06-01-08-56-46\/\" data-orig-file=\"https:\/\/i0.wp.com\/bottesetvelo.com\/blog\/wp-content\/uploads\/2015\/06\/2015-06-01-08.56.46.jpg?fit=2178%2C1632&amp;ssl=1\" data-orig-size=\"2178,1632\" data-comments-opened=\"1\" data-image-meta=\"{&quot;aperture&quot;:&quot;2.6&quot;,&quot;credit&quot;:&quot;&quot;,&quot;camera&quot;:&quot;SGH-I747M&quot;,&quot;caption&quot;:&quot;&quot;,&quot;created_timestamp&quot;:&quot;1433149006&quot;,&quot;copyright&quot;:&quot;&quot;,&quot;focal_length&quot;:&quot;3.7&quot;,&quot;iso&quot;:&quot;50&quot;,&quot;shutter_speed&quot;:&quot;0.00113895216401&quot;,&quot;title&quot;:&quot;&quot;,&quot;orientation&quot;:&quot;1&quot;}\" data-image-title=\"2015-06-01 08.56.46\" data-image-description=\"\" data-image-caption=\"\" data-large-file=\"https:\/\/i0.wp.com\/bottesetvelo.com\/blog\/wp-content\/uploads\/2015\/06\/2015-06-01-08.56.46.jpg?fit=1024%2C767&amp;ssl=1\" class=\"  alignright wp-image-1721\" src=\"https:\/\/i0.wp.com\/bottesetvelo.com\/blog\/wp-content\/uploads\/2015\/06\/2015-06-01-08.56.46.jpg?resize=247%2C185&#038;ssl=1\" alt=\"Jade Champagne-Provost - Bottes et V\u00e9lo\" width=\"247\" height=\"185\" srcset=\"https:\/\/i0.wp.com\/bottesetvelo.com\/blog\/wp-content\/uploads\/2015\/06\/2015-06-01-08.56.46.jpg?resize=500%2C375&amp;ssl=1 500w, https:\/\/i0.wp.com\/bottesetvelo.com\/blog\/wp-content\/uploads\/2015\/06\/2015-06-01-08.56.46.jpg?resize=1024%2C767&amp;ssl=1 1024w\" sizes=\"auto, (max-width: 247px) 100vw, 247px\" \/><\/a><\/p>\n<p style=\"text-align: justify;\">1er juin: Berthier-sur-Mer<br \/>\n2 juin: Cap-St-Ignace<br \/>\n3 juin: St-Jean-Port-Joli<br \/>\n4 juin: La Pocati\u00e8re<br \/>\n5 juin: Kamouraska<br \/>\n6 juin: St-Andr\u00e9-de-Kamouraska<br \/>\n7 juin: Rivi\u00e8re-du-Loup<br \/>\n8 juin: Cacouna<a href=\"https:\/\/i0.wp.com\/bottesetvelo.com\/blog\/wp-content\/uploads\/2015\/06\/2015-06-01-08.56.03.jpg?ssl=1\"><img data-recalc-dims=\"1\" loading=\"lazy\" decoding=\"async\" data-attachment-id=\"1720\" data-permalink=\"https:\/\/bottesetvelo.com\/blog\/2015\/06\/01\/jade-champagne-provost-premiere-pelerine-autonome-sur-la-voie-du-st-laurent\/2015-06-01-08-56-03\/\" data-orig-file=\"https:\/\/i0.wp.com\/bottesetvelo.com\/blog\/wp-content\/uploads\/2015\/06\/2015-06-01-08.56.03.jpg?fit=2177%2C1632&amp;ssl=1\" data-orig-size=\"2177,1632\" data-comments-opened=\"1\" data-image-meta=\"{&quot;aperture&quot;:&quot;2.6&quot;,&quot;credit&quot;:&quot;&quot;,&quot;camera&quot;:&quot;SGH-I747M&quot;,&quot;caption&quot;:&quot;&quot;,&quot;created_timestamp&quot;:&quot;1433148963&quot;,&quot;copyright&quot;:&quot;&quot;,&quot;focal_length&quot;:&quot;3.7&quot;,&quot;iso&quot;:&quot;50&quot;,&quot;shutter_speed&quot;:&quot;0.00107296137339&quot;,&quot;title&quot;:&quot;&quot;,&quot;orientation&quot;:&quot;1&quot;}\" data-image-title=\"2015-06-01 08.56.03\" data-image-description=\"\" data-image-caption=\"\" data-large-file=\"https:\/\/i0.wp.com\/bottesetvelo.com\/blog\/wp-content\/uploads\/2015\/06\/2015-06-01-08.56.03.jpg?fit=1024%2C768&amp;ssl=1\" class=\"  alignright wp-image-1720\" src=\"https:\/\/i0.wp.com\/bottesetvelo.com\/blog\/wp-content\/uploads\/2015\/06\/2015-06-01-08.56.03.jpg?resize=246%2C185&#038;ssl=1\" alt=\"Jade Champagne-Provost - Bottes et V\u00e9lo\" width=\"246\" height=\"185\" srcset=\"https:\/\/i0.wp.com\/bottesetvelo.com\/blog\/wp-content\/uploads\/2015\/06\/2015-06-01-08.56.03.jpg?resize=500%2C375&amp;ssl=1 500w, https:\/\/i0.wp.com\/bottesetvelo.com\/blog\/wp-content\/uploads\/2015\/06\/2015-06-01-08.56.03.jpg?resize=1024%2C768&amp;ssl=1 1024w\" sizes=\"auto, (max-width: 246px) 100vw, 246px\" \/><\/a><br \/>\n9 juin: L&rsquo;Isle-Verte<br \/>\n10 juin: Trois-Pistoles<br \/>\n11 juin: St-Simon<br \/>\n12 juin: St-Fabien<br \/>\n13 juin: Bic<br \/>\nMerci!<br \/>\nEt bon chemin Jade! Tu as toute notre admiration!<\/p>\n<p>\u00c9ric Lalibert\u00e9 et Brigitte Harouni<a href=\"https:\/\/i0.wp.com\/bottesetvelo.com\/blog\/wp-content\/uploads\/2014\/01\/Bottes-et-V%C3%A9lo-Embl%C3%AAme.jpg?ssl=1\"><img data-recalc-dims=\"1\" loading=\"lazy\" decoding=\"async\" data-attachment-id=\"14\" data-permalink=\"https:\/\/bottesetvelo.com\/blog\/bottes-et-velo-le-blog\/bottes-et-velo-embleme\/\" data-orig-file=\"https:\/\/i0.wp.com\/bottesetvelo.com\/blog\/wp-content\/uploads\/2014\/01\/Bottes-et-V%C3%A9lo-Embl%C3%AAme-e1454083414631.jpg?fit=100%2C79&amp;ssl=1\" data-orig-size=\"100,79\" data-comments-opened=\"1\" data-image-meta=\"{&quot;aperture&quot;:&quot;0&quot;,&quot;credit&quot;:&quot;&quot;,&quot;camera&quot;:&quot;&quot;,&quot;caption&quot;:&quot;&quot;,&quot;created_timestamp&quot;:&quot;0&quot;,&quot;copyright&quot;:&quot;&quot;,&quot;focal_length&quot;:&quot;0&quot;,&quot;iso&quot;:&quot;0&quot;,&quot;shutter_speed&quot;:&quot;0&quot;,&quot;title&quot;:&quot;&quot;}\" data-image-title=\"Bottes et V\u00e9lo &amp;#8211; Embl\u00eame\" data-image-description=\"\" data-image-caption=\"\" data-large-file=\"https:\/\/i0.wp.com\/bottesetvelo.com\/blog\/wp-content\/uploads\/2014\/01\/Bottes-et-V%C3%A9lo-Embl%C3%AAme-e1454083414631.jpg?fit=100%2C79&amp;ssl=1\" class=\"  wp-image-14 alignright\" src=\"https:\/\/i0.wp.com\/bottesetvelo.com\/blog\/wp-content\/uploads\/2014\/01\/Bottes-et-V%C3%A9lo-Embl%C3%AAme.jpg?resize=85%2C67&#038;ssl=1\" alt=\"Bottes et V\u00e9lo - Embl\u00eame\" width=\"85\" height=\"67\" \/><\/a><\/p>\n","protected":false},"excerpt":{"rendered":"<p>Une premi\u00e8re p\u00e8lerine se lance en parfaite autonomie sur la Voie du St-Laurent de Qu\u00e9bec \u00e0 Rimouski. Ce matin, Jade Champagne-Provost quittait la demeure de Bottes et V\u00e9lo \u00e0 St-Michel-de-Bellechasse en direction de Berthier-sur-Mer pour une deuxi\u00e8me journ\u00e9e de marche. Malgr\u00e9 des handicaps visuel et auditif, Jade fait preuve d&rsquo;une belle d\u00e9termination en se lan\u00e7ant&hellip;<\/p>\n","protected":false},"author":1,"featured_media":0,"comment_status":"open","ping_status":"open","sticky":false,"template":"","format":"standard","meta":{"jetpack_post_was_ever_published":false,"_jetpack_newsletter_access":"","_jetpack_dont_email_post_to_subs":false,"_jetpack_newsletter_tier_id":0,"_jetpack_memberships_contains_paywalled_content":false,"_jetpack_memberships_contains_paid_content":false,"footnotes":"","jetpack_publicize_message":"","jetpack_publicize_feature_enabled":true,"jetpack_social_post_already_shared":true,"jetpack_social_options":{"image_generator_settings":{"template":"highway","default_image_id":0,"font":"","enabled":false},"version":2}},"categories":[230],"tags":[18,231,68,13,208],"class_list":["post-1717","post","type-post","status-publish","format-standard","hentry","category-histoire-de-pelerin","tag-bottes-et-velo","tag-jade-champagne-provost","tag-la-voie-du-saint-laurent","tag-pelerinage","tag-pelerinage-autonome"],"jetpack_publicize_connections":[],"jetpack_featured_media_url":"","jetpack_shortlink":"https:\/\/wp.me\/p4eY6z-rH","jetpack_sharing_enabled":true,"jetpack_likes_enabled":true,"jetpack-related-posts":[],"_links":{"self":[{"href":"https:\/\/bottesetvelo.com\/blog\/wp-json\/wp\/v2\/posts\/1717","targetHints":{"allow":["GET"]}}],"collection":[{"href":"https:\/\/bottesetvelo.com\/blog\/wp-json\/wp\/v2\/posts"}],"about":[{"href":"https:\/\/bottesetvelo.com\/blog\/wp-json\/wp\/v2\/types\/post"}],"author":[{"embeddable":true,"href":"https:\/\/bottesetvelo.com\/blog\/wp-json\/wp\/v2\/users\/1"}],"replies":[{"embeddable":true,"href":"https:\/\/bottesetvelo.com\/blog\/wp-json\/wp\/v2\/comments?post=1717"}],"version-history":[{"count":6,"href":"https:\/\/bottesetvelo.com\/blog\/wp-json\/wp\/v2\/posts\/1717\/revisions"}],"predecessor-version":[{"id":1727,"href":"https:\/\/bottesetvelo.com\/blog\/wp-json\/wp\/v2\/posts\/1717\/revisions\/1727"}],"wp:attachment":[{"href":"https:\/\/bottesetvelo.com\/blog\/wp-json\/wp\/v2\/media?parent=1717"}],"wp:term":[{"taxonomy":"category","embeddable":true,"href":"https:\/\/bottesetvelo.com\/blog\/wp-json\/wp\/v2\/categories?post=1717"},{"taxonomy":"post_tag","embeddable":true,"href":"https:\/\/bottesetvelo.com\/blog\/wp-json\/wp\/v2\/tags?post=1717"}],"curies":[{"name":"wp","href":"https:\/\/api.w.org\/{rel}","templated":true}]}}