{"id":1686,"date":"2015-06-01T20:24:45","date_gmt":"2015-06-02T00:24:45","guid":{"rendered":"http:\/\/bottesetvelo.com\/blog\/?p=1686"},"modified":"2015-06-01T20:24:45","modified_gmt":"2015-06-02T00:24:45","slug":"formation-chemin-de-la-traverse-une-belle-experience","status":"publish","type":"post","link":"https:\/\/bottesetvelo.com\/blog\/2015\/06\/01\/formation-chemin-de-la-traverse-une-belle-experience\/","title":{"rendered":"Formation Chemin de la Traverse, une belle exp\u00e9rience!"},"content":{"rendered":"<p style=\"text-align: justify;\">Nous \u00e9tions une toute petite \u00e9quip\u00e9e \u00e0 entreprendre ce premier s\u00e9jour de formation, mais il fut des plus riches en rencontres et en partages.<\/p>\n<p style=\"text-align: justify;\">\u00c0 travers un parcours de deux jours, dans l\u2019esprit de la d\u00e9marche du p\u00e8lerin d\u00e9velopp\u00e9e par Bottes et V\u00e9lo, les participants ont pu exp\u00e9rimenter le d\u00e9placement que fait vivre le p\u00e8lerinage; c\u2019est-\u00e0-dire se laisser d\u00e9placer dans leurs rep\u00e8res pour aborder la vie et leur propre vie d\u2019un point de vue diff\u00e9rent. Une d\u00e9marche qui tient compte de la globalit\u00e9 de notre humanit\u00e9 en tenant compte de ses dimensions physique, psychique et spirituelle.<\/p>\n<p style=\"text-align: justify;\">Les participants provenaient d\u2019exp\u00e9riences diff\u00e9rentes du chemin. L\u2019une fait partie d\u2019un club de marche en montagne, l\u2019autre avait fait l\u2019exp\u00e9rience de Compostelle et se pr\u00e9pare \u00e0 y repartir \u00e0 la fin de l\u2019\u00e9t\u00e9. \u00c0 la fin de ce s\u00e9jour, l\u2019une des participantes se disait tr\u00e8s heureuse d\u2019avoir pu accomplir 20 km dans sa journ\u00e9e et de ne pas avoir trouv\u00e9 cela trop exigeant, ceci gr\u00e2ce au d\u00e9coupage propos\u00e9 pour rendre le parcours accessible m\u00eame pour les novices. De plus, elle nous disait que la d\u00e9marche propos\u00e9e faisait en sorte qu\u2019elle avait v\u00e9cu plus qu\u2019une longue randonn\u00e9e et qu\u2019elle avait \u00e9t\u00e9 profond\u00e9ment touch\u00e9e. L\u2019autre participant ayant l\u2019exp\u00e9rience de Compostelle s\u2019est dit agr\u00e9ablement surpris d\u2019avoir pu, en si peu de temps, revisiter l\u2019esprit du chemin, recontacter cette exp\u00e9rience du camino de mani\u00e8re plus attentive pour en int\u00e9grer les bienfaits dans son quotidien. Un commentaire qui nous confirme que ce n\u2019est pas le lieu qui fait le p\u00e8lerinage, mais le temps et l\u2019esprit dans lequel nous l\u2019entreprenons.<\/p>\n<p style=\"text-align: justify;\">En terminant, voici quelques photos de notre parcours en bordure du St-Laurent entre Charny et Qu\u00e9bec. Il s\u2019agit d\u2019un parcours de 38 km, r\u00e9parti sur deux jours, empruntant la Route Verte qui longe le fleuve \u00e0 l\u2019aller comme au retour.<\/p>\n<p>Merci \u00e0 Analys et Richard pour leurs belles pr\u00e9sences lors de ce weekend!<br \/>\nQuel beau cadeau que d\u2019avoir fait votre connaissance!<a href=\"https:\/\/i0.wp.com\/bottesetvelo.com\/blog\/wp-content\/uploads\/2014\/01\/Bottes-et-V%C3%A9lo-Embl%C3%AAme.jpg?ssl=1\"><img data-recalc-dims=\"1\" loading=\"lazy\" decoding=\"async\" data-attachment-id=\"14\" data-permalink=\"https:\/\/bottesetvelo.com\/blog\/bottes-et-velo-le-blog\/bottes-et-velo-embleme\/\" data-orig-file=\"https:\/\/i0.wp.com\/bottesetvelo.com\/blog\/wp-content\/uploads\/2014\/01\/Bottes-et-V%C3%A9lo-Embl%C3%AAme-e1454083414631.jpg?fit=100%2C79&amp;ssl=1\" data-orig-size=\"100,79\" data-comments-opened=\"1\" data-image-meta=\"{&quot;aperture&quot;:&quot;0&quot;,&quot;credit&quot;:&quot;&quot;,&quot;camera&quot;:&quot;&quot;,&quot;caption&quot;:&quot;&quot;,&quot;created_timestamp&quot;:&quot;0&quot;,&quot;copyright&quot;:&quot;&quot;,&quot;focal_length&quot;:&quot;0&quot;,&quot;iso&quot;:&quot;0&quot;,&quot;shutter_speed&quot;:&quot;0&quot;,&quot;title&quot;:&quot;&quot;}\" data-image-title=\"Bottes et V\u00e9lo &amp;#8211; Embl\u00eame\" data-image-description=\"\" data-image-caption=\"\" data-large-file=\"https:\/\/i0.wp.com\/bottesetvelo.com\/blog\/wp-content\/uploads\/2014\/01\/Bottes-et-V%C3%A9lo-Embl%C3%AAme-e1454083414631.jpg?fit=100%2C79&amp;ssl=1\" class=\"  wp-image-14 alignright\" src=\"https:\/\/i0.wp.com\/bottesetvelo.com\/blog\/wp-content\/uploads\/2014\/01\/Bottes-et-V%C3%A9lo-Embl%C3%AAme.jpg?resize=86%2C67&#038;ssl=1\" alt=\"Bottes et V\u00e9lo - Embl\u00eame\" width=\"86\" height=\"67\" \/><\/a><\/p>\n<p>\u00c9ric Lalibert\u00e9 et Brigitte Harouni<\/p>\n<div class=\"tiled-gallery type-rectangular tiled-gallery-unresized\" data-original-width=\"1170\" data-carousel-extra='{&quot;blog_id&quot;:1,&quot;permalink&quot;:&quot;https:\\\/\\\/bottesetvelo.com\\\/blog\\\/2015\\\/06\\\/01\\\/formation-chemin-de-la-traverse-une-belle-experience\\\/&quot;,&quot;likes_blog_id&quot;:62672983}' itemscope itemtype=\"http:\/\/schema.org\/ImageGallery\" > <div class=\"gallery-row\" style=\"width: 1170px; height: 341px;\" data-original-width=\"1170\" data-original-height=\"341\" > <div class=\"gallery-group images-1\" style=\"width: 463px; height: 341px;\" data-original-width=\"463\" data-original-height=\"341\" > <div class=\"tiled-gallery-item tiled-gallery-item-large\" itemprop=\"associatedMedia\" itemscope itemtype=\"http:\/\/schema.org\/ImageObject\"> <a href=\"https:\/\/bottesetvelo.com\/blog\/2015\/06\/01\/formation-chemin-de-la-traverse-une-belle-experience\/2015-05-30-11-03-26\/\" border=\"0\" itemprop=\"url\"> <meta itemprop=\"width\" content=\"459\"> <meta itemprop=\"height\" content=\"337\"> <img decoding=\"async\" class=\"\" data-attachment-id=\"1690\" data-orig-file=\"https:\/\/bottesetvelo.com\/blog\/wp-content\/uploads\/2015\/06\/2015-05-30-11.03.26.jpg\" data-orig-size=\"1250,918\" data-comments-opened=\"1\" data-image-meta=\"{&quot;aperture&quot;:&quot;2.8&quot;,&quot;credit&quot;:&quot;&quot;,&quot;camera&quot;:&quot;SGH-I747M&quot;,&quot;caption&quot;:&quot;&quot;,&quot;created_timestamp&quot;:&quot;1432983806&quot;,&quot;copyright&quot;:&quot;&quot;,&quot;focal_length&quot;:&quot;2.7&quot;,&quot;iso&quot;:&quot;100&quot;,&quot;shutter_speed&quot;:&quot;0.000660066006601&quot;,&quot;title&quot;:&quot;&quot;,&quot;orientation&quot;:&quot;1&quot;}\" data-image-title=\"2015-05-30 11.03.26\" data-image-description=\"\" data-medium-file=\"https:\/\/i0.wp.com\/bottesetvelo.com\/blog\/wp-content\/uploads\/2015\/06\/2015-05-30-11.03.26.jpg?fit=500%2C367&#038;ssl=1\" data-large-file=\"https:\/\/i0.wp.com\/bottesetvelo.com\/blog\/wp-content\/uploads\/2015\/06\/2015-05-30-11.03.26.jpg?fit=1024%2C752&#038;ssl=1\" src=\"https:\/\/i0.wp.com\/bottesetvelo.com\/blog\/wp-content\/uploads\/2015\/06\/2015-05-30-11.03.26.jpg?w=459&#038;h=337&#038;ssl=1\" srcset=\"https:\/\/i0.wp.com\/bottesetvelo.com\/blog\/wp-content\/uploads\/2015\/06\/2015-05-30-11.03.26.jpg?w=1250&amp;ssl=1 1250w, https:\/\/i0.wp.com\/bottesetvelo.com\/blog\/wp-content\/uploads\/2015\/06\/2015-05-30-11.03.26.jpg?resize=500%2C367&amp;ssl=1 500w, https:\/\/i0.wp.com\/bottesetvelo.com\/blog\/wp-content\/uploads\/2015\/06\/2015-05-30-11.03.26.jpg?resize=1024%2C752&amp;ssl=1 1024w\" width=\"459\" height=\"337\" loading=\"lazy\" data-original-width=\"459\" data-original-height=\"337\" itemprop=\"http:\/\/schema.org\/image\" title=\"2015-05-30 11.03.26\" alt=\"Bottes et V\u00e9lo - Chemin de la Traverse\" style=\"width: 459px; height: 337px;\" \/> <\/a> <div class=\"tiled-gallery-caption\" itemprop=\"caption description\"> Bottes et V\u00e9lo &#8211; Chemin de la Traverse <\/div> <\/div> <\/div> <!-- close group --> <div class=\"gallery-group images-1\" style=\"width: 253px; height: 341px;\" data-original-width=\"253\" data-original-height=\"341\" > <div class=\"tiled-gallery-item tiled-gallery-item-small\" itemprop=\"associatedMedia\" itemscope itemtype=\"http:\/\/schema.org\/ImageObject\"> <a href=\"https:\/\/bottesetvelo.com\/blog\/2015\/06\/01\/formation-chemin-de-la-traverse-une-belle-experience\/2015-05-29-19-31-42\/\" border=\"0\" itemprop=\"url\"> <meta itemprop=\"width\" content=\"249\"> <meta itemprop=\"height\" content=\"337\"> <img decoding=\"async\" class=\"\" data-attachment-id=\"1688\" data-orig-file=\"https:\/\/bottesetvelo.com\/blog\/wp-content\/uploads\/2015\/06\/2015-05-29-19.31.42.jpg\" data-orig-size=\"1884,2554\" data-comments-opened=\"1\" data-image-meta=\"{&quot;aperture&quot;:&quot;2.8&quot;,&quot;credit&quot;:&quot;&quot;,&quot;camera&quot;:&quot;iPhone 4&quot;,&quot;caption&quot;:&quot;&quot;,&quot;created_timestamp&quot;:&quot;1432927902&quot;,&quot;copyright&quot;:&quot;&quot;,&quot;focal_length&quot;:&quot;3.85&quot;,&quot;iso&quot;:&quot;1000&quot;,&quot;shutter_speed&quot;:&quot;0.0666666666667&quot;,&quot;title&quot;:&quot;&quot;,&quot;orientation&quot;:&quot;1&quot;}\" data-image-title=\"2015-05-29 19.31.42\" data-image-description=\"\" data-medium-file=\"https:\/\/i0.wp.com\/bottesetvelo.com\/blog\/wp-content\/uploads\/2015\/06\/2015-05-29-19.31.42.jpg?fit=369%2C500&#038;ssl=1\" data-large-file=\"https:\/\/i0.wp.com\/bottesetvelo.com\/blog\/wp-content\/uploads\/2015\/06\/2015-05-29-19.31.42.jpg?fit=755%2C1024&#038;ssl=1\" src=\"https:\/\/i0.wp.com\/bottesetvelo.com\/blog\/wp-content\/uploads\/2015\/06\/2015-05-29-19.31.42.jpg?w=249&#038;h=337&#038;ssl=1\" srcset=\"https:\/\/i0.wp.com\/bottesetvelo.com\/blog\/wp-content\/uploads\/2015\/06\/2015-05-29-19.31.42.jpg?w=1884&amp;ssl=1 1884w, https:\/\/i0.wp.com\/bottesetvelo.com\/blog\/wp-content\/uploads\/2015\/06\/2015-05-29-19.31.42.jpg?resize=369%2C500&amp;ssl=1 369w, https:\/\/i0.wp.com\/bottesetvelo.com\/blog\/wp-content\/uploads\/2015\/06\/2015-05-29-19.31.42.jpg?resize=755%2C1024&amp;ssl=1 755w\" width=\"249\" height=\"337\" loading=\"lazy\" data-original-width=\"249\" data-original-height=\"337\" itemprop=\"http:\/\/schema.org\/image\" title=\"2015-05-29 19.31.42\" alt=\"Auberge \u00e0 Loulou - Charny\" style=\"width: 249px; height: 337px;\" \/> <\/a> <div class=\"tiled-gallery-caption\" itemprop=\"caption description\"> Auberge \u00e0 Loulou &#8211; Charny <\/div> <\/div> <\/div> <!-- close group --> <div class=\"gallery-group images-1\" style=\"width: 454px; height: 341px;\" data-original-width=\"454\" data-original-height=\"341\" > <div class=\"tiled-gallery-item tiled-gallery-item-large\" itemprop=\"associatedMedia\" itemscope itemtype=\"http:\/\/schema.org\/ImageObject\"> <a href=\"https:\/\/bottesetvelo.com\/blog\/2015\/06\/01\/formation-chemin-de-la-traverse-une-belle-experience\/2015-05-30-09-34-15\/\" border=\"0\" itemprop=\"url\"> <meta itemprop=\"width\" content=\"450\"> <meta itemprop=\"height\" content=\"337\"> <img decoding=\"async\" class=\"\" data-attachment-id=\"1689\" data-orig-file=\"https:\/\/bottesetvelo.com\/blog\/wp-content\/uploads\/2015\/06\/2015-05-30-09.34.15.jpg\" data-orig-size=\"3264,2448\" data-comments-opened=\"1\" data-image-meta=\"{&quot;aperture&quot;:&quot;2.6&quot;,&quot;credit&quot;:&quot;&quot;,&quot;camera&quot;:&quot;SGH-I747M&quot;,&quot;caption&quot;:&quot;&quot;,&quot;created_timestamp&quot;:&quot;1432978455&quot;,&quot;copyright&quot;:&quot;&quot;,&quot;focal_length&quot;:&quot;3.7&quot;,&quot;iso&quot;:&quot;50&quot;,&quot;shutter_speed&quot;:&quot;0.00229885057471&quot;,&quot;title&quot;:&quot;&quot;,&quot;orientation&quot;:&quot;1&quot;}\" data-image-title=\"2015-05-30 09.34.15\" data-image-description=\"\" data-medium-file=\"https:\/\/i0.wp.com\/bottesetvelo.com\/blog\/wp-content\/uploads\/2015\/06\/2015-05-30-09.34.15.jpg?fit=500%2C375&#038;ssl=1\" data-large-file=\"https:\/\/i0.wp.com\/bottesetvelo.com\/blog\/wp-content\/uploads\/2015\/06\/2015-05-30-09.34.15.jpg?fit=1024%2C768&#038;ssl=1\" src=\"https:\/\/i0.wp.com\/bottesetvelo.com\/blog\/wp-content\/uploads\/2015\/06\/2015-05-30-09.34.15.jpg?w=450&#038;h=337&#038;ssl=1\" srcset=\"https:\/\/i0.wp.com\/bottesetvelo.com\/blog\/wp-content\/uploads\/2015\/06\/2015-05-30-09.34.15.jpg?w=3264&amp;ssl=1 3264w, https:\/\/i0.wp.com\/bottesetvelo.com\/blog\/wp-content\/uploads\/2015\/06\/2015-05-30-09.34.15.jpg?resize=500%2C375&amp;ssl=1 500w, https:\/\/i0.wp.com\/bottesetvelo.com\/blog\/wp-content\/uploads\/2015\/06\/2015-05-30-09.34.15.jpg?resize=1024%2C768&amp;ssl=1 1024w, https:\/\/i0.wp.com\/bottesetvelo.com\/blog\/wp-content\/uploads\/2015\/06\/2015-05-30-09.34.15.jpg?w=2340&amp;ssl=1 2340w\" width=\"450\" height=\"337\" loading=\"lazy\" data-original-width=\"450\" data-original-height=\"337\" itemprop=\"http:\/\/schema.org\/image\" title=\"2015-05-30 09.34.15\" alt=\"Bottes et V\u00e9lo - Chemin de la Traverse - Jour 1\" style=\"width: 450px; height: 337px;\" \/> <\/a> <div class=\"tiled-gallery-caption\" itemprop=\"caption description\"> Bottes et V\u00e9lo &#8211; Chemin de la Traverse &#8211; Jour 1 <\/div> <\/div> <\/div> <!-- close group --> <\/div> <!-- close row --> <div class=\"gallery-row\" style=\"width: 1170px; height: 714px;\" data-original-width=\"1170\" data-original-height=\"714\" > <div class=\"gallery-group images-3\" style=\"width: 318px; height: 714px;\" data-original-width=\"318\" data-original-height=\"714\" > <div class=\"tiled-gallery-item tiled-gallery-item-large\" itemprop=\"associatedMedia\" itemscope itemtype=\"http:\/\/schema.org\/ImageObject\"> <a href=\"https:\/\/bottesetvelo.com\/blog\/2015\/06\/01\/formation-chemin-de-la-traverse-une-belle-experience\/2015-05-30-11-05-43\/\" border=\"0\" itemprop=\"url\"> <meta itemprop=\"width\" content=\"314\"> <meta itemprop=\"height\" content=\"235\"> <img decoding=\"async\" class=\"\" data-attachment-id=\"1691\" data-orig-file=\"https:\/\/bottesetvelo.com\/blog\/wp-content\/uploads\/2015\/06\/2015-05-30-11.05.43.jpg\" data-orig-size=\"3264,2448\" data-comments-opened=\"1\" data-image-meta=\"{&quot;aperture&quot;:&quot;2.6&quot;,&quot;credit&quot;:&quot;&quot;,&quot;camera&quot;:&quot;SGH-I747M&quot;,&quot;caption&quot;:&quot;&quot;,&quot;created_timestamp&quot;:&quot;1432983943&quot;,&quot;copyright&quot;:&quot;&quot;,&quot;focal_length&quot;:&quot;3.7&quot;,&quot;iso&quot;:&quot;50&quot;,&quot;shutter_speed&quot;:&quot;0.000538793103448&quot;,&quot;title&quot;:&quot;&quot;,&quot;orientation&quot;:&quot;1&quot;}\" data-image-title=\"2015-05-30 11.05.43\" data-image-description=\"\" data-medium-file=\"https:\/\/i0.wp.com\/bottesetvelo.com\/blog\/wp-content\/uploads\/2015\/06\/2015-05-30-11.05.43.jpg?fit=500%2C375&#038;ssl=1\" data-large-file=\"https:\/\/i0.wp.com\/bottesetvelo.com\/blog\/wp-content\/uploads\/2015\/06\/2015-05-30-11.05.43.jpg?fit=1024%2C768&#038;ssl=1\" src=\"https:\/\/i0.wp.com\/bottesetvelo.com\/blog\/wp-content\/uploads\/2015\/06\/2015-05-30-11.05.43.jpg?w=314&#038;h=235&#038;ssl=1\" srcset=\"https:\/\/i0.wp.com\/bottesetvelo.com\/blog\/wp-content\/uploads\/2015\/06\/2015-05-30-11.05.43.jpg?w=3264&amp;ssl=1 3264w, https:\/\/i0.wp.com\/bottesetvelo.com\/blog\/wp-content\/uploads\/2015\/06\/2015-05-30-11.05.43.jpg?resize=500%2C375&amp;ssl=1 500w, https:\/\/i0.wp.com\/bottesetvelo.com\/blog\/wp-content\/uploads\/2015\/06\/2015-05-30-11.05.43.jpg?resize=1024%2C768&amp;ssl=1 1024w, https:\/\/i0.wp.com\/bottesetvelo.com\/blog\/wp-content\/uploads\/2015\/06\/2015-05-30-11.05.43.jpg?w=2340&amp;ssl=1 2340w\" width=\"314\" height=\"235\" loading=\"lazy\" data-original-width=\"314\" data-original-height=\"235\" itemprop=\"http:\/\/schema.org\/image\" title=\"2015-05-30 11.05.43\" alt=\"Bottes et V\u00e9lo - Chemin de la Traverse - Jour 1\" style=\"width: 314px; height: 235px;\" \/> <\/a> <div class=\"tiled-gallery-caption\" itemprop=\"caption description\"> Bottes et V\u00e9lo &#8211; Chemin de la Traverse &#8211; Jour 1 <\/div> <\/div> <div class=\"tiled-gallery-item tiled-gallery-item-large\" itemprop=\"associatedMedia\" itemscope itemtype=\"http:\/\/schema.org\/ImageObject\"> <a href=\"https:\/\/bottesetvelo.com\/blog\/2015\/06\/01\/formation-chemin-de-la-traverse-une-belle-experience\/2015-05-30-14-30-22\/\" border=\"0\" itemprop=\"url\"> <meta itemprop=\"width\" content=\"314\"> <meta itemprop=\"height\" content=\"232\"> <img decoding=\"async\" class=\"\" data-attachment-id=\"1692\" data-orig-file=\"https:\/\/bottesetvelo.com\/blog\/wp-content\/uploads\/2015\/06\/2015-05-30-14.30.22.jpg\" data-orig-size=\"3202,2364\" data-comments-opened=\"1\" data-image-meta=\"{&quot;aperture&quot;:&quot;2.6&quot;,&quot;credit&quot;:&quot;&quot;,&quot;camera&quot;:&quot;SGH-I747M&quot;,&quot;caption&quot;:&quot;&quot;,&quot;created_timestamp&quot;:&quot;1432996222&quot;,&quot;copyright&quot;:&quot;&quot;,&quot;focal_length&quot;:&quot;3.7&quot;,&quot;iso&quot;:&quot;50&quot;,&quot;shutter_speed&quot;:&quot;0.00381679389313&quot;,&quot;title&quot;:&quot;&quot;,&quot;orientation&quot;:&quot;1&quot;}\" data-image-title=\"2015-05-30 14.30.22\" data-image-description=\"\" data-medium-file=\"https:\/\/i0.wp.com\/bottesetvelo.com\/blog\/wp-content\/uploads\/2015\/06\/2015-05-30-14.30.22.jpg?fit=500%2C369&#038;ssl=1\" data-large-file=\"https:\/\/i0.wp.com\/bottesetvelo.com\/blog\/wp-content\/uploads\/2015\/06\/2015-05-30-14.30.22.jpg?fit=1024%2C756&#038;ssl=1\" src=\"https:\/\/i0.wp.com\/bottesetvelo.com\/blog\/wp-content\/uploads\/2015\/06\/2015-05-30-14.30.22.jpg?w=314&#038;h=232&#038;ssl=1\" srcset=\"https:\/\/i0.wp.com\/bottesetvelo.com\/blog\/wp-content\/uploads\/2015\/06\/2015-05-30-14.30.22.jpg?w=3202&amp;ssl=1 3202w, https:\/\/i0.wp.com\/bottesetvelo.com\/blog\/wp-content\/uploads\/2015\/06\/2015-05-30-14.30.22.jpg?resize=500%2C369&amp;ssl=1 500w, https:\/\/i0.wp.com\/bottesetvelo.com\/blog\/wp-content\/uploads\/2015\/06\/2015-05-30-14.30.22.jpg?w=2340&amp;ssl=1 2340w\" width=\"314\" height=\"232\" loading=\"lazy\" data-original-width=\"314\" data-original-height=\"232\" itemprop=\"http:\/\/schema.org\/image\" title=\"2015-05-30 14.30.22\" alt=\"Bottes et V\u00e9lo - Chemin de la Traverse - Jour 1\" style=\"width: 314px; height: 232px;\" \/> <\/a> <div class=\"tiled-gallery-caption\" itemprop=\"caption description\"> Bottes et V\u00e9lo &#8211; Chemin de la Traverse &#8211; Jour 1 <\/div> <\/div> <div class=\"tiled-gallery-item tiled-gallery-item-large\" itemprop=\"associatedMedia\" itemscope itemtype=\"http:\/\/schema.org\/ImageObject\"> <a href=\"https:\/\/bottesetvelo.com\/blog\/2015\/06\/01\/formation-chemin-de-la-traverse-une-belle-experience\/2015-05-30-14-32-19\/\" border=\"0\" itemprop=\"url\"> <meta itemprop=\"width\" content=\"314\"> <meta itemprop=\"height\" content=\"235\"> <img decoding=\"async\" class=\"\" data-attachment-id=\"1693\" data-orig-file=\"https:\/\/bottesetvelo.com\/blog\/wp-content\/uploads\/2015\/06\/2015-05-30-14.32.19.jpg\" data-orig-size=\"2592,1936\" data-comments-opened=\"1\" data-image-meta=\"{&quot;aperture&quot;:&quot;2.8&quot;,&quot;credit&quot;:&quot;&quot;,&quot;camera&quot;:&quot;iPhone 4&quot;,&quot;caption&quot;:&quot;&quot;,&quot;created_timestamp&quot;:&quot;1432996339&quot;,&quot;copyright&quot;:&quot;&quot;,&quot;focal_length&quot;:&quot;3.85&quot;,&quot;iso&quot;:&quot;80&quot;,&quot;shutter_speed&quot;:&quot;0.00278551532033&quot;,&quot;title&quot;:&quot;&quot;,&quot;orientation&quot;:&quot;1&quot;}\" data-image-title=\"2015-05-30 14.32.19\" data-image-description=\"\" data-medium-file=\"https:\/\/i0.wp.com\/bottesetvelo.com\/blog\/wp-content\/uploads\/2015\/06\/2015-05-30-14.32.19.jpg?fit=500%2C373&#038;ssl=1\" data-large-file=\"https:\/\/i0.wp.com\/bottesetvelo.com\/blog\/wp-content\/uploads\/2015\/06\/2015-05-30-14.32.19.jpg?fit=1024%2C765&#038;ssl=1\" src=\"https:\/\/i0.wp.com\/bottesetvelo.com\/blog\/wp-content\/uploads\/2015\/06\/2015-05-30-14.32.19.jpg?w=314&#038;h=235&#038;ssl=1\" srcset=\"https:\/\/i0.wp.com\/bottesetvelo.com\/blog\/wp-content\/uploads\/2015\/06\/2015-05-30-14.32.19.jpg?w=2592&amp;ssl=1 2592w, https:\/\/i0.wp.com\/bottesetvelo.com\/blog\/wp-content\/uploads\/2015\/06\/2015-05-30-14.32.19.jpg?resize=500%2C373&amp;ssl=1 500w, https:\/\/i0.wp.com\/bottesetvelo.com\/blog\/wp-content\/uploads\/2015\/06\/2015-05-30-14.32.19.jpg?resize=1024%2C765&amp;ssl=1 1024w, https:\/\/i0.wp.com\/bottesetvelo.com\/blog\/wp-content\/uploads\/2015\/06\/2015-05-30-14.32.19.jpg?w=2340&amp;ssl=1 2340w\" width=\"314\" height=\"235\" loading=\"lazy\" data-original-width=\"314\" data-original-height=\"235\" itemprop=\"http:\/\/schema.org\/image\" title=\"2015-05-30 14.32.19\" alt=\"Bottes et V\u00e9lo - Chemin de la Traverse - Jour 1\" style=\"width: 314px; height: 235px;\" \/> <\/a> <div class=\"tiled-gallery-caption\" itemprop=\"caption description\"> Bottes et V\u00e9lo &#8211; Chemin de la Traverse &#8211; Jour 1 <\/div> <\/div> <\/div> <!-- close group --> <div class=\"gallery-group images-1\" style=\"width: 535px; height: 714px;\" data-original-width=\"535\" data-original-height=\"714\" > <div class=\"tiled-gallery-item tiled-gallery-item-large\" itemprop=\"associatedMedia\" itemscope itemtype=\"http:\/\/schema.org\/ImageObject\"> <a href=\"https:\/\/bottesetvelo.com\/blog\/2015\/06\/01\/formation-chemin-de-la-traverse-une-belle-experience\/2015-05-30-14-33-03\/\" border=\"0\" itemprop=\"url\"> <meta itemprop=\"width\" content=\"531\"> <meta itemprop=\"height\" content=\"710\"> <img decoding=\"async\" class=\"\" data-attachment-id=\"1694\" data-orig-file=\"https:\/\/bottesetvelo.com\/blog\/wp-content\/uploads\/2015\/06\/2015-05-30-14.33.03.jpg\" data-orig-size=\"1936,2592\" data-comments-opened=\"1\" data-image-meta=\"{&quot;aperture&quot;:&quot;2.8&quot;,&quot;credit&quot;:&quot;&quot;,&quot;camera&quot;:&quot;iPhone 4&quot;,&quot;caption&quot;:&quot;&quot;,&quot;created_timestamp&quot;:&quot;1432996383&quot;,&quot;copyright&quot;:&quot;&quot;,&quot;focal_length&quot;:&quot;3.85&quot;,&quot;iso&quot;:&quot;80&quot;,&quot;shutter_speed&quot;:&quot;0.0020202020202&quot;,&quot;title&quot;:&quot;&quot;,&quot;orientation&quot;:&quot;1&quot;}\" data-image-title=\"2015-05-30 14.33.03\" data-image-description=\"\" data-medium-file=\"https:\/\/i0.wp.com\/bottesetvelo.com\/blog\/wp-content\/uploads\/2015\/06\/2015-05-30-14.33.03.jpg?fit=373%2C500&#038;ssl=1\" data-large-file=\"https:\/\/i0.wp.com\/bottesetvelo.com\/blog\/wp-content\/uploads\/2015\/06\/2015-05-30-14.33.03.jpg?fit=765%2C1024&#038;ssl=1\" src=\"https:\/\/i0.wp.com\/bottesetvelo.com\/blog\/wp-content\/uploads\/2015\/06\/2015-05-30-14.33.03.jpg?w=531&#038;h=710&#038;ssl=1\" srcset=\"https:\/\/i0.wp.com\/bottesetvelo.com\/blog\/wp-content\/uploads\/2015\/06\/2015-05-30-14.33.03.jpg?w=1936&amp;ssl=1 1936w, https:\/\/i0.wp.com\/bottesetvelo.com\/blog\/wp-content\/uploads\/2015\/06\/2015-05-30-14.33.03.jpg?resize=373%2C500&amp;ssl=1 373w, https:\/\/i0.wp.com\/bottesetvelo.com\/blog\/wp-content\/uploads\/2015\/06\/2015-05-30-14.33.03.jpg?resize=765%2C1024&amp;ssl=1 765w\" width=\"531\" height=\"710\" loading=\"lazy\" data-original-width=\"531\" data-original-height=\"710\" itemprop=\"http:\/\/schema.org\/image\" title=\"2015-05-30 14.33.03\" alt=\"Bottes et V\u00e9lo - Chemin de la Traverse - Jour 1\" style=\"width: 531px; height: 710px;\" \/> <\/a> <div class=\"tiled-gallery-caption\" itemprop=\"caption description\"> Bottes et V\u00e9lo &#8211; Chemin de la Traverse &#8211; Jour 1 <\/div> <\/div> <\/div> <!-- close group --> <div class=\"gallery-group images-3\" style=\"width: 317px; height: 714px;\" data-original-width=\"317\" data-original-height=\"714\" > <div class=\"tiled-gallery-item tiled-gallery-item-large\" itemprop=\"associatedMedia\" itemscope itemtype=\"http:\/\/schema.org\/ImageObject\"> <a href=\"https:\/\/bottesetvelo.com\/blog\/2015\/06\/01\/formation-chemin-de-la-traverse-une-belle-experience\/2015-05-30-15-37-23\/\" border=\"0\" itemprop=\"url\"> <meta itemprop=\"width\" content=\"313\"> <meta itemprop=\"height\" content=\"234\"> <img decoding=\"async\" class=\"\" data-attachment-id=\"1695\" data-orig-file=\"https:\/\/bottesetvelo.com\/blog\/wp-content\/uploads\/2015\/06\/2015-05-30-15.37.23.jpg\" data-orig-size=\"2592,1936\" data-comments-opened=\"1\" data-image-meta=\"{&quot;aperture&quot;:&quot;2.8&quot;,&quot;credit&quot;:&quot;&quot;,&quot;camera&quot;:&quot;iPhone 4&quot;,&quot;caption&quot;:&quot;&quot;,&quot;created_timestamp&quot;:&quot;1433000243&quot;,&quot;copyright&quot;:&quot;&quot;,&quot;focal_length&quot;:&quot;3.85&quot;,&quot;iso&quot;:&quot;80&quot;,&quot;shutter_speed&quot;:&quot;0.000895255147717&quot;,&quot;title&quot;:&quot;&quot;,&quot;orientation&quot;:&quot;1&quot;}\" data-image-title=\"2015-05-30 15.37.23\" data-image-description=\"\" data-medium-file=\"https:\/\/i0.wp.com\/bottesetvelo.com\/blog\/wp-content\/uploads\/2015\/06\/2015-05-30-15.37.23.jpg?fit=500%2C373&#038;ssl=1\" data-large-file=\"https:\/\/i0.wp.com\/bottesetvelo.com\/blog\/wp-content\/uploads\/2015\/06\/2015-05-30-15.37.23.jpg?fit=1024%2C765&#038;ssl=1\" src=\"https:\/\/i0.wp.com\/bottesetvelo.com\/blog\/wp-content\/uploads\/2015\/06\/2015-05-30-15.37.23.jpg?w=313&#038;h=234&#038;ssl=1\" srcset=\"https:\/\/i0.wp.com\/bottesetvelo.com\/blog\/wp-content\/uploads\/2015\/06\/2015-05-30-15.37.23.jpg?w=2592&amp;ssl=1 2592w, https:\/\/i0.wp.com\/bottesetvelo.com\/blog\/wp-content\/uploads\/2015\/06\/2015-05-30-15.37.23.jpg?resize=500%2C373&amp;ssl=1 500w, https:\/\/i0.wp.com\/bottesetvelo.com\/blog\/wp-content\/uploads\/2015\/06\/2015-05-30-15.37.23.jpg?resize=1024%2C765&amp;ssl=1 1024w, https:\/\/i0.wp.com\/bottesetvelo.com\/blog\/wp-content\/uploads\/2015\/06\/2015-05-30-15.37.23.jpg?w=2340&amp;ssl=1 2340w\" width=\"313\" height=\"234\" loading=\"lazy\" data-original-width=\"313\" data-original-height=\"234\" itemprop=\"http:\/\/schema.org\/image\" title=\"2015-05-30 15.37.23\" alt=\"Bottes et V\u00e9lo - Chemn de la Traverse - Jour 1\" style=\"width: 313px; height: 234px;\" \/> <\/a> <div class=\"tiled-gallery-caption\" itemprop=\"caption description\"> Bottes et V\u00e9lo &#8211; Chemn de la Traverse &#8211; Jour 1 <\/div> <\/div> <div class=\"tiled-gallery-item tiled-gallery-item-large\" itemprop=\"associatedMedia\" itemscope itemtype=\"http:\/\/schema.org\/ImageObject\"> <a href=\"https:\/\/bottesetvelo.com\/blog\/2015\/06\/01\/formation-chemin-de-la-traverse-une-belle-experience\/2015-05-30-15-51-04\/\" border=\"0\" itemprop=\"url\"> <meta itemprop=\"width\" content=\"313\"> <meta itemprop=\"height\" content=\"234\"> <img decoding=\"async\" class=\"\" data-attachment-id=\"1696\" data-orig-file=\"https:\/\/bottesetvelo.com\/blog\/wp-content\/uploads\/2015\/06\/2015-05-30-15.51.04.jpg\" data-orig-size=\"2592,1936\" data-comments-opened=\"1\" data-image-meta=\"{&quot;aperture&quot;:&quot;2.8&quot;,&quot;credit&quot;:&quot;&quot;,&quot;camera&quot;:&quot;iPhone 4&quot;,&quot;caption&quot;:&quot;&quot;,&quot;created_timestamp&quot;:&quot;1433001064&quot;,&quot;copyright&quot;:&quot;&quot;,&quot;focal_length&quot;:&quot;3.85&quot;,&quot;iso&quot;:&quot;80&quot;,&quot;shutter_speed&quot;:&quot;0.00350877192982&quot;,&quot;title&quot;:&quot;&quot;,&quot;orientation&quot;:&quot;1&quot;}\" data-image-title=\"2015-05-30 15.51.04\" data-image-description=\"\" data-medium-file=\"https:\/\/i0.wp.com\/bottesetvelo.com\/blog\/wp-content\/uploads\/2015\/06\/2015-05-30-15.51.04.jpg?fit=500%2C373&#038;ssl=1\" data-large-file=\"https:\/\/i0.wp.com\/bottesetvelo.com\/blog\/wp-content\/uploads\/2015\/06\/2015-05-30-15.51.04.jpg?fit=1024%2C765&#038;ssl=1\" src=\"https:\/\/i0.wp.com\/bottesetvelo.com\/blog\/wp-content\/uploads\/2015\/06\/2015-05-30-15.51.04.jpg?w=313&#038;h=234&#038;ssl=1\" srcset=\"https:\/\/i0.wp.com\/bottesetvelo.com\/blog\/wp-content\/uploads\/2015\/06\/2015-05-30-15.51.04.jpg?w=2592&amp;ssl=1 2592w, https:\/\/i0.wp.com\/bottesetvelo.com\/blog\/wp-content\/uploads\/2015\/06\/2015-05-30-15.51.04.jpg?resize=500%2C373&amp;ssl=1 500w, https:\/\/i0.wp.com\/bottesetvelo.com\/blog\/wp-content\/uploads\/2015\/06\/2015-05-30-15.51.04.jpg?resize=1024%2C765&amp;ssl=1 1024w, https:\/\/i0.wp.com\/bottesetvelo.com\/blog\/wp-content\/uploads\/2015\/06\/2015-05-30-15.51.04.jpg?w=2340&amp;ssl=1 2340w\" width=\"313\" height=\"234\" loading=\"lazy\" data-original-width=\"313\" data-original-height=\"234\" itemprop=\"http:\/\/schema.org\/image\" title=\"2015-05-30 15.51.04\" alt=\"Bottes et V\u00e9lo - Chemin de la Traverse - Jour 1\" style=\"width: 313px; height: 234px;\" \/> <\/a> <div class=\"tiled-gallery-caption\" itemprop=\"caption description\"> Bottes et V\u00e9lo &#8211; Chemin de la Traverse &#8211; Jour 1 <\/div> <\/div> <div class=\"tiled-gallery-item tiled-gallery-item-large\" itemprop=\"associatedMedia\" itemscope itemtype=\"http:\/\/schema.org\/ImageObject\"> <a href=\"https:\/\/bottesetvelo.com\/blog\/2015\/06\/01\/formation-chemin-de-la-traverse-une-belle-experience\/2015-05-30-15-52-56\/\" border=\"0\" itemprop=\"url\"> <meta itemprop=\"width\" content=\"313\"> <meta itemprop=\"height\" content=\"234\"> <img decoding=\"async\" class=\"\" data-attachment-id=\"1697\" data-orig-file=\"https:\/\/bottesetvelo.com\/blog\/wp-content\/uploads\/2015\/06\/2015-05-30-15.52.56.jpg\" data-orig-size=\"3264,2448\" data-comments-opened=\"1\" data-image-meta=\"{&quot;aperture&quot;:&quot;2.6&quot;,&quot;credit&quot;:&quot;&quot;,&quot;camera&quot;:&quot;SGH-I747M&quot;,&quot;caption&quot;:&quot;&quot;,&quot;created_timestamp&quot;:&quot;1433001176&quot;,&quot;copyright&quot;:&quot;&quot;,&quot;focal_length&quot;:&quot;3.7&quot;,&quot;iso&quot;:&quot;50&quot;,&quot;shutter_speed&quot;:&quot;0.00609756097561&quot;,&quot;title&quot;:&quot;&quot;,&quot;orientation&quot;:&quot;1&quot;}\" data-image-title=\"2015-05-30 15.52.56\" data-image-description=\"\" data-medium-file=\"https:\/\/i0.wp.com\/bottesetvelo.com\/blog\/wp-content\/uploads\/2015\/06\/2015-05-30-15.52.56.jpg?fit=500%2C375&#038;ssl=1\" data-large-file=\"https:\/\/i0.wp.com\/bottesetvelo.com\/blog\/wp-content\/uploads\/2015\/06\/2015-05-30-15.52.56.jpg?fit=1024%2C768&#038;ssl=1\" src=\"https:\/\/i0.wp.com\/bottesetvelo.com\/blog\/wp-content\/uploads\/2015\/06\/2015-05-30-15.52.56.jpg?w=313&#038;h=234&#038;ssl=1\" srcset=\"https:\/\/i0.wp.com\/bottesetvelo.com\/blog\/wp-content\/uploads\/2015\/06\/2015-05-30-15.52.56.jpg?w=3264&amp;ssl=1 3264w, https:\/\/i0.wp.com\/bottesetvelo.com\/blog\/wp-content\/uploads\/2015\/06\/2015-05-30-15.52.56.jpg?resize=500%2C375&amp;ssl=1 500w, https:\/\/i0.wp.com\/bottesetvelo.com\/blog\/wp-content\/uploads\/2015\/06\/2015-05-30-15.52.56.jpg?resize=1024%2C768&amp;ssl=1 1024w, https:\/\/i0.wp.com\/bottesetvelo.com\/blog\/wp-content\/uploads\/2015\/06\/2015-05-30-15.52.56.jpg?w=2340&amp;ssl=1 2340w\" width=\"313\" height=\"234\" loading=\"lazy\" data-original-width=\"313\" data-original-height=\"234\" itemprop=\"http:\/\/schema.org\/image\" title=\"2015-05-30 15.52.56\" alt=\"Bottes et V\u00e9lo - Chemin de la Traverse - Jour 1\" style=\"width: 313px; height: 234px;\" \/> <\/a> <div class=\"tiled-gallery-caption\" itemprop=\"caption description\"> Bottes et V\u00e9lo &#8211; Chemin de la Traverse &#8211; Jour 1 <\/div> <\/div> <\/div> <!-- close group --> <\/div> <!-- close row --> <div class=\"gallery-row\" style=\"width: 1170px; height: 561px;\" data-original-width=\"1170\" data-original-height=\"561\" > <div class=\"gallery-group images-1\" style=\"width: 750px; height: 561px;\" data-original-width=\"750\" data-original-height=\"561\" > <div class=\"tiled-gallery-item tiled-gallery-item-large\" itemprop=\"associatedMedia\" itemscope itemtype=\"http:\/\/schema.org\/ImageObject\"> <a href=\"https:\/\/bottesetvelo.com\/blog\/2015\/06\/01\/formation-chemin-de-la-traverse-une-belle-experience\/2015-05-30-15-54-50\/\" border=\"0\" itemprop=\"url\"> <meta itemprop=\"width\" content=\"746\"> <meta itemprop=\"height\" content=\"557\"> <img decoding=\"async\" class=\"\" data-attachment-id=\"1698\" data-orig-file=\"https:\/\/bottesetvelo.com\/blog\/wp-content\/uploads\/2015\/06\/2015-05-30-15.54.50.jpg\" data-orig-size=\"2592,1936\" data-comments-opened=\"1\" data-image-meta=\"{&quot;aperture&quot;:&quot;2.8&quot;,&quot;credit&quot;:&quot;&quot;,&quot;camera&quot;:&quot;iPhone 4&quot;,&quot;caption&quot;:&quot;&quot;,&quot;created_timestamp&quot;:&quot;1433001290&quot;,&quot;copyright&quot;:&quot;&quot;,&quot;focal_length&quot;:&quot;3.85&quot;,&quot;iso&quot;:&quot;80&quot;,&quot;shutter_speed&quot;:&quot;0.00390625&quot;,&quot;title&quot;:&quot;&quot;,&quot;orientation&quot;:&quot;1&quot;}\" data-image-title=\"2015-05-30 15.54.50\" data-image-description=\"\" data-medium-file=\"https:\/\/i0.wp.com\/bottesetvelo.com\/blog\/wp-content\/uploads\/2015\/06\/2015-05-30-15.54.50.jpg?fit=500%2C373&#038;ssl=1\" data-large-file=\"https:\/\/i0.wp.com\/bottesetvelo.com\/blog\/wp-content\/uploads\/2015\/06\/2015-05-30-15.54.50.jpg?fit=1024%2C765&#038;ssl=1\" src=\"https:\/\/i0.wp.com\/bottesetvelo.com\/blog\/wp-content\/uploads\/2015\/06\/2015-05-30-15.54.50.jpg?w=746&#038;h=557&#038;ssl=1\" srcset=\"https:\/\/i0.wp.com\/bottesetvelo.com\/blog\/wp-content\/uploads\/2015\/06\/2015-05-30-15.54.50.jpg?w=2592&amp;ssl=1 2592w, https:\/\/i0.wp.com\/bottesetvelo.com\/blog\/wp-content\/uploads\/2015\/06\/2015-05-30-15.54.50.jpg?resize=500%2C373&amp;ssl=1 500w, https:\/\/i0.wp.com\/bottesetvelo.com\/blog\/wp-content\/uploads\/2015\/06\/2015-05-30-15.54.50.jpg?resize=1024%2C765&amp;ssl=1 1024w, https:\/\/i0.wp.com\/bottesetvelo.com\/blog\/wp-content\/uploads\/2015\/06\/2015-05-30-15.54.50.jpg?w=2340&amp;ssl=1 2340w\" width=\"746\" height=\"557\" loading=\"lazy\" data-original-width=\"746\" data-original-height=\"557\" itemprop=\"http:\/\/schema.org\/image\" title=\"2015-05-30 15.54.50\" alt=\"Bottes et V\u00e9lo - Chemin de la Traverse - Jour 1\" style=\"width: 746px; height: 557px;\" \/> <\/a> <div class=\"tiled-gallery-caption\" itemprop=\"caption description\"> Bottes et V\u00e9lo &#8211; Chemin de la Traverse &#8211; Jour 1 <\/div> <\/div> <\/div> <!-- close group --> <div class=\"gallery-group images-1\" style=\"width: 420px; height: 561px;\" data-original-width=\"420\" data-original-height=\"561\" > <div class=\"tiled-gallery-item tiled-gallery-item-large\" itemprop=\"associatedMedia\" itemscope itemtype=\"http:\/\/schema.org\/ImageObject\"> <a href=\"https:\/\/bottesetvelo.com\/blog\/2015\/06\/01\/formation-chemin-de-la-traverse-une-belle-experience\/2015-05-30-15-55-18\/\" border=\"0\" itemprop=\"url\"> <meta itemprop=\"width\" content=\"416\"> <meta itemprop=\"height\" content=\"557\"> <img decoding=\"async\" class=\"\" data-attachment-id=\"1699\" data-orig-file=\"https:\/\/bottesetvelo.com\/blog\/wp-content\/uploads\/2015\/06\/2015-05-30-15.55.18.jpg\" data-orig-size=\"1936,2592\" data-comments-opened=\"1\" data-image-meta=\"{&quot;aperture&quot;:&quot;2.8&quot;,&quot;credit&quot;:&quot;&quot;,&quot;camera&quot;:&quot;iPhone 4&quot;,&quot;caption&quot;:&quot;&quot;,&quot;created_timestamp&quot;:&quot;1433001318&quot;,&quot;copyright&quot;:&quot;&quot;,&quot;focal_length&quot;:&quot;3.85&quot;,&quot;iso&quot;:&quot;80&quot;,&quot;shutter_speed&quot;:&quot;0.00833333333333&quot;,&quot;title&quot;:&quot;&quot;,&quot;orientation&quot;:&quot;1&quot;}\" data-image-title=\"2015-05-30 15.55.18\" data-image-description=\"\" data-medium-file=\"https:\/\/i0.wp.com\/bottesetvelo.com\/blog\/wp-content\/uploads\/2015\/06\/2015-05-30-15.55.18.jpg?fit=373%2C500&#038;ssl=1\" data-large-file=\"https:\/\/i0.wp.com\/bottesetvelo.com\/blog\/wp-content\/uploads\/2015\/06\/2015-05-30-15.55.18.jpg?fit=765%2C1024&#038;ssl=1\" src=\"https:\/\/i0.wp.com\/bottesetvelo.com\/blog\/wp-content\/uploads\/2015\/06\/2015-05-30-15.55.18.jpg?w=416&#038;h=557&#038;ssl=1\" srcset=\"https:\/\/i0.wp.com\/bottesetvelo.com\/blog\/wp-content\/uploads\/2015\/06\/2015-05-30-15.55.18.jpg?w=1936&amp;ssl=1 1936w, https:\/\/i0.wp.com\/bottesetvelo.com\/blog\/wp-content\/uploads\/2015\/06\/2015-05-30-15.55.18.jpg?resize=373%2C500&amp;ssl=1 373w, https:\/\/i0.wp.com\/bottesetvelo.com\/blog\/wp-content\/uploads\/2015\/06\/2015-05-30-15.55.18.jpg?resize=765%2C1024&amp;ssl=1 765w\" width=\"416\" height=\"557\" loading=\"lazy\" data-original-width=\"416\" data-original-height=\"557\" itemprop=\"http:\/\/schema.org\/image\" title=\"2015-05-30 15.55.18\" alt=\"Bottes et V\u00e9lo - Chemin de la Traverse - Jour 1\" style=\"width: 416px; height: 557px;\" \/> <\/a> <div class=\"tiled-gallery-caption\" itemprop=\"caption description\"> Bottes et V\u00e9lo &#8211; Chemin de la Traverse &#8211; Jour 1 <\/div> <\/div> <\/div> <!-- close group --> <\/div> <!-- close row --> <div class=\"gallery-row\" style=\"width: 1170px; height: 977px;\" data-original-width=\"1170\" data-original-height=\"977\" > <div class=\"gallery-group images-1\" style=\"width: 734px; height: 977px;\" data-original-width=\"734\" data-original-height=\"977\" > <div class=\"tiled-gallery-item tiled-gallery-item-large\" itemprop=\"associatedMedia\" itemscope itemtype=\"http:\/\/schema.org\/ImageObject\"> <a href=\"https:\/\/bottesetvelo.com\/blog\/2015\/06\/01\/formation-chemin-de-la-traverse-une-belle-experience\/2015-05-30-17-00-14\/\" border=\"0\" itemprop=\"url\"> <meta itemprop=\"width\" content=\"730\"> <meta itemprop=\"height\" content=\"973\"> <img decoding=\"async\" class=\"\" data-attachment-id=\"1700\" data-orig-file=\"https:\/\/bottesetvelo.com\/blog\/wp-content\/uploads\/2015\/06\/2015-05-30-17.00.14.jpg\" data-orig-size=\"2448,3264\" data-comments-opened=\"1\" data-image-meta=\"{&quot;aperture&quot;:&quot;2.6&quot;,&quot;credit&quot;:&quot;&quot;,&quot;camera&quot;:&quot;SGH-I747M&quot;,&quot;caption&quot;:&quot;&quot;,&quot;created_timestamp&quot;:&quot;1433005214&quot;,&quot;copyright&quot;:&quot;&quot;,&quot;focal_length&quot;:&quot;3.7&quot;,&quot;iso&quot;:&quot;500&quot;,&quot;shutter_speed&quot;:&quot;0.0666666666667&quot;,&quot;title&quot;:&quot;&quot;,&quot;orientation&quot;:&quot;1&quot;}\" data-image-title=\"2015-05-30 17.00.14\" data-image-description=\"\" data-medium-file=\"https:\/\/i0.wp.com\/bottesetvelo.com\/blog\/wp-content\/uploads\/2015\/06\/2015-05-30-17.00.14.jpg?fit=375%2C500&#038;ssl=1\" data-large-file=\"https:\/\/i0.wp.com\/bottesetvelo.com\/blog\/wp-content\/uploads\/2015\/06\/2015-05-30-17.00.14.jpg?fit=768%2C1024&#038;ssl=1\" src=\"https:\/\/i0.wp.com\/bottesetvelo.com\/blog\/wp-content\/uploads\/2015\/06\/2015-05-30-17.00.14.jpg?w=730&#038;h=973&#038;ssl=1\" srcset=\"https:\/\/i0.wp.com\/bottesetvelo.com\/blog\/wp-content\/uploads\/2015\/06\/2015-05-30-17.00.14.jpg?w=2448&amp;ssl=1 2448w, https:\/\/i0.wp.com\/bottesetvelo.com\/blog\/wp-content\/uploads\/2015\/06\/2015-05-30-17.00.14.jpg?resize=375%2C500&amp;ssl=1 375w, https:\/\/i0.wp.com\/bottesetvelo.com\/blog\/wp-content\/uploads\/2015\/06\/2015-05-30-17.00.14.jpg?resize=768%2C1024&amp;ssl=1 768w, https:\/\/i0.wp.com\/bottesetvelo.com\/blog\/wp-content\/uploads\/2015\/06\/2015-05-30-17.00.14.jpg?w=2340&amp;ssl=1 2340w\" width=\"730\" height=\"973\" loading=\"lazy\" data-original-width=\"730\" data-original-height=\"973\" itemprop=\"http:\/\/schema.org\/image\" title=\"2015-05-30 17.00.14\" alt=\"Auberge de la Paix - Qu\u00e9bec\" style=\"width: 730px; height: 973px;\" \/> <\/a> <div class=\"tiled-gallery-caption\" itemprop=\"caption description\"> Auberge de la Paix &#8211; Qu\u00e9bec <\/div> <\/div> <\/div> <!-- close group --> <div class=\"gallery-group images-3\" style=\"width: 436px; height: 977px;\" data-original-width=\"436\" data-original-height=\"977\" > <div class=\"tiled-gallery-item tiled-gallery-item-large\" itemprop=\"associatedMedia\" itemscope itemtype=\"http:\/\/schema.org\/ImageObject\"> <a href=\"https:\/\/bottesetvelo.com\/blog\/2015\/06\/01\/formation-chemin-de-la-traverse-une-belle-experience\/2015-05-30-17-03-53\/\" border=\"0\" itemprop=\"url\"> <meta itemprop=\"width\" content=\"432\"> <meta itemprop=\"height\" content=\"324\"> <img decoding=\"async\" class=\"\" data-attachment-id=\"1701\" data-orig-file=\"https:\/\/bottesetvelo.com\/blog\/wp-content\/uploads\/2015\/06\/2015-05-30-17.03.53.jpg\" data-orig-size=\"3264,2448\" data-comments-opened=\"1\" data-image-meta=\"{&quot;aperture&quot;:&quot;2.6&quot;,&quot;credit&quot;:&quot;&quot;,&quot;camera&quot;:&quot;SGH-I747M&quot;,&quot;caption&quot;:&quot;&quot;,&quot;created_timestamp&quot;:&quot;1433005433&quot;,&quot;copyright&quot;:&quot;&quot;,&quot;focal_length&quot;:&quot;3.7&quot;,&quot;iso&quot;:&quot;125&quot;,&quot;shutter_speed&quot;:&quot;0.0333333333333&quot;,&quot;title&quot;:&quot;&quot;,&quot;orientation&quot;:&quot;1&quot;}\" data-image-title=\"2015-05-30 17.03.53\" data-image-description=\"\" data-medium-file=\"https:\/\/i0.wp.com\/bottesetvelo.com\/blog\/wp-content\/uploads\/2015\/06\/2015-05-30-17.03.53.jpg?fit=500%2C375&#038;ssl=1\" data-large-file=\"https:\/\/i0.wp.com\/bottesetvelo.com\/blog\/wp-content\/uploads\/2015\/06\/2015-05-30-17.03.53.jpg?fit=1024%2C768&#038;ssl=1\" src=\"https:\/\/i0.wp.com\/bottesetvelo.com\/blog\/wp-content\/uploads\/2015\/06\/2015-05-30-17.03.53.jpg?w=432&#038;h=324&#038;ssl=1\" srcset=\"https:\/\/i0.wp.com\/bottesetvelo.com\/blog\/wp-content\/uploads\/2015\/06\/2015-05-30-17.03.53.jpg?w=3264&amp;ssl=1 3264w, https:\/\/i0.wp.com\/bottesetvelo.com\/blog\/wp-content\/uploads\/2015\/06\/2015-05-30-17.03.53.jpg?resize=500%2C375&amp;ssl=1 500w, https:\/\/i0.wp.com\/bottesetvelo.com\/blog\/wp-content\/uploads\/2015\/06\/2015-05-30-17.03.53.jpg?resize=1024%2C768&amp;ssl=1 1024w, https:\/\/i0.wp.com\/bottesetvelo.com\/blog\/wp-content\/uploads\/2015\/06\/2015-05-30-17.03.53.jpg?w=2340&amp;ssl=1 2340w\" width=\"432\" height=\"324\" loading=\"lazy\" data-original-width=\"432\" data-original-height=\"324\" itemprop=\"http:\/\/schema.org\/image\" title=\"2015-05-30 17.03.53\" alt=\"Auberge de la Paix - Qu\u00e9bec\" style=\"width: 432px; height: 324px;\" \/> <\/a> <div class=\"tiled-gallery-caption\" itemprop=\"caption description\"> Auberge de la Paix &#8211; Qu\u00e9bec <\/div> <\/div> <div class=\"tiled-gallery-item tiled-gallery-item-large\" itemprop=\"associatedMedia\" itemscope itemtype=\"http:\/\/schema.org\/ImageObject\"> <a href=\"https:\/\/bottesetvelo.com\/blog\/2015\/06\/01\/formation-chemin-de-la-traverse-une-belle-experience\/2015-05-31-08-43-47\/\" border=\"0\" itemprop=\"url\"> <meta itemprop=\"width\" content=\"432\"> <meta itemprop=\"height\" content=\"324\"> <img decoding=\"async\" class=\"\" data-attachment-id=\"1703\" data-orig-file=\"https:\/\/bottesetvelo.com\/blog\/wp-content\/uploads\/2015\/06\/2015-05-31-08.43.47.jpg\" data-orig-size=\"2177,1632\" data-comments-opened=\"1\" data-image-meta=\"{&quot;aperture&quot;:&quot;2.6&quot;,&quot;credit&quot;:&quot;&quot;,&quot;camera&quot;:&quot;SGH-I747M&quot;,&quot;caption&quot;:&quot;&quot;,&quot;created_timestamp&quot;:&quot;1433061827&quot;,&quot;copyright&quot;:&quot;&quot;,&quot;focal_length&quot;:&quot;3.7&quot;,&quot;iso&quot;:&quot;50&quot;,&quot;shutter_speed&quot;:&quot;0.00103734439834&quot;,&quot;title&quot;:&quot;&quot;,&quot;orientation&quot;:&quot;1&quot;}\" data-image-title=\"2015-05-31 08.43.47\" data-image-description=\"\" data-medium-file=\"https:\/\/i0.wp.com\/bottesetvelo.com\/blog\/wp-content\/uploads\/2015\/06\/2015-05-31-08.43.47.jpg?fit=500%2C375&#038;ssl=1\" data-large-file=\"https:\/\/i0.wp.com\/bottesetvelo.com\/blog\/wp-content\/uploads\/2015\/06\/2015-05-31-08.43.47.jpg?fit=1024%2C768&#038;ssl=1\" src=\"https:\/\/i0.wp.com\/bottesetvelo.com\/blog\/wp-content\/uploads\/2015\/06\/2015-05-31-08.43.47.jpg?w=432&#038;h=324&#038;ssl=1\" srcset=\"https:\/\/i0.wp.com\/bottesetvelo.com\/blog\/wp-content\/uploads\/2015\/06\/2015-05-31-08.43.47.jpg?w=2177&amp;ssl=1 2177w, https:\/\/i0.wp.com\/bottesetvelo.com\/blog\/wp-content\/uploads\/2015\/06\/2015-05-31-08.43.47.jpg?resize=500%2C375&amp;ssl=1 500w, https:\/\/i0.wp.com\/bottesetvelo.com\/blog\/wp-content\/uploads\/2015\/06\/2015-05-31-08.43.47.jpg?resize=1024%2C768&amp;ssl=1 1024w\" width=\"432\" height=\"324\" loading=\"lazy\" data-original-width=\"432\" data-original-height=\"324\" itemprop=\"http:\/\/schema.org\/image\" title=\"2015-05-31 08.43.47\" alt=\"Bottes et V\u00e9lo - Chemin de la Traverse - Jour 2\" style=\"width: 432px; height: 324px;\" \/> <\/a> <div class=\"tiled-gallery-caption\" itemprop=\"caption description\"> Bottes et V\u00e9lo &#8211; Chemin de la Traverse &#8211; Jour 2 <\/div> <\/div> <div class=\"tiled-gallery-item tiled-gallery-item-large\" itemprop=\"associatedMedia\" itemscope itemtype=\"http:\/\/schema.org\/ImageObject\"> <a href=\"https:\/\/bottesetvelo.com\/blog\/2015\/06\/01\/formation-chemin-de-la-traverse-une-belle-experience\/2015-05-31-08-45-47\/\" border=\"0\" itemprop=\"url\"> <meta itemprop=\"width\" content=\"432\"> <meta itemprop=\"height\" content=\"317\"> <img decoding=\"async\" class=\"\" data-attachment-id=\"1704\" data-orig-file=\"https:\/\/bottesetvelo.com\/blog\/wp-content\/uploads\/2015\/06\/2015-05-31-08.45.47.jpg\" data-orig-size=\"3186,2342\" data-comments-opened=\"1\" data-image-meta=\"{&quot;aperture&quot;:&quot;2.6&quot;,&quot;credit&quot;:&quot;&quot;,&quot;camera&quot;:&quot;SGH-I747M&quot;,&quot;caption&quot;:&quot;&quot;,&quot;created_timestamp&quot;:&quot;1433061947&quot;,&quot;copyright&quot;:&quot;&quot;,&quot;focal_length&quot;:&quot;3.7&quot;,&quot;iso&quot;:&quot;50&quot;,&quot;shutter_speed&quot;:&quot;0.0016339869281&quot;,&quot;title&quot;:&quot;&quot;,&quot;orientation&quot;:&quot;1&quot;}\" data-image-title=\"2015-05-31 08.45.47\" data-image-description=\"\" data-medium-file=\"https:\/\/i0.wp.com\/bottesetvelo.com\/blog\/wp-content\/uploads\/2015\/06\/2015-05-31-08.45.47.jpg?fit=500%2C368&#038;ssl=1\" data-large-file=\"https:\/\/i0.wp.com\/bottesetvelo.com\/blog\/wp-content\/uploads\/2015\/06\/2015-05-31-08.45.47.jpg?fit=1024%2C753&#038;ssl=1\" src=\"https:\/\/i0.wp.com\/bottesetvelo.com\/blog\/wp-content\/uploads\/2015\/06\/2015-05-31-08.45.47.jpg?w=432&#038;h=317&#038;ssl=1\" srcset=\"https:\/\/i0.wp.com\/bottesetvelo.com\/blog\/wp-content\/uploads\/2015\/06\/2015-05-31-08.45.47.jpg?w=3186&amp;ssl=1 3186w, https:\/\/i0.wp.com\/bottesetvelo.com\/blog\/wp-content\/uploads\/2015\/06\/2015-05-31-08.45.47.jpg?resize=500%2C368&amp;ssl=1 500w, https:\/\/i0.wp.com\/bottesetvelo.com\/blog\/wp-content\/uploads\/2015\/06\/2015-05-31-08.45.47.jpg?w=2340&amp;ssl=1 2340w\" width=\"432\" height=\"317\" loading=\"lazy\" data-original-width=\"432\" data-original-height=\"317\" itemprop=\"http:\/\/schema.org\/image\" title=\"2015-05-31 08.45.47\" alt=\"Bottes et V\u00e9lo - Chemin de la Traverse - Jour 2\" style=\"width: 432px; height: 317px;\" \/> <\/a> <div class=\"tiled-gallery-caption\" itemprop=\"caption description\"> Bottes et V\u00e9lo &#8211; Chemin de la Traverse &#8211; Jour 2 <\/div> <\/div> <\/div> <!-- close group --> <\/div> <!-- close row --> <div class=\"gallery-row\" style=\"width: 1170px; height: 572px;\" data-original-width=\"1170\" data-original-height=\"572\" > <div class=\"gallery-group images-1\" style=\"width: 790px; height: 572px;\" data-original-width=\"790\" data-original-height=\"572\" > <div class=\"tiled-gallery-item tiled-gallery-item-large\" itemprop=\"associatedMedia\" itemscope itemtype=\"http:\/\/schema.org\/ImageObject\"> <a href=\"https:\/\/bottesetvelo.com\/blog\/2015\/06\/01\/formation-chemin-de-la-traverse-une-belle-experience\/2015-05-31-08-43-38\/\" border=\"0\" itemprop=\"url\"> <meta itemprop=\"width\" content=\"786\"> <meta itemprop=\"height\" content=\"568\"> <img decoding=\"async\" class=\"\" data-attachment-id=\"1702\" data-orig-file=\"https:\/\/bottesetvelo.com\/blog\/wp-content\/uploads\/2015\/06\/2015-05-31-08.43.38.jpg\" data-orig-size=\"3134,2264\" data-comments-opened=\"1\" data-image-meta=\"{&quot;aperture&quot;:&quot;2.6&quot;,&quot;credit&quot;:&quot;&quot;,&quot;camera&quot;:&quot;SGH-I747M&quot;,&quot;caption&quot;:&quot;&quot;,&quot;created_timestamp&quot;:&quot;1433061818&quot;,&quot;copyright&quot;:&quot;&quot;,&quot;focal_length&quot;:&quot;3.7&quot;,&quot;iso&quot;:&quot;50&quot;,&quot;shutter_speed&quot;:&quot;0.00127877237852&quot;,&quot;title&quot;:&quot;&quot;,&quot;orientation&quot;:&quot;1&quot;}\" data-image-title=\"2015-05-31 08.43.38\" data-image-description=\"\" data-medium-file=\"https:\/\/i0.wp.com\/bottesetvelo.com\/blog\/wp-content\/uploads\/2015\/06\/2015-05-31-08.43.38.jpg?fit=500%2C361&#038;ssl=1\" data-large-file=\"https:\/\/i0.wp.com\/bottesetvelo.com\/blog\/wp-content\/uploads\/2015\/06\/2015-05-31-08.43.38.jpg?fit=1024%2C740&#038;ssl=1\" src=\"https:\/\/i0.wp.com\/bottesetvelo.com\/blog\/wp-content\/uploads\/2015\/06\/2015-05-31-08.43.38.jpg?w=786&#038;h=568&#038;ssl=1\" srcset=\"https:\/\/i0.wp.com\/bottesetvelo.com\/blog\/wp-content\/uploads\/2015\/06\/2015-05-31-08.43.38.jpg?w=3134&amp;ssl=1 3134w, https:\/\/i0.wp.com\/bottesetvelo.com\/blog\/wp-content\/uploads\/2015\/06\/2015-05-31-08.43.38.jpg?resize=500%2C361&amp;ssl=1 500w, https:\/\/i0.wp.com\/bottesetvelo.com\/blog\/wp-content\/uploads\/2015\/06\/2015-05-31-08.43.38.jpg?resize=1024%2C740&amp;ssl=1 1024w, https:\/\/i0.wp.com\/bottesetvelo.com\/blog\/wp-content\/uploads\/2015\/06\/2015-05-31-08.43.38.jpg?w=2340&amp;ssl=1 2340w\" width=\"786\" height=\"568\" loading=\"lazy\" data-original-width=\"786\" data-original-height=\"568\" itemprop=\"http:\/\/schema.org\/image\" title=\"2015-05-31 08.43.38\" alt=\"Bottes et V\u00e9lo - Chemin de la Traverse - Jour 2\" style=\"width: 786px; height: 568px;\" \/> <\/a> <div class=\"tiled-gallery-caption\" itemprop=\"caption description\"> Bottes et V\u00e9lo &#8211; Chemin de la Traverse &#8211; Jour 2 <\/div> <\/div> <\/div> <!-- close group --> <div class=\"gallery-group images-2\" style=\"width: 380px; height: 572px;\" data-original-width=\"380\" data-original-height=\"572\" > <div class=\"tiled-gallery-item tiled-gallery-item-large\" itemprop=\"associatedMedia\" itemscope itemtype=\"http:\/\/schema.org\/ImageObject\"> <a href=\"https:\/\/bottesetvelo.com\/blog\/2015\/06\/01\/formation-chemin-de-la-traverse-une-belle-experience\/2015-05-31-08-56-41\/\" border=\"0\" itemprop=\"url\"> <meta itemprop=\"width\" content=\"376\"> <meta itemprop=\"height\" content=\"282\"> <img decoding=\"async\" class=\"\" data-attachment-id=\"1705\" data-orig-file=\"https:\/\/bottesetvelo.com\/blog\/wp-content\/uploads\/2015\/06\/2015-05-31-08.56.41.jpg\" data-orig-size=\"3264,2448\" data-comments-opened=\"1\" data-image-meta=\"{&quot;aperture&quot;:&quot;2.6&quot;,&quot;credit&quot;:&quot;&quot;,&quot;camera&quot;:&quot;SGH-I747M&quot;,&quot;caption&quot;:&quot;&quot;,&quot;created_timestamp&quot;:&quot;1433062601&quot;,&quot;copyright&quot;:&quot;&quot;,&quot;focal_length&quot;:&quot;3.7&quot;,&quot;iso&quot;:&quot;50&quot;,&quot;shutter_speed&quot;:&quot;0.00531914893617&quot;,&quot;title&quot;:&quot;&quot;,&quot;orientation&quot;:&quot;1&quot;}\" data-image-title=\"2015-05-31 08.56.41\" data-image-description=\"\" data-medium-file=\"https:\/\/i0.wp.com\/bottesetvelo.com\/blog\/wp-content\/uploads\/2015\/06\/2015-05-31-08.56.41.jpg?fit=500%2C375&#038;ssl=1\" data-large-file=\"https:\/\/i0.wp.com\/bottesetvelo.com\/blog\/wp-content\/uploads\/2015\/06\/2015-05-31-08.56.41.jpg?fit=1024%2C768&#038;ssl=1\" src=\"https:\/\/i0.wp.com\/bottesetvelo.com\/blog\/wp-content\/uploads\/2015\/06\/2015-05-31-08.56.41.jpg?w=376&#038;h=282&#038;ssl=1\" srcset=\"https:\/\/i0.wp.com\/bottesetvelo.com\/blog\/wp-content\/uploads\/2015\/06\/2015-05-31-08.56.41.jpg?w=3264&amp;ssl=1 3264w, https:\/\/i0.wp.com\/bottesetvelo.com\/blog\/wp-content\/uploads\/2015\/06\/2015-05-31-08.56.41.jpg?resize=500%2C375&amp;ssl=1 500w, https:\/\/i0.wp.com\/bottesetvelo.com\/blog\/wp-content\/uploads\/2015\/06\/2015-05-31-08.56.41.jpg?resize=1024%2C768&amp;ssl=1 1024w, https:\/\/i0.wp.com\/bottesetvelo.com\/blog\/wp-content\/uploads\/2015\/06\/2015-05-31-08.56.41.jpg?w=2340&amp;ssl=1 2340w\" width=\"376\" height=\"282\" loading=\"lazy\" data-original-width=\"376\" data-original-height=\"282\" itemprop=\"http:\/\/schema.org\/image\" title=\"2015-05-31 08.56.41\" alt=\"Bottes et V\u00e9lo - Chemin de la Traverse - Jour 2\" style=\"width: 376px; height: 282px;\" \/> <\/a> <div class=\"tiled-gallery-caption\" itemprop=\"caption description\"> Bottes et V\u00e9lo &#8211; Chemin de la Traverse &#8211; Jour 2 <\/div> <\/div> <div class=\"tiled-gallery-item tiled-gallery-item-large\" itemprop=\"associatedMedia\" itemscope itemtype=\"http:\/\/schema.org\/ImageObject\"> <a href=\"https:\/\/bottesetvelo.com\/blog\/2015\/06\/01\/formation-chemin-de-la-traverse-une-belle-experience\/2015-05-31-09-06-57\/\" border=\"0\" itemprop=\"url\"> <meta itemprop=\"width\" content=\"376\"> <meta itemprop=\"height\" content=\"282\"> <img decoding=\"async\" class=\"\" data-attachment-id=\"1706\" data-orig-file=\"https:\/\/bottesetvelo.com\/blog\/wp-content\/uploads\/2015\/06\/2015-05-31-09.06.57.jpg\" data-orig-size=\"3264,2448\" data-comments-opened=\"1\" data-image-meta=\"{&quot;aperture&quot;:&quot;2.6&quot;,&quot;credit&quot;:&quot;&quot;,&quot;camera&quot;:&quot;SGH-I747M&quot;,&quot;caption&quot;:&quot;&quot;,&quot;created_timestamp&quot;:&quot;1433063217&quot;,&quot;copyright&quot;:&quot;&quot;,&quot;focal_length&quot;:&quot;3.7&quot;,&quot;iso&quot;:&quot;50&quot;,&quot;shutter_speed&quot;:&quot;0.00130890052356&quot;,&quot;title&quot;:&quot;&quot;,&quot;orientation&quot;:&quot;1&quot;}\" data-image-title=\"2015-05-31 09.06.57\" data-image-description=\"\" data-medium-file=\"https:\/\/i0.wp.com\/bottesetvelo.com\/blog\/wp-content\/uploads\/2015\/06\/2015-05-31-09.06.57.jpg?fit=500%2C375&#038;ssl=1\" data-large-file=\"https:\/\/i0.wp.com\/bottesetvelo.com\/blog\/wp-content\/uploads\/2015\/06\/2015-05-31-09.06.57.jpg?fit=1024%2C768&#038;ssl=1\" src=\"https:\/\/i0.wp.com\/bottesetvelo.com\/blog\/wp-content\/uploads\/2015\/06\/2015-05-31-09.06.57.jpg?w=376&#038;h=282&#038;ssl=1\" srcset=\"https:\/\/i0.wp.com\/bottesetvelo.com\/blog\/wp-content\/uploads\/2015\/06\/2015-05-31-09.06.57.jpg?w=3264&amp;ssl=1 3264w, https:\/\/i0.wp.com\/bottesetvelo.com\/blog\/wp-content\/uploads\/2015\/06\/2015-05-31-09.06.57.jpg?resize=500%2C375&amp;ssl=1 500w, https:\/\/i0.wp.com\/bottesetvelo.com\/blog\/wp-content\/uploads\/2015\/06\/2015-05-31-09.06.57.jpg?resize=1024%2C768&amp;ssl=1 1024w, https:\/\/i0.wp.com\/bottesetvelo.com\/blog\/wp-content\/uploads\/2015\/06\/2015-05-31-09.06.57.jpg?w=2340&amp;ssl=1 2340w\" width=\"376\" height=\"282\" loading=\"lazy\" data-original-width=\"376\" data-original-height=\"282\" itemprop=\"http:\/\/schema.org\/image\" title=\"2015-05-31 09.06.57\" alt=\"Bottes et V\u00e9lo - Chemin de la Traverse - Jour 2\" style=\"width: 376px; height: 282px;\" \/> <\/a> <div class=\"tiled-gallery-caption\" itemprop=\"caption description\"> Bottes et V\u00e9lo &#8211; Chemin de la Traverse &#8211; Jour 2 <\/div> <\/div> <\/div> <!-- close group --> <\/div> <!-- close row --> <div class=\"gallery-row\" style=\"width: 1170px; height: 586px;\" data-original-width=\"1170\" data-original-height=\"586\" > <div class=\"gallery-group images-2\" style=\"width: 390px; height: 586px;\" data-original-width=\"390\" data-original-height=\"586\" > <div class=\"tiled-gallery-item tiled-gallery-item-large\" itemprop=\"associatedMedia\" itemscope itemtype=\"http:\/\/schema.org\/ImageObject\"> <a href=\"https:\/\/bottesetvelo.com\/blog\/2015\/06\/01\/formation-chemin-de-la-traverse-une-belle-experience\/2015-05-31-09-12-33\/\" border=\"0\" itemprop=\"url\"> <meta itemprop=\"width\" content=\"386\"> <meta itemprop=\"height\" content=\"289\"> <img decoding=\"async\" class=\"\" data-attachment-id=\"1707\" data-orig-file=\"https:\/\/bottesetvelo.com\/blog\/wp-content\/uploads\/2015\/06\/2015-05-31-09.12.33.jpg\" data-orig-size=\"3264,2448\" data-comments-opened=\"1\" data-image-meta=\"{&quot;aperture&quot;:&quot;2.6&quot;,&quot;credit&quot;:&quot;&quot;,&quot;camera&quot;:&quot;SGH-I747M&quot;,&quot;caption&quot;:&quot;&quot;,&quot;created_timestamp&quot;:&quot;1433063553&quot;,&quot;copyright&quot;:&quot;&quot;,&quot;focal_length&quot;:&quot;3.7&quot;,&quot;iso&quot;:&quot;50&quot;,&quot;shutter_speed&quot;:&quot;0.00473933649289&quot;,&quot;title&quot;:&quot;&quot;,&quot;orientation&quot;:&quot;1&quot;}\" data-image-title=\"2015-05-31 09.12.33\" data-image-description=\"\" data-medium-file=\"https:\/\/i0.wp.com\/bottesetvelo.com\/blog\/wp-content\/uploads\/2015\/06\/2015-05-31-09.12.33.jpg?fit=500%2C375&#038;ssl=1\" data-large-file=\"https:\/\/i0.wp.com\/bottesetvelo.com\/blog\/wp-content\/uploads\/2015\/06\/2015-05-31-09.12.33.jpg?fit=1024%2C768&#038;ssl=1\" src=\"https:\/\/i0.wp.com\/bottesetvelo.com\/blog\/wp-content\/uploads\/2015\/06\/2015-05-31-09.12.33.jpg?w=386&#038;h=289&#038;ssl=1\" srcset=\"https:\/\/i0.wp.com\/bottesetvelo.com\/blog\/wp-content\/uploads\/2015\/06\/2015-05-31-09.12.33.jpg?w=3264&amp;ssl=1 3264w, https:\/\/i0.wp.com\/bottesetvelo.com\/blog\/wp-content\/uploads\/2015\/06\/2015-05-31-09.12.33.jpg?resize=500%2C375&amp;ssl=1 500w, https:\/\/i0.wp.com\/bottesetvelo.com\/blog\/wp-content\/uploads\/2015\/06\/2015-05-31-09.12.33.jpg?resize=1024%2C768&amp;ssl=1 1024w, https:\/\/i0.wp.com\/bottesetvelo.com\/blog\/wp-content\/uploads\/2015\/06\/2015-05-31-09.12.33.jpg?w=2340&amp;ssl=1 2340w\" width=\"386\" height=\"289\" loading=\"lazy\" data-original-width=\"386\" data-original-height=\"289\" itemprop=\"http:\/\/schema.org\/image\" title=\"2015-05-31 09.12.33\" alt=\"Bottes et V\u00e9lo - Chemin de la Traverse - Jour 2\" style=\"width: 386px; height: 289px;\" \/> <\/a> <div class=\"tiled-gallery-caption\" itemprop=\"caption description\"> Bottes et V\u00e9lo &#8211; Chemin de la Traverse &#8211; Jour 2 <\/div> <\/div> <div class=\"tiled-gallery-item tiled-gallery-item-large\" itemprop=\"associatedMedia\" itemscope itemtype=\"http:\/\/schema.org\/ImageObject\"> <a href=\"https:\/\/bottesetvelo.com\/blog\/2015\/06\/01\/formation-chemin-de-la-traverse-une-belle-experience\/2015-05-31-09-17-12\/\" border=\"0\" itemprop=\"url\"> <meta itemprop=\"width\" content=\"386\"> <meta itemprop=\"height\" content=\"289\"> <img decoding=\"async\" class=\"\" data-attachment-id=\"1708\" data-orig-file=\"https:\/\/bottesetvelo.com\/blog\/wp-content\/uploads\/2015\/06\/2015-05-31-09.17.12.jpg\" data-orig-size=\"3264,2448\" data-comments-opened=\"1\" data-image-meta=\"{&quot;aperture&quot;:&quot;2.6&quot;,&quot;credit&quot;:&quot;&quot;,&quot;camera&quot;:&quot;SGH-I747M&quot;,&quot;caption&quot;:&quot;&quot;,&quot;created_timestamp&quot;:&quot;1433063832&quot;,&quot;copyright&quot;:&quot;&quot;,&quot;focal_length&quot;:&quot;3.7&quot;,&quot;iso&quot;:&quot;50&quot;,&quot;shutter_speed&quot;:&quot;0.00884955752212&quot;,&quot;title&quot;:&quot;&quot;,&quot;orientation&quot;:&quot;1&quot;}\" data-image-title=\"2015-05-31 09.17.12\" data-image-description=\"\" data-medium-file=\"https:\/\/i0.wp.com\/bottesetvelo.com\/blog\/wp-content\/uploads\/2015\/06\/2015-05-31-09.17.12.jpg?fit=500%2C375&#038;ssl=1\" data-large-file=\"https:\/\/i0.wp.com\/bottesetvelo.com\/blog\/wp-content\/uploads\/2015\/06\/2015-05-31-09.17.12.jpg?fit=1024%2C768&#038;ssl=1\" src=\"https:\/\/i0.wp.com\/bottesetvelo.com\/blog\/wp-content\/uploads\/2015\/06\/2015-05-31-09.17.12.jpg?w=386&#038;h=289&#038;ssl=1\" srcset=\"https:\/\/i0.wp.com\/bottesetvelo.com\/blog\/wp-content\/uploads\/2015\/06\/2015-05-31-09.17.12.jpg?w=3264&amp;ssl=1 3264w, https:\/\/i0.wp.com\/bottesetvelo.com\/blog\/wp-content\/uploads\/2015\/06\/2015-05-31-09.17.12.jpg?resize=500%2C375&amp;ssl=1 500w, https:\/\/i0.wp.com\/bottesetvelo.com\/blog\/wp-content\/uploads\/2015\/06\/2015-05-31-09.17.12.jpg?resize=1024%2C768&amp;ssl=1 1024w, https:\/\/i0.wp.com\/bottesetvelo.com\/blog\/wp-content\/uploads\/2015\/06\/2015-05-31-09.17.12.jpg?w=2340&amp;ssl=1 2340w\" width=\"386\" height=\"289\" loading=\"lazy\" data-original-width=\"386\" data-original-height=\"289\" itemprop=\"http:\/\/schema.org\/image\" title=\"2015-05-31 09.17.12\" alt=\"Bottes et V\u00e9lo - Chemin de la Traverse - Jour 2\" style=\"width: 386px; height: 289px;\" \/> <\/a> <div class=\"tiled-gallery-caption\" itemprop=\"caption description\"> Bottes et V\u00e9lo &#8211; Chemin de la Traverse &#8211; Jour 2 <\/div> <\/div> <\/div> <!-- close group --> <div class=\"gallery-group images-1\" style=\"width: 780px; height: 586px;\" data-original-width=\"780\" data-original-height=\"586\" > <div class=\"tiled-gallery-item tiled-gallery-item-large\" itemprop=\"associatedMedia\" itemscope itemtype=\"http:\/\/schema.org\/ImageObject\"> <a href=\"https:\/\/bottesetvelo.com\/blog\/2015\/06\/01\/formation-chemin-de-la-traverse-une-belle-experience\/2015-05-31-09-18-54\/\" border=\"0\" itemprop=\"url\"> <meta itemprop=\"width\" content=\"776\"> <meta itemprop=\"height\" content=\"582\"> <img decoding=\"async\" class=\"\" data-attachment-id=\"1709\" data-orig-file=\"https:\/\/bottesetvelo.com\/blog\/wp-content\/uploads\/2015\/06\/2015-05-31-09.18.54.jpg\" data-orig-size=\"3264,2448\" data-comments-opened=\"1\" data-image-meta=\"{&quot;aperture&quot;:&quot;2.6&quot;,&quot;credit&quot;:&quot;&quot;,&quot;camera&quot;:&quot;SGH-I747M&quot;,&quot;caption&quot;:&quot;&quot;,&quot;created_timestamp&quot;:&quot;1433063934&quot;,&quot;copyright&quot;:&quot;&quot;,&quot;focal_length&quot;:&quot;3.7&quot;,&quot;iso&quot;:&quot;50&quot;,&quot;shutter_speed&quot;:&quot;0.000759878419453&quot;,&quot;title&quot;:&quot;&quot;,&quot;orientation&quot;:&quot;1&quot;}\" data-image-title=\"2015-05-31 09.18.54\" data-image-description=\"\" data-medium-file=\"https:\/\/i0.wp.com\/bottesetvelo.com\/blog\/wp-content\/uploads\/2015\/06\/2015-05-31-09.18.54.jpg?fit=500%2C375&#038;ssl=1\" data-large-file=\"https:\/\/i0.wp.com\/bottesetvelo.com\/blog\/wp-content\/uploads\/2015\/06\/2015-05-31-09.18.54.jpg?fit=1024%2C768&#038;ssl=1\" src=\"https:\/\/i0.wp.com\/bottesetvelo.com\/blog\/wp-content\/uploads\/2015\/06\/2015-05-31-09.18.54.jpg?w=776&#038;h=582&#038;ssl=1\" srcset=\"https:\/\/i0.wp.com\/bottesetvelo.com\/blog\/wp-content\/uploads\/2015\/06\/2015-05-31-09.18.54.jpg?w=3264&amp;ssl=1 3264w, https:\/\/i0.wp.com\/bottesetvelo.com\/blog\/wp-content\/uploads\/2015\/06\/2015-05-31-09.18.54.jpg?resize=500%2C375&amp;ssl=1 500w, https:\/\/i0.wp.com\/bottesetvelo.com\/blog\/wp-content\/uploads\/2015\/06\/2015-05-31-09.18.54.jpg?resize=1024%2C768&amp;ssl=1 1024w, https:\/\/i0.wp.com\/bottesetvelo.com\/blog\/wp-content\/uploads\/2015\/06\/2015-05-31-09.18.54.jpg?w=2340&amp;ssl=1 2340w\" width=\"776\" height=\"582\" loading=\"lazy\" data-original-width=\"776\" data-original-height=\"582\" itemprop=\"http:\/\/schema.org\/image\" title=\"2015-05-31 09.18.54\" alt=\"Bottes et V\u00e9lo - Chemin de la Traverse - Jour 2\" style=\"width: 776px; height: 582px;\" \/> <\/a> <div class=\"tiled-gallery-caption\" itemprop=\"caption description\"> Bottes et V\u00e9lo &#8211; Chemin de la Traverse &#8211; Jour 2 <\/div> <\/div> <\/div> <!-- close group --> <\/div> <!-- close row --> <div class=\"gallery-row\" style=\"width: 1170px; height: 287px;\" data-original-width=\"1170\" data-original-height=\"287\" > <div class=\"gallery-group images-1\" style=\"width: 384px; height: 287px;\" data-original-width=\"384\" data-original-height=\"287\" > <div class=\"tiled-gallery-item tiled-gallery-item-large\" itemprop=\"associatedMedia\" itemscope itemtype=\"http:\/\/schema.org\/ImageObject\"> <a href=\"https:\/\/bottesetvelo.com\/blog\/2015\/06\/01\/formation-chemin-de-la-traverse-une-belle-experience\/2015-05-31-11-44-09\/\" border=\"0\" itemprop=\"url\"> <meta itemprop=\"width\" content=\"380\"> <meta itemprop=\"height\" content=\"283\"> <img decoding=\"async\" class=\"\" data-attachment-id=\"1710\" data-orig-file=\"https:\/\/bottesetvelo.com\/blog\/wp-content\/uploads\/2015\/06\/2015-05-31-11.44.09.jpg\" data-orig-size=\"3240,2414\" data-comments-opened=\"1\" data-image-meta=\"{&quot;aperture&quot;:&quot;2.6&quot;,&quot;credit&quot;:&quot;&quot;,&quot;camera&quot;:&quot;SGH-I747M&quot;,&quot;caption&quot;:&quot;&quot;,&quot;created_timestamp&quot;:&quot;1433072649&quot;,&quot;copyright&quot;:&quot;&quot;,&quot;focal_length&quot;:&quot;3.7&quot;,&quot;iso&quot;:&quot;50&quot;,&quot;shutter_speed&quot;:&quot;0.000681198910082&quot;,&quot;title&quot;:&quot;&quot;,&quot;orientation&quot;:&quot;1&quot;}\" data-image-title=\"2015-05-31 11.44.09\" data-image-description=\"\" data-medium-file=\"https:\/\/i0.wp.com\/bottesetvelo.com\/blog\/wp-content\/uploads\/2015\/06\/2015-05-31-11.44.09.jpg?fit=500%2C373&#038;ssl=1\" data-large-file=\"https:\/\/i0.wp.com\/bottesetvelo.com\/blog\/wp-content\/uploads\/2015\/06\/2015-05-31-11.44.09.jpg?fit=1024%2C763&#038;ssl=1\" src=\"https:\/\/i0.wp.com\/bottesetvelo.com\/blog\/wp-content\/uploads\/2015\/06\/2015-05-31-11.44.09.jpg?w=380&#038;h=283&#038;ssl=1\" srcset=\"https:\/\/i0.wp.com\/bottesetvelo.com\/blog\/wp-content\/uploads\/2015\/06\/2015-05-31-11.44.09.jpg?w=3240&amp;ssl=1 3240w, https:\/\/i0.wp.com\/bottesetvelo.com\/blog\/wp-content\/uploads\/2015\/06\/2015-05-31-11.44.09.jpg?resize=500%2C373&amp;ssl=1 500w, https:\/\/i0.wp.com\/bottesetvelo.com\/blog\/wp-content\/uploads\/2015\/06\/2015-05-31-11.44.09.jpg?resize=1024%2C763&amp;ssl=1 1024w, https:\/\/i0.wp.com\/bottesetvelo.com\/blog\/wp-content\/uploads\/2015\/06\/2015-05-31-11.44.09.jpg?w=2340&amp;ssl=1 2340w\" width=\"380\" height=\"283\" loading=\"lazy\" data-original-width=\"380\" data-original-height=\"283\" itemprop=\"http:\/\/schema.org\/image\" title=\"2015-05-31 11.44.09\" alt=\"Bottes et V\u00e9lo - Chemin de la Traverse - Jour 2\" style=\"width: 380px; height: 283px;\" \/> <\/a> <div class=\"tiled-gallery-caption\" itemprop=\"caption description\"> Bottes et V\u00e9lo &#8211; Chemin de la Traverse &#8211; Jour 2 <\/div> <\/div> <\/div> <!-- close group --> <div class=\"gallery-group images-1\" style=\"width: 395px; height: 287px;\" data-original-width=\"395\" data-original-height=\"287\" > <div class=\"tiled-gallery-item tiled-gallery-item-large\" itemprop=\"associatedMedia\" itemscope itemtype=\"http:\/\/schema.org\/ImageObject\"> <a href=\"https:\/\/bottesetvelo.com\/blog\/2015\/06\/01\/formation-chemin-de-la-traverse-une-belle-experience\/2015-05-31-12-55-38\/\" border=\"0\" itemprop=\"url\"> <meta itemprop=\"width\" content=\"391\"> <meta itemprop=\"height\" content=\"283\"> <img decoding=\"async\" class=\"\" data-attachment-id=\"1711\" data-orig-file=\"https:\/\/bottesetvelo.com\/blog\/wp-content\/uploads\/2015\/06\/2015-05-31-12.55.38.jpg\" data-orig-size=\"3136,2272\" data-comments-opened=\"1\" data-image-meta=\"{&quot;aperture&quot;:&quot;2.6&quot;,&quot;credit&quot;:&quot;&quot;,&quot;camera&quot;:&quot;SGH-I747M&quot;,&quot;caption&quot;:&quot;&quot;,&quot;created_timestamp&quot;:&quot;1433076938&quot;,&quot;copyright&quot;:&quot;&quot;,&quot;focal_length&quot;:&quot;3.7&quot;,&quot;iso&quot;:&quot;50&quot;,&quot;shutter_speed&quot;:&quot;0.00048828125&quot;,&quot;title&quot;:&quot;&quot;,&quot;orientation&quot;:&quot;1&quot;}\" data-image-title=\"2015-05-31 12.55.38\" data-image-description=\"\" data-medium-file=\"https:\/\/i0.wp.com\/bottesetvelo.com\/blog\/wp-content\/uploads\/2015\/06\/2015-05-31-12.55.38.jpg?fit=500%2C362&#038;ssl=1\" data-large-file=\"https:\/\/i0.wp.com\/bottesetvelo.com\/blog\/wp-content\/uploads\/2015\/06\/2015-05-31-12.55.38.jpg?fit=1024%2C742&#038;ssl=1\" src=\"https:\/\/i0.wp.com\/bottesetvelo.com\/blog\/wp-content\/uploads\/2015\/06\/2015-05-31-12.55.38.jpg?w=391&#038;h=283&#038;ssl=1\" srcset=\"https:\/\/i0.wp.com\/bottesetvelo.com\/blog\/wp-content\/uploads\/2015\/06\/2015-05-31-12.55.38.jpg?w=3136&amp;ssl=1 3136w, https:\/\/i0.wp.com\/bottesetvelo.com\/blog\/wp-content\/uploads\/2015\/06\/2015-05-31-12.55.38.jpg?resize=500%2C362&amp;ssl=1 500w, https:\/\/i0.wp.com\/bottesetvelo.com\/blog\/wp-content\/uploads\/2015\/06\/2015-05-31-12.55.38.jpg?resize=1024%2C742&amp;ssl=1 1024w, https:\/\/i0.wp.com\/bottesetvelo.com\/blog\/wp-content\/uploads\/2015\/06\/2015-05-31-12.55.38.jpg?w=2340&amp;ssl=1 2340w\" width=\"391\" height=\"283\" loading=\"lazy\" data-original-width=\"391\" data-original-height=\"283\" itemprop=\"http:\/\/schema.org\/image\" title=\"2015-05-31 12.55.38\" alt=\"Bottes et V\u00e9lo - Chemin de la Traverse - Jour 2\" style=\"width: 391px; height: 283px;\" \/> <\/a> <div class=\"tiled-gallery-caption\" itemprop=\"caption description\"> Bottes et V\u00e9lo &#8211; Chemin de la Traverse &#8211; Jour 2 <\/div> <\/div> <\/div> <!-- close group --> <div class=\"gallery-group images-1\" style=\"width: 391px; height: 287px;\" data-original-width=\"391\" data-original-height=\"287\" > <div class=\"tiled-gallery-item tiled-gallery-item-large\" itemprop=\"associatedMedia\" itemscope itemtype=\"http:\/\/schema.org\/ImageObject\"> <a href=\"https:\/\/bottesetvelo.com\/blog\/2015\/06\/01\/formation-chemin-de-la-traverse-une-belle-experience\/2015-05-31-13-39-18\/\" border=\"0\" itemprop=\"url\"> <meta itemprop=\"width\" content=\"387\"> <meta itemprop=\"height\" content=\"283\"> <img decoding=\"async\" class=\"\" data-attachment-id=\"1712\" data-orig-file=\"https:\/\/bottesetvelo.com\/blog\/wp-content\/uploads\/2015\/06\/2015-05-31-13.39.18.jpg\" data-orig-size=\"3170,2318\" data-comments-opened=\"1\" data-image-meta=\"{&quot;aperture&quot;:&quot;2.6&quot;,&quot;credit&quot;:&quot;&quot;,&quot;camera&quot;:&quot;SGH-I747M&quot;,&quot;caption&quot;:&quot;&quot;,&quot;created_timestamp&quot;:&quot;1433079558&quot;,&quot;copyright&quot;:&quot;&quot;,&quot;focal_length&quot;:&quot;3.7&quot;,&quot;iso&quot;:&quot;50&quot;,&quot;shutter_speed&quot;:&quot;0.000423728813559&quot;,&quot;title&quot;:&quot;&quot;,&quot;orientation&quot;:&quot;1&quot;}\" data-image-title=\"2015-05-31 13.39.18\" data-image-description=\"\" data-medium-file=\"https:\/\/i0.wp.com\/bottesetvelo.com\/blog\/wp-content\/uploads\/2015\/06\/2015-05-31-13.39.18.jpg?fit=500%2C366&#038;ssl=1\" data-large-file=\"https:\/\/i0.wp.com\/bottesetvelo.com\/blog\/wp-content\/uploads\/2015\/06\/2015-05-31-13.39.18.jpg?fit=1024%2C749&#038;ssl=1\" src=\"https:\/\/i0.wp.com\/bottesetvelo.com\/blog\/wp-content\/uploads\/2015\/06\/2015-05-31-13.39.18.jpg?w=387&#038;h=283&#038;ssl=1\" srcset=\"https:\/\/i0.wp.com\/bottesetvelo.com\/blog\/wp-content\/uploads\/2015\/06\/2015-05-31-13.39.18.jpg?w=3170&amp;ssl=1 3170w, https:\/\/i0.wp.com\/bottesetvelo.com\/blog\/wp-content\/uploads\/2015\/06\/2015-05-31-13.39.18.jpg?resize=500%2C366&amp;ssl=1 500w, https:\/\/i0.wp.com\/bottesetvelo.com\/blog\/wp-content\/uploads\/2015\/06\/2015-05-31-13.39.18.jpg?w=2340&amp;ssl=1 2340w\" width=\"387\" height=\"283\" loading=\"lazy\" data-original-width=\"387\" data-original-height=\"283\" itemprop=\"http:\/\/schema.org\/image\" title=\"2015-05-31 13.39.18\" alt=\"Bottes et V\u00e9lo - Chemin de la Traverse - Jour 2 - Retour \u00e0 Charny\" style=\"width: 387px; height: 283px;\" \/> <\/a> <div class=\"tiled-gallery-caption\" itemprop=\"caption description\"> Bottes et V\u00e9lo &#8211; Chemin de la Traverse &#8211; Jour 2 &#8211; Retour \u00e0 Charny <\/div> <\/div> <\/div> <!-- close group --> <\/div> <!-- close row --> <\/div>\n","protected":false},"excerpt":{"rendered":"<p>Nous \u00e9tions une toute petite \u00e9quip\u00e9e \u00e0 entreprendre ce premier s\u00e9jour de formation, mais il fut des plus riches en rencontres et en partages. \u00c0 travers un parcours de deux jours, dans l\u2019esprit de la d\u00e9marche du p\u00e8lerin d\u00e9velopp\u00e9e par Bottes et V\u00e9lo, les participants ont pu exp\u00e9rimenter le d\u00e9placement que fait vivre le p\u00e8lerinage;&hellip;<\/p>\n","protected":false},"author":1,"featured_media":0,"comment_status":"open","ping_status":"open","sticky":false,"template":"","format":"standard","meta":{"jetpack_post_was_ever_published":false,"_jetpack_newsletter_access":"","_jetpack_dont_email_post_to_subs":false,"_jetpack_newsletter_tier_id":0,"_jetpack_memberships_contains_paywalled_content":false,"_jetpack_memberships_contains_paid_content":false,"footnotes":"","jetpack_publicize_message":"","jetpack_publicize_feature_enabled":true,"jetpack_social_post_already_shared":true,"jetpack_social_options":{"image_generator_settings":{"template":"highway","default_image_id":0,"font":"","enabled":false},"version":2}},"categories":[56,166,6,22],"tags":[234,235,236,232,40,41,13,20,233],"class_list":["post-1686","post","type-post","status-publish","format-standard","hentry","category-activites","category-demarche-du-pelerin","category-formations","category-hebergement","tag-auberge-a-loulou","tag-auberge-de-la-paix","tag-charny","tag-chemin-de-la-traverse","tag-croissance-personnelle-2","tag-formation","tag-pelerinage","tag-spiritualite","tag-vieux-quebec"],"jetpack_publicize_connections":[],"jetpack_featured_media_url":"","jetpack_shortlink":"https:\/\/wp.me\/p4eY6z-rc","jetpack_sharing_enabled":true,"jetpack_likes_enabled":true,"jetpack-related-posts":[],"_links":{"self":[{"href":"https:\/\/bottesetvelo.com\/blog\/wp-json\/wp\/v2\/posts\/1686","targetHints":{"allow":["GET"]}}],"collection":[{"href":"https:\/\/bottesetvelo.com\/blog\/wp-json\/wp\/v2\/posts"}],"about":[{"href":"https:\/\/bottesetvelo.com\/blog\/wp-json\/wp\/v2\/types\/post"}],"author":[{"embeddable":true,"href":"https:\/\/bottesetvelo.com\/blog\/wp-json\/wp\/v2\/users\/1"}],"replies":[{"embeddable":true,"href":"https:\/\/bottesetvelo.com\/blog\/wp-json\/wp\/v2\/comments?post=1686"}],"version-history":[{"count":4,"href":"https:\/\/bottesetvelo.com\/blog\/wp-json\/wp\/v2\/posts\/1686\/revisions"}],"predecessor-version":[{"id":1716,"href":"https:\/\/bottesetvelo.com\/blog\/wp-json\/wp\/v2\/posts\/1686\/revisions\/1716"}],"wp:attachment":[{"href":"https:\/\/bottesetvelo.com\/blog\/wp-json\/wp\/v2\/media?parent=1686"}],"wp:term":[{"taxonomy":"category","embeddable":true,"href":"https:\/\/bottesetvelo.com\/blog\/wp-json\/wp\/v2\/categories?post=1686"},{"taxonomy":"post_tag","embeddable":true,"href":"https:\/\/bottesetvelo.com\/blog\/wp-json\/wp\/v2\/tags?post=1686"}],"curies":[{"name":"wp","href":"https:\/\/api.w.org\/{rel}","templated":true}]}}