{"id":1675,"date":"2015-05-29T16:56:39","date_gmt":"2015-05-29T20:56:39","guid":{"rendered":"http:\/\/bottesetvelo.com\/blog\/?p=1675"},"modified":"2015-05-29T16:56:39","modified_gmt":"2015-05-29T20:56:39","slug":"mouvement-et-resistance","status":"publish","type":"post","link":"https:\/\/bottesetvelo.com\/blog\/2015\/05\/29\/mouvement-et-resistance\/","title":{"rendered":"Mouvement et r\u00e9sistance"},"content":{"rendered":"<h6 style=\"text-align: right;\"><em>\u00ab Que veux-tu que je fasse pour toi? \u00bb<\/em><br \/>\n<em>L\u2019aveugle dit : \u00ab Rabbouni, que je retrouve la vue! \u00bb<\/em><br \/>\n<em>\u00c9vangile de Marc 10,52<\/em><\/h6>\n<p style=\"text-align: justify;\">La premi\u00e8re exp\u00e9rience du chemin est sans doute celle qui nous confronte le plus \u00e0 nos r\u00e9sistances. Se mettre en mouvement n\u2019est pas aussi \u00e9vident que cela puisse para\u00eetre. Nous sommes souvent trop bien ancr\u00e9s dans nos petites routines quotidiennes et en sortir peut demander un effort presque surhumain. <a href=\"https:\/\/i0.wp.com\/bottesetvelo.com\/blog\/wp-content\/uploads\/2015\/05\/IMG_0095.jpg?ssl=1\"><img data-recalc-dims=\"1\" loading=\"lazy\" decoding=\"async\" data-attachment-id=\"1680\" data-permalink=\"https:\/\/bottesetvelo.com\/blog\/2015\/05\/29\/mouvement-et-resistance\/img_0095\/\" data-orig-file=\"https:\/\/i0.wp.com\/bottesetvelo.com\/blog\/wp-content\/uploads\/2015\/05\/IMG_0095.jpg?fit=2048%2C1536&amp;ssl=1\" data-orig-size=\"2048,1536\" data-comments-opened=\"1\" data-image-meta=\"{&quot;aperture&quot;:&quot;4&quot;,&quot;credit&quot;:&quot;&quot;,&quot;camera&quot;:&quot;Canon PowerShot A510&quot;,&quot;caption&quot;:&quot;&quot;,&quot;created_timestamp&quot;:&quot;1189155588&quot;,&quot;copyright&quot;:&quot;&quot;,&quot;focal_length&quot;:&quot;5.8125&quot;,&quot;iso&quot;:&quot;0&quot;,&quot;shutter_speed&quot;:&quot;0.0166666666667&quot;,&quot;title&quot;:&quot;&quot;,&quot;orientation&quot;:&quot;1&quot;}\" data-image-title=\"Compostelle &amp;#8211; Larrasoana\" data-image-description=\"\" data-image-caption=\"\" data-large-file=\"https:\/\/i0.wp.com\/bottesetvelo.com\/blog\/wp-content\/uploads\/2015\/05\/IMG_0095.jpg?fit=1024%2C768&amp;ssl=1\" class=\"  wp-image-1680 alignright\" src=\"https:\/\/i0.wp.com\/bottesetvelo.com\/blog\/wp-content\/uploads\/2015\/05\/IMG_0095.jpg?resize=300%2C225&#038;ssl=1\" alt=\"Compostelle - Larrasoana\" width=\"300\" height=\"225\" srcset=\"https:\/\/i0.wp.com\/bottesetvelo.com\/blog\/wp-content\/uploads\/2015\/05\/IMG_0095.jpg?resize=500%2C375&amp;ssl=1 500w, https:\/\/i0.wp.com\/bottesetvelo.com\/blog\/wp-content\/uploads\/2015\/05\/IMG_0095.jpg?resize=1024%2C768&amp;ssl=1 1024w, https:\/\/i0.wp.com\/bottesetvelo.com\/blog\/wp-content\/uploads\/2015\/05\/IMG_0095.jpg?w=2048&amp;ssl=1 2048w\" sizes=\"auto, (max-width: 300px) 100vw, 300px\" \/><\/a>Tout notre corps s\u2019est ankylos\u00e9 \u00e0 force de ne plus bouger, notre esprit aussi\u2026 Mais vient un moment o\u00f9, comme dans la nature, la vie en nous se fait plus forte que tout. Une \u00e9tincelle vient \u00e9branler notre cadre de vie, bousculer nos rigidit\u00e9s, nos enfermements. On se met \u00e0 voir les choses diff\u00e9remment\u2026<\/p>\n<p style=\"text-align: justify;\">Nous sommes un peu comme ce fils de Tim\u00e9e, pas celui de la Petite Vie, l\u2019autre : Bartim\u00e9e; qui assis au bord de la route, aveugl\u00e9, mendie son existence. Il n\u2019y voit rien, sa vie se limite \u00e0 mendier au bord du chemin : une vie sans vie. Son aveuglement le coince dans cette position. Assis, il attend. Il d\u00e9sire.<\/p>\n<p style=\"text-align: justify;\">La vie de Bartim\u00e9e est sans mouvement. Ne pas confondre ici mouvement et agitation f\u00e9brile. Parfois nous avons l\u2019impression d\u2019\u00eatre actif, m\u00eame tr\u00e8s actif, pourtant nous ne faisons que nous agiter, d\u00e9placer de l\u2019air. C\u2019est comme pour la parole, ce n\u2019est pas parce qu\u2019on parle beaucoup qu\u2019on a dit quelque chose\u2026 Mais revenons \u00e0 Bartim\u00e9e. Il est aveugl\u00e9 par sa situation. Prisonnier, il mendie sa vie. Il se sent impuissant face \u00e0 sa propre existence. Il ne voit plus qu\u2019une seule chose, ne regarde plus que dans une seule direction : celle de la noirceur. Pourtant, malgr\u00e9 cela il est tout de m\u00eame dans une posture de demande puisqu\u2019il mendie. Cette posture nous dit qu\u2019il esp\u00e8re, malgr\u00e9 tout, quelque chose de la vie. Et c\u2019est dans cette esp\u00e9rance que sa vie sera bouscul\u00e9e, qu\u2019il reprendra vie.<a href=\"https:\/\/i0.wp.com\/bottesetvelo.com\/blog\/wp-content\/uploads\/2015\/05\/2009-Compostelle-et-Barcelone-478.jpg?ssl=1\"><img data-recalc-dims=\"1\" loading=\"lazy\" decoding=\"async\" data-attachment-id=\"1681\" data-permalink=\"https:\/\/bottesetvelo.com\/blog\/2015\/05\/29\/mouvement-et-resistance\/2009-compostelle-et-barcelone-478-2\/\" data-orig-file=\"https:\/\/i0.wp.com\/bottesetvelo.com\/blog\/wp-content\/uploads\/2015\/05\/2009-Compostelle-et-Barcelone-478.jpg?fit=3648%2C2736&amp;ssl=1\" data-orig-size=\"3648,2736\" data-comments-opened=\"1\" data-image-meta=\"{&quot;aperture&quot;:&quot;3.2&quot;,&quot;credit&quot;:&quot;&quot;,&quot;camera&quot;:&quot;Canon PowerShot SD890 IS&quot;,&quot;caption&quot;:&quot;&quot;,&quot;created_timestamp&quot;:&quot;1253441725&quot;,&quot;copyright&quot;:&quot;&quot;,&quot;focal_length&quot;:&quot;6.6&quot;,&quot;iso&quot;:&quot;80&quot;,&quot;shutter_speed&quot;:&quot;0.0125&quot;,&quot;title&quot;:&quot;&quot;,&quot;orientation&quot;:&quot;1&quot;}\" data-image-title=\"Compostelle &amp;#8211; Pyr\u00e9n\u00e9es\" data-image-description=\"\" data-image-caption=\"\" data-large-file=\"https:\/\/i0.wp.com\/bottesetvelo.com\/blog\/wp-content\/uploads\/2015\/05\/2009-Compostelle-et-Barcelone-478.jpg?fit=1024%2C768&amp;ssl=1\" class=\"  wp-image-1681 alignright\" src=\"https:\/\/i0.wp.com\/bottesetvelo.com\/blog\/wp-content\/uploads\/2015\/05\/2009-Compostelle-et-Barcelone-478.jpg?resize=300%2C225&#038;ssl=1\" alt=\"Compostelle - Pyr\u00e9n\u00e9es\" width=\"300\" height=\"225\" srcset=\"https:\/\/i0.wp.com\/bottesetvelo.com\/blog\/wp-content\/uploads\/2015\/05\/2009-Compostelle-et-Barcelone-478.jpg?resize=500%2C375&amp;ssl=1 500w, https:\/\/i0.wp.com\/bottesetvelo.com\/blog\/wp-content\/uploads\/2015\/05\/2009-Compostelle-et-Barcelone-478.jpg?resize=1024%2C768&amp;ssl=1 1024w, https:\/\/i0.wp.com\/bottesetvelo.com\/blog\/wp-content\/uploads\/2015\/05\/2009-Compostelle-et-Barcelone-478.jpg?w=2340&amp;ssl=1 2340w, https:\/\/i0.wp.com\/bottesetvelo.com\/blog\/wp-content\/uploads\/2015\/05\/2009-Compostelle-et-Barcelone-478.jpg?w=3510&amp;ssl=1 3510w\" sizes=\"auto, (max-width: 300px) 100vw, 300px\" \/><\/a> Bartim\u00e9e restera en bordure de la route jusqu\u2019\u00e0 ce qu\u2019il comprenne qu\u2019il est aveugle, qu\u2019il n\u2019y voit rien et que ce qu\u2019il d\u00e9sire le plus c\u2019est de retrouver la vue : voir la vie sous son vrai jour.<\/p>\n<p style=\"text-align: justify;\">Nous sommes comme Bartim\u00e9e, aveugl\u00e9s nous r\u00e9sistons au mouvement. Nous vivons coul\u00e9s dans le b\u00e9ton, en bordure de la vie, alors que nous sommes des \u00eatres naturels, vivants, faits pour le mouvement. La vie n\u2019est pas fig\u00e9e, elle bouge. Elle n\u2019est pas comme ce souvenir de vacances que nous aimerions tant revivre. Elle n\u2019est pas comme cet amour perdu pour lequel nous nous languissons. Elle n\u2019est pas comme cette jolie photo de famille que nous avons accroch\u00e9e au mur. Tout bouge! M\u00eame cette famille bouge, change, n\u2019est plus la m\u00eame, d\u00e8s l\u2019instant o\u00f9 la photo fut prise. La r\u00e9sistance de Bartim\u00e9e le rend aveugle \u00e0 tout ce qui ne correspond pas \u00e0 sa perception. M\u00eame l\u2019id\u00e9e que je me fais de moi-m\u00eame m\u2019aveugle et m\u2019emp\u00eache d\u2019avancer. Elle m\u2019emp\u00eache d\u2019\u00eatre ridicule \u00e0 certains moments, me critique lorsque je suis vuln\u00e9rable, m\u2019oblige \u00e0 certains standards de vie, me scl\u00e9rose dans un r\u00f4le, m\u2019enferme dans un paraitre. Aveugl\u00e9s, nous ne voyons plus la vie que sous un seul angle et tout le reste nous \u00e9chappe. Comme Bartim\u00e9e\u2026<a href=\"https:\/\/i0.wp.com\/bottesetvelo.com\/blog\/wp-content\/uploads\/2015\/05\/2014-08-05-05.51.05.jpg?ssl=1\"><img data-recalc-dims=\"1\" loading=\"lazy\" decoding=\"async\" data-attachment-id=\"1682\" data-permalink=\"https:\/\/bottesetvelo.com\/blog\/2015\/05\/29\/mouvement-et-resistance\/2014-08-05-05-51-05\/\" data-orig-file=\"https:\/\/i0.wp.com\/bottesetvelo.com\/blog\/wp-content\/uploads\/2015\/05\/2014-08-05-05.51.05.jpg?fit=3264%2C2448&amp;ssl=1\" data-orig-size=\"3264,2448\" data-comments-opened=\"1\" data-image-meta=\"{&quot;aperture&quot;:&quot;2.6&quot;,&quot;credit&quot;:&quot;&quot;,&quot;camera&quot;:&quot;SGH-I747M&quot;,&quot;caption&quot;:&quot;&quot;,&quot;created_timestamp&quot;:&quot;1407217865&quot;,&quot;copyright&quot;:&quot;&quot;,&quot;focal_length&quot;:&quot;3.7&quot;,&quot;iso&quot;:&quot;50&quot;,&quot;shutter_speed&quot;:&quot;0.000572082379863&quot;,&quot;title&quot;:&quot;&quot;,&quot;orientation&quot;:&quot;1&quot;}\" data-image-title=\"La Voie du St-Laurent &amp;#8211; L&amp;rsquo;Anse-\u00e0-Valleau\" data-image-description=\"\" data-image-caption=\"\" data-large-file=\"https:\/\/i0.wp.com\/bottesetvelo.com\/blog\/wp-content\/uploads\/2015\/05\/2014-08-05-05.51.05.jpg?fit=1024%2C768&amp;ssl=1\" class=\"  wp-image-1682 alignright\" src=\"https:\/\/i0.wp.com\/bottesetvelo.com\/blog\/wp-content\/uploads\/2015\/05\/2014-08-05-05.51.05.jpg?resize=300%2C225&#038;ssl=1\" alt=\"La Voie du St-Laurent - L'Anse-\u00e0-Valleau\" width=\"300\" height=\"225\" srcset=\"https:\/\/i0.wp.com\/bottesetvelo.com\/blog\/wp-content\/uploads\/2015\/05\/2014-08-05-05.51.05.jpg?resize=500%2C375&amp;ssl=1 500w, https:\/\/i0.wp.com\/bottesetvelo.com\/blog\/wp-content\/uploads\/2015\/05\/2014-08-05-05.51.05.jpg?resize=1024%2C768&amp;ssl=1 1024w, https:\/\/i0.wp.com\/bottesetvelo.com\/blog\/wp-content\/uploads\/2015\/05\/2014-08-05-05.51.05.jpg?w=2340&amp;ssl=1 2340w\" sizes=\"auto, (max-width: 300px) 100vw, 300px\" \/><\/a><\/p>\n<p style=\"text-align: justify;\">L\u2019histoire nous apprendra que Bartim\u00e9e sortira de son aveuglement. \u00c9branl\u00e9 dans ses r\u00e9sistances, touch\u00e9 par un \u00e9v\u00e9nement qui l\u2019a marqu\u00e9 au plus profond de son \u00eatre, il s\u2019est mis en route. Il a retrouv\u00e9 le chemin qui l\u2019unit \u00e0 la vie et s\u2019est mis en mouvement.<\/p>\n<p style=\"text-align: justify;\">Le p\u00e8lerinage nous inscrit dans ce mouvement. Il nous confronte \u00e0 nos r\u00e9sistances, m\u00eame celles dont nous ignorions l\u2019existence, nous invitant \u00e0 \u00e9largir notre regard. Il nous invite \u00e0 nous d\u00e9placer pour renouer avec cette part de vie \u00e0 laquelle nous avions tourn\u00e9 le dos. Une vie qui se d\u00e9couvre dans la simplicit\u00e9 de l\u2019\u00eatre en marche et dont la v\u00e9rit\u00e9 nous \u00e9chappe sans cesse, cr\u00e9ant le mouvement. Si je veux embrasser tout le paysage du regard, je dois accepter de tourner le dos \u00e0 certains points de vue, \u00e0 certains moments. Je dois accepter de l\u00e2cher prise sur mes r\u00e9sistances, me d\u00e9faire de mes nombreux ancrages pour trouver plus de libert\u00e9, plus de vie. Comme Bartim\u00e9e : \u00ab que je retrouve la vue! \u00bb<a href=\"https:\/\/i0.wp.com\/bottesetvelo.com\/blog\/wp-content\/uploads\/2014\/01\/Bottes-et-V%C3%A9lo-Embl%C3%AAme.jpg?ssl=1\"><img data-recalc-dims=\"1\" loading=\"lazy\" decoding=\"async\" data-attachment-id=\"14\" data-permalink=\"https:\/\/bottesetvelo.com\/blog\/bottes-et-velo-le-blog\/bottes-et-velo-embleme\/\" data-orig-file=\"https:\/\/i0.wp.com\/bottesetvelo.com\/blog\/wp-content\/uploads\/2014\/01\/Bottes-et-V%C3%A9lo-Embl%C3%AAme-e1454083414631.jpg?fit=100%2C79&amp;ssl=1\" data-orig-size=\"100,79\" data-comments-opened=\"1\" data-image-meta=\"{&quot;aperture&quot;:&quot;0&quot;,&quot;credit&quot;:&quot;&quot;,&quot;camera&quot;:&quot;&quot;,&quot;caption&quot;:&quot;&quot;,&quot;created_timestamp&quot;:&quot;0&quot;,&quot;copyright&quot;:&quot;&quot;,&quot;focal_length&quot;:&quot;0&quot;,&quot;iso&quot;:&quot;0&quot;,&quot;shutter_speed&quot;:&quot;0&quot;,&quot;title&quot;:&quot;&quot;}\" data-image-title=\"Bottes et V\u00e9lo &amp;#8211; Embl\u00eame\" data-image-description=\"\" data-image-caption=\"\" data-large-file=\"https:\/\/i0.wp.com\/bottesetvelo.com\/blog\/wp-content\/uploads\/2014\/01\/Bottes-et-V%C3%A9lo-Embl%C3%AAme-e1454083414631.jpg?fit=100%2C79&amp;ssl=1\" class=\"  wp-image-14 alignright\" src=\"https:\/\/i0.wp.com\/bottesetvelo.com\/blog\/wp-content\/uploads\/2014\/01\/Bottes-et-V%C3%A9lo-Embl%C3%AAme.jpg?resize=60%2C47&#038;ssl=1\" alt=\"Bottes et V\u00e9lo - Embl\u00eame\" width=\"60\" height=\"47\" \/><\/a><\/p>\n<p style=\"text-align: justify;\">\u00c9ric Lalibert\u00e9<\/p>\n","protected":false},"excerpt":{"rendered":"<p>\u00ab Que veux-tu que je fasse pour toi? \u00bb L\u2019aveugle dit : \u00ab Rabbouni, que je retrouve la vue! \u00bb \u00c9vangile de Marc 10,52 La premi\u00e8re exp\u00e9rience du chemin est sans doute celle qui nous confronte le plus \u00e0 nos r\u00e9sistances. Se mettre en mouvement n\u2019est pas aussi \u00e9vident que cela puisse para\u00eetre. Nous sommes&hellip;<\/p>\n","protected":false},"author":3,"featured_media":0,"comment_status":"open","ping_status":"open","sticky":false,"template":"","format":"standard","meta":{"jetpack_post_was_ever_published":false,"_jetpack_newsletter_access":"","_jetpack_dont_email_post_to_subs":false,"_jetpack_newsletter_tier_id":0,"_jetpack_memberships_contains_paywalled_content":false,"_jetpack_memberships_contains_paid_content":false,"footnotes":"","jetpack_publicize_message":"","jetpack_publicize_feature_enabled":true,"jetpack_social_post_already_shared":true,"jetpack_social_options":{"image_generator_settings":{"template":"highway","default_image_id":0,"font":"","enabled":false},"version":2}},"categories":[50,39,166,37],"tags":[275,227,228,226,229,225,224,20],"class_list":["post-1675","post","type-post","status-publish","format-standard","hentry","category-art-de-vivre","category-croissance-personnelle","category-demarche-du-pelerin","category-spiritualite-2","tag-art-de-vivre","tag-aveugle","tag-bartimee","tag-enfermement","tag-lacher-prise","tag-mouvement","tag-resistance","tag-spiritualite"],"jetpack_publicize_connections":[],"jetpack_featured_media_url":"","jetpack_shortlink":"https:\/\/wp.me\/p4eY6z-r1","jetpack_sharing_enabled":true,"jetpack_likes_enabled":true,"jetpack-related-posts":[],"_links":{"self":[{"href":"https:\/\/bottesetvelo.com\/blog\/wp-json\/wp\/v2\/posts\/1675","targetHints":{"allow":["GET"]}}],"collection":[{"href":"https:\/\/bottesetvelo.com\/blog\/wp-json\/wp\/v2\/posts"}],"about":[{"href":"https:\/\/bottesetvelo.com\/blog\/wp-json\/wp\/v2\/types\/post"}],"author":[{"embeddable":true,"href":"https:\/\/bottesetvelo.com\/blog\/wp-json\/wp\/v2\/users\/3"}],"replies":[{"embeddable":true,"href":"https:\/\/bottesetvelo.com\/blog\/wp-json\/wp\/v2\/comments?post=1675"}],"version-history":[{"count":5,"href":"https:\/\/bottesetvelo.com\/blog\/wp-json\/wp\/v2\/posts\/1675\/revisions"}],"predecessor-version":[{"id":1677,"href":"https:\/\/bottesetvelo.com\/blog\/wp-json\/wp\/v2\/posts\/1675\/revisions\/1677"}],"wp:attachment":[{"href":"https:\/\/bottesetvelo.com\/blog\/wp-json\/wp\/v2\/media?parent=1675"}],"wp:term":[{"taxonomy":"category","embeddable":true,"href":"https:\/\/bottesetvelo.com\/blog\/wp-json\/wp\/v2\/categories?post=1675"},{"taxonomy":"post_tag","embeddable":true,"href":"https:\/\/bottesetvelo.com\/blog\/wp-json\/wp\/v2\/tags?post=1675"}],"curies":[{"name":"wp","href":"https:\/\/api.w.org\/{rel}","templated":true}]}}