{"id":1611,"date":"2015-05-22T17:57:01","date_gmt":"2015-05-22T21:57:01","guid":{"rendered":"http:\/\/bottesetvelo.com\/blog\/?p=1611"},"modified":"2015-05-24T21:24:18","modified_gmt":"2015-05-25T01:24:18","slug":"la-magie-du-chemin","status":"publish","type":"post","link":"https:\/\/bottesetvelo.com\/blog\/2015\/05\/22\/la-magie-du-chemin\/","title":{"rendered":"La magie du chemin"},"content":{"rendered":"<h6 style=\"text-align: right;\"><em><strong>Le plus grand voyageur n\u2019est pas celui qui a fait dix fois le tour du monde,<br \/>\nmais celui qui a fait une seule fois le tour de lui-m\u00eame.<br \/>\nGandhi<\/strong><\/em><\/h6>\n<p style=\"text-align: justify;\"><a href=\"https:\/\/i0.wp.com\/bottesetvelo.com\/blog\/wp-content\/uploads\/2015\/05\/IMG_1405.jpg?ssl=1\"><img data-recalc-dims=\"1\" loading=\"lazy\" decoding=\"async\" data-attachment-id=\"1613\" data-permalink=\"https:\/\/bottesetvelo.com\/blog\/2015\/05\/22\/la-magie-du-chemin\/img_1405-2\/\" data-orig-file=\"https:\/\/i0.wp.com\/bottesetvelo.com\/blog\/wp-content\/uploads\/2015\/05\/IMG_1405.jpg?fit=1926%2C2584&amp;ssl=1\" data-orig-size=\"1926,2584\" data-comments-opened=\"1\" data-image-meta=\"{&quot;aperture&quot;:&quot;2.8&quot;,&quot;credit&quot;:&quot;&quot;,&quot;camera&quot;:&quot;iPhone 4&quot;,&quot;caption&quot;:&quot;&quot;,&quot;created_timestamp&quot;:&quot;1375179018&quot;,&quot;copyright&quot;:&quot;&quot;,&quot;focal_length&quot;:&quot;3.85&quot;,&quot;iso&quot;:&quot;80&quot;,&quot;shutter_speed&quot;:&quot;0.000563697857948&quot;,&quot;title&quot;:&quot;&quot;,&quot;orientation&quot;:&quot;1&quot;}\" data-image-title=\"IMG_1405\" data-image-description=\"\" data-image-caption=\"\" data-large-file=\"https:\/\/i0.wp.com\/bottesetvelo.com\/blog\/wp-content\/uploads\/2015\/05\/IMG_1405.jpg?fit=763%2C1024&amp;ssl=1\" class=\"  alignright wp-image-1613\" src=\"https:\/\/i0.wp.com\/bottesetvelo.com\/blog\/wp-content\/uploads\/2015\/05\/IMG_1405.jpg?resize=224%2C300&#038;ssl=1\" alt=\"Cath\u00e9drale St-Jacques-de-Compostelle\" width=\"224\" height=\"300\" srcset=\"https:\/\/i0.wp.com\/bottesetvelo.com\/blog\/wp-content\/uploads\/2015\/05\/IMG_1405.jpg?resize=373%2C500&amp;ssl=1 373w, https:\/\/i0.wp.com\/bottesetvelo.com\/blog\/wp-content\/uploads\/2015\/05\/IMG_1405.jpg?resize=763%2C1024&amp;ssl=1 763w, https:\/\/i0.wp.com\/bottesetvelo.com\/blog\/wp-content\/uploads\/2015\/05\/IMG_1405.jpg?resize=624%2C837&amp;ssl=1 624w, https:\/\/i0.wp.com\/bottesetvelo.com\/blog\/wp-content\/uploads\/2015\/05\/IMG_1405.jpg?w=1926&amp;ssl=1 1926w\" sizes=\"auto, (max-width: 224px) 100vw, 224px\" \/><\/a>Chaque ann\u00e9e au printemps, des hommes et des femmes partent marcher les chemins de Compostelle, esp\u00e9rant y trouver la r\u00e9ponse \u00e0 un mal qui les tourmente. Le p\u00e8lerin d\u2019aujourd\u2019hui, celui qui se d\u00e9crit comme \u00e9tant plus spirituel que croyant, n\u2019est pourtant pas bien diff\u00e9rent de celui d\u2019autrefois. Il croit en la magie du chemin. Mais o\u00f9 donc s\u2019op\u00e8re cette magie?<\/p>\n<p style=\"text-align: justify;\">Depuis des si\u00e8cles, des milliers de p\u00e8lerins se rendent dans diff\u00e9rents sanctuaires dans le but de voir leurs pri\u00e8res s\u2019exhausser. En voiture, en autobus, \u00e0 v\u00e9lo ou \u00e0 pied, par voies maritimes ou voies terrestres, ils sont nombreux \u00e0 se d\u00e9placer, parfois en ultime recours \u00e0 un malheur ou un mal-\u00eatre, d\u2019autre fois simplement par d\u00e9votion et pi\u00e9t\u00e9. Pour plusieurs la puissance divine habite le c\u0153ur du sanctuaire, la cath\u00e9drale, et le but du voyage est d\u00e9terminant. Mais pour d\u2019autres, la r\u00e9ponse \u00e0 leur pri\u00e8re na\u00eetra de chaque pas effectu\u00e9 dans la direction du sanctuaire; c\u2019est le chemin, qui est porteur des bienfaits.<\/p>\n<p style=\"text-align: justify;\">Ne faisant pas exception \u00e0 la r\u00e8gle, je suis partie faire le Camino Franc\u00e8s en qu\u00eate de r\u00e9ponses. Sassant et ressassant ma probl\u00e9matique dans ma t\u00eate, chaque jour, sans solution, j\u2019ai cru que marcher ce chemin renomm\u00e9 ferait jaillir en moi la lumi\u00e8re qui \u00e9clairerait ma r\u00e9flexion et me guiderait vers la bonne d\u00e9cision \u00e0 prendre. Avant de partir, mes pens\u00e9es tourbillonnaient, rebondissaient et martelaient dans ma t\u00eate, comme un mauvais refrain dont on ne peut se d\u00e9faire. <a href=\"https:\/\/i0.wp.com\/bottesetvelo.com\/blog\/wp-content\/uploads\/2015\/05\/IMG_1132.jpg?ssl=1\"><img data-recalc-dims=\"1\" loading=\"lazy\" decoding=\"async\" data-attachment-id=\"1614\" data-permalink=\"https:\/\/bottesetvelo.com\/blog\/2015\/05\/22\/la-magie-du-chemin\/img_1132\/\" data-orig-file=\"https:\/\/i0.wp.com\/bottesetvelo.com\/blog\/wp-content\/uploads\/2015\/05\/IMG_1132.jpg?fit=2532%2C1852&amp;ssl=1\" data-orig-size=\"2532,1852\" data-comments-opened=\"1\" data-image-meta=\"{&quot;aperture&quot;:&quot;2.8&quot;,&quot;credit&quot;:&quot;&quot;,&quot;camera&quot;:&quot;iPhone 4&quot;,&quot;caption&quot;:&quot;&quot;,&quot;created_timestamp&quot;:&quot;1373801849&quot;,&quot;copyright&quot;:&quot;&quot;,&quot;focal_length&quot;:&quot;3.85&quot;,&quot;iso&quot;:&quot;80&quot;,&quot;shutter_speed&quot;:&quot;0.000563697857948&quot;,&quot;title&quot;:&quot;&quot;,&quot;orientation&quot;:&quot;1&quot;}\" data-image-title=\"IMG_1132\" data-image-description=\"\" data-image-caption=\"\" data-large-file=\"https:\/\/i0.wp.com\/bottesetvelo.com\/blog\/wp-content\/uploads\/2015\/05\/IMG_1132.jpg?fit=1024%2C749&amp;ssl=1\" class=\"  alignright wp-image-1614\" src=\"https:\/\/i0.wp.com\/bottesetvelo.com\/blog\/wp-content\/uploads\/2015\/05\/IMG_1132.jpg?resize=301%2C220&#038;ssl=1\" alt=\"Compostelle  - Burgos\" width=\"301\" height=\"220\" srcset=\"https:\/\/i0.wp.com\/bottesetvelo.com\/blog\/wp-content\/uploads\/2015\/05\/IMG_1132.jpg?resize=500%2C366&amp;ssl=1 500w, https:\/\/i0.wp.com\/bottesetvelo.com\/blog\/wp-content\/uploads\/2015\/05\/IMG_1132.jpg?resize=1024%2C749&amp;ssl=1 1024w, https:\/\/i0.wp.com\/bottesetvelo.com\/blog\/wp-content\/uploads\/2015\/05\/IMG_1132.jpg?resize=624%2C456&amp;ssl=1 624w, https:\/\/i0.wp.com\/bottesetvelo.com\/blog\/wp-content\/uploads\/2015\/05\/IMG_1132.jpg?w=2340&amp;ssl=1 2340w\" sizes=\"auto, (max-width: 301px) 100vw, 301px\" \/><\/a>Mes attentes \u00e9taient grandes. Les premiers jours de marche, loin d\u2019\u00eatre magiques, \u00e9taient plut\u00f4t \u00e9reintants. Et bien qu\u2019\u00e9merveill\u00e9e par les paysages et enthousiasm\u00e9e par l\u2019aventure, j\u2019avais peu de temps pour penser \u00e0 mes probl\u00e8mes. Une grande partie de mon attention \u00e9tait concentr\u00e9e sur mon corps, mes petits bobos, la gestion de l\u2019eau et de ma vessie, la faim et le sommeil. Je me suis dit que j\u2019aurais bien le temps d\u2019aborder ma probl\u00e9matique plus tard. J\u2019avais encore 3 semaines pour y penser. Puis le temps passant, mon corps s\u2019est adapt\u00e9, a adopt\u00e9 ce nouveau rythme de vie et le plaisir des sens a pris la rel\u00e8ve. Ma t\u00eate s\u2019est d\u00e9tendue. La temp\u00eate int\u00e9rieure s\u2019est graduellement estomp\u00e9e. Et je me suis mise \u00e0 profiter du moment pr\u00e9sent. \u00abAllez! Je me g\u00e2te!\u00bb Maman, directrice d\u2019\u00e9cole, conjointe, amie, fille, bru : tous les chapeaux ont pris le bord! Moi qui faisais passer tout et tous avant mes besoins et d\u00e9sirs, je d\u00e9cidai alors de prendre ce temps pour moi. Mes probl\u00e8mes attendront aussi, parce qu\u2019\u00e0 ce moment pr\u00e9sent, je voulais profiter de tout ce beau et bon qui m\u2019entourait. J\u2019aurais bien le temps d\u2019y revenir. Il me restait encore 2 semaines pour y penser. Et plus les jours passaient et plus je me sentais bien. Mes pens\u00e9es papillonnaient et voletaient au gr\u00e9 du bonheur de la route. Je r\u00e9alisais alors que ce qui me faisait le plus grand bien n\u2019\u00e9tait pas d\u2019avoir du temps pour penser, mais bien au contraire, de ne plus avoir rien \u00e0 penser. <a href=\"https:\/\/i0.wp.com\/bottesetvelo.com\/blog\/wp-content\/uploads\/2015\/05\/IMG_1280-4.jpg?ssl=1\"><img data-recalc-dims=\"1\" loading=\"lazy\" decoding=\"async\" data-attachment-id=\"1615\" data-permalink=\"https:\/\/bottesetvelo.com\/blog\/2015\/05\/22\/la-magie-du-chemin\/img_1280-4-3\/\" data-orig-file=\"https:\/\/i0.wp.com\/bottesetvelo.com\/blog\/wp-content\/uploads\/2015\/05\/IMG_1280-4.jpg?fit=2652%2C3586&amp;ssl=1\" data-orig-size=\"2652,3586\" data-comments-opened=\"1\" data-image-meta=\"{&quot;aperture&quot;:&quot;3.2&quot;,&quot;credit&quot;:&quot;&quot;,&quot;camera&quot;:&quot;Canon PowerShot SD890 IS&quot;,&quot;caption&quot;:&quot;&quot;,&quot;created_timestamp&quot;:&quot;1374562995&quot;,&quot;copyright&quot;:&quot;&quot;,&quot;focal_length&quot;:&quot;6.6&quot;,&quot;iso&quot;:&quot;400&quot;,&quot;shutter_speed&quot;:&quot;0.0166666666667&quot;,&quot;title&quot;:&quot;&quot;,&quot;orientation&quot;:&quot;1&quot;}\" data-image-title=\"IMG_1280-4\" data-image-description=\"\" data-image-caption=\"\" data-large-file=\"https:\/\/i0.wp.com\/bottesetvelo.com\/blog\/wp-content\/uploads\/2015\/05\/IMG_1280-4.jpg?fit=757%2C1024&amp;ssl=1\" class=\"  alignright wp-image-1615\" src=\"https:\/\/i0.wp.com\/bottesetvelo.com\/blog\/wp-content\/uploads\/2015\/05\/IMG_1280-4.jpg?resize=222%2C300&#038;ssl=1\" alt=\"Compostelle - Croix de fer\" width=\"222\" height=\"300\" srcset=\"https:\/\/i0.wp.com\/bottesetvelo.com\/blog\/wp-content\/uploads\/2015\/05\/IMG_1280-4.jpg?resize=370%2C500&amp;ssl=1 370w, https:\/\/i0.wp.com\/bottesetvelo.com\/blog\/wp-content\/uploads\/2015\/05\/IMG_1280-4.jpg?resize=757%2C1024&amp;ssl=1 757w, https:\/\/i0.wp.com\/bottesetvelo.com\/blog\/wp-content\/uploads\/2015\/05\/IMG_1280-4.jpg?resize=624%2C844&amp;ssl=1 624w, https:\/\/i0.wp.com\/bottesetvelo.com\/blog\/wp-content\/uploads\/2015\/05\/IMG_1280-4.jpg?w=2340&amp;ssl=1 2340w\" sizes=\"auto, (max-width: 222px) 100vw, 222px\" \/><\/a>Pas de souper \u00e0 planifier, pas de lunch \u00e0 pr\u00e9voir, pas de fin de semaine \u00e0 organiser, pas de dossier urgent \u00e0 traiter, pas de rendez-vous pressant \u00e0 ins\u00e9rer dans un agenda trop rempli, pas de taxis \u00e0 faire pour les cours des enfants en m\u00eame temps qu\u2019une r\u00e9union incontournable&#8230;. ! Pour moi, elle \u00e9tait l\u00e0 la magie du chemin. Cet all\u00e9gement c\u00e9r\u00e9bral, ce m\u00e9nage int\u00e9rieur, d\u00e9sencombrait mes pens\u00e9es et me permettait alors de r\u00e9fl\u00e9chir \u00e0 \u00abt\u00eate-pleinement-repos\u00e9e\u00bb. Ce moment de tr\u00eave dans le chaos de mes voix int\u00e9rieures me permettait d\u2019entendre l\u2019essentiel, de l\u2019identifier, de le regarder et de le r\u00e9fl\u00e9chir. La sainte paix! La vraie!<\/p>\n<p style=\"text-align: justify;\">Suis-je revenue avec une solution \u00e0 mon probl\u00e8me initial? Non. Mais je suis revenue plus consciente de ce que je veux, de ce qui me fait du bien, de ce que je ne veux plus et de ce qui me nuit. Je peux donc dire que j\u2019ai trouv\u00e9 le chemin vers mon sanctuaire. Et il est en moi.<a href=\"https:\/\/i0.wp.com\/bottesetvelo.com\/blog\/wp-content\/uploads\/2014\/01\/Bottes-et-V%C3%A9lo-Embl%C3%AAme.jpg?ssl=1\"><img data-recalc-dims=\"1\" loading=\"lazy\" decoding=\"async\" data-attachment-id=\"14\" data-permalink=\"https:\/\/bottesetvelo.com\/blog\/bottes-et-velo-le-blog\/bottes-et-velo-embleme\/\" data-orig-file=\"https:\/\/i0.wp.com\/bottesetvelo.com\/blog\/wp-content\/uploads\/2014\/01\/Bottes-et-V%C3%A9lo-Embl%C3%AAme-e1454083414631.jpg?fit=100%2C79&amp;ssl=1\" data-orig-size=\"100,79\" data-comments-opened=\"1\" data-image-meta=\"{&quot;aperture&quot;:&quot;0&quot;,&quot;credit&quot;:&quot;&quot;,&quot;camera&quot;:&quot;&quot;,&quot;caption&quot;:&quot;&quot;,&quot;created_timestamp&quot;:&quot;0&quot;,&quot;copyright&quot;:&quot;&quot;,&quot;focal_length&quot;:&quot;0&quot;,&quot;iso&quot;:&quot;0&quot;,&quot;shutter_speed&quot;:&quot;0&quot;,&quot;title&quot;:&quot;&quot;}\" data-image-title=\"Bottes et V\u00e9lo &amp;#8211; Embl\u00eame\" data-image-description=\"\" data-image-caption=\"\" data-large-file=\"https:\/\/i0.wp.com\/bottesetvelo.com\/blog\/wp-content\/uploads\/2014\/01\/Bottes-et-V%C3%A9lo-Embl%C3%AAme-e1454083414631.jpg?fit=100%2C79&amp;ssl=1\" class=\"  wp-image-14 alignright\" src=\"https:\/\/i0.wp.com\/bottesetvelo.com\/blog\/wp-content\/uploads\/2014\/01\/Bottes-et-V%C3%A9lo-Embl%C3%AAme.jpg?resize=80%2C63&#038;ssl=1\" alt=\"Bottes et V\u00e9lo - Embl\u00eame\" width=\"80\" height=\"63\" \/><\/a><\/p>\n<p style=\"text-align: justify;\">Brigitte Harouni<\/p>\n","protected":false},"excerpt":{"rendered":"<p>Le plus grand voyageur n\u2019est pas celui qui a fait dix fois le tour du monde, mais celui qui a fait une seule fois le tour de lui-m\u00eame. Gandhi Chaque ann\u00e9e au printemps, des hommes et des femmes partent marcher les chemins de Compostelle, esp\u00e9rant y trouver la r\u00e9ponse \u00e0 un mal qui les tourmente.&hellip;<\/p>\n","protected":false},"author":2,"featured_media":0,"comment_status":"open","ping_status":"open","sticky":false,"template":"","format":"standard","meta":{"jetpack_post_was_ever_published":false,"_jetpack_newsletter_access":"","_jetpack_dont_email_post_to_subs":false,"_jetpack_newsletter_tier_id":0,"_jetpack_memberships_contains_paywalled_content":false,"_jetpack_memberships_contains_paid_content":false,"footnotes":"","jetpack_publicize_message":"","jetpack_publicize_feature_enabled":true,"jetpack_social_post_already_shared":true,"jetpack_social_options":{"image_generator_settings":{"template":"highway","default_image_id":0,"font":"","enabled":false},"version":2}},"categories":[166,3,37],"tags":[222,80,221,168,220,192],"class_list":["post-1611","post","type-post","status-publish","format-standard","hentry","category-demarche-du-pelerin","category-reflexions","category-spiritualite-2","tag-but-du-voyage","tag-compostelle","tag-conscience","tag-demarche-du-pelerin","tag-questionnement","tag-quete-spirituelle"],"jetpack_publicize_connections":[],"jetpack_featured_media_url":"","jetpack_shortlink":"https:\/\/wp.me\/p4eY6z-pZ","jetpack_sharing_enabled":true,"jetpack_likes_enabled":true,"jetpack-related-posts":[],"_links":{"self":[{"href":"https:\/\/bottesetvelo.com\/blog\/wp-json\/wp\/v2\/posts\/1611","targetHints":{"allow":["GET"]}}],"collection":[{"href":"https:\/\/bottesetvelo.com\/blog\/wp-json\/wp\/v2\/posts"}],"about":[{"href":"https:\/\/bottesetvelo.com\/blog\/wp-json\/wp\/v2\/types\/post"}],"author":[{"embeddable":true,"href":"https:\/\/bottesetvelo.com\/blog\/wp-json\/wp\/v2\/users\/2"}],"replies":[{"embeddable":true,"href":"https:\/\/bottesetvelo.com\/blog\/wp-json\/wp\/v2\/comments?post=1611"}],"version-history":[{"count":2,"href":"https:\/\/bottesetvelo.com\/blog\/wp-json\/wp\/v2\/posts\/1611\/revisions"}],"predecessor-version":[{"id":1616,"href":"https:\/\/bottesetvelo.com\/blog\/wp-json\/wp\/v2\/posts\/1611\/revisions\/1616"}],"wp:attachment":[{"href":"https:\/\/bottesetvelo.com\/blog\/wp-json\/wp\/v2\/media?parent=1611"}],"wp:term":[{"taxonomy":"category","embeddable":true,"href":"https:\/\/bottesetvelo.com\/blog\/wp-json\/wp\/v2\/categories?post=1611"},{"taxonomy":"post_tag","embeddable":true,"href":"https:\/\/bottesetvelo.com\/blog\/wp-json\/wp\/v2\/tags?post=1611"}],"curies":[{"name":"wp","href":"https:\/\/api.w.org\/{rel}","templated":true}]}}