{"id":1525,"date":"2015-05-01T18:50:38","date_gmt":"2015-05-01T22:50:38","guid":{"rendered":"http:\/\/bottesetvelo.com\/blog\/?p=1525"},"modified":"2015-05-10T21:37:29","modified_gmt":"2015-05-11T01:37:29","slug":"bottes-et-velo-un-projet-universitaire","status":"publish","type":"post","link":"https:\/\/bottesetvelo.com\/blog\/2015\/05\/01\/bottes-et-velo-un-projet-universitaire\/","title":{"rendered":"Bottes et V\u00e9lo: un projet universitaire"},"content":{"rendered":"<h1>Qu\u2019est-ce que Bottes et V\u00e9lo?<\/h1>\n<p style=\"text-align: justify;\"><a href=\"https:\/\/i0.wp.com\/bottesetvelo.com\/blog\/wp-content\/uploads\/2015\/05\/2014-07-29-10.06.20.jpg?ssl=1\"><img data-recalc-dims=\"1\" loading=\"lazy\" decoding=\"async\" data-attachment-id=\"1530\" data-permalink=\"https:\/\/bottesetvelo.com\/blog\/2015\/05\/01\/bottes-et-velo-un-projet-universitaire\/2014-07-29-10-06-20-3\/\" data-orig-file=\"https:\/\/i0.wp.com\/bottesetvelo.com\/blog\/wp-content\/uploads\/2015\/05\/2014-07-29-10.06.20.jpg?fit=3264%2C2448&amp;ssl=1\" data-orig-size=\"3264,2448\" data-comments-opened=\"1\" data-image-meta=\"{&quot;aperture&quot;:&quot;2.6&quot;,&quot;credit&quot;:&quot;&quot;,&quot;camera&quot;:&quot;SGH-I747M&quot;,&quot;caption&quot;:&quot;&quot;,&quot;created_timestamp&quot;:&quot;1406628380&quot;,&quot;copyright&quot;:&quot;&quot;,&quot;focal_length&quot;:&quot;3.7&quot;,&quot;iso&quot;:&quot;50&quot;,&quot;shutter_speed&quot;:&quot;0.000513347022587&quot;,&quot;title&quot;:&quot;&quot;,&quot;orientation&quot;:&quot;1&quot;}\" data-image-title=\"2014-07-29 10.06.20\" data-image-description=\"\" data-image-caption=\"\" data-large-file=\"https:\/\/i0.wp.com\/bottesetvelo.com\/blog\/wp-content\/uploads\/2015\/05\/2014-07-29-10.06.20.jpg?fit=1024%2C768&amp;ssl=1\" class=\"  alignright wp-image-1530\" src=\"https:\/\/i0.wp.com\/bottesetvelo.com\/blog\/wp-content\/uploads\/2015\/05\/2014-07-29-10.06.20.jpg?resize=300%2C225&#038;ssl=1\" alt=\"La Voie du St-Laurent - La Martre\" width=\"300\" height=\"225\" srcset=\"https:\/\/i0.wp.com\/bottesetvelo.com\/blog\/wp-content\/uploads\/2015\/05\/2014-07-29-10.06.20.jpg?resize=500%2C375&amp;ssl=1 500w, https:\/\/i0.wp.com\/bottesetvelo.com\/blog\/wp-content\/uploads\/2015\/05\/2014-07-29-10.06.20.jpg?resize=1024%2C768&amp;ssl=1 1024w, https:\/\/i0.wp.com\/bottesetvelo.com\/blog\/wp-content\/uploads\/2015\/05\/2014-07-29-10.06.20.jpg?resize=624%2C468&amp;ssl=1 624w, https:\/\/i0.wp.com\/bottesetvelo.com\/blog\/wp-content\/uploads\/2015\/05\/2014-07-29-10.06.20.jpg?w=2340&amp;ssl=1 2340w\" sizes=\"auto, (max-width: 300px) 100vw, 300px\" \/><\/a>Bottes et V\u00e9lo est une entreprise professionnelle, d\u00e9velopp\u00e9e dans un cadre universitaire et ayant pour objectif l\u2019\u00e9panouissement du p\u00e8lerinage de longue randonn\u00e9e en Am\u00e9rique.<\/p>\n<p style=\"text-align: justify;\"><strong>Mission :<\/strong><br \/>\nBottes et V\u00e9lo est un centre de formation qui a pour vocation de promouvoir le p\u00e8lerinage de longue randonn\u00e9e, d\u2019en valoriser les bienfaits et d\u2019accompagner les p\u00e8lerins dans l\u2019approfondissement de leur d\u00e9marche.<\/p>\n<p style=\"text-align: justify;\"><strong>Expertises professionnelles et recherches universitaires :<\/strong><br \/>\nBottes et V\u00e9lo est soutenue par une recherche universitaire dans le cadre d\u2019\u00e9tudes sup\u00e9rieures \u00e0 l\u2019Universit\u00e9 Laval et au Centre de Spiritualit\u00e9 Manr\u00e8se. Cette recherche vise \u00e0 formuler une d\u00e9marche d\u2019accompagnement du p\u00e8lerin dans la lign\u00e9e des Exercices Spirituels ignatiens.<br \/>\nCette r\u00e9flexion sur l\u2019accompagnement du p\u00e8lerin constitue le projet de recherche d\u2019\u00c9ric Lalibert\u00e9, \u00e9tudiant \u00e0 la ma\u00eetrise en th\u00e9ologie (\u00e9tudes pastorales) \u2013 sp\u00e9cialisation en accompagnement spirituel. \u00c9ric Lalibert\u00e9 est du domaine de l\u2019\u00e9ducation depuis 27 ans, dont 14 ans comme animateur de vie spirituelle.<br \/>\n<a href=\"https:\/\/i0.wp.com\/bottesetvelo.com\/blog\/wp-content\/uploads\/2015\/04\/2010-051.jpg?ssl=1\"><img data-recalc-dims=\"1\" loading=\"lazy\" decoding=\"async\" data-attachment-id=\"1500\" data-permalink=\"https:\/\/bottesetvelo.com\/blog\/2015\/04\/19\/15e-tour-de-lisle-aux-coudres-de-laqc\/2010-051\/\" data-orig-file=\"https:\/\/i0.wp.com\/bottesetvelo.com\/blog\/wp-content\/uploads\/2015\/04\/2010-051.jpg?fit=3648%2C2736&amp;ssl=1\" data-orig-size=\"3648,2736\" data-comments-opened=\"1\" data-image-meta=\"{&quot;aperture&quot;:&quot;3.2&quot;,&quot;credit&quot;:&quot;&quot;,&quot;camera&quot;:&quot;Canon PowerShot SD890 IS&quot;,&quot;caption&quot;:&quot;&quot;,&quot;created_timestamp&quot;:&quot;1272725632&quot;,&quot;copyright&quot;:&quot;&quot;,&quot;focal_length&quot;:&quot;6.6&quot;,&quot;iso&quot;:&quot;80&quot;,&quot;shutter_speed&quot;:&quot;0.003125&quot;,&quot;title&quot;:&quot;&quot;,&quot;orientation&quot;:&quot;1&quot;}\" data-image-title=\"2010 051\" data-image-description=\"\" data-image-caption=\"\" data-large-file=\"https:\/\/i0.wp.com\/bottesetvelo.com\/blog\/wp-content\/uploads\/2015\/04\/2010-051.jpg?fit=1024%2C768&amp;ssl=1\" class=\"  alignright wp-image-1500\" src=\"https:\/\/i0.wp.com\/bottesetvelo.com\/blog\/wp-content\/uploads\/2015\/04\/2010-051.jpg?resize=300%2C225&#038;ssl=1\" alt=\"\u00c9ric Lalibert et Brigitte Harouni\" width=\"300\" height=\"225\" srcset=\"https:\/\/i0.wp.com\/bottesetvelo.com\/blog\/wp-content\/uploads\/2015\/04\/2010-051.jpg?resize=500%2C375&amp;ssl=1 500w, https:\/\/i0.wp.com\/bottesetvelo.com\/blog\/wp-content\/uploads\/2015\/04\/2010-051.jpg?resize=1024%2C768&amp;ssl=1 1024w, https:\/\/i0.wp.com\/bottesetvelo.com\/blog\/wp-content\/uploads\/2015\/04\/2010-051.jpg?resize=624%2C468&amp;ssl=1 624w, https:\/\/i0.wp.com\/bottesetvelo.com\/blog\/wp-content\/uploads\/2015\/04\/2010-051.jpg?w=2340&amp;ssl=1 2340w, https:\/\/i0.wp.com\/bottesetvelo.com\/blog\/wp-content\/uploads\/2015\/04\/2010-051.jpg?w=3510&amp;ssl=1 3510w\" sizes=\"auto, (max-width: 300px) 100vw, 300px\" \/><\/a>Bottes et V\u00e9lo est \u00e9galement soutenu par l\u2019exp\u00e9rience p\u00e9dagogique de Brigitte Harouni (M.A. en \u00e9ducation \u2013 sp\u00e9cialisation en adaptation scolaire, Universit\u00e9 de Montr\u00e9al), qui \u0153uvre dans le domaine de l\u2019\u00e9ducation depuis une vingtaine d\u2019ann\u00e9es en tant qu\u2019enseignante et depuis 7 ans en direction.<br \/>\n\u00c9ric Lalibert\u00e9 et Brigitte Harouni b\u00e9n\u00e9ficie aussi d\u2019une grande exp\u00e9rience pratique du p\u00e8lerinage. Ils ont parcouru ensemble diff\u00e9rents chemins de Compostelle, pour un total de 4000 km effectu\u00e9s lors de trois voyages diff\u00e9rents. Au Canada, c\u2019est pr\u00e8s de 10 000 km de p\u00e8lerinage qu\u2019ils ont march\u00e9s ou p\u00e9dal\u00e9s. L\u2019an dernier, ils ont entrepris le p\u00e8lerinage de la Voie du St-Laurent. Ce p\u00e8lerinage, sur le chemin des pionniers, s\u2019\u00e9tend depuis le sanctuaire Notre-Dame-de-la-Paix \u00e0 Niagara Falls, en Ontario, jusqu\u2019\u00e0 l\u2019\u00e9glise de Perc\u00e9, au Qu\u00e9bec; pour un total de 1870 km.<\/p>\n<h2 style=\"text-align: justify;\">Lieux d\u2019intervention :<\/h2>\n<p style=\"text-align: justify;\"><strong>\u2022 Formation :<br \/>\n<\/strong>Le volet formation de Bottes et V\u00e9lo se d\u00e9ploie \u00e0 travers diff\u00e9rentes activit\u00e9s visant \u00e0 soutenir la d\u00e9marche du p\u00e8lerin. <strong><a href=\"https:\/\/i0.wp.com\/bottesetvelo.com\/blog\/wp-content\/uploads\/2015\/05\/2015-03-21-11.13.36.jpg?ssl=1\"><img data-recalc-dims=\"1\" loading=\"lazy\" decoding=\"async\" data-attachment-id=\"1531\" data-permalink=\"https:\/\/bottesetvelo.com\/blog\/2015\/05\/01\/bottes-et-velo-un-projet-universitaire\/2015-03-21-11-13-36\/\" data-orig-file=\"https:\/\/i0.wp.com\/bottesetvelo.com\/blog\/wp-content\/uploads\/2015\/05\/2015-03-21-11.13.36.jpg?fit=2592%2C1936&amp;ssl=1\" data-orig-size=\"2592,1936\" data-comments-opened=\"1\" data-image-meta=\"{&quot;aperture&quot;:&quot;2.8&quot;,&quot;credit&quot;:&quot;&quot;,&quot;camera&quot;:&quot;iPhone 4&quot;,&quot;caption&quot;:&quot;&quot;,&quot;created_timestamp&quot;:&quot;1426936416&quot;,&quot;copyright&quot;:&quot;&quot;,&quot;focal_length&quot;:&quot;3.85&quot;,&quot;iso&quot;:&quot;100&quot;,&quot;shutter_speed&quot;:&quot;0.0666666666667&quot;,&quot;title&quot;:&quot;&quot;,&quot;orientation&quot;:&quot;1&quot;}\" data-image-title=\"Bottes et v\u00e9lo &amp;#8211; D\u00e9jeuners-causerie\" data-image-description=\"\" data-image-caption=\"\" data-large-file=\"https:\/\/i0.wp.com\/bottesetvelo.com\/blog\/wp-content\/uploads\/2015\/05\/2015-03-21-11.13.36.jpg?fit=1024%2C765&amp;ssl=1\" class=\"  wp-image-1531 alignright\" src=\"https:\/\/i0.wp.com\/bottesetvelo.com\/blog\/wp-content\/uploads\/2015\/05\/2015-03-21-11.13.36.jpg?resize=300%2C224&#038;ssl=1\" alt=\"Bottes et v\u00e9lo - D\u00e9jeuners-causerie\" width=\"300\" height=\"224\" srcset=\"https:\/\/i0.wp.com\/bottesetvelo.com\/blog\/wp-content\/uploads\/2015\/05\/2015-03-21-11.13.36.jpg?resize=500%2C373&amp;ssl=1 500w, https:\/\/i0.wp.com\/bottesetvelo.com\/blog\/wp-content\/uploads\/2015\/05\/2015-03-21-11.13.36.jpg?resize=1024%2C765&amp;ssl=1 1024w, https:\/\/i0.wp.com\/bottesetvelo.com\/blog\/wp-content\/uploads\/2015\/05\/2015-03-21-11.13.36.jpg?resize=624%2C466&amp;ssl=1 624w, https:\/\/i0.wp.com\/bottesetvelo.com\/blog\/wp-content\/uploads\/2015\/05\/2015-03-21-11.13.36.jpg?w=2340&amp;ssl=1 2340w\" sizes=\"auto, (max-width: 300px) 100vw, 300px\" \/><\/a><\/strong>Que ce soit \u00e0 travers des d\u00e9jeuners-causerie abordant diff\u00e9rents th\u00e8mes du p\u00e8lerinage; des s\u00e9jours de ressourcement visant une exp\u00e9rience pratique qui int\u00e8gre des exercices spirituels; ou encore par des ateliers hebdomadaires dans l\u2019esprit de la d\u00e9marche du p\u00e8lerin, Bottes et V\u00e9lo offre un service professionnel d\u2019accompagnement \u00e0 tous ceux qui d\u00e9sirent approfondir l\u2019exp\u00e9rience du p\u00e8lerinage.<\/p>\n<p style=\"text-align: justify;\"><strong>\u2022 Maison d\u2019\u00e9dition :<\/strong><br \/>\nBottes et V\u00e9lo est une maison d\u2019\u00e9dition qui vise \u00e0 produire des guides du p\u00e8lerin ayant pour objectif de rendre le p\u00e8lerinage de longue randonn\u00e9e libre et autonome en Am\u00e9rique. Tout le mat\u00e9riel inclus dans les guides est enti\u00e8rement le fruit du travail de Bottes et V\u00e9lo. Chaque parcours a \u00e9t\u00e9 effectu\u00e9 et r\u00e9pertori\u00e9. <a href=\"https:\/\/i0.wp.com\/bottesetvelo.com\/blog\/wp-content\/uploads\/2015\/05\/2015-05-01-09.03.19.jpg?ssl=1\"><img data-recalc-dims=\"1\" loading=\"lazy\" decoding=\"async\" data-attachment-id=\"1527\" data-permalink=\"https:\/\/bottesetvelo.com\/blog\/2015\/05\/01\/bottes-et-velo-un-projet-universitaire\/2015-05-01-09-03-19\/\" data-orig-file=\"https:\/\/i0.wp.com\/bottesetvelo.com\/blog\/wp-content\/uploads\/2015\/05\/2015-05-01-09.03.19.jpg?fit=3264%2C2448&amp;ssl=1\" data-orig-size=\"3264,2448\" data-comments-opened=\"1\" data-image-meta=\"{&quot;aperture&quot;:&quot;2.6&quot;,&quot;credit&quot;:&quot;&quot;,&quot;camera&quot;:&quot;SGH-I747M&quot;,&quot;caption&quot;:&quot;&quot;,&quot;created_timestamp&quot;:&quot;1430470999&quot;,&quot;copyright&quot;:&quot;&quot;,&quot;focal_length&quot;:&quot;3.7&quot;,&quot;iso&quot;:&quot;80&quot;,&quot;shutter_speed&quot;:&quot;0.0333333333333&quot;,&quot;title&quot;:&quot;&quot;,&quot;orientation&quot;:&quot;1&quot;}\" data-image-title=\"Bottes et V\u00e9lo &amp;#8211; Les guides du p\u00e8lerin\" data-image-description=\"\" data-image-caption=\"\" data-large-file=\"https:\/\/i0.wp.com\/bottesetvelo.com\/blog\/wp-content\/uploads\/2015\/05\/2015-05-01-09.03.19.jpg?fit=1024%2C768&amp;ssl=1\" class=\"  wp-image-1527 alignright\" src=\"https:\/\/i0.wp.com\/bottesetvelo.com\/blog\/wp-content\/uploads\/2015\/05\/2015-05-01-09.03.19.jpg?resize=300%2C225&#038;ssl=1\" alt=\"Bottes et V\u00e9lo - Les guides du p\u00e8lerin\" width=\"300\" height=\"225\" srcset=\"https:\/\/i0.wp.com\/bottesetvelo.com\/blog\/wp-content\/uploads\/2015\/05\/2015-05-01-09.03.19.jpg?resize=500%2C375&amp;ssl=1 500w, https:\/\/i0.wp.com\/bottesetvelo.com\/blog\/wp-content\/uploads\/2015\/05\/2015-05-01-09.03.19.jpg?resize=1024%2C768&amp;ssl=1 1024w, https:\/\/i0.wp.com\/bottesetvelo.com\/blog\/wp-content\/uploads\/2015\/05\/2015-05-01-09.03.19.jpg?resize=624%2C468&amp;ssl=1 624w, https:\/\/i0.wp.com\/bottesetvelo.com\/blog\/wp-content\/uploads\/2015\/05\/2015-05-01-09.03.19.jpg?w=2340&amp;ssl=1 2340w\" sizes=\"auto, (max-width: 300px) 100vw, 300px\" \/><\/a>De plus, les cartes des guides du p\u00e8lerin sont le r\u00e9sultat d\u2019un travail minutieux de notre part.<br \/>\n\u00c0 travers sa maison d\u2019\u00e9dition, Bottes et V\u00e9lo s\u2019est fix\u00e9 de rendre accessible, gratuitement (en format PDF), tout parcours de p\u00e8lerinage reliant diff\u00e9rents sanctuaires (particuli\u00e8rement au Qu\u00e9bec), mais aussi de d\u00e9velopper de nouveaux parcours dans l\u2019esprit du p\u00e8lerinage de longue randonn\u00e9e. Ceci afin que le p\u00e8lerinage s\u2019offre gratuitement et \u00e0 tout moment de la saison au p\u00e8lerin qui d\u00e9sire en faire l\u2019exp\u00e9rience.<\/p>\n<p style=\"text-align: justify;\"><strong>\u2022 H\u00e9bergement :<\/strong><br \/>\nBottes et V\u00e9lo est aussi un h\u00e9bergement p\u00e8lerin de type \u00ab donativo \u00bb qui offre de d\u00e9panner les p\u00e8lerins de passage dans sa r\u00e9gion.<\/p>\n<p style=\"text-align: justify;\"><strong>\u2022 Ressources documentaires :<\/strong><br \/>\nBottes et V\u00e9lo se donne \u00e9galement comme mandat d\u2019informer et de soutenir les p\u00e8lerins dans leur d\u00e9marche en offrant de la documentation (articles vari\u00e9s d\u00e9veloppant le th\u00e8me du p\u00e8lerinage), en sugg\u00e9rant des lectures et en diffusant de l\u2019information sur diff\u00e9rents projets dans l\u2019esprit de la d\u00e9marche du p\u00e8lerin. Dans ce souci d\u2019informer, Bottes et V\u00e9lo fait \u00e9galement la promotion des diff\u00e9rentes associations ou entreprises initiatrices de p\u00e8lerinage et qui offrent des voyages de groupe organis\u00e9s sur les diff\u00e9rents chemins de p\u00e8lerinage, ceci en toute gratuit\u00e9 et dans un souci d\u2019exposer au p\u00e8lerin toutes les possibilit\u00e9s qui s\u2019offrent \u00e0 lui.<\/p>\n<h2 style=\"text-align: justify;\">Le P\u00e8lerinage<\/h2>\n<p style=\"text-align: justify;\">Le mot p\u00e8lerinage n\u2019est pas n\u2019importe quoi et ne peut s\u2019employer \u00e0 toutes les sauces. Le p\u00e8lerinage de longue randonn\u00e9e n\u2019est pas non plus un sport d\u2019endurance, ni de la simple randonn\u00e9e p\u00e9destre. \u00c9tymologiquement, p\u00e8lerin signifie : <em>\u00ab \u00e9tranger \u00bb<\/em> ou, si on veut pousser plus loin, <em>\u00ab celui qui marche en terre \u00e9trang\u00e8re \u00bb<\/em>. S\u00e9miotiquement, l\u2019intention du p\u00e8lerinage indique un d\u00e9placement dans sa d\u00e9finition. <a href=\"https:\/\/i0.wp.com\/bottesetvelo.com\/blog\/wp-content\/uploads\/2015\/05\/IMG_1213.jpg?ssl=1\"><img data-recalc-dims=\"1\" loading=\"lazy\" decoding=\"async\" data-attachment-id=\"1528\" data-permalink=\"https:\/\/bottesetvelo.com\/blog\/2015\/05\/01\/bottes-et-velo-un-projet-universitaire\/img_1213\/\" data-orig-file=\"https:\/\/i0.wp.com\/bottesetvelo.com\/blog\/wp-content\/uploads\/2015\/05\/IMG_1213.jpg?fit=2592%2C1936&amp;ssl=1\" data-orig-size=\"2592,1936\" data-comments-opened=\"1\" data-image-meta=\"{&quot;aperture&quot;:&quot;2.8&quot;,&quot;credit&quot;:&quot;&quot;,&quot;camera&quot;:&quot;iPhone 4&quot;,&quot;caption&quot;:&quot;&quot;,&quot;created_timestamp&quot;:&quot;1374320695&quot;,&quot;copyright&quot;:&quot;&quot;,&quot;focal_length&quot;:&quot;3.85&quot;,&quot;iso&quot;:&quot;80&quot;,&quot;shutter_speed&quot;:&quot;0.00106044538706&quot;,&quot;title&quot;:&quot;&quot;,&quot;orientation&quot;:&quot;1&quot;}\" data-image-title=\"Camino Frances &amp;#8211; Cath\u00e9drale de L\u00e8on\" data-image-description=\"\" data-image-caption=\"\" data-large-file=\"https:\/\/i0.wp.com\/bottesetvelo.com\/blog\/wp-content\/uploads\/2015\/05\/IMG_1213.jpg?fit=1024%2C765&amp;ssl=1\" class=\"  wp-image-1528 alignright\" src=\"https:\/\/i0.wp.com\/bottesetvelo.com\/blog\/wp-content\/uploads\/2015\/05\/IMG_1213.jpg?resize=301%2C224&#038;ssl=1\" alt=\"Camino Frances - Cath\u00e9drale de L\u00e8on\" width=\"301\" height=\"224\" srcset=\"https:\/\/i0.wp.com\/bottesetvelo.com\/blog\/wp-content\/uploads\/2015\/05\/IMG_1213.jpg?resize=500%2C373&amp;ssl=1 500w, https:\/\/i0.wp.com\/bottesetvelo.com\/blog\/wp-content\/uploads\/2015\/05\/IMG_1213.jpg?resize=1024%2C765&amp;ssl=1 1024w, https:\/\/i0.wp.com\/bottesetvelo.com\/blog\/wp-content\/uploads\/2015\/05\/IMG_1213.jpg?resize=624%2C466&amp;ssl=1 624w, https:\/\/i0.wp.com\/bottesetvelo.com\/blog\/wp-content\/uploads\/2015\/05\/IMG_1213.jpg?w=2340&amp;ssl=1 2340w\" sizes=\"auto, (max-width: 301px) 100vw, 301px\" \/><\/a>Le p\u00e8lerin devra \u00ab quitter \u00bb un lieu pour \u00ab se rendre \u00bb dans un autre lieu : un sanctuaire. Le p\u00e8lerin quitte sa maison, espace de certitudes et de conforts, pour se rendre dans un lieu saint, un espace qui l\u2019appelle au meilleur de lui-m\u00eame; hors de ses certitudes. Le d\u00e9placement du p\u00e8lerin l\u2019oblige \u00e0 regarder le monde autrement, ouvrir son regard. Ce regard transform\u00e9 implique une d\u00e9marche spirituelle, parfois bouleversante, qui touche un nombre sans cesse grandissant de personnes. Et c\u2019est dans cet espace de transformation spirituelle que Bottes et V\u00e9lo veut intervenir et offrir au p\u00e8lerin de l\u2019accompagner.<\/p>\n<p style=\"text-align: justify;\">Le p\u00e8lerinage fait vivre une exp\u00e9rience qui am\u00e8ne le p\u00e8lerin au bout de lui-m\u00eame. Mais, celui-ci trouve rarement un lieu pour que puisse se d\u00e9ployer toute la richesse de cette exp\u00e9rience. L\u2019accompagnement spirituel offert par Bottes et V\u00e9lo s\u2019inspire des Exercices Spirituels de St-Ignace pour offrir un lieu d\u2019\u00e9change et de relecture adapt\u00e9 \u00e0 l\u2019exp\u00e9rience du p\u00e8lerin. Les Exercices Spirituels sont, dans leurs fondements, tout indiqu\u00e9s pour le p\u00e8lerin. D\u2019ailleurs, Ignace de Loyola se percevait lui-m\u00eame comme p\u00e8lerin : un \u00eatre en marche vers Dieu.<a href=\"https:\/\/i0.wp.com\/bottesetvelo.com\/blog\/wp-content\/uploads\/2015\/05\/2014-08-06-11.07.10.jpg?ssl=1\"><img data-recalc-dims=\"1\" loading=\"lazy\" decoding=\"async\" data-attachment-id=\"1532\" data-permalink=\"https:\/\/bottesetvelo.com\/blog\/2015\/05\/01\/bottes-et-velo-un-projet-universitaire\/2014-08-06-11-07-10\/\" data-orig-file=\"https:\/\/i0.wp.com\/bottesetvelo.com\/blog\/wp-content\/uploads\/2015\/05\/2014-08-06-11.07.10.jpg?fit=2448%2C2589&amp;ssl=1\" data-orig-size=\"2448,2589\" data-comments-opened=\"1\" data-image-meta=\"{&quot;aperture&quot;:&quot;2.6&quot;,&quot;credit&quot;:&quot;&quot;,&quot;camera&quot;:&quot;SGH-I747M&quot;,&quot;caption&quot;:&quot;&quot;,&quot;created_timestamp&quot;:&quot;1407323230&quot;,&quot;copyright&quot;:&quot;&quot;,&quot;focal_length&quot;:&quot;3.7&quot;,&quot;iso&quot;:&quot;50&quot;,&quot;shutter_speed&quot;:&quot;0.000262054507338&quot;,&quot;title&quot;:&quot;&quot;,&quot;orientation&quot;:&quot;1&quot;}\" data-image-title=\"Sanctuaire de Pointe-Navarre\" data-image-description=\"\" data-image-caption=\"\" data-large-file=\"https:\/\/i0.wp.com\/bottesetvelo.com\/blog\/wp-content\/uploads\/2015\/05\/2014-08-06-11.07.10.jpg?fit=968%2C1024&amp;ssl=1\" class=\"  wp-image-1532 alignright\" src=\"https:\/\/i0.wp.com\/bottesetvelo.com\/blog\/wp-content\/uploads\/2015\/05\/2014-08-06-11.07.10.jpg?resize=300%2C317&#038;ssl=1\" alt=\"Sanctuaire de Pointe-Navarre\" width=\"300\" height=\"317\" srcset=\"https:\/\/i0.wp.com\/bottesetvelo.com\/blog\/wp-content\/uploads\/2015\/05\/2014-08-06-11.07.10.jpg?resize=473%2C500&amp;ssl=1 473w, https:\/\/i0.wp.com\/bottesetvelo.com\/blog\/wp-content\/uploads\/2015\/05\/2014-08-06-11.07.10.jpg?resize=968%2C1024&amp;ssl=1 968w, https:\/\/i0.wp.com\/bottesetvelo.com\/blog\/wp-content\/uploads\/2015\/05\/2014-08-06-11.07.10.jpg?resize=624%2C660&amp;ssl=1 624w, https:\/\/i0.wp.com\/bottesetvelo.com\/blog\/wp-content\/uploads\/2015\/05\/2014-08-06-11.07.10.jpg?w=2340&amp;ssl=1 2340w\" sizes=\"auto, (max-width: 300px) 100vw, 300px\" \/><\/a><\/p>\n<p style=\"text-align: justify;\">Que ce soit avant, pendant ou apr\u00e8s le p\u00e8lerinage, les Exercices permettent une ressaisi profonde de l\u2019exp\u00e9rience du p\u00e8lerinage \u00e0 partir du p\u00e8lerin. L\u2019accompagnement permet au p\u00e8lerin une prise de parole qui lui offre un espace pour faire entendre son cheminement et en saisir les d\u00e9placements int\u00e9rieurs.<\/p>\n<p style=\"text-align: justify;\">Par ailleurs, Bottes et V\u00e9lo veut redonner le p\u00e8lerinage aux p\u00e8lerins. Face \u00e0 l\u2019engouement des derni\u00e8res ann\u00e9es pour le p\u00e8lerinage, plusieurs ont tent\u00e9 de se l\u2019approprier. Devant un nombre grandissant de p\u00e8lerins, beaucoup y voient un march\u00e9 \u00e0 exploiter. Il devient alors primordial que le p\u00e8lerin fasse preuve de discernement au milieu de toutes ces entreprises qui fleurissent.<\/p>\n<p style=\"text-align: justify;\">Dans un tel contexte, afin que ne soit d\u00e9natur\u00e9e l\u2019exp\u00e9rience du p\u00e8lerinage, par un soutien professionnel sans vis\u00e9e lucrative (c\u2019est-\u00e0-dire sans g\u00e9n\u00e9rer de profits au-del\u00e0 des d\u00e9penses et salaires), Bottes et V\u00e9lo d\u00e9sire accompagner les p\u00e8lerins dans l\u2019approfondissement de leur d\u00e9marche, qu\u2019ils soient novices ou exp\u00e9riment\u00e9s.<\/p>\n<p style=\"text-align: justify;\"><a href=\"https:\/\/i0.wp.com\/bottesetvelo.com\/blog\/wp-content\/uploads\/2015\/05\/Amoureux-du-p%C3%A8lerinage-2.png?ssl=1\"><img data-recalc-dims=\"1\" loading=\"lazy\" decoding=\"async\" data-attachment-id=\"1526\" data-permalink=\"https:\/\/bottesetvelo.com\/blog\/2015\/05\/01\/bottes-et-velo-un-projet-universitaire\/amoureux-du-pelerinage-2-2\/\" data-orig-file=\"https:\/\/i0.wp.com\/bottesetvelo.com\/blog\/wp-content\/uploads\/2015\/05\/Amoureux-du-p%C3%A8lerinage-2.png?fit=684%2C621&amp;ssl=1\" data-orig-size=\"684,621\" data-comments-opened=\"1\" data-image-meta=\"{&quot;aperture&quot;:&quot;0&quot;,&quot;credit&quot;:&quot;&quot;,&quot;camera&quot;:&quot;&quot;,&quot;caption&quot;:&quot;&quot;,&quot;created_timestamp&quot;:&quot;0&quot;,&quot;copyright&quot;:&quot;&quot;,&quot;focal_length&quot;:&quot;0&quot;,&quot;iso&quot;:&quot;0&quot;,&quot;shutter_speed&quot;:&quot;0&quot;,&quot;title&quot;:&quot;&quot;,&quot;orientation&quot;:&quot;0&quot;}\" data-image-title=\"Amoureux du p\u00e8lerinage\" data-image-description=\"\" data-image-caption=\"\" data-large-file=\"https:\/\/i0.wp.com\/bottesetvelo.com\/blog\/wp-content\/uploads\/2015\/05\/Amoureux-du-p%C3%A8lerinage-2.png?fit=684%2C621&amp;ssl=1\" class=\"  wp-image-1526 alignright\" src=\"https:\/\/i0.wp.com\/bottesetvelo.com\/blog\/wp-content\/uploads\/2015\/05\/Amoureux-du-p%C3%A8lerinage-2.png?resize=227%2C206&#038;ssl=1\" alt=\"Amoureux du p\u00e8lerinage\" width=\"227\" height=\"206\" srcset=\"https:\/\/i0.wp.com\/bottesetvelo.com\/blog\/wp-content\/uploads\/2015\/05\/Amoureux-du-p%C3%A8lerinage-2.png?resize=500%2C454&amp;ssl=1 500w, https:\/\/i0.wp.com\/bottesetvelo.com\/blog\/wp-content\/uploads\/2015\/05\/Amoureux-du-p%C3%A8lerinage-2.png?resize=624%2C567&amp;ssl=1 624w, https:\/\/i0.wp.com\/bottesetvelo.com\/blog\/wp-content\/uploads\/2015\/05\/Amoureux-du-p%C3%A8lerinage-2.png?w=684&amp;ssl=1 684w\" sizes=\"auto, (max-width: 227px) 100vw, 227px\" \/><\/a>Actuellement, Bottes et V\u00e9lo ne g\u00e9n\u00e8re aucun revenu, ne couvre m\u00eame pas ses frais, mais est heureux d\u2019accomplir et de poursuivre sa mission. Bien que Bottes et V\u00e9lo soit une entreprise priv\u00e9e, sa raison d\u2019exister n\u2019est pas financi\u00e8re. C\u2019est pourquoi plusieurs de ses services sont gratuits.<\/p>\n<p style=\"text-align: justify;\">Finalement, l\u2019intention au c\u0153ur de Bottes et V\u00e9lo est de faire en sorte que l\u2019exp\u00e9rience du p\u00e8lerinage puisse \u00eatre entendue dans toute la richesse de sa qu\u00eate spirituelle et qu\u2019un nombre sans cesse grandissant de p\u00e8lerins fr\u00e9quente les chemins de p\u00e8lerinage nord-am\u00e9ricains, que ce soit en solitaire ou en groupe organis\u00e9.<\/p>\n<p style=\"text-align: justify;\">Bottes et V\u00e9lo c\u2019est avant tout la conviction profonde qu\u2019il existe un renouveau spirituel \u00e0 travers l\u2019exercice du p\u00e8lerinage de longue randonn\u00e9e; que celui-ci se doit d\u2019\u00eatre soutenu et rendu accessible \u00e0 tous pour que vive et croisse la flamme qui s\u2019allume au c\u0153ur de l\u2019exp\u00e9rience du p\u00e8lerin.<\/p>\n<p style=\"text-align: justify;\">Le p\u00e8lerinage de longue randonn\u00e9e est une route \u00e0 parcourir; un chemin qui transforme et ouvre les regards pour plus de libert\u00e9.<a href=\"https:\/\/i0.wp.com\/bottesetvelo.com\/blog\/wp-content\/uploads\/2014\/01\/Bottes-et-V%C3%A9lo-Embl%C3%AAme.jpg?ssl=1\"><img data-recalc-dims=\"1\" loading=\"lazy\" decoding=\"async\" data-attachment-id=\"14\" data-permalink=\"https:\/\/bottesetvelo.com\/blog\/bottes-et-velo-le-blog\/bottes-et-velo-embleme\/\" data-orig-file=\"https:\/\/i0.wp.com\/bottesetvelo.com\/blog\/wp-content\/uploads\/2014\/01\/Bottes-et-V%C3%A9lo-Embl%C3%AAme-e1454083414631.jpg?fit=100%2C79&amp;ssl=1\" data-orig-size=\"100,79\" data-comments-opened=\"1\" data-image-meta=\"{&quot;aperture&quot;:&quot;0&quot;,&quot;credit&quot;:&quot;&quot;,&quot;camera&quot;:&quot;&quot;,&quot;caption&quot;:&quot;&quot;,&quot;created_timestamp&quot;:&quot;0&quot;,&quot;copyright&quot;:&quot;&quot;,&quot;focal_length&quot;:&quot;0&quot;,&quot;iso&quot;:&quot;0&quot;,&quot;shutter_speed&quot;:&quot;0&quot;,&quot;title&quot;:&quot;&quot;}\" data-image-title=\"Bottes et V\u00e9lo &amp;#8211; Embl\u00eame\" data-image-description=\"\" data-image-caption=\"\" data-large-file=\"https:\/\/i0.wp.com\/bottesetvelo.com\/blog\/wp-content\/uploads\/2014\/01\/Bottes-et-V%C3%A9lo-Embl%C3%AAme-e1454083414631.jpg?fit=100%2C79&amp;ssl=1\" class=\"  wp-image-14 alignright\" src=\"https:\/\/i0.wp.com\/bottesetvelo.com\/blog\/wp-content\/uploads\/2014\/01\/Bottes-et-V%C3%A9lo-Embl%C3%AAme.jpg?resize=84%2C66&#038;ssl=1\" alt=\"Bottes et V\u00e9lo - Embl\u00eame\" width=\"84\" height=\"66\" \/><\/a><\/p>\n<p style=\"text-align: justify;\">\u00c9ric Lalibert\u00e9 et Brigitte Harouni<\/p>\n","protected":false},"excerpt":{"rendered":"<p>Qu\u2019est-ce que Bottes et V\u00e9lo? Bottes et V\u00e9lo est une entreprise professionnelle, d\u00e9velopp\u00e9e dans un cadre universitaire et ayant pour objectif l\u2019\u00e9panouissement du p\u00e8lerinage de longue randonn\u00e9e en Am\u00e9rique. Mission : Bottes et V\u00e9lo est un centre de formation qui a pour vocation de promouvoir le p\u00e8lerinage de longue randonn\u00e9e, d\u2019en valoriser les bienfaits et&hellip;<\/p>\n","protected":false},"author":3,"featured_media":0,"comment_status":"open","ping_status":"open","sticky":false,"template":"","format":"standard","meta":{"jetpack_post_was_ever_published":false,"_jetpack_newsletter_access":"","_jetpack_dont_email_post_to_subs":false,"_jetpack_newsletter_tier_id":0,"_jetpack_memberships_contains_paywalled_content":false,"_jetpack_memberships_contains_paid_content":false,"footnotes":"","jetpack_publicize_message":"","jetpack_publicize_feature_enabled":true,"jetpack_social_post_already_shared":true,"jetpack_social_options":{"image_generator_settings":{"template":"highway","default_image_id":0,"font":"","enabled":false},"version":2}},"categories":[56,161,166,6,176,143,171,37],"tags":[18,211,168,13,20,210],"class_list":["post-1525","post","type-post","status-publish","format-standard","hentry","category-activites","category-dejeuner-causerie","category-demarche-du-pelerin","category-formations","category-guides-du-pelerin","category-information","category-pelerinage","category-spiritualite-2","tag-bottes-et-velo","tag-centre-de-spiritualite-manrese","tag-demarche-du-pelerin","tag-pelerinage","tag-spiritualite","tag-universite-laval"],"jetpack_publicize_connections":[],"jetpack_featured_media_url":"","jetpack_shortlink":"https:\/\/wp.me\/p4eY6z-oB","jetpack_sharing_enabled":true,"jetpack_likes_enabled":true,"jetpack-related-posts":[],"_links":{"self":[{"href":"https:\/\/bottesetvelo.com\/blog\/wp-json\/wp\/v2\/posts\/1525","targetHints":{"allow":["GET"]}}],"collection":[{"href":"https:\/\/bottesetvelo.com\/blog\/wp-json\/wp\/v2\/posts"}],"about":[{"href":"https:\/\/bottesetvelo.com\/blog\/wp-json\/wp\/v2\/types\/post"}],"author":[{"embeddable":true,"href":"https:\/\/bottesetvelo.com\/blog\/wp-json\/wp\/v2\/users\/3"}],"replies":[{"embeddable":true,"href":"https:\/\/bottesetvelo.com\/blog\/wp-json\/wp\/v2\/comments?post=1525"}],"version-history":[{"count":2,"href":"https:\/\/bottesetvelo.com\/blog\/wp-json\/wp\/v2\/posts\/1525\/revisions"}],"predecessor-version":[{"id":1535,"href":"https:\/\/bottesetvelo.com\/blog\/wp-json\/wp\/v2\/posts\/1525\/revisions\/1535"}],"wp:attachment":[{"href":"https:\/\/bottesetvelo.com\/blog\/wp-json\/wp\/v2\/media?parent=1525"}],"wp:term":[{"taxonomy":"category","embeddable":true,"href":"https:\/\/bottesetvelo.com\/blog\/wp-json\/wp\/v2\/categories?post=1525"},{"taxonomy":"post_tag","embeddable":true,"href":"https:\/\/bottesetvelo.com\/blog\/wp-json\/wp\/v2\/tags?post=1525"}],"curies":[{"name":"wp","href":"https:\/\/api.w.org\/{rel}","templated":true}]}}