{"id":1517,"date":"2015-04-29T18:29:05","date_gmt":"2015-04-29T22:29:05","guid":{"rendered":"http:\/\/bottesetvelo.com\/blog\/?p=1517"},"modified":"2015-04-29T18:29:05","modified_gmt":"2015-04-29T22:29:05","slug":"sejours-ressourcement-et-pelerinage","status":"publish","type":"post","link":"https:\/\/bottesetvelo.com\/blog\/2015\/04\/29\/sejours-ressourcement-et-pelerinage\/","title":{"rendered":"S\u00e9jours ressourcement et p\u00e8lerinage"},"content":{"rendered":"<h1 style=\"text-align: left;\"><span style=\"color: #800000;\"><strong><a href=\"https:\/\/i0.wp.com\/bottesetvelo.com\/blog\/wp-content\/uploads\/2014\/02\/Les-p%C3%A8lerins-bottes.jpg?ssl=1\"><img data-recalc-dims=\"1\" loading=\"lazy\" decoding=\"async\" data-attachment-id=\"309\" data-permalink=\"https:\/\/bottesetvelo.com\/blog\/2014\/02\/14\/lequipement-du-pelerin-nord-americain\/les-pelerins-bottes\/\" data-orig-file=\"https:\/\/i0.wp.com\/bottesetvelo.com\/blog\/wp-content\/uploads\/2014\/02\/Les-p%C3%A8lerins-bottes.jpg?fit=1580%2C279&amp;ssl=1\" data-orig-size=\"1580,279\" data-comments-opened=\"1\" data-image-meta=\"{&quot;aperture&quot;:&quot;0&quot;,&quot;credit&quot;:&quot;&quot;,&quot;camera&quot;:&quot;&quot;,&quot;caption&quot;:&quot;&quot;,&quot;created_timestamp&quot;:&quot;0&quot;,&quot;copyright&quot;:&quot;&quot;,&quot;focal_length&quot;:&quot;0&quot;,&quot;iso&quot;:&quot;0&quot;,&quot;shutter_speed&quot;:&quot;0&quot;,&quot;title&quot;:&quot;&quot;}\" data-image-title=\"Les p\u00e8lerins &amp;#8211; bottes\" data-image-description=\"\" data-image-caption=\"\" data-large-file=\"https:\/\/i0.wp.com\/bottesetvelo.com\/blog\/wp-content\/uploads\/2014\/02\/Les-p%C3%A8lerins-bottes.jpg?fit=1024%2C180&amp;ssl=1\" class=\"aligncenter  wp-image-309\" src=\"https:\/\/i0.wp.com\/bottesetvelo.com\/blog\/wp-content\/uploads\/2014\/02\/Les-p%C3%A8lerins-bottes.jpg?resize=613%2C108&#038;ssl=1\" alt=\"Les p\u00e8lerins - bottes\" width=\"613\" height=\"108\" srcset=\"https:\/\/i0.wp.com\/bottesetvelo.com\/blog\/wp-content\/uploads\/2014\/02\/Les-p%C3%A8lerins-bottes.jpg?resize=500%2C88&amp;ssl=1 500w, https:\/\/i0.wp.com\/bottesetvelo.com\/blog\/wp-content\/uploads\/2014\/02\/Les-p%C3%A8lerins-bottes.jpg?resize=1024%2C180&amp;ssl=1 1024w, https:\/\/i0.wp.com\/bottesetvelo.com\/blog\/wp-content\/uploads\/2014\/02\/Les-p%C3%A8lerins-bottes.jpg?resize=624%2C110&amp;ssl=1 624w, https:\/\/i0.wp.com\/bottesetvelo.com\/blog\/wp-content\/uploads\/2014\/02\/Les-p%C3%A8lerins-bottes.jpg?w=1580&amp;ssl=1 1580w\" sizes=\"auto, (max-width: 613px) 100vw, 613px\" \/><\/a><\/strong>Ce printemps, Bottes et V\u00e9lo vous offre deux s\u00e9jours de ressourcement \u00e0 travers le p\u00e8lerinage:\u00a0<\/span><\/h1>\n<p style=\"text-align: left;\"><a href=\"https:\/\/i0.wp.com\/bottesetvelo.com\/blog\/wp-content\/uploads\/2015\/04\/2014-10-01-13.23.23.jpg?ssl=1\"><img data-recalc-dims=\"1\" loading=\"lazy\" decoding=\"async\" data-attachment-id=\"1520\" data-permalink=\"https:\/\/bottesetvelo.com\/blog\/2015\/04\/29\/sejours-ressourcement-et-pelerinage\/2014-10-01-13-23-23\/\" data-orig-file=\"https:\/\/i0.wp.com\/bottesetvelo.com\/blog\/wp-content\/uploads\/2015\/04\/2014-10-01-13.23.23.jpg?fit=2021%2C1196&amp;ssl=1\" data-orig-size=\"2021,1196\" data-comments-opened=\"1\" data-image-meta=\"{&quot;aperture&quot;:&quot;2.6&quot;,&quot;credit&quot;:&quot;&quot;,&quot;camera&quot;:&quot;SGH-I747M&quot;,&quot;caption&quot;:&quot;&quot;,&quot;created_timestamp&quot;:&quot;1412169803&quot;,&quot;copyright&quot;:&quot;&quot;,&quot;focal_length&quot;:&quot;3.7&quot;,&quot;iso&quot;:&quot;50&quot;,&quot;shutter_speed&quot;:&quot;0.000681198910082&quot;,&quot;title&quot;:&quot;&quot;,&quot;orientation&quot;:&quot;1&quot;}\" data-image-title=\"L\u00e9vis\" data-image-description=\"\" data-image-caption=\"\" data-large-file=\"https:\/\/i0.wp.com\/bottesetvelo.com\/blog\/wp-content\/uploads\/2015\/04\/2014-10-01-13.23.23.jpg?fit=1024%2C606&amp;ssl=1\" class=\"  wp-image-1520 alignleft\" src=\"https:\/\/i0.wp.com\/bottesetvelo.com\/blog\/wp-content\/uploads\/2015\/04\/2014-10-01-13.23.23.jpg?resize=276%2C163&#038;ssl=1\" alt=\"L\u00e9vis\" width=\"276\" height=\"163\" srcset=\"https:\/\/i0.wp.com\/bottesetvelo.com\/blog\/wp-content\/uploads\/2015\/04\/2014-10-01-13.23.23.jpg?resize=500%2C296&amp;ssl=1 500w, https:\/\/i0.wp.com\/bottesetvelo.com\/blog\/wp-content\/uploads\/2015\/04\/2014-10-01-13.23.23.jpg?resize=1024%2C606&amp;ssl=1 1024w, https:\/\/i0.wp.com\/bottesetvelo.com\/blog\/wp-content\/uploads\/2015\/04\/2014-10-01-13.23.23.jpg?resize=624%2C369&amp;ssl=1 624w, https:\/\/i0.wp.com\/bottesetvelo.com\/blog\/wp-content\/uploads\/2015\/04\/2014-10-01-13.23.23.jpg?w=2021&amp;ssl=1 2021w\" sizes=\"auto, (max-width: 276px) 100vw, 276px\" \/><\/a><\/p>\n<p>\u00a0<span style=\"color: #000080;\"><strong>Qu\u00e9bec (Charny et Vieux-Qu\u00e9bec) 38 km<\/strong><\/span><br \/>\n<span style=\"color: #003300;\"><strong>Th\u00e8me: Chemin de transition \u2013 Les passages dans ma vie <\/strong><\/span><br \/>\n<span style=\"color: #800000;\"><strong>29-30-31 mai<\/strong><\/span><span style=\"color: #000080;\"><strong><a href=\"https:\/\/i0.wp.com\/bottesetvelo.com\/blog\/wp-content\/uploads\/2015\/04\/2014-09-06-16.22.40.jpg?ssl=1\"><img data-recalc-dims=\"1\" loading=\"lazy\" decoding=\"async\" data-attachment-id=\"1519\" data-permalink=\"https:\/\/bottesetvelo.com\/blog\/2015\/04\/29\/sejours-ressourcement-et-pelerinage\/2014-09-06-16-22-40-2\/\" data-orig-file=\"https:\/\/i0.wp.com\/bottesetvelo.com\/blog\/wp-content\/uploads\/2015\/04\/2014-09-06-16.22.40.jpg?fit=3264%2C2448&amp;ssl=1\" data-orig-size=\"3264,2448\" data-comments-opened=\"1\" data-image-meta=\"{&quot;aperture&quot;:&quot;2.6&quot;,&quot;credit&quot;:&quot;&quot;,&quot;camera&quot;:&quot;SGH-I747M&quot;,&quot;caption&quot;:&quot;&quot;,&quot;created_timestamp&quot;:&quot;1410020560&quot;,&quot;copyright&quot;:&quot;&quot;,&quot;focal_length&quot;:&quot;3.7&quot;,&quot;iso&quot;:&quot;50&quot;,&quot;shutter_speed&quot;:&quot;0.000572082379863&quot;,&quot;title&quot;:&quot;&quot;,&quot;orientation&quot;:&quot;1&quot;}\" data-image-title=\"2014-09-06 16.22.40\" data-image-description=\"\" data-image-caption=\"\" data-large-file=\"https:\/\/i0.wp.com\/bottesetvelo.com\/blog\/wp-content\/uploads\/2015\/04\/2014-09-06-16.22.40.jpg?fit=1024%2C768&amp;ssl=1\" class=\"  wp-image-1519 alignright\" src=\"https:\/\/i0.wp.com\/bottesetvelo.com\/blog\/wp-content\/uploads\/2015\/04\/2014-09-06-16.22.40.jpg?resize=258%2C194&#038;ssl=1\" alt=\"St-Andr\u00e9-de-Kamouraska\" width=\"258\" height=\"194\" srcset=\"https:\/\/i0.wp.com\/bottesetvelo.com\/blog\/wp-content\/uploads\/2015\/04\/2014-09-06-16.22.40.jpg?resize=500%2C375&amp;ssl=1 500w, https:\/\/i0.wp.com\/bottesetvelo.com\/blog\/wp-content\/uploads\/2015\/04\/2014-09-06-16.22.40.jpg?resize=1024%2C768&amp;ssl=1 1024w, https:\/\/i0.wp.com\/bottesetvelo.com\/blog\/wp-content\/uploads\/2015\/04\/2014-09-06-16.22.40.jpg?resize=624%2C468&amp;ssl=1 624w, https:\/\/i0.wp.com\/bottesetvelo.com\/blog\/wp-content\/uploads\/2015\/04\/2014-09-06-16.22.40.jpg?w=2340&amp;ssl=1 2340w\" sizes=\"auto, (max-width: 258px) 100vw, 258px\" \/><\/a><\/strong><\/span><\/p>\n<p>&nbsp;<\/p>\n<p><span style=\"color: #000080;\"><strong>Kamouraska (Saint-Pascal et Saint-Andr\u00e9) 45 km <\/strong><\/span><br \/>\n<span style=\"color: #003300;\"><strong>Th\u00e8me: Calme et m\u00e9ditation \u2013 Terre et mer <\/strong><\/span><br \/>\n<span style=\"color: #800000;\"><strong>12-13-14 juin<\/strong><\/span><\/p>\n<p style=\"text-align: justify;\">\n<p style=\"text-align: justify;\"><span style=\"color: #000080;\"><strong>Des s\u00e9jours qui vous permettront d\u2019apprivoiser et de d\u00e9couvrir l\u2019exp\u00e9rience du p\u00e8lerinage. Mais aussi, des espaces de pr\u00e9sence \u00e0 soi, \u00e0 la nature et au temps qui vous permettront de faire le vide, de renouer avec vous-m\u00eames et d&rsquo;y puiser l&rsquo;\u00e9nergie pour transformer et poursuivre votre route au quotidien.<\/strong><\/span><\/p>\n<h3><span style=\"color: #003300;\">Lors de ces s\u00e9jours :<\/span><\/h3>\n<ul>\n<li style=\"text-align: left;\"><span style=\"color: #000080;\"><strong>Nous vous accompagnerons sur la route.<\/strong><\/span><\/li>\n<li style=\"text-align: left;\"><span style=\"color: #000080;\"><strong>Vous b\u00e9n\u00e9ficierez d&rsquo;exercices reli\u00e9s \u00e0 la tr\u00e8s longue randonn\u00e9e et d&rsquo;ateliers visant l&rsquo;introspection.<\/strong><\/span><\/li>\n<li style=\"text-align: left;\"><span style=\"color: #000080;\"><strong>Nous prendrons des temps de r\u00e9flexion et de partage qui permettront une meilleure int\u00e9gration de la spiritualit\u00e9 de ces longues randonn\u00e9es.<\/strong><\/span><\/li>\n<li style=\"text-align: left;\"><span style=\"color: #000080;\"><strong>Nous explorerons diff\u00e9rentes facettes de la d\u00e9marche du p\u00e8lerin.<\/strong><\/span><\/li>\n<li><span style=\"color: #003300;\"><strong>Tarif: 275$\/pers. (Le s\u00e9jour inclut : l\u2019h\u00e9bergement, les d\u00e9jeuners et le souper du samedi soir, la documentation et la formation)<\/strong><\/span><\/li>\n<\/ul>\n<h1 style=\"text-align: center;\"><em><span style=\"color: #800000;\">TENTEZ L\u2019EXP\u00c9RIENCE!<\/span><\/em><\/h1>\n<h1 style=\"text-align: center;\"><span style=\"color: #000080;\">Inscrivez-vous d\u00e8s maintenant sur<\/span> <a href=\"http:\/\/bottesetvelo.com\/bottes-et-velo---ressourcement-et-pelerinage\">bottesetvelo.com<\/a><\/h1>\n<h1><span style=\"color: #003300;\"><a style=\"color: #003300;\" href=\"http:\/\/bottesetvelo.com\/bottes-et-velo---ressourcement-et-pelerinage\"><img data-recalc-dims=\"1\" loading=\"lazy\" decoding=\"async\" data-attachment-id=\"14\" data-permalink=\"https:\/\/bottesetvelo.com\/blog\/bottes-et-velo-le-blog\/bottes-et-velo-embleme\/\" data-orig-file=\"https:\/\/i0.wp.com\/bottesetvelo.com\/blog\/wp-content\/uploads\/2014\/01\/Bottes-et-V%C3%A9lo-Embl%C3%AAme-e1454083414631.jpg?fit=100%2C79&amp;ssl=1\" data-orig-size=\"100,79\" data-comments-opened=\"1\" data-image-meta=\"{&quot;aperture&quot;:&quot;0&quot;,&quot;credit&quot;:&quot;&quot;,&quot;camera&quot;:&quot;&quot;,&quot;caption&quot;:&quot;&quot;,&quot;created_timestamp&quot;:&quot;0&quot;,&quot;copyright&quot;:&quot;&quot;,&quot;focal_length&quot;:&quot;0&quot;,&quot;iso&quot;:&quot;0&quot;,&quot;shutter_speed&quot;:&quot;0&quot;,&quot;title&quot;:&quot;&quot;}\" data-image-title=\"Bottes et V\u00e9lo &amp;#8211; Embl\u00eame\" data-image-description=\"\" data-image-caption=\"\" data-large-file=\"https:\/\/i0.wp.com\/bottesetvelo.com\/blog\/wp-content\/uploads\/2014\/01\/Bottes-et-V%C3%A9lo-Embl%C3%AAme-e1454083414631.jpg?fit=100%2C79&amp;ssl=1\" class=\"  aligncenter wp-image-14\" src=\"https:\/\/i0.wp.com\/bottesetvelo.com\/blog\/wp-content\/uploads\/2014\/01\/Bottes-et-V%C3%A9lo-Embl%C3%AAme.jpg?resize=111%2C87&#038;ssl=1\" alt=\"Bottes et V\u00e9lo - Embl\u00eame\" width=\"111\" height=\"87\" \/><\/a><\/span><\/h1>\n","protected":false},"excerpt":{"rendered":"<p>Ce printemps, Bottes et V\u00e9lo vous offre deux s\u00e9jours de ressourcement \u00e0 travers le p\u00e8lerinage:\u00a0 \u00a0Qu\u00e9bec (Charny et Vieux-Qu\u00e9bec) 38 km Th\u00e8me: Chemin de transition \u2013 Les passages dans ma vie 29-30-31 mai &nbsp; Kamouraska (Saint-Pascal et Saint-Andr\u00e9) 45 km Th\u00e8me: Calme et m\u00e9ditation \u2013 Terre et mer 12-13-14 juin Des s\u00e9jours qui vous permettront&hellip;<\/p>\n","protected":false},"author":1,"featured_media":0,"comment_status":"open","ping_status":"open","sticky":false,"template":"","format":"standard","meta":{"jetpack_post_was_ever_published":false,"_jetpack_newsletter_access":"","_jetpack_dont_email_post_to_subs":false,"_jetpack_newsletter_tier_id":0,"_jetpack_memberships_contains_paywalled_content":false,"_jetpack_memberships_contains_paid_content":false,"footnotes":"","jetpack_publicize_message":"","jetpack_publicize_feature_enabled":true,"jetpack_social_post_already_shared":true,"jetpack_social_options":{"image_generator_settings":{"template":"highway","default_image_id":0,"font":"","enabled":false},"version":2}},"categories":[6],"tags":[18,40,168,209,188,20],"class_list":["post-1517","post","type-post","status-publish","format-standard","hentry","category-formations","tag-bottes-et-velo","tag-croissance-personnelle-2","tag-demarche-du-pelerin","tag-initiation-au-pelerinage","tag-ressourcement","tag-spiritualite"],"jetpack_publicize_connections":[],"jetpack_featured_media_url":"","jetpack_shortlink":"https:\/\/wp.me\/p4eY6z-ot","jetpack_sharing_enabled":true,"jetpack_likes_enabled":true,"jetpack-related-posts":[],"_links":{"self":[{"href":"https:\/\/bottesetvelo.com\/blog\/wp-json\/wp\/v2\/posts\/1517","targetHints":{"allow":["GET"]}}],"collection":[{"href":"https:\/\/bottesetvelo.com\/blog\/wp-json\/wp\/v2\/posts"}],"about":[{"href":"https:\/\/bottesetvelo.com\/blog\/wp-json\/wp\/v2\/types\/post"}],"author":[{"embeddable":true,"href":"https:\/\/bottesetvelo.com\/blog\/wp-json\/wp\/v2\/users\/1"}],"replies":[{"embeddable":true,"href":"https:\/\/bottesetvelo.com\/blog\/wp-json\/wp\/v2\/comments?post=1517"}],"version-history":[{"count":5,"href":"https:\/\/bottesetvelo.com\/blog\/wp-json\/wp\/v2\/posts\/1517\/revisions"}],"predecessor-version":[{"id":1587,"href":"https:\/\/bottesetvelo.com\/blog\/wp-json\/wp\/v2\/posts\/1517\/revisions\/1587"}],"wp:attachment":[{"href":"https:\/\/bottesetvelo.com\/blog\/wp-json\/wp\/v2\/media?parent=1517"}],"wp:term":[{"taxonomy":"category","embeddable":true,"href":"https:\/\/bottesetvelo.com\/blog\/wp-json\/wp\/v2\/categories?post=1517"},{"taxonomy":"post_tag","embeddable":true,"href":"https:\/\/bottesetvelo.com\/blog\/wp-json\/wp\/v2\/tags?post=1517"}],"curies":[{"name":"wp","href":"https:\/\/api.w.org\/{rel}","templated":true}]}}