{"id":1506,"date":"2015-04-24T19:36:21","date_gmt":"2015-04-24T23:36:21","guid":{"rendered":"http:\/\/bottesetvelo.com\/blog\/?p=1506"},"modified":"2015-04-24T21:13:32","modified_gmt":"2015-04-25T01:13:32","slug":"liberer-le-pelerinage","status":"publish","type":"post","link":"https:\/\/bottesetvelo.com\/blog\/2015\/04\/24\/liberer-le-pelerinage\/","title":{"rendered":"Lib\u00e9rer le p\u00e8lerinage"},"content":{"rendered":"<h6 style=\"text-align: right;\"><em>Que r\u00e8gne la libert\u00e9. Car jamais le soleil ne s\u2019est couch\u00e9 sur r\u00e9alisation humaine plus glorieuse.<br \/>\nNelson Mandela<\/em><\/h6>\n<h3><span style=\"color: #000080;\">Gr\u00e2ce aux guides du p\u00e8lerin de Bottes et V\u00e9lo, le p\u00e8lerinage autonome est en pleine \u00e9mergence au Qu\u00e9bec!<\/span><\/h3>\n<p style=\"text-align: justify;\"><a href=\"https:\/\/i0.wp.com\/bottesetvelo.com\/blog\/wp-content\/uploads\/2015\/04\/2014-07-23-08.44.24.jpg?ssl=1\"><img data-recalc-dims=\"1\" loading=\"lazy\" decoding=\"async\" data-attachment-id=\"1508\" data-permalink=\"https:\/\/bottesetvelo.com\/blog\/2015\/04\/24\/liberer-le-pelerinage\/2014-07-23-08-44-24-2\/\" data-orig-file=\"https:\/\/i0.wp.com\/bottesetvelo.com\/blog\/wp-content\/uploads\/2015\/04\/2014-07-23-08.44.24.jpg?fit=3264%2C2448&amp;ssl=1\" data-orig-size=\"3264,2448\" data-comments-opened=\"1\" data-image-meta=\"{&quot;aperture&quot;:&quot;2.6&quot;,&quot;credit&quot;:&quot;&quot;,&quot;camera&quot;:&quot;SGH-I747M&quot;,&quot;caption&quot;:&quot;&quot;,&quot;created_timestamp&quot;:&quot;1406105064&quot;,&quot;copyright&quot;:&quot;&quot;,&quot;focal_length&quot;:&quot;3.7&quot;,&quot;iso&quot;:&quot;50&quot;,&quot;shutter_speed&quot;:&quot;0.00105263157895&quot;,&quot;title&quot;:&quot;&quot;,&quot;orientation&quot;:&quot;1&quot;}\" data-image-title=\"P\u00e8lerinage de la Voie du St-Laurent &amp;#8211; 2014\" data-image-description=\"\" data-image-caption=\"\" data-large-file=\"https:\/\/i0.wp.com\/bottesetvelo.com\/blog\/wp-content\/uploads\/2015\/04\/2014-07-23-08.44.24.jpg?fit=1024%2C768&amp;ssl=1\" class=\"  wp-image-1508 alignright\" src=\"https:\/\/i0.wp.com\/bottesetvelo.com\/blog\/wp-content\/uploads\/2015\/04\/2014-07-23-08.44.24.jpg?resize=300%2C225&#038;ssl=1\" alt=\"P\u00e8lerinage de la Voie du St-Laurent - 2014\" width=\"300\" height=\"225\" srcset=\"https:\/\/i0.wp.com\/bottesetvelo.com\/blog\/wp-content\/uploads\/2015\/04\/2014-07-23-08.44.24.jpg?resize=500%2C375&amp;ssl=1 500w, https:\/\/i0.wp.com\/bottesetvelo.com\/blog\/wp-content\/uploads\/2015\/04\/2014-07-23-08.44.24.jpg?resize=1024%2C768&amp;ssl=1 1024w, https:\/\/i0.wp.com\/bottesetvelo.com\/blog\/wp-content\/uploads\/2015\/04\/2014-07-23-08.44.24.jpg?w=2340&amp;ssl=1 2340w\" sizes=\"auto, (max-width: 300px) 100vw, 300px\" \/><\/a>Bottes et V\u00e9lo s\u2019est donn\u00e9 pour mandat de promouvoir le p\u00e8lerinage de longue randonn\u00e9e en Am\u00e9rique du Nord et de faire en sorte que celui-ci soit accessible de mani\u00e8re autonome au m\u00eame titre que Compostelle. Dans cet esprit, jusqu\u2019\u00e0 il y a un peu plus d\u2019un an, il n\u2019y avait que le Chemin Notre-Dame-de-Kapatakan, au Saguenay, qui offrait cette accessibilit\u00e9 et cette autonomie. Les initiatrices de ce chemin, Mmes Florence Masson et Sylvie Cimon, ont su voir dans le p\u00e8lerinage de longue randonn\u00e9e une d\u00e9marche autonome et la rendre accessible \u00e0 tous. Aujourd\u2019hui, nous pouvons affirmer que, de par son autonomie et la libert\u00e9 d&rsquo;acc\u00e8s, <a href=\"http:\/\/www.sentiernotredamekapatakan.org\/\" target=\"_blank\"><strong><span style=\"text-decoration: underline;\">le Chemin Notre-Dame-de-Kapatakan fut le premier v\u00e9ritable chemin de p\u00e8lerinage au Qu\u00e9bec.<\/span><\/strong><\/a> Inspir\u00e9 par cette initiative et ayant en t\u00eate cette ouverture et cette accessibilit\u00e9, <em><strong><span style=\"color: #000080;\"><a href=\"http:\/\/bottesetvelo.com\/bottes-et-velo-le-guide-du-pelerin\">Bottes et V\u00e9lo<\/a><\/span><\/strong><\/em> a voulu contribuer \u00e0 ce mouvement en rendant le p\u00e8lerinage encore plus accessible.<\/p>\n<p style=\"text-align: justify;\">Dans la philosophie de <strong><span style=\"color: #000080;\"><em><a href=\"http:\/\/bottesetvelo.com\/bottes-et-velo-le-guide-du-pelerin\" target=\"_blank\">Bottes et V\u00e9lo<\/a><\/em><\/span><\/strong>, le p\u00e8lerinage n\u2019est pas un lieu sp\u00e9cifique mais un temps pour se mettre en route : un temps qui invite au d\u00e9placement, \u00e0 changer notre regard et sortir de nos enfermements. Pour r\u00e9aliser ce d\u00e9placement, int\u00e9rieurement et physiquement, il suffisait d\u2019avoir acc\u00e8s \u00e0 l\u2019information pour aller \u00ab p\u00e8leriner \u00bb ou bon nous semble. Tout ce dont le p\u00e8lerin a besoin pour passer \u00e0 l\u2019action, c\u2019est d\u2019avoir acc\u00e8s \u00e0 une liste d\u2019h\u00e9bergements et un plan du parcours retenu. C\u2019est ce que <strong><em><span style=\"color: #000080;\"><a href=\"http:\/\/bottesetvelo.com\/bottes-et-velo-le-guide-du-pelerin\" target=\"_blank\">Bottes et V\u00e9lo<\/a><\/span><\/em><\/strong> a fait en mettant \u00e0 votre disposition <strong><a href=\"http:\/\/bottesetvelo.com\/bottes-et-velo-le-guide-du-pelerin\">les guides du p\u00e8lerin<\/a><\/strong>. <span style=\"color: #000080;\"><strong>Depuis un an, c\u2019est plus de 500 guides qui ont \u00e9t\u00e9 distribu\u00e9s gratuitement et qui circulent \u00e0 travers la province!<\/strong> <\/span>Bottes et V\u00e9lo est fier de contribuer \u00e0 cet essor pour que fleurisse les chemins de p\u00e8lerinage du Qu\u00e9bec.<\/p>\n<p style=\"text-align: justify;\"><a href=\"https:\/\/i0.wp.com\/bottesetvelo.com\/blog\/wp-content\/uploads\/2015\/04\/2014-07-24-10.43.13.jpg?ssl=1\"><img data-recalc-dims=\"1\" loading=\"lazy\" decoding=\"async\" data-attachment-id=\"1510\" data-permalink=\"https:\/\/bottesetvelo.com\/blog\/2015\/04\/24\/liberer-le-pelerinage\/2014-07-24-10-43-13-2\/\" data-orig-file=\"https:\/\/i0.wp.com\/bottesetvelo.com\/blog\/wp-content\/uploads\/2015\/04\/2014-07-24-10.43.13.jpg?fit=2592%2C1936&amp;ssl=1\" data-orig-size=\"2592,1936\" data-comments-opened=\"1\" data-image-meta=\"{&quot;aperture&quot;:&quot;2.8&quot;,&quot;credit&quot;:&quot;&quot;,&quot;camera&quot;:&quot;iPhone 4&quot;,&quot;caption&quot;:&quot;&quot;,&quot;created_timestamp&quot;:&quot;1406198593&quot;,&quot;copyright&quot;:&quot;&quot;,&quot;focal_length&quot;:&quot;3.85&quot;,&quot;iso&quot;:&quot;80&quot;,&quot;shutter_speed&quot;:&quot;0.00053050397878&quot;,&quot;title&quot;:&quot;&quot;,&quot;orientation&quot;:&quot;1&quot;}\" data-image-title=\"P\u00e8lerinage la Voie du St-Laurent &amp;#8211; 2014\" data-image-description=\"\" data-image-caption=\"\" data-large-file=\"https:\/\/i0.wp.com\/bottesetvelo.com\/blog\/wp-content\/uploads\/2015\/04\/2014-07-24-10.43.13.jpg?fit=1024%2C765&amp;ssl=1\" class=\"  wp-image-1510 alignright\" src=\"https:\/\/i0.wp.com\/bottesetvelo.com\/blog\/wp-content\/uploads\/2015\/04\/2014-07-24-10.43.13.jpg?resize=300%2C224&#038;ssl=1\" alt=\"P\u00e8lerinage la Voie du St-Laurent - 2014\" width=\"300\" height=\"224\" srcset=\"https:\/\/i0.wp.com\/bottesetvelo.com\/blog\/wp-content\/uploads\/2015\/04\/2014-07-24-10.43.13.jpg?resize=500%2C373&amp;ssl=1 500w, https:\/\/i0.wp.com\/bottesetvelo.com\/blog\/wp-content\/uploads\/2015\/04\/2014-07-24-10.43.13.jpg?resize=1024%2C765&amp;ssl=1 1024w, https:\/\/i0.wp.com\/bottesetvelo.com\/blog\/wp-content\/uploads\/2015\/04\/2014-07-24-10.43.13.jpg?resize=624%2C466&amp;ssl=1 624w, https:\/\/i0.wp.com\/bottesetvelo.com\/blog\/wp-content\/uploads\/2015\/04\/2014-07-24-10.43.13.jpg?w=2340&amp;ssl=1 2340w\" sizes=\"auto, (max-width: 300px) 100vw, 300px\" \/><\/a>Depuis une quarantaine d\u2019ann\u00e9es, on a pu observer que le p\u00e8lerinage trouve une forte r\u00e9sonance aupr\u00e8s de la population. Riche de sens et offrant la possibilit\u00e9 d\u2019une pr\u00e9sence diff\u00e9rente \u00e0 notre environnement, le p\u00e8lerinage nous met en contact avec cette dimension qui nous transcende et nous plonge au c\u0153ur du Vivant. \u00c0 l\u2019origine, le p\u00e8lerinage est un exercice spirituel accessible \u00e0 tous. <span style=\"color: #000080;\"><strong>Personne n\u2019est propri\u00e9taire du chemin, que ce soit \u00e0 Compostelle ou ailleurs.<\/strong><\/span> L\u2019histoire de Compostelle nous d\u00e9montre bien que le p\u00e8lerinage \u00e9volue dans un tout autre esprit que celui de la propri\u00e9t\u00e9. <span style=\"color: #000080;\"><strong>Ce qui a fait la notori\u00e9t\u00e9 de Compostelle, c\u2019est sa gratuit\u00e9 et son accessibilit\u00e9.<\/strong><\/span> Les organisations et entreprises qui se sont greff\u00e9es autour des chemins de Compostelle ne sont pas propri\u00e9taires du camino, elles offrent des services qui r\u00e9pondent aux diff\u00e9rents besoins des p\u00e8lerins. <span style=\"color: #000080;\"><strong>Le p\u00e8lerinage ne doit pas \u00eatre consid\u00e9r\u00e9 comme un cr\u00e9neau de vente, un march\u00e9 \u00e0 s\u2019approprier.<\/strong><\/span> Rappelez-vous, le p\u00e8lerinage nous invite \u00e0 sortir de nos enfermements. Il nous invite \u00e0 quitter notre demeure pour nous rendre dans un sanctuaire. Il nous invite \u00e0 d\u00e9placer notre regard, quitter nos habitudes de vie, pour atteindre un lieu saint. Ce lieu saint, c\u2019est le meilleur en nous que r\u00e9v\u00e8le le p\u00e8lerinage. Plus nous saurons valoriser cet exercice, plus celui-ci fleurira sur les routes du Qu\u00e9bec.<\/p>\n<p style=\"text-align: justify;\">Le p\u00e8lerinage transforme le p\u00e8lerin, mais a aussi son effet sur les villages qu\u2019il traverse. Il am\u00e8ne son lot de joie et d\u2019entraide. Il est habit\u00e9 par ce sentiment communautaire qui c\u00e9l\u00e8bre la rencontre de l\u2019autre, reb\u00e2tissant ce tissu social que nous avons trop n\u00e9glig\u00e9. <a href=\"https:\/\/i0.wp.com\/bottesetvelo.com\/blog\/wp-content\/uploads\/2015\/04\/2014-07-22-10.48.10.jpg?ssl=1\"><img data-recalc-dims=\"1\" loading=\"lazy\" decoding=\"async\" data-attachment-id=\"1511\" data-permalink=\"https:\/\/bottesetvelo.com\/blog\/2015\/04\/24\/liberer-le-pelerinage\/2014-07-22-10-48-10-3\/\" data-orig-file=\"https:\/\/i0.wp.com\/bottesetvelo.com\/blog\/wp-content\/uploads\/2015\/04\/2014-07-22-10.48.10.jpg?fit=2710%2C1572&amp;ssl=1\" data-orig-size=\"2710,1572\" data-comments-opened=\"1\" data-image-meta=\"{&quot;aperture&quot;:&quot;2.6&quot;,&quot;credit&quot;:&quot;&quot;,&quot;camera&quot;:&quot;SGH-I747M&quot;,&quot;caption&quot;:&quot;&quot;,&quot;created_timestamp&quot;:&quot;1406026090&quot;,&quot;copyright&quot;:&quot;&quot;,&quot;focal_length&quot;:&quot;3.7&quot;,&quot;iso&quot;:&quot;50&quot;,&quot;shutter_speed&quot;:&quot;0.000388198757764&quot;,&quot;title&quot;:&quot;&quot;,&quot;orientation&quot;:&quot;1&quot;}\" data-image-title=\"P\u00e8lerinage la Voie du St-Laurent (Baie-des-Sables) &amp;#8211; 2014 &amp;#8211;\" data-image-description=\"\" data-image-caption=\"\" data-large-file=\"https:\/\/i0.wp.com\/bottesetvelo.com\/blog\/wp-content\/uploads\/2015\/04\/2014-07-22-10.48.10.jpg?fit=1024%2C594&amp;ssl=1\" class=\"  wp-image-1511 alignright\" src=\"https:\/\/i0.wp.com\/bottesetvelo.com\/blog\/wp-content\/uploads\/2015\/04\/2014-07-22-10.48.10.jpg?resize=300%2C174&#038;ssl=1\" alt=\"P\u00e8lerinage la Voie du St-Laurent (Baie-des-Sables) - 2014 -\" width=\"300\" height=\"174\" srcset=\"https:\/\/i0.wp.com\/bottesetvelo.com\/blog\/wp-content\/uploads\/2015\/04\/2014-07-22-10.48.10.jpg?resize=500%2C290&amp;ssl=1 500w, https:\/\/i0.wp.com\/bottesetvelo.com\/blog\/wp-content\/uploads\/2015\/04\/2014-07-22-10.48.10.jpg?resize=1024%2C594&amp;ssl=1 1024w, https:\/\/i0.wp.com\/bottesetvelo.com\/blog\/wp-content\/uploads\/2015\/04\/2014-07-22-10.48.10.jpg?resize=624%2C362&amp;ssl=1 624w, https:\/\/i0.wp.com\/bottesetvelo.com\/blog\/wp-content\/uploads\/2015\/04\/2014-07-22-10.48.10.jpg?w=2340&amp;ssl=1 2340w\" sizes=\"auto, (max-width: 300px) 100vw, 300px\" \/><\/a>\u00c0 travers cet \u00e9lan, il offre la possibilit\u00e9 de revitaliser grand nombre de petits villages que l\u2019on voyait p\u00e9ricliter, s\u2019\u00e9teindre \u00e0 petit feu. <span style=\"color: #000080;\"><strong>Le p\u00e8lerinage de longue randonn\u00e9e poss\u00e8de en lui cet \u00e9lan de vie qui pourrait faire rena\u00eetre bon nombre de villages.<\/strong> <\/span>C&rsquo;est dans l\u2019esprit, dans la qu\u00eate qui l\u2019anime, qu\u2019il se distingue de la simple randonn\u00e9e p\u00e9destre. C&rsquo;est une communaut\u00e9 nouvelle qui se met en marche. Soyons ouverts et accueillants envers les p\u00e8lerins qui passeront sur nos chemins cet \u00e9t\u00e9. C\u2019est tout un monde de possibles qui s\u2019offre \u00e0 travers ces \u00e9changes et ces rencontres!<\/p>\n<p style=\"padding-left: 30px;\"><strong>Voici quelques commentaires que <em><a href=\"http:\/\/bottesetvelo.com\/bottes-et-velo-le-guide-du-pelerin\" target=\"_blank\">Bottes et V\u00e9lo<\/a><\/em> a re\u00e7us au cours de l\u2019ann\u00e9e qui vient de s\u2019\u00e9couler:<br \/>\n<\/strong><em><strong>&#8211;<\/strong> Merci beaucoup pour le guide une belle g\u00e9n\u00e9rosit\u00e9, il est tr\u00e8s bien fait. Enfin, on pourra parcourir le Qu\u00e9bec \u00e0 pieds et \u00e0 v\u00e9lo. D.M.<\/em><br \/>\n<em><strong>&#8211;<\/strong> Je viens de vous d\u00e9couvrir et j&rsquo;aime beaucoup votre approche. Merci! D.H.<\/em><br \/>\n<em><strong>&#8211;<\/strong> Bravo pour votre initiative \u00e0 nous faire marcher et d\u00e9couvrir notre beau Qu\u00e9bec. D.B.<\/em><br \/>\n<em><strong>&#8211;<\/strong> Wow! Quel beau travail! G.O.<\/em><br \/>\n<em><strong>&#8211;<\/strong> Merci pour cette belle production qui nourrit bien nos pr\u00e9paratifs de p\u00e8lerinage! D.S.<\/em><br \/>\n<em><strong>&#8211;<\/strong> F\u00e9licitations pour votre initiative! F.R.<\/em><br \/>\n<em><strong>&#8211;<\/strong> Merci beaucoup, c&rsquo;est tr\u00e8s gentil de votre part de nous offrir les guides. Vous faites du beau travail! Vous \u00eates une grande source de motivation pour moi. Merci! G.C.<\/em><br \/>\n<em><strong>&#8211;<\/strong> Merci de nous donner acc\u00e8s \u00e0 ce guide, je pense que ce genre de p\u00e8lerinage pourrait m&rsquo;int\u00e9resser. H.B.<\/em><br \/>\n<em><strong>&#8211;<\/strong> Merci pour votre excellent travail, c&rsquo;est appr\u00e9ci\u00e9! F.R.<\/em><br \/>\n<em><strong>&#8211;<\/strong> La marche longue distance de fa\u00e7on autonome nous manque, tr\u00e8s heureuse de penser \u00e0 marcher ici m\u00eame. F.M.<\/em><br \/>\n<em><strong>&#8211;<\/strong> Bonne id\u00e9e votre site, je vais vous suivre. M.-F. L.<\/em><\/p>\n<p style=\"text-align: justify;\"><strong>Vous \u00eates nombreux \u00e0 soutenir et encourager l&rsquo;initiative de <span style=\"color: #000080;\"><em><a href=\"http:\/\/bottesetvelo.com\/bottes-et-velo-le-guide-du-pelerin\" target=\"_blank\">Bottes et V\u00e9lo<\/a><\/em><\/span>; et c&rsquo;est gr\u00e2ce \u00e0 vous si le p\u00e8lerinage autonome est en pleine \u00e9mergence au Qu\u00e9bec.<\/strong> <span style=\"color: #000080;\"><strong>Ensemble, continuons de r\u00e9pandre la rumeur du p\u00e8lerinage autonome au Qu\u00e9bec!<\/strong><\/span><\/p>\n<p>Merci et bon chemin!<a href=\"https:\/\/i0.wp.com\/bottesetvelo.com\/blog\/wp-content\/uploads\/2014\/01\/Bottes-et-V%C3%A9lo-Embl%C3%AAme.jpg?ssl=1\"><img data-recalc-dims=\"1\" loading=\"lazy\" decoding=\"async\" data-attachment-id=\"14\" data-permalink=\"https:\/\/bottesetvelo.com\/blog\/bottes-et-velo-le-blog\/bottes-et-velo-embleme\/\" data-orig-file=\"https:\/\/i0.wp.com\/bottesetvelo.com\/blog\/wp-content\/uploads\/2014\/01\/Bottes-et-V%C3%A9lo-Embl%C3%AAme-e1454083414631.jpg?fit=100%2C79&amp;ssl=1\" data-orig-size=\"100,79\" data-comments-opened=\"1\" data-image-meta=\"{&quot;aperture&quot;:&quot;0&quot;,&quot;credit&quot;:&quot;&quot;,&quot;camera&quot;:&quot;&quot;,&quot;caption&quot;:&quot;&quot;,&quot;created_timestamp&quot;:&quot;0&quot;,&quot;copyright&quot;:&quot;&quot;,&quot;focal_length&quot;:&quot;0&quot;,&quot;iso&quot;:&quot;0&quot;,&quot;shutter_speed&quot;:&quot;0&quot;,&quot;title&quot;:&quot;&quot;}\" data-image-title=\"Bottes et V\u00e9lo &amp;#8211; Embl\u00eame\" data-image-description=\"\" data-image-caption=\"\" data-large-file=\"https:\/\/i0.wp.com\/bottesetvelo.com\/blog\/wp-content\/uploads\/2014\/01\/Bottes-et-V%C3%A9lo-Embl%C3%AAme-e1454083414631.jpg?fit=100%2C79&amp;ssl=1\" class=\"  wp-image-14 alignright\" src=\"https:\/\/i0.wp.com\/bottesetvelo.com\/blog\/wp-content\/uploads\/2014\/01\/Bottes-et-V%C3%A9lo-Embl%C3%AAme.jpg?resize=70%2C55&#038;ssl=1\" alt=\"Bottes et V\u00e9lo - Embl\u00eame\" width=\"70\" height=\"55\" \/><\/a><\/p>\n<p>\u00c9ric Lalibert\u00e9<\/p>\n","protected":false},"excerpt":{"rendered":"<p>Que r\u00e8gne la libert\u00e9. Car jamais le soleil ne s\u2019est couch\u00e9 sur r\u00e9alisation humaine plus glorieuse. Nelson Mandela Gr\u00e2ce aux guides du p\u00e8lerin de Bottes et V\u00e9lo, le p\u00e8lerinage autonome est en pleine \u00e9mergence au Qu\u00e9bec! Bottes et V\u00e9lo s\u2019est donn\u00e9 pour mandat de promouvoir le p\u00e8lerinage de longue randonn\u00e9e en Am\u00e9rique du Nord et&hellip;<\/p>\n","protected":false},"author":3,"featured_media":0,"comment_status":"open","ping_status":"open","sticky":false,"template":"","format":"standard","meta":{"jetpack_post_was_ever_published":false,"_jetpack_newsletter_access":"","_jetpack_dont_email_post_to_subs":false,"_jetpack_newsletter_tier_id":0,"_jetpack_memberships_contains_paywalled_content":false,"_jetpack_memberships_contains_paid_content":false,"footnotes":"","jetpack_publicize_message":"","jetpack_publicize_feature_enabled":true,"jetpack_social_post_already_shared":true,"jetpack_social_options":{"image_generator_settings":{"template":"highway","default_image_id":0,"font":"","enabled":false},"version":2}},"categories":[9,176,171,3],"tags":[17,80,57,13,208,16],"class_list":["post-1506","post","type-post","status-publish","format-standard","hentry","category-chemins-de-pelerinage","category-guides-du-pelerin","category-pelerinage","category-reflexions","tag-amerique-du-nord","tag-compostelle","tag-guide-du-pelerin","tag-pelerinage","tag-pelerinage-autonome","tag-quebec"],"jetpack_publicize_connections":[],"jetpack_featured_media_url":"","jetpack_shortlink":"https:\/\/wp.me\/p4eY6z-oi","jetpack_sharing_enabled":true,"jetpack_likes_enabled":true,"jetpack-related-posts":[],"_links":{"self":[{"href":"https:\/\/bottesetvelo.com\/blog\/wp-json\/wp\/v2\/posts\/1506","targetHints":{"allow":["GET"]}}],"collection":[{"href":"https:\/\/bottesetvelo.com\/blog\/wp-json\/wp\/v2\/posts"}],"about":[{"href":"https:\/\/bottesetvelo.com\/blog\/wp-json\/wp\/v2\/types\/post"}],"author":[{"embeddable":true,"href":"https:\/\/bottesetvelo.com\/blog\/wp-json\/wp\/v2\/users\/3"}],"replies":[{"embeddable":true,"href":"https:\/\/bottesetvelo.com\/blog\/wp-json\/wp\/v2\/comments?post=1506"}],"version-history":[{"count":6,"href":"https:\/\/bottesetvelo.com\/blog\/wp-json\/wp\/v2\/posts\/1506\/revisions"}],"predecessor-version":[{"id":1515,"href":"https:\/\/bottesetvelo.com\/blog\/wp-json\/wp\/v2\/posts\/1506\/revisions\/1515"}],"wp:attachment":[{"href":"https:\/\/bottesetvelo.com\/blog\/wp-json\/wp\/v2\/media?parent=1506"}],"wp:term":[{"taxonomy":"category","embeddable":true,"href":"https:\/\/bottesetvelo.com\/blog\/wp-json\/wp\/v2\/categories?post=1506"},{"taxonomy":"post_tag","embeddable":true,"href":"https:\/\/bottesetvelo.com\/blog\/wp-json\/wp\/v2\/tags?post=1506"}],"curies":[{"name":"wp","href":"https:\/\/api.w.org\/{rel}","templated":true}]}}