{"id":1496,"date":"2015-04-19T17:47:21","date_gmt":"2015-04-19T21:47:21","guid":{"rendered":"http:\/\/bottesetvelo.com\/blog\/?p=1496"},"modified":"2015-04-19T17:54:48","modified_gmt":"2015-04-19T21:54:48","slug":"15e-tour-de-lisle-aux-coudres-de-laqc","status":"publish","type":"post","link":"https:\/\/bottesetvelo.com\/blog\/2015\/04\/19\/15e-tour-de-lisle-aux-coudres-de-laqc\/","title":{"rendered":"15e tour de l\u2019Isle-aux-Coudres de l\u2019AQC"},"content":{"rendered":"<h6 style=\"text-align: right;\"><em>F\u00e9licitez-vous d&rsquo;avoir fait quelque chose d&rsquo;\u00e9trange et d&rsquo;extravagant<\/em><br \/>\n<em>qui a bris\u00e9 la monotonie de votre \u00e9poque. R.W. Emerson<\/em><\/h6>\n<p style=\"text-align: justify;\"><a href=\"https:\/\/i0.wp.com\/bottesetvelo.com\/blog\/wp-content\/uploads\/2015\/04\/2014-05-03-09.11.42.jpg?ssl=1\"><img data-recalc-dims=\"1\" loading=\"lazy\" decoding=\"async\" data-attachment-id=\"1497\" data-permalink=\"https:\/\/bottesetvelo.com\/blog\/2015\/04\/19\/15e-tour-de-lisle-aux-coudres-de-laqc\/2014-05-03-09-11-42-3\/\" data-orig-file=\"https:\/\/i0.wp.com\/bottesetvelo.com\/blog\/wp-content\/uploads\/2015\/04\/2014-05-03-09.11.42.jpg?fit=3264%2C2448&amp;ssl=1\" data-orig-size=\"3264,2448\" data-comments-opened=\"1\" data-image-meta=\"{&quot;aperture&quot;:&quot;2.6&quot;,&quot;credit&quot;:&quot;&quot;,&quot;camera&quot;:&quot;SGH-I747M&quot;,&quot;caption&quot;:&quot;&quot;,&quot;created_timestamp&quot;:&quot;1399108302&quot;,&quot;copyright&quot;:&quot;&quot;,&quot;focal_length&quot;:&quot;3.7&quot;,&quot;iso&quot;:&quot;50&quot;,&quot;shutter_speed&quot;:&quot;0.000733137829912&quot;,&quot;title&quot;:&quot;&quot;,&quot;orientation&quot;:&quot;1&quot;}\" data-image-title=\"2014-05-03 09.11.42\" data-image-description=\"\" data-image-caption=\"\" data-large-file=\"https:\/\/i0.wp.com\/bottesetvelo.com\/blog\/wp-content\/uploads\/2015\/04\/2014-05-03-09.11.42.jpg?fit=1024%2C768&amp;ssl=1\" class=\"  alignright wp-image-1497\" src=\"https:\/\/i0.wp.com\/bottesetvelo.com\/blog\/wp-content\/uploads\/2015\/04\/2014-05-03-09.11.42.jpg?resize=300%2C225&#038;ssl=1\" alt=\"Tour de l'Isle-aux-coudres de l'AQC\" width=\"300\" height=\"225\" srcset=\"https:\/\/i0.wp.com\/bottesetvelo.com\/blog\/wp-content\/uploads\/2015\/04\/2014-05-03-09.11.42.jpg?resize=500%2C375&amp;ssl=1 500w, https:\/\/i0.wp.com\/bottesetvelo.com\/blog\/wp-content\/uploads\/2015\/04\/2014-05-03-09.11.42.jpg?resize=1024%2C768&amp;ssl=1 1024w, https:\/\/i0.wp.com\/bottesetvelo.com\/blog\/wp-content\/uploads\/2015\/04\/2014-05-03-09.11.42.jpg?resize=624%2C468&amp;ssl=1 624w, https:\/\/i0.wp.com\/bottesetvelo.com\/blog\/wp-content\/uploads\/2015\/04\/2014-05-03-09.11.42.jpg?w=2340&amp;ssl=1 2340w\" sizes=\"auto, (max-width: 300px) 100vw, 300px\" \/><\/a> La saison du p\u00e8lerinage est enfin \u00e0 nos portes et pour sonner ce grand d\u00e9part l\u2019<strong>Association du Qu\u00e9bec \u00e0 Compostelle<\/strong> (R\u00e9gion de Qu\u00e9bec) nous convie \u00e0 la 15i\u00e8me \u00e9dition de son traditionnel tour de l\u2019Isle-aux-Coudres.<\/p>\n<p style=\"text-align: justify;\">C\u2019est le <strong>samedi 2 mai<\/strong> prochain que nous serons plusieurs centaines \u00e0 prendre part \u00e0 cet \u00e9v\u00e9nement. Un \u00e9v\u00e9nement qui regroupe des gens venus de partout \u00e0 travers la province. <strong>Les d\u00e9parts auront lieu \u00e0 8h30 et 9h30<\/strong> depuis le traversier de St-Joseph-de-la-Rive, face \u00e0 l\u2019Isle-aux-Coudres. Une randonn\u00e9e de 23 km, sur un parcours plut\u00f4t ais\u00e9 tout en bordure du fleuve. Magnifique! Une bonne fa\u00e7on de remettre la machine en marche apr\u00e8s un long hiver. Si vous avez des craintes quant \u00e0 votre capacit\u00e9 \u00e0 r\u00e9aliser ce parcours, rassurez-vous, l\u2019association organise un service de navettes qui circulent toute la journ\u00e9e pour venir en aide aux p\u00e8lerins.<\/p>\n<p style=\"text-align: justify;\"><a href=\"https:\/\/i0.wp.com\/bottesetvelo.com\/blog\/wp-content\/uploads\/2015\/04\/2010-051.jpg?ssl=1\"><img data-recalc-dims=\"1\" loading=\"lazy\" decoding=\"async\" data-attachment-id=\"1500\" data-permalink=\"https:\/\/bottesetvelo.com\/blog\/2015\/04\/19\/15e-tour-de-lisle-aux-coudres-de-laqc\/2010-051\/\" data-orig-file=\"https:\/\/i0.wp.com\/bottesetvelo.com\/blog\/wp-content\/uploads\/2015\/04\/2010-051.jpg?fit=3648%2C2736&amp;ssl=1\" data-orig-size=\"3648,2736\" data-comments-opened=\"1\" data-image-meta=\"{&quot;aperture&quot;:&quot;3.2&quot;,&quot;credit&quot;:&quot;&quot;,&quot;camera&quot;:&quot;Canon PowerShot SD890 IS&quot;,&quot;caption&quot;:&quot;&quot;,&quot;created_timestamp&quot;:&quot;1272725632&quot;,&quot;copyright&quot;:&quot;&quot;,&quot;focal_length&quot;:&quot;6.6&quot;,&quot;iso&quot;:&quot;80&quot;,&quot;shutter_speed&quot;:&quot;0.003125&quot;,&quot;title&quot;:&quot;&quot;,&quot;orientation&quot;:&quot;1&quot;}\" data-image-title=\"2010 051\" data-image-description=\"\" data-image-caption=\"\" data-large-file=\"https:\/\/i0.wp.com\/bottesetvelo.com\/blog\/wp-content\/uploads\/2015\/04\/2010-051.jpg?fit=1024%2C768&amp;ssl=1\" class=\"  alignright wp-image-1500\" src=\"https:\/\/i0.wp.com\/bottesetvelo.com\/blog\/wp-content\/uploads\/2015\/04\/2010-051.jpg?resize=300%2C225&#038;ssl=1\" alt=\"Bottes et V\u00e9lo - Tour de l'Isle-aux-coudres de l'AQC\" width=\"300\" height=\"225\" srcset=\"https:\/\/i0.wp.com\/bottesetvelo.com\/blog\/wp-content\/uploads\/2015\/04\/2010-051.jpg?resize=500%2C375&amp;ssl=1 500w, https:\/\/i0.wp.com\/bottesetvelo.com\/blog\/wp-content\/uploads\/2015\/04\/2010-051.jpg?resize=1024%2C768&amp;ssl=1 1024w, https:\/\/i0.wp.com\/bottesetvelo.com\/blog\/wp-content\/uploads\/2015\/04\/2010-051.jpg?resize=624%2C468&amp;ssl=1 624w, https:\/\/i0.wp.com\/bottesetvelo.com\/blog\/wp-content\/uploads\/2015\/04\/2010-051.jpg?w=2340&amp;ssl=1 2340w, https:\/\/i0.wp.com\/bottesetvelo.com\/blog\/wp-content\/uploads\/2015\/04\/2010-051.jpg?w=3510&amp;ssl=1 3510w\" sizes=\"auto, (max-width: 300px) 100vw, 300px\" \/><\/a>Tradition oblige, <strong>Bottes et V\u00e9lo<\/strong> y sera pr\u00e9sent une fois de plus. Nous prendrons le d\u00e9part de 8h30. Nous invitons tous nos fid\u00e8les lecteurs \u00e0 venir participer \u00e0 ce grand rassemblement et soutenir l\u2019AQC dans ses activit\u00e9s.<\/p>\n<p style=\"text-align: justify;\">L\u2019AQC, depuis ses d\u00e9buts, a su se d\u00e9marquer comme mouvement rassembleur pour les p\u00e8lerins de tous \u00e2ges. Dans un esprit de pure gratuit\u00e9, support\u00e9 par une forte \u00e9quipe de b\u00e9n\u00e9voles, l\u2019association accompagne, informe et organise diverses activit\u00e9s dans le but de r\u00e9pondre aux besoins des p\u00e8lerins d\u00e9sirant entreprendre le c\u00e9l\u00e8bre Camino. Ce faisant, elle offre une visibilit\u00e9 et une interpellation incontournable aux p\u00e8lerinages de longue randonn\u00e9e en terre d\u2019Am\u00e9rique. Par ses activit\u00e9s, elle contribue ainsi, depuis plusieurs ann\u00e9es, \u00e0 faire la promotion du p\u00e8lerinage et le rendre accessible \u00e0 tous. Mais, par dessus tout, elle contribue \u00e0 faire du p\u00e8lerinage de longue randonn\u00e9e une activit\u00e9 libre et autonome.<\/p>\n<p style=\"text-align: justify;\"><a href=\"https:\/\/i0.wp.com\/bottesetvelo.com\/blog\/wp-content\/uploads\/2015\/04\/2014-05-03-09.40.08.jpg?ssl=1\"><img data-recalc-dims=\"1\" loading=\"lazy\" decoding=\"async\" data-attachment-id=\"1498\" data-permalink=\"https:\/\/bottesetvelo.com\/blog\/2015\/04\/19\/15e-tour-de-lisle-aux-coudres-de-laqc\/2014-05-03-09-40-08-2\/\" data-orig-file=\"https:\/\/i0.wp.com\/bottesetvelo.com\/blog\/wp-content\/uploads\/2015\/04\/2014-05-03-09.40.08.jpg?fit=3264%2C2448&amp;ssl=1\" data-orig-size=\"3264,2448\" data-comments-opened=\"1\" data-image-meta=\"{&quot;aperture&quot;:&quot;2.6&quot;,&quot;credit&quot;:&quot;&quot;,&quot;camera&quot;:&quot;SGH-I747M&quot;,&quot;caption&quot;:&quot;&quot;,&quot;created_timestamp&quot;:&quot;1399110008&quot;,&quot;copyright&quot;:&quot;&quot;,&quot;focal_length&quot;:&quot;3.7&quot;,&quot;iso&quot;:&quot;50&quot;,&quot;shutter_speed&quot;:&quot;0.000865051903114&quot;,&quot;title&quot;:&quot;&quot;,&quot;orientation&quot;:&quot;1&quot;}\" data-image-title=\"2014-05-03 09.40.08\" data-image-description=\"\" data-image-caption=\"\" data-large-file=\"https:\/\/i0.wp.com\/bottesetvelo.com\/blog\/wp-content\/uploads\/2015\/04\/2014-05-03-09.40.08.jpg?fit=1024%2C768&amp;ssl=1\" class=\"  alignright wp-image-1498\" src=\"https:\/\/i0.wp.com\/bottesetvelo.com\/blog\/wp-content\/uploads\/2015\/04\/2014-05-03-09.40.08.jpg?resize=300%2C225&#038;ssl=1\" alt=\"Tour de l'Isle-aux-coudres de l'AQC\" width=\"300\" height=\"225\" srcset=\"https:\/\/i0.wp.com\/bottesetvelo.com\/blog\/wp-content\/uploads\/2015\/04\/2014-05-03-09.40.08.jpg?resize=500%2C375&amp;ssl=1 500w, https:\/\/i0.wp.com\/bottesetvelo.com\/blog\/wp-content\/uploads\/2015\/04\/2014-05-03-09.40.08.jpg?resize=1024%2C768&amp;ssl=1 1024w, https:\/\/i0.wp.com\/bottesetvelo.com\/blog\/wp-content\/uploads\/2015\/04\/2014-05-03-09.40.08.jpg?resize=624%2C468&amp;ssl=1 624w, https:\/\/i0.wp.com\/bottesetvelo.com\/blog\/wp-content\/uploads\/2015\/04\/2014-05-03-09.40.08.jpg?w=2340&amp;ssl=1 2340w\" sizes=\"auto, (max-width: 300px) 100vw, 300px\" \/><\/a>C\u2019est avec le soutien de l\u2019AQC que Bottes et V\u00e9lo a pu effectuer ses premiers p\u00e8lerinages (2007 et 2009). Chaque fois, nous y avons trouv\u00e9 appui et soutien dans la r\u00e9alisation de notre projet. C\u2019est pourquoi nous tenons \u00e0 souligner le r\u00f4le exceptionnel de cette organisation de par sa mission, sa vision et ses valeurs. Le tout, bien entendu, rehauss\u00e9 par une \u00e9quipe des plus dynamiques. Merci \u00e0 l\u2019AQC! Et longue vie \u00e0 votre association!<\/p>\n<p style=\"text-align: justify;\">Pour visiter le site de l\u2019AQC et obtenir plus d&rsquo;informations sur le traditionnel tour de l&rsquo;Isle-aux-Coudres , cliquez ici : <a title=\"Association du Qu\u00e9bec \u00e0 Compostelle\" href=\"http:\/\/duquebecacompostelle.org\/duquebec.shtml\" target=\"_blank\">Association du Qu\u00e9bec \u00e0 Compostelle<\/a><\/p>\n<p style=\"text-align: justify;\">De notre c\u00f4t\u00e9, c&rsquo;est un rendez-vous : samedi, 2 mai, \u00e0 8h30!<a href=\"https:\/\/i0.wp.com\/bottesetvelo.com\/blog\/wp-content\/uploads\/2014\/01\/Bottes-et-V%C3%A9lo-Embl%C3%AAme.jpg?ssl=1\"><img data-recalc-dims=\"1\" loading=\"lazy\" decoding=\"async\" data-attachment-id=\"14\" data-permalink=\"https:\/\/bottesetvelo.com\/blog\/bottes-et-velo-le-blog\/bottes-et-velo-embleme\/\" data-orig-file=\"https:\/\/i0.wp.com\/bottesetvelo.com\/blog\/wp-content\/uploads\/2014\/01\/Bottes-et-V%C3%A9lo-Embl%C3%AAme-e1454083414631.jpg?fit=100%2C79&amp;ssl=1\" data-orig-size=\"100,79\" data-comments-opened=\"1\" data-image-meta=\"{&quot;aperture&quot;:&quot;0&quot;,&quot;credit&quot;:&quot;&quot;,&quot;camera&quot;:&quot;&quot;,&quot;caption&quot;:&quot;&quot;,&quot;created_timestamp&quot;:&quot;0&quot;,&quot;copyright&quot;:&quot;&quot;,&quot;focal_length&quot;:&quot;0&quot;,&quot;iso&quot;:&quot;0&quot;,&quot;shutter_speed&quot;:&quot;0&quot;,&quot;title&quot;:&quot;&quot;}\" data-image-title=\"Bottes et V\u00e9lo &amp;#8211; Embl\u00eame\" data-image-description=\"\" data-image-caption=\"\" data-large-file=\"https:\/\/i0.wp.com\/bottesetvelo.com\/blog\/wp-content\/uploads\/2014\/01\/Bottes-et-V%C3%A9lo-Embl%C3%AAme-e1454083414631.jpg?fit=100%2C79&amp;ssl=1\" class=\"  wp-image-14 alignright\" src=\"https:\/\/i0.wp.com\/bottesetvelo.com\/blog\/wp-content\/uploads\/2014\/01\/Bottes-et-V%C3%A9lo-Embl%C3%AAme.jpg?resize=78%2C62&#038;ssl=1\" alt=\"Bottes et V\u00e9lo - Embl\u00eame\" width=\"78\" height=\"62\" \/><\/a><\/p>\n<p>\u00c9ric Lalibert\u00e9 et Brigitte Harouni<\/p>\n","protected":false},"excerpt":{"rendered":"<p>F\u00e9licitez-vous d&rsquo;avoir fait quelque chose d&rsquo;\u00e9trange et d&rsquo;extravagant qui a bris\u00e9 la monotonie de votre \u00e9poque. R.W. Emerson La saison du p\u00e8lerinage est enfin \u00e0 nos portes et pour sonner ce grand d\u00e9part l\u2019Association du Qu\u00e9bec \u00e0 Compostelle (R\u00e9gion de Qu\u00e9bec) nous convie \u00e0 la 15i\u00e8me \u00e9dition de son traditionnel tour de l\u2019Isle-aux-Coudres. C\u2019est le&hellip;<\/p>\n","protected":false},"author":1,"featured_media":0,"comment_status":"open","ping_status":"open","sticky":false,"template":"","format":"standard","meta":{"jetpack_post_was_ever_published":false,"_jetpack_newsletter_access":"","_jetpack_dont_email_post_to_subs":false,"_jetpack_newsletter_tier_id":0,"_jetpack_memberships_contains_paywalled_content":false,"_jetpack_memberships_contains_paid_content":false,"footnotes":"","jetpack_publicize_message":"","jetpack_publicize_feature_enabled":true,"jetpack_social_post_already_shared":true,"jetpack_social_options":{"image_generator_settings":{"template":"highway","default_image_id":0,"font":"","enabled":false},"version":2}},"categories":[56],"tags":[62,18,80,13,207],"class_list":["post-1496","post","type-post","status-publish","format-standard","hentry","category-activites","tag-association-du-quebec-a-compostelle","tag-bottes-et-velo","tag-compostelle","tag-pelerinage","tag-tour-de-lisle-aux-coudres"],"jetpack_publicize_connections":[],"jetpack_featured_media_url":"","jetpack_shortlink":"https:\/\/wp.me\/p4eY6z-o8","jetpack_sharing_enabled":true,"jetpack_likes_enabled":true,"jetpack-related-posts":[],"_links":{"self":[{"href":"https:\/\/bottesetvelo.com\/blog\/wp-json\/wp\/v2\/posts\/1496","targetHints":{"allow":["GET"]}}],"collection":[{"href":"https:\/\/bottesetvelo.com\/blog\/wp-json\/wp\/v2\/posts"}],"about":[{"href":"https:\/\/bottesetvelo.com\/blog\/wp-json\/wp\/v2\/types\/post"}],"author":[{"embeddable":true,"href":"https:\/\/bottesetvelo.com\/blog\/wp-json\/wp\/v2\/users\/1"}],"replies":[{"embeddable":true,"href":"https:\/\/bottesetvelo.com\/blog\/wp-json\/wp\/v2\/comments?post=1496"}],"version-history":[{"count":3,"href":"https:\/\/bottesetvelo.com\/blog\/wp-json\/wp\/v2\/posts\/1496\/revisions"}],"predecessor-version":[{"id":1503,"href":"https:\/\/bottesetvelo.com\/blog\/wp-json\/wp\/v2\/posts\/1496\/revisions\/1503"}],"wp:attachment":[{"href":"https:\/\/bottesetvelo.com\/blog\/wp-json\/wp\/v2\/media?parent=1496"}],"wp:term":[{"taxonomy":"category","embeddable":true,"href":"https:\/\/bottesetvelo.com\/blog\/wp-json\/wp\/v2\/categories?post=1496"},{"taxonomy":"post_tag","embeddable":true,"href":"https:\/\/bottesetvelo.com\/blog\/wp-json\/wp\/v2\/tags?post=1496"}],"curies":[{"name":"wp","href":"https:\/\/api.w.org\/{rel}","templated":true}]}}