{"id":1490,"date":"2015-04-17T17:42:55","date_gmt":"2015-04-17T21:42:55","guid":{"rendered":"http:\/\/bottesetvelo.com\/blog\/?p=1490"},"modified":"2015-04-17T17:42:55","modified_gmt":"2015-04-17T21:42:55","slug":"lapres-pelerinage-lappel-dun-retour-a-la-source","status":"publish","type":"post","link":"https:\/\/bottesetvelo.com\/blog\/2015\/04\/17\/lapres-pelerinage-lappel-dun-retour-a-la-source\/","title":{"rendered":"L\u2019apr\u00e8s-p\u00e8lerinage : l\u2019appel d\u2019un retour \u00e0 la source"},"content":{"rendered":"<h6 style=\"text-align: right;\"><em>Tu conna\u00eetras la justesse de ton chemin \u00e0 ce qu\u2019il t\u2019aura rendu heureux.<\/em><br \/>\n<em>Aristote<\/em><\/h6>\n<p style=\"text-align: justify;\"><a href=\"https:\/\/i0.wp.com\/bottesetvelo.com\/blog\/wp-content\/uploads\/2015\/04\/IMGP8067l_GF.jpg?ssl=1\"><img data-recalc-dims=\"1\" loading=\"lazy\" decoding=\"async\" data-attachment-id=\"1492\" data-permalink=\"https:\/\/bottesetvelo.com\/blog\/2015\/04\/17\/lapres-pelerinage-lappel-dun-retour-a-la-source\/imgp8067l_gf\/\" data-orig-file=\"https:\/\/i0.wp.com\/bottesetvelo.com\/blog\/wp-content\/uploads\/2015\/04\/IMGP8067l_GF.jpg?fit=1600%2C699&amp;ssl=1\" data-orig-size=\"1600,699\" data-comments-opened=\"1\" data-image-meta=\"{&quot;aperture&quot;:&quot;6.7&quot;,&quot;credit&quot;:&quot;&quot;,&quot;camera&quot;:&quot;PENTAX *ist DL2&quot;,&quot;caption&quot;:&quot;&quot;,&quot;created_timestamp&quot;:&quot;1365348405&quot;,&quot;copyright&quot;:&quot;&quot;,&quot;focal_length&quot;:&quot;100&quot;,&quot;iso&quot;:&quot;400&quot;,&quot;shutter_speed&quot;:&quot;0.000333333333333&quot;,&quot;title&quot;:&quot;&quot;,&quot;orientation&quot;:&quot;1&quot;}\" data-image-title=\"Migration &amp;#8211; St-Michel-de-Bellechasse\" data-image-description=\"\" data-image-caption=\"\" data-large-file=\"https:\/\/i0.wp.com\/bottesetvelo.com\/blog\/wp-content\/uploads\/2015\/04\/IMGP8067l_GF.jpg?fit=1024%2C447&amp;ssl=1\" class=\"  wp-image-1492 alignright\" src=\"https:\/\/i0.wp.com\/bottesetvelo.com\/blog\/wp-content\/uploads\/2015\/04\/IMGP8067l_GF.jpg?resize=314%2C137&#038;ssl=1\" alt=\"Migration - St-Michel-de-Bellechasse\" width=\"314\" height=\"137\" srcset=\"https:\/\/i0.wp.com\/bottesetvelo.com\/blog\/wp-content\/uploads\/2015\/04\/IMGP8067l_GF.jpg?resize=500%2C218&amp;ssl=1 500w, https:\/\/i0.wp.com\/bottesetvelo.com\/blog\/wp-content\/uploads\/2015\/04\/IMGP8067l_GF.jpg?resize=1024%2C447&amp;ssl=1 1024w, https:\/\/i0.wp.com\/bottesetvelo.com\/blog\/wp-content\/uploads\/2015\/04\/IMGP8067l_GF.jpg?resize=624%2C273&amp;ssl=1 624w, https:\/\/i0.wp.com\/bottesetvelo.com\/blog\/wp-content\/uploads\/2015\/04\/IMGP8067l_GF.jpg?w=1600&amp;ssl=1 1600w\" sizes=\"auto, (max-width: 314px) 100vw, 314px\" \/><\/a>C\u2019est le temps des migrations. Et l\u2019homme, tout aussi civilis\u00e9 qu\u2019il soit devenu, n\u2019\u00e9chappe pas \u00e0 cet \u00e9lan primaire. Pour ma part, j\u2019ai des fourmis dans les jambes. Chaque printemps \u00e9veille en moi ce d\u00e9sir de partir longtemps et loin, ce besoin d\u2019un m\u00e9nage int\u00e9rieur. Mais ce n\u2019est ni le besoin, ni l\u2019envie. C\u2019est une force au fond de moi qui m\u2019appelle \u00e0 bouger.<\/p>\n<p style=\"text-align: justify;\">Comme le saumon, je suis n\u00e9e dans un petit ruisseau et j\u2019ai suivi mon cours d\u2019eau. J\u2019ai fait mon chemin en suivant le courant, en visant plus loin, plus grand. La route que tout le monde emprunte car elle est source de richesse et de r\u00e9ussite. Celle que mes parents souhaitaient me voir prendre. Je me suis retrouv\u00e9e dans cet oc\u00e9an qu\u2019est le grand monde, ou le monde des grands. Un monde qui s\u2019agite et s\u2019\u00e9tourdit d\u2019objets qui brillent, de clinquant, de futile et d\u2019inutile. On y travaille comme si on \u00e9tait irrempla\u00e7able. On donne plus du temps de notre vie \u00e0 des \u00e9trangers qu\u2019\u00e0 nos proches. On s\u2019investit avec professionnalisme et d\u00e9votion dans les entreprises des autres, d\u00e9laissant ou n\u00e9gligeant nos propres passions et int\u00e9r\u00eats. On soigne notre image au d\u00e9triment d\u2019\u00eatre confortablement soi-m\u00eame. L\u2019\u00abavoir\u00bb est d\u00e9terminant de notre situation. Et avoir plus est encore mieux. Il est signe de bonheur et de r\u00e9ussite personnelle. <a href=\"https:\/\/i0.wp.com\/bottesetvelo.com\/blog\/wp-content\/uploads\/2015\/04\/043.jpg?ssl=1\"><img data-recalc-dims=\"1\" loading=\"lazy\" decoding=\"async\" data-attachment-id=\"1493\" data-permalink=\"https:\/\/bottesetvelo.com\/blog\/2015\/04\/17\/lapres-pelerinage-lappel-dun-retour-a-la-source\/043-3\/\" data-orig-file=\"https:\/\/i0.wp.com\/bottesetvelo.com\/blog\/wp-content\/uploads\/2015\/04\/043.jpg?fit=1936%2C1621&amp;ssl=1\" data-orig-size=\"1936,1621\" data-comments-opened=\"1\" data-image-meta=\"{&quot;aperture&quot;:&quot;2.8&quot;,&quot;credit&quot;:&quot;&quot;,&quot;camera&quot;:&quot;iPhone 4&quot;,&quot;caption&quot;:&quot;&quot;,&quot;created_timestamp&quot;:&quot;1318081343&quot;,&quot;copyright&quot;:&quot;&quot;,&quot;focal_length&quot;:&quot;3.85&quot;,&quot;iso&quot;:&quot;80&quot;,&quot;shutter_speed&quot;:&quot;0.000656598818122&quot;,&quot;title&quot;:&quot;&quot;,&quot;orientation&quot;:&quot;1&quot;}\" data-image-title=\"Mont-Washington &amp;#8211; 2011\" data-image-description=\"\" data-image-caption=\"\" data-large-file=\"https:\/\/i0.wp.com\/bottesetvelo.com\/blog\/wp-content\/uploads\/2015\/04\/043.jpg?fit=1024%2C857&amp;ssl=1\" class=\"  wp-image-1493 alignright\" src=\"https:\/\/i0.wp.com\/bottesetvelo.com\/blog\/wp-content\/uploads\/2015\/04\/043.jpg?resize=300%2C251&#038;ssl=1\" alt=\"Mont-Washington - 2011\" width=\"300\" height=\"251\" srcset=\"https:\/\/i0.wp.com\/bottesetvelo.com\/blog\/wp-content\/uploads\/2015\/04\/043.jpg?resize=500%2C419&amp;ssl=1 500w, https:\/\/i0.wp.com\/bottesetvelo.com\/blog\/wp-content\/uploads\/2015\/04\/043.jpg?resize=1024%2C857&amp;ssl=1 1024w, https:\/\/i0.wp.com\/bottesetvelo.com\/blog\/wp-content\/uploads\/2015\/04\/043.jpg?resize=624%2C522&amp;ssl=1 624w, https:\/\/i0.wp.com\/bottesetvelo.com\/blog\/wp-content\/uploads\/2015\/04\/043.jpg?w=1936&amp;ssl=1 1936w\" sizes=\"auto, (max-width: 300px) 100vw, 300px\" \/><\/a><\/p>\n<p style=\"text-align: justify;\">Pour le saumon, la migration implique de profondes modifications physiologiques pour passer de l\u2019eau douce \u00e0 l\u2019eau sal\u00e9e de l\u2019Atlantique. Pour l\u2019homme, ces adaptations se font graduellement tant et si bien qu\u2019il en vient \u00e0 ne plus remettre en question cette vie qui pourtant le blesse et le malm\u00e8ne int\u00e9rieurement. Seulement voil\u00e0 : ce n&rsquo;est pas un signe de bonne sant\u00e9 mentale d&rsquo;\u00eatre bien adapt\u00e9 \u00e0 une soci\u00e9t\u00e9 malade (Jiddu Krishnamurti, philosophe indien). Malgr\u00e9 tout, on s\u2019\u00e9chine \u00e0 vouloir \u00eatre \u00e0 la hauteur. On vit la pression et en plus on s\u2019en met nous-m\u00eame. On adopte des comportements qui ne sont pas les n\u00f4tres pour \u00eatre \u00e0 la mode, et faire partie de l\u2019\u00e9quipe. On se d\u00e9nature et on s\u2019oublie. Tout cela au prix de notre sant\u00e9, tant physique que mentale.<\/p>\n<p style=\"text-align: justify;\">Apr\u00e8s quelques ann\u00e9es pass\u00e9es dans l\u2019oc\u00e9an, le saumon sent instinctivement l\u2019appel du retour \u00e0 la maison. C\u2019est \u00e0 ce moment, je crois, que je suis partie p\u00e8leriner, en qu\u00eate de ce je-ne-sais-quoi qui m\u2019aiderait \u00e0 identifier mon mal-\u00eatre de ce trop d\u2019avoir, et de cet oubli de moi. Pouss\u00e9 par son instinct, chaque saumon parcourt des milliers de kilom\u00e8tres et remonte m\u00eame de tout petits ruisseaux. Certains franchissent des cascades de trois m\u00e8tres. Ils doivent affronter la fatigue, les pr\u00e9dateurs et la pollution. Un retour aux sources ne se fait pas sans effort. Il faut savoir d\u00e9tricoter des mailles bien nou\u00e9es, accepter d\u2019abandonner son ancienne peau, son ancienne image, et changer de paradigme. <a href=\"https:\/\/i0.wp.com\/bottesetvelo.com\/blog\/wp-content\/uploads\/2015\/04\/2014-07-28-10.31.00.jpg?ssl=1\"><img data-recalc-dims=\"1\" loading=\"lazy\" decoding=\"async\" data-attachment-id=\"1494\" data-permalink=\"https:\/\/bottesetvelo.com\/blog\/2015\/04\/17\/lapres-pelerinage-lappel-dun-retour-a-la-source\/2014-07-28-10-31-00-3\/\" data-orig-file=\"https:\/\/i0.wp.com\/bottesetvelo.com\/blog\/wp-content\/uploads\/2015\/04\/2014-07-28-10.31.00.jpg?fit=2592%2C1936&amp;ssl=1\" data-orig-size=\"2592,1936\" data-comments-opened=\"1\" data-image-meta=\"{&quot;aperture&quot;:&quot;2.8&quot;,&quot;credit&quot;:&quot;&quot;,&quot;camera&quot;:&quot;iPhone 4&quot;,&quot;caption&quot;:&quot;&quot;,&quot;created_timestamp&quot;:&quot;1406543460&quot;,&quot;copyright&quot;:&quot;&quot;,&quot;focal_length&quot;:&quot;3.85&quot;,&quot;iso&quot;:&quot;80&quot;,&quot;shutter_speed&quot;:&quot;0.00185528756957&quot;,&quot;title&quot;:&quot;&quot;,&quot;orientation&quot;:&quot;1&quot;}\" data-image-title=\"La Voie du St-Laurent &amp;#8211; Tourelle &amp;#8211; 2014\" data-image-description=\"\" data-image-caption=\"\" data-large-file=\"https:\/\/i0.wp.com\/bottesetvelo.com\/blog\/wp-content\/uploads\/2015\/04\/2014-07-28-10.31.00.jpg?fit=1024%2C765&amp;ssl=1\" class=\"  wp-image-1494 alignright\" src=\"https:\/\/i0.wp.com\/bottesetvelo.com\/blog\/wp-content\/uploads\/2015\/04\/2014-07-28-10.31.00.jpg?resize=300%2C224&#038;ssl=1\" alt=\"La Voie du St-Laurent - Tourelle - 2014\" width=\"300\" height=\"224\" srcset=\"https:\/\/i0.wp.com\/bottesetvelo.com\/blog\/wp-content\/uploads\/2015\/04\/2014-07-28-10.31.00.jpg?resize=500%2C373&amp;ssl=1 500w, https:\/\/i0.wp.com\/bottesetvelo.com\/blog\/wp-content\/uploads\/2015\/04\/2014-07-28-10.31.00.jpg?resize=1024%2C765&amp;ssl=1 1024w, https:\/\/i0.wp.com\/bottesetvelo.com\/blog\/wp-content\/uploads\/2015\/04\/2014-07-28-10.31.00.jpg?resize=624%2C466&amp;ssl=1 624w, https:\/\/i0.wp.com\/bottesetvelo.com\/blog\/wp-content\/uploads\/2015\/04\/2014-07-28-10.31.00.jpg?w=2340&amp;ssl=1 2340w\" sizes=\"auto, (max-width: 300px) 100vw, 300px\" \/><\/a><\/p>\n<p style=\"text-align: justify;\">Chez le saumon, ce ph\u00e9nom\u00e8ne instinctif qui le ram\u00e8ne l\u00e0 o\u00f9 il est n\u00e9 s\u2019appelle le \u00abhoming\u00bb. Du mot \u00abhome\u00bb signifiant \u00abchez-soi\u00bb. C\u2019est ce chemin int\u00e9rieur que je parcours lors d\u2019un p\u00e8lerinage; un retour vers celle que je suis, un retour vers une eau plus pure, plus cristalline. L\u2019essence m\u00eame de soi. Apr\u00e8s cette prise de conscience, viendra l\u2019acceptation de ce soi. Et c\u2019est une fois ces \u00e9tapes franchies que pourra na\u00eetre une nouvelle vie. Celle qui sera adapt\u00e9e \u00e0 moi plut\u00f4t que le contraire. Celle que je choisirai. \u00c0 chaque retour de p\u00e8lerinage, je ne suis plus tout \u00e0 fait la m\u00eame, je me rapproche de moi.<a href=\"https:\/\/i0.wp.com\/bottesetvelo.com\/blog\/wp-content\/uploads\/2014\/01\/Bottes-et-V%C3%A9lo-Embl%C3%AAme.jpg?ssl=1\"><img data-recalc-dims=\"1\" loading=\"lazy\" decoding=\"async\" data-attachment-id=\"14\" data-permalink=\"https:\/\/bottesetvelo.com\/blog\/bottes-et-velo-le-blog\/bottes-et-velo-embleme\/\" data-orig-file=\"https:\/\/i0.wp.com\/bottesetvelo.com\/blog\/wp-content\/uploads\/2014\/01\/Bottes-et-V%C3%A9lo-Embl%C3%AAme-e1454083414631.jpg?fit=100%2C79&amp;ssl=1\" data-orig-size=\"100,79\" data-comments-opened=\"1\" data-image-meta=\"{&quot;aperture&quot;:&quot;0&quot;,&quot;credit&quot;:&quot;&quot;,&quot;camera&quot;:&quot;&quot;,&quot;caption&quot;:&quot;&quot;,&quot;created_timestamp&quot;:&quot;0&quot;,&quot;copyright&quot;:&quot;&quot;,&quot;focal_length&quot;:&quot;0&quot;,&quot;iso&quot;:&quot;0&quot;,&quot;shutter_speed&quot;:&quot;0&quot;,&quot;title&quot;:&quot;&quot;}\" data-image-title=\"Bottes et V\u00e9lo &amp;#8211; Embl\u00eame\" data-image-description=\"\" data-image-caption=\"\" data-large-file=\"https:\/\/i0.wp.com\/bottesetvelo.com\/blog\/wp-content\/uploads\/2014\/01\/Bottes-et-V%C3%A9lo-Embl%C3%AAme-e1454083414631.jpg?fit=100%2C79&amp;ssl=1\" class=\"  wp-image-14 alignright\" src=\"https:\/\/i0.wp.com\/bottesetvelo.com\/blog\/wp-content\/uploads\/2014\/01\/Bottes-et-V%C3%A9lo-Embl%C3%AAme.jpg?resize=87%2C69&#038;ssl=1\" alt=\"Bottes et V\u00e9lo - Embl\u00eame\" width=\"87\" height=\"69\" \/><\/a><\/p>\n<p style=\"text-align: justify;\">Brigitte Harouni<\/p>\n","protected":false},"excerpt":{"rendered":"<p>Tu conna\u00eetras la justesse de ton chemin \u00e0 ce qu\u2019il t\u2019aura rendu heureux. Aristote C\u2019est le temps des migrations. Et l\u2019homme, tout aussi civilis\u00e9 qu\u2019il soit devenu, n\u2019\u00e9chappe pas \u00e0 cet \u00e9lan primaire. Pour ma part, j\u2019ai des fourmis dans les jambes. Chaque printemps \u00e9veille en moi ce d\u00e9sir de partir longtemps et loin, ce&hellip;<\/p>\n","protected":false},"author":2,"featured_media":0,"comment_status":"open","ping_status":"open","sticky":false,"template":"","format":"standard","meta":{"jetpack_post_was_ever_published":false,"_jetpack_newsletter_access":"","_jetpack_dont_email_post_to_subs":false,"_jetpack_newsletter_tier_id":0,"_jetpack_memberships_contains_paywalled_content":false,"_jetpack_memberships_contains_paid_content":false,"footnotes":"","jetpack_publicize_message":"","jetpack_publicize_feature_enabled":true,"jetpack_social_post_already_shared":true,"jetpack_social_options":{"image_generator_settings":{"template":"highway","default_image_id":0,"font":"","enabled":false},"version":2}},"categories":[39,166,37,1],"tags":[40,168,206,205,179,204,20],"class_list":["post-1490","post","type-post","status-publish","format-standard","hentry","category-croissance-personnelle","category-demarche-du-pelerin","category-spiritualite-2","category-uncategorized","tag-croissance-personnelle-2","tag-demarche-du-pelerin","tag-homing","tag-migration","tag-societe","tag-source","tag-spiritualite"],"jetpack_publicize_connections":[],"jetpack_featured_media_url":"","jetpack_shortlink":"https:\/\/wp.me\/p4eY6z-o2","jetpack_sharing_enabled":true,"jetpack_likes_enabled":true,"jetpack-related-posts":[],"_links":{"self":[{"href":"https:\/\/bottesetvelo.com\/blog\/wp-json\/wp\/v2\/posts\/1490","targetHints":{"allow":["GET"]}}],"collection":[{"href":"https:\/\/bottesetvelo.com\/blog\/wp-json\/wp\/v2\/posts"}],"about":[{"href":"https:\/\/bottesetvelo.com\/blog\/wp-json\/wp\/v2\/types\/post"}],"author":[{"embeddable":true,"href":"https:\/\/bottesetvelo.com\/blog\/wp-json\/wp\/v2\/users\/2"}],"replies":[{"embeddable":true,"href":"https:\/\/bottesetvelo.com\/blog\/wp-json\/wp\/v2\/comments?post=1490"}],"version-history":[{"count":2,"href":"https:\/\/bottesetvelo.com\/blog\/wp-json\/wp\/v2\/posts\/1490\/revisions"}],"predecessor-version":[{"id":1495,"href":"https:\/\/bottesetvelo.com\/blog\/wp-json\/wp\/v2\/posts\/1490\/revisions\/1495"}],"wp:attachment":[{"href":"https:\/\/bottesetvelo.com\/blog\/wp-json\/wp\/v2\/media?parent=1490"}],"wp:term":[{"taxonomy":"category","embeddable":true,"href":"https:\/\/bottesetvelo.com\/blog\/wp-json\/wp\/v2\/categories?post=1490"},{"taxonomy":"post_tag","embeddable":true,"href":"https:\/\/bottesetvelo.com\/blog\/wp-json\/wp\/v2\/tags?post=1490"}],"curies":[{"name":"wp","href":"https:\/\/api.w.org\/{rel}","templated":true}]}}