{"id":1479,"date":"2015-04-10T18:41:19","date_gmt":"2015-04-10T22:41:19","guid":{"rendered":"http:\/\/bottesetvelo.com\/blog\/?p=1479"},"modified":"2015-04-10T18:41:19","modified_gmt":"2015-04-10T22:41:19","slug":"marcher-longtemps-pour-voir-autrement","status":"publish","type":"post","link":"https:\/\/bottesetvelo.com\/blog\/2015\/04\/10\/marcher-longtemps-pour-voir-autrement\/","title":{"rendered":"Marcher longtemps pour voir autrement"},"content":{"rendered":"<h6 style=\"text-align: right;\"><em>Ce n&rsquo;est pas la lumi\u00e8re qui manque \u00e0 notre regard, c&rsquo;est notre regard qui manque de lumi\u00e8re.<\/em><br \/>\n<em>Gustave Thibon<\/em><\/h6>\n<p style=\"text-align: justify;\"><a href=\"https:\/\/i0.wp.com\/bottesetvelo.com\/blog\/wp-content\/uploads\/2015\/04\/IMG_0048.jpg?ssl=1\"><img data-recalc-dims=\"1\" loading=\"lazy\" decoding=\"async\" data-attachment-id=\"1481\" data-permalink=\"https:\/\/bottesetvelo.com\/blog\/2015\/04\/10\/marcher-longtemps-pour-voir-autrement\/img_0048\/\" data-orig-file=\"https:\/\/i0.wp.com\/bottesetvelo.com\/blog\/wp-content\/uploads\/2015\/04\/IMG_0048.jpg?fit=1600%2C1200&amp;ssl=1\" data-orig-size=\"1600,1200\" data-comments-opened=\"1\" data-image-meta=\"{&quot;aperture&quot;:&quot;4&quot;,&quot;credit&quot;:&quot;&quot;,&quot;camera&quot;:&quot;Canon PowerShot A510&quot;,&quot;caption&quot;:&quot;&quot;,&quot;created_timestamp&quot;:&quot;1188983060&quot;,&quot;copyright&quot;:&quot;&quot;,&quot;focal_length&quot;:&quot;5.8125&quot;,&quot;iso&quot;:&quot;0&quot;,&quot;shutter_speed&quot;:&quot;0.004&quot;,&quot;title&quot;:&quot;&quot;,&quot;orientation&quot;:&quot;1&quot;}\" data-image-title=\"Camino Frances &amp;#8211; Pyr\u00e9n\u00e9es\" data-image-description=\"\" data-image-caption=\"\" data-large-file=\"https:\/\/i0.wp.com\/bottesetvelo.com\/blog\/wp-content\/uploads\/2015\/04\/IMG_0048.jpg?fit=1024%2C768&amp;ssl=1\" class=\"  wp-image-1481 alignright\" src=\"https:\/\/i0.wp.com\/bottesetvelo.com\/blog\/wp-content\/uploads\/2015\/04\/IMG_0048.jpg?resize=300%2C225&#038;ssl=1\" alt=\"Camino Frances - Pyr\u00e9n\u00e9es\" width=\"300\" height=\"225\" srcset=\"https:\/\/i0.wp.com\/bottesetvelo.com\/blog\/wp-content\/uploads\/2015\/04\/IMG_0048.jpg?resize=500%2C375&amp;ssl=1 500w, https:\/\/i0.wp.com\/bottesetvelo.com\/blog\/wp-content\/uploads\/2015\/04\/IMG_0048.jpg?resize=1024%2C768&amp;ssl=1 1024w, https:\/\/i0.wp.com\/bottesetvelo.com\/blog\/wp-content\/uploads\/2015\/04\/IMG_0048.jpg?resize=624%2C468&amp;ssl=1 624w, https:\/\/i0.wp.com\/bottesetvelo.com\/blog\/wp-content\/uploads\/2015\/04\/IMG_0048.jpg?w=1600&amp;ssl=1 1600w\" sizes=\"auto, (max-width: 300px) 100vw, 300px\" \/><\/a>Il faut parfois marcher longtemps pour en arriver \u00e0 un point de vue diff\u00e9rent. Le p\u00e8lerinage exige cet effort de marcher, pendant de longues heures, pour parvenir \u00e0 un point d\u2019observation qui nous place sous l\u2019\u00e9merveillement d\u2019un angle nouveau. Un point de vue qui change toutes les perspectives, duquel je ne vois plus le monde de la m\u00eame mani\u00e8re, d\u2019un lieu o\u00f9 tout est chamboul\u00e9\u2026<\/p>\n<p style=\"text-align: justify;\">Pour ce faire, \u00e0 certains moments, il suffira de tourner la t\u00eate pour poser ce regard nouveau; \u00e0 d\u2019autres, il faudra faire de grands d\u00e9tours. Toutefois, changer de point de vue m\u2019appellera chaque fois au d\u00e9placement. Je devrai me d\u00e9placer, tourner le dos \u00e0 quelque chose, aller plus loin, de sommets en sommets, de hauteurs en profondeurs, de plaines en for\u00eats, de lacs en rivi\u00e8res, pour en arriver \u00e0 percevoir tout ce que la vie cherche \u00e0 dire. Parfois contradictoires, j\u2019apprendrai en d\u00e9pla\u00e7ant mon regard que rien n\u2019est fix\u00e9 d\u2019avance, qu\u2019il n\u2019y a pas qu\u2019une seule r\u00e9ponse possible.<\/p>\n<p style=\"text-align: justify;\">Il faut donc du mouvement pour donner de la perspective \u00e0 nos vies, se d\u00e9placer. Nos vies sont ainsi faites que si nous persistons \u00e0 rester sur nos positions, nous nous privons de tout un panorama. Pire, nous nous enfermons dans des points de vue qui voilent de grands pans de la vie et restreignent l\u2019horizon \u00e0 un trou de serrure.<\/p>\n<p style=\"text-align: justify;\"><a href=\"https:\/\/i0.wp.com\/bottesetvelo.com\/blog\/wp-content\/uploads\/2015\/04\/IMG_0072.jpg?ssl=1\"><img data-recalc-dims=\"1\" loading=\"lazy\" decoding=\"async\" data-attachment-id=\"1482\" data-permalink=\"https:\/\/bottesetvelo.com\/blog\/2015\/04\/10\/marcher-longtemps-pour-voir-autrement\/img_0072-2\/\" data-orig-file=\"https:\/\/i0.wp.com\/bottesetvelo.com\/blog\/wp-content\/uploads\/2015\/04\/IMG_0072.jpg?fit=2048%2C1536&amp;ssl=1\" data-orig-size=\"2048,1536\" data-comments-opened=\"1\" data-image-meta=\"{&quot;aperture&quot;:&quot;4&quot;,&quot;credit&quot;:&quot;&quot;,&quot;camera&quot;:&quot;Canon PowerShot A510&quot;,&quot;caption&quot;:&quot;&quot;,&quot;created_timestamp&quot;:&quot;1189007211&quot;,&quot;copyright&quot;:&quot;&quot;,&quot;focal_length&quot;:&quot;5.8125&quot;,&quot;iso&quot;:&quot;0&quot;,&quot;shutter_speed&quot;:&quot;0.001&quot;,&quot;title&quot;:&quot;&quot;,&quot;orientation&quot;:&quot;1&quot;}\" data-image-title=\"Camino Frances &amp;#8211; Pyr\u00e9n\u00e9es\" data-image-description=\"\" data-image-caption=\"\" data-large-file=\"https:\/\/i0.wp.com\/bottesetvelo.com\/blog\/wp-content\/uploads\/2015\/04\/IMG_0072.jpg?fit=1024%2C768&amp;ssl=1\" class=\"  wp-image-1482 alignright\" src=\"https:\/\/i0.wp.com\/bottesetvelo.com\/blog\/wp-content\/uploads\/2015\/04\/IMG_0072.jpg?resize=303%2C227&#038;ssl=1\" alt=\"Camino Frances - Pyr\u00e9n\u00e9es\" width=\"303\" height=\"227\" srcset=\"https:\/\/i0.wp.com\/bottesetvelo.com\/blog\/wp-content\/uploads\/2015\/04\/IMG_0072.jpg?resize=500%2C375&amp;ssl=1 500w, https:\/\/i0.wp.com\/bottesetvelo.com\/blog\/wp-content\/uploads\/2015\/04\/IMG_0072.jpg?resize=1024%2C768&amp;ssl=1 1024w, https:\/\/i0.wp.com\/bottesetvelo.com\/blog\/wp-content\/uploads\/2015\/04\/IMG_0072.jpg?resize=624%2C468&amp;ssl=1 624w, https:\/\/i0.wp.com\/bottesetvelo.com\/blog\/wp-content\/uploads\/2015\/04\/IMG_0072.jpg?w=2048&amp;ssl=1 2048w\" sizes=\"auto, (max-width: 303px) 100vw, 303px\" \/><\/a>La route m\u2019appelle au d\u00e9placement. Le p\u00e8lerinage m\u2019invite \u00e0 r\u00e9fl\u00e9chir mes visions rigides de la vie. Suis-je r\u00e9ellement en d\u00e9placement ou est-ce que je chercherais \u00e0 me confirmer dans mes certitudes?<\/p>\n<p style=\"text-align: justify;\">Le myst\u00e8re pascal de la mort et de la r\u00e9surrection cherche \u00e0 nous faire entrer dans cette dynamique du d\u00e9placement. Bien que la f\u00eate de P\u00e2ques soit termin\u00e9e, le temps pascal, lui, se poursuit pendant cinquante jours. Cinquante jours pour dig\u00e9rer ce d\u00e9placement qui nous fait passer de la mort \u00e0 la vie. Un d\u00e9placement qui d\u00e9passe notre entendement et auquel nous offrons souvent des explications banales.<\/p>\n<p style=\"text-align: justify;\"><a href=\"https:\/\/i0.wp.com\/bottesetvelo.com\/blog\/wp-content\/uploads\/2015\/04\/IMG_1280-4.jpg?ssl=1\"><img data-recalc-dims=\"1\" loading=\"lazy\" decoding=\"async\" data-attachment-id=\"1483\" data-permalink=\"https:\/\/bottesetvelo.com\/blog\/2015\/04\/10\/marcher-longtemps-pour-voir-autrement\/img_1280-4-2\/\" data-orig-file=\"https:\/\/i0.wp.com\/bottesetvelo.com\/blog\/wp-content\/uploads\/2015\/04\/IMG_1280-4.jpg?fit=2652%2C3586&amp;ssl=1\" data-orig-size=\"2652,3586\" data-comments-opened=\"1\" data-image-meta=\"{&quot;aperture&quot;:&quot;3.2&quot;,&quot;credit&quot;:&quot;&quot;,&quot;camera&quot;:&quot;Canon PowerShot SD890 IS&quot;,&quot;caption&quot;:&quot;&quot;,&quot;created_timestamp&quot;:&quot;1374562995&quot;,&quot;copyright&quot;:&quot;&quot;,&quot;focal_length&quot;:&quot;6.6&quot;,&quot;iso&quot;:&quot;400&quot;,&quot;shutter_speed&quot;:&quot;0.0166666666667&quot;,&quot;title&quot;:&quot;&quot;,&quot;orientation&quot;:&quot;1&quot;}\" data-image-title=\"Camino Frances &amp;#8211; Croix de fer\" data-image-description=\"\" data-image-caption=\"\" data-large-file=\"https:\/\/i0.wp.com\/bottesetvelo.com\/blog\/wp-content\/uploads\/2015\/04\/IMG_1280-4.jpg?fit=757%2C1024&amp;ssl=1\" class=\"  wp-image-1483 alignright\" src=\"https:\/\/i0.wp.com\/bottesetvelo.com\/blog\/wp-content\/uploads\/2015\/04\/IMG_1280-4.jpg?resize=222%2C300&#038;ssl=1\" alt=\"Camino Frances - Croix de fer\" width=\"222\" height=\"300\" srcset=\"https:\/\/i0.wp.com\/bottesetvelo.com\/blog\/wp-content\/uploads\/2015\/04\/IMG_1280-4.jpg?resize=370%2C500&amp;ssl=1 370w, https:\/\/i0.wp.com\/bottesetvelo.com\/blog\/wp-content\/uploads\/2015\/04\/IMG_1280-4.jpg?resize=757%2C1024&amp;ssl=1 757w, https:\/\/i0.wp.com\/bottesetvelo.com\/blog\/wp-content\/uploads\/2015\/04\/IMG_1280-4.jpg?resize=624%2C844&amp;ssl=1 624w, https:\/\/i0.wp.com\/bottesetvelo.com\/blog\/wp-content\/uploads\/2015\/04\/IMG_1280-4.jpg?w=2340&amp;ssl=1 2340w\" sizes=\"auto, (max-width: 222px) 100vw, 222px\" \/><\/a>En suivant le mouvement de cette histoire, nous pouvons voir toute l\u2019ampleur du cheminement qu\u2019il est demand\u00e9 de faire : ne pas fuir un \u00e9v\u00e9nement qui n\u2019est pourtant pas une fatalit\u00e9, accepter de suivre ce chemin malgr\u00e9 les souffrances qu\u2019il engendre, abandonner tout contr\u00f4le sur les \u00e9v\u00e9nements, s\u2019abandonner, \u00eatre abandonn\u00e9. Entrer dans la solitude et faire confiance au point d\u2019\u00eatre pr\u00eat \u00e0 tout perdre, m\u00eame la vie. S\u2019effacer, se vider compl\u00e8tement de soi pour entrer dans un grand silence. Au-del\u00e0 de ce silence, de ce tombeau vide, tout ce que nous savons, c\u2019est qu\u2019il y a la vie : plus de vie. C\u2019est ce que le r\u00e9cit nous dit. Un r\u00e9cit qui n\u2019a rien d\u2019historique, qui indique un parcours.<\/p>\n<p style=\"text-align: justify;\">L\u2019exercice du p\u00e8lerinage nous invite \u00e0 ce type de d\u00e9placement. S\u2019aventurer sur ces sentiers peut mener sur cette voie. Ce chemin, \u00e0 travers toutes ces beaut\u00e9s, pourrait nous faire traverser des difficult\u00e9s qui nous m\u00e8neront \u00e0 briser cette part de nous-m\u00eames qui se dresse en r\u00e9sistances, nous enfermant dans des rigidit\u00e9s qui emp\u00eachent la vie de circuler. Nul ne peut dire o\u00f9 conduira le p\u00e8lerinage. Tout ce qui peut \u00eatre dit c&rsquo;est qu&rsquo;il provoquera un d\u00e9placement, un changement de point de vue, si le p\u00e8lerin accepte de se laisser d\u00e9placer\u2026<\/p>\n<p style=\"text-align: justify;\"><a href=\"https:\/\/i0.wp.com\/bottesetvelo.com\/blog\/wp-content\/uploads\/2015\/04\/painting-390089_1920.jpg?ssl=1\"><img data-recalc-dims=\"1\" loading=\"lazy\" decoding=\"async\" data-attachment-id=\"1480\" data-permalink=\"https:\/\/bottesetvelo.com\/blog\/2015\/04\/10\/marcher-longtemps-pour-voir-autrement\/painting-390089_1920\/\" data-orig-file=\"https:\/\/i0.wp.com\/bottesetvelo.com\/blog\/wp-content\/uploads\/2015\/04\/painting-390089_1920.jpg?fit=1920%2C1168&amp;ssl=1\" data-orig-size=\"1920,1168\" data-comments-opened=\"1\" data-image-meta=\"{&quot;aperture&quot;:&quot;0&quot;,&quot;credit&quot;:&quot;&quot;,&quot;camera&quot;:&quot;&quot;,&quot;caption&quot;:&quot;&quot;,&quot;created_timestamp&quot;:&quot;0&quot;,&quot;copyright&quot;:&quot;&quot;,&quot;focal_length&quot;:&quot;0&quot;,&quot;iso&quot;:&quot;0&quot;,&quot;shutter_speed&quot;:&quot;0&quot;,&quot;title&quot;:&quot;&quot;,&quot;orientation&quot;:&quot;0&quot;}\" data-image-title=\"Illusion d&amp;rsquo;optique\" data-image-description=\"\" data-image-caption=\"\" data-large-file=\"https:\/\/i0.wp.com\/bottesetvelo.com\/blog\/wp-content\/uploads\/2015\/04\/painting-390089_1920.jpg?fit=1024%2C623&amp;ssl=1\" class=\"  wp-image-1480 alignright\" src=\"https:\/\/i0.wp.com\/bottesetvelo.com\/blog\/wp-content\/uploads\/2015\/04\/painting-390089_1920.jpg?resize=363%2C221&#038;ssl=1\" alt=\"Illusion d'optique\" width=\"363\" height=\"221\" srcset=\"https:\/\/i0.wp.com\/bottesetvelo.com\/blog\/wp-content\/uploads\/2015\/04\/painting-390089_1920.jpg?resize=500%2C304&amp;ssl=1 500w, https:\/\/i0.wp.com\/bottesetvelo.com\/blog\/wp-content\/uploads\/2015\/04\/painting-390089_1920.jpg?resize=1024%2C623&amp;ssl=1 1024w, https:\/\/i0.wp.com\/bottesetvelo.com\/blog\/wp-content\/uploads\/2015\/04\/painting-390089_1920.jpg?resize=624%2C380&amp;ssl=1 624w, https:\/\/i0.wp.com\/bottesetvelo.com\/blog\/wp-content\/uploads\/2015\/04\/painting-390089_1920.jpg?w=1920&amp;ssl=1 1920w\" sizes=\"auto, (max-width: 363px) 100vw, 363px\" \/><\/a>En acceptant d\u2019\u00eatre d\u00e9plac\u00e9, plus rien ne sera comme avant pour le p\u00e8lerin. Il n\u2019habitera plus les m\u00eames regards, son horizon sera transform\u00e9. Il ne pourra plus se contenter du trou de la serrure pour contempler la vie. Maintenant qu\u2019il a vu, que sa conscience s\u2019est \u00e9veill\u00e9e, le retour en arri\u00e8re est impossible. Comme avec ces images aux illusions d\u2019optique : une fois que nous avons vu, nous ne pouvons plus ignorer ce que nous avons vu. Et m\u00eame si nous ne percevons plus l\u2019illusion, nous avons tout de m\u00eame vu. Nous savons qu\u2019il existe autre chose : un autre possible, un regard diff\u00e9rent, des r\u00e8gles diff\u00e9rentes. Et l\u2019histoire de P\u00e2ques nous dit que, dans cet autrement, il y a plus de vie que nulle part ailleurs.<a href=\"https:\/\/i0.wp.com\/bottesetvelo.com\/blog\/wp-content\/uploads\/2014\/01\/Bottes-et-V%C3%A9lo-Embl%C3%AAme.jpg?ssl=1\"><img data-recalc-dims=\"1\" loading=\"lazy\" decoding=\"async\" data-attachment-id=\"14\" data-permalink=\"https:\/\/bottesetvelo.com\/blog\/bottes-et-velo-le-blog\/bottes-et-velo-embleme\/\" data-orig-file=\"https:\/\/i0.wp.com\/bottesetvelo.com\/blog\/wp-content\/uploads\/2014\/01\/Bottes-et-V%C3%A9lo-Embl%C3%AAme-e1454083414631.jpg?fit=100%2C79&amp;ssl=1\" data-orig-size=\"100,79\" data-comments-opened=\"1\" data-image-meta=\"{&quot;aperture&quot;:&quot;0&quot;,&quot;credit&quot;:&quot;&quot;,&quot;camera&quot;:&quot;&quot;,&quot;caption&quot;:&quot;&quot;,&quot;created_timestamp&quot;:&quot;0&quot;,&quot;copyright&quot;:&quot;&quot;,&quot;focal_length&quot;:&quot;0&quot;,&quot;iso&quot;:&quot;0&quot;,&quot;shutter_speed&quot;:&quot;0&quot;,&quot;title&quot;:&quot;&quot;}\" data-image-title=\"Bottes et V\u00e9lo &amp;#8211; Embl\u00eame\" data-image-description=\"\" data-image-caption=\"\" data-large-file=\"https:\/\/i0.wp.com\/bottesetvelo.com\/blog\/wp-content\/uploads\/2014\/01\/Bottes-et-V%C3%A9lo-Embl%C3%AAme-e1454083414631.jpg?fit=100%2C79&amp;ssl=1\" class=\"  wp-image-14 alignright\" src=\"https:\/\/i0.wp.com\/bottesetvelo.com\/blog\/wp-content\/uploads\/2014\/01\/Bottes-et-V%C3%A9lo-Embl%C3%AAme.jpg?resize=89%2C70&#038;ssl=1\" alt=\"Bottes et V\u00e9lo - Embl\u00eame\" width=\"89\" height=\"70\" \/><\/a><\/p>\n<p style=\"text-align: justify;\">\u00c9ric Lalibert\u00e9<\/p>\n","protected":false},"excerpt":{"rendered":"<p>Ce n&rsquo;est pas la lumi\u00e8re qui manque \u00e0 notre regard, c&rsquo;est notre regard qui manque de lumi\u00e8re. Gustave Thibon Il faut parfois marcher longtemps pour en arriver \u00e0 un point de vue diff\u00e9rent. Le p\u00e8lerinage exige cet effort de marcher, pendant de longues heures, pour parvenir \u00e0 un point d\u2019observation qui nous place sous l\u2019\u00e9merveillement&hellip;<\/p>\n","protected":false},"author":3,"featured_media":0,"comment_status":"open","ping_status":"open","sticky":false,"template":"","format":"standard","meta":{"jetpack_post_was_ever_published":false,"_jetpack_newsletter_access":"","_jetpack_dont_email_post_to_subs":false,"_jetpack_newsletter_tier_id":0,"_jetpack_memberships_contains_paywalled_content":false,"_jetpack_memberships_contains_paid_content":false,"footnotes":"","jetpack_publicize_message":"","jetpack_publicize_feature_enabled":true,"jetpack_social_post_already_shared":true,"jetpack_social_options":{"image_generator_settings":{"template":"highway","default_image_id":0,"font":"","enabled":false},"version":2}},"categories":[166,37],"tags":[203,168,201,202,196,20,84],"class_list":["post-1479","post","type-post","status-publish","format-standard","hentry","category-demarche-du-pelerin","category-spiritualite-2","tag-chemin","tag-demarche-du-pelerin","tag-deplacement","tag-illusion","tag-paques","tag-spiritualite","tag-vie"],"jetpack_publicize_connections":[],"jetpack_featured_media_url":"","jetpack_shortlink":"https:\/\/wp.me\/p4eY6z-nR","jetpack_sharing_enabled":true,"jetpack_likes_enabled":true,"jetpack-related-posts":[],"_links":{"self":[{"href":"https:\/\/bottesetvelo.com\/blog\/wp-json\/wp\/v2\/posts\/1479","targetHints":{"allow":["GET"]}}],"collection":[{"href":"https:\/\/bottesetvelo.com\/blog\/wp-json\/wp\/v2\/posts"}],"about":[{"href":"https:\/\/bottesetvelo.com\/blog\/wp-json\/wp\/v2\/types\/post"}],"author":[{"embeddable":true,"href":"https:\/\/bottesetvelo.com\/blog\/wp-json\/wp\/v2\/users\/3"}],"replies":[{"embeddable":true,"href":"https:\/\/bottesetvelo.com\/blog\/wp-json\/wp\/v2\/comments?post=1479"}],"version-history":[{"count":1,"href":"https:\/\/bottesetvelo.com\/blog\/wp-json\/wp\/v2\/posts\/1479\/revisions"}],"predecessor-version":[{"id":1484,"href":"https:\/\/bottesetvelo.com\/blog\/wp-json\/wp\/v2\/posts\/1479\/revisions\/1484"}],"wp:attachment":[{"href":"https:\/\/bottesetvelo.com\/blog\/wp-json\/wp\/v2\/media?parent=1479"}],"wp:term":[{"taxonomy":"category","embeddable":true,"href":"https:\/\/bottesetvelo.com\/blog\/wp-json\/wp\/v2\/categories?post=1479"},{"taxonomy":"post_tag","embeddable":true,"href":"https:\/\/bottesetvelo.com\/blog\/wp-json\/wp\/v2\/tags?post=1479"}],"curies":[{"name":"wp","href":"https:\/\/api.w.org\/{rel}","templated":true}]}}