{"id":1474,"date":"2015-04-08T17:54:49","date_gmt":"2015-04-08T21:54:49","guid":{"rendered":"http:\/\/bottesetvelo.com\/blog\/?p=1474"},"modified":"2015-04-08T17:56:02","modified_gmt":"2015-04-08T21:56:02","slug":"les-batons-de-marche-ou-lart-de-sappuyer","status":"publish","type":"post","link":"https:\/\/bottesetvelo.com\/blog\/2015\/04\/08\/les-batons-de-marche-ou-lart-de-sappuyer\/","title":{"rendered":"Les b\u00e2tons de marche ou l&rsquo;art de s&rsquo;appuyer"},"content":{"rendered":"<p style=\"text-align: justify;\"><a title=\"Inscription aux d\u00e9jeuners-causerie de Bottes et V\u00e9lo\" href=\"https:\/\/i0.wp.com\/bottesetvelo.com\/blog\/wp-content\/uploads\/2015\/04\/D%C3%A9jeuner-causerie-18-avril.png?ssl=1\"><img data-recalc-dims=\"1\" loading=\"lazy\" decoding=\"async\" data-attachment-id=\"1475\" data-permalink=\"https:\/\/bottesetvelo.com\/blog\/2015\/04\/08\/les-batons-de-marche-ou-lart-de-sappuyer\/dejeuner-causerie-18-avril\/\" data-orig-file=\"https:\/\/i0.wp.com\/bottesetvelo.com\/blog\/wp-content\/uploads\/2015\/04\/D%C3%A9jeuner-causerie-18-avril.png?fit=802%2C603&amp;ssl=1\" data-orig-size=\"802,603\" data-comments-opened=\"1\" data-image-meta=\"{&quot;aperture&quot;:&quot;0&quot;,&quot;credit&quot;:&quot;&quot;,&quot;camera&quot;:&quot;&quot;,&quot;caption&quot;:&quot;&quot;,&quot;created_timestamp&quot;:&quot;0&quot;,&quot;copyright&quot;:&quot;&quot;,&quot;focal_length&quot;:&quot;0&quot;,&quot;iso&quot;:&quot;0&quot;,&quot;shutter_speed&quot;:&quot;0&quot;,&quot;title&quot;:&quot;&quot;,&quot;orientation&quot;:&quot;0&quot;}\" data-image-title=\"D\u00e9jeuner-causerie &amp;#8211; 18 avril\" data-image-description=\"\" data-image-caption=\"\" data-large-file=\"https:\/\/i0.wp.com\/bottesetvelo.com\/blog\/wp-content\/uploads\/2015\/04\/D%C3%A9jeuner-causerie-18-avril.png?fit=802%2C603&amp;ssl=1\" class=\"  wp-image-1475 alignright\" src=\"https:\/\/i0.wp.com\/bottesetvelo.com\/blog\/wp-content\/uploads\/2015\/04\/D%C3%A9jeuner-causerie-18-avril.png?resize=328%2C247&#038;ssl=1\" alt=\"D\u00e9jeuner-causerie - 18 avril\" width=\"328\" height=\"247\" srcset=\"https:\/\/i0.wp.com\/bottesetvelo.com\/blog\/wp-content\/uploads\/2015\/04\/D%C3%A9jeuner-causerie-18-avril.png?resize=500%2C376&amp;ssl=1 500w, https:\/\/i0.wp.com\/bottesetvelo.com\/blog\/wp-content\/uploads\/2015\/04\/D%C3%A9jeuner-causerie-18-avril.png?resize=624%2C469&amp;ssl=1 624w, https:\/\/i0.wp.com\/bottesetvelo.com\/blog\/wp-content\/uploads\/2015\/04\/D%C3%A9jeuner-causerie-18-avril.png?w=802&amp;ssl=1 802w\" sizes=\"auto, (max-width: 328px) 100vw, 328px\" \/><\/a>Ce sera le th\u00e8me de notre dernier d\u00e9jeuner-causerie pour ce printemps 2015. <span style=\"color: #000080;\"><strong>Exceptionnellement, nous vous donnons rendez-vous \u00e0 9h00, samedi le 18 avril.<\/strong><\/span> Suite aux \u00e9changes habituels et au d\u00e9jeuner, nous irons pratiquer la marche avec des b\u00e2tons sur la plage de St-Michel. Alors si vous avez vos b\u00e2tons de marche, pensez \u00e0 les apporter. Nous pourrons en pr\u00eater quelques paires \u00e0 ceux et celles qui n&rsquo;en n&rsquo;ont pas.<\/p>\n<p style=\"text-align: justify;\">Les d\u00e9jeuners-causerie se tiennent au<span style=\"color: #993300;\"><strong> 50 rue Principale, \u00e0 St-Michel-de-Bellechasse.<br \/>\nCo\u00fbt:15$\/pers.<\/strong><\/span><\/p>\n<p style=\"text-align: justify;\">Pour vous inscrire suivez ce lien: <a title=\"Inscription aux d\u00e9jeuners-causerie de Bottes et V\u00e9lo\" href=\"http:\/\/bottesetvelo.com\/bottes-et-v\u00e9lo---d\u00e9jeuners-causerie\">http:\/\/bottesetvelo.com\/bottes-et-v\u00e9lo&#8212;d\u00e9jeuners-causerie<\/a><\/p>\n<p style=\"text-align: justify;\">Au plaisir de vous retrouver!<a href=\"https:\/\/i0.wp.com\/bottesetvelo.com\/blog\/wp-content\/uploads\/2014\/01\/Bottes-et-V%C3%A9lo-Embl%C3%AAme.jpg?ssl=1\"><img data-recalc-dims=\"1\" loading=\"lazy\" decoding=\"async\" data-attachment-id=\"14\" data-permalink=\"https:\/\/bottesetvelo.com\/blog\/bottes-et-velo-le-blog\/bottes-et-velo-embleme\/\" data-orig-file=\"https:\/\/i0.wp.com\/bottesetvelo.com\/blog\/wp-content\/uploads\/2014\/01\/Bottes-et-V%C3%A9lo-Embl%C3%AAme-e1454083414631.jpg?fit=100%2C79&amp;ssl=1\" data-orig-size=\"100,79\" data-comments-opened=\"1\" data-image-meta=\"{&quot;aperture&quot;:&quot;0&quot;,&quot;credit&quot;:&quot;&quot;,&quot;camera&quot;:&quot;&quot;,&quot;caption&quot;:&quot;&quot;,&quot;created_timestamp&quot;:&quot;0&quot;,&quot;copyright&quot;:&quot;&quot;,&quot;focal_length&quot;:&quot;0&quot;,&quot;iso&quot;:&quot;0&quot;,&quot;shutter_speed&quot;:&quot;0&quot;,&quot;title&quot;:&quot;&quot;}\" data-image-title=\"Bottes et V\u00e9lo &amp;#8211; Embl\u00eame\" data-image-description=\"\" data-image-caption=\"\" data-large-file=\"https:\/\/i0.wp.com\/bottesetvelo.com\/blog\/wp-content\/uploads\/2014\/01\/Bottes-et-V%C3%A9lo-Embl%C3%AAme-e1454083414631.jpg?fit=100%2C79&amp;ssl=1\" class=\"  wp-image-14 alignright\" src=\"https:\/\/i0.wp.com\/bottesetvelo.com\/blog\/wp-content\/uploads\/2014\/01\/Bottes-et-V%C3%A9lo-Embl%C3%AAme.jpg?resize=80%2C63&#038;ssl=1\" alt=\"Bottes et V\u00e9lo - Embl\u00eame\" width=\"80\" height=\"63\" \/><\/a><\/p>\n<p style=\"text-align: justify;\">\u00c9ric Lalibert\u00e9 et Brigitte Harouni<\/p>\n<p style=\"text-align: justify;\">\n","protected":false},"excerpt":{"rendered":"<p>Ce sera le th\u00e8me de notre dernier d\u00e9jeuner-causerie pour ce printemps 2015. Exceptionnellement, nous vous donnons rendez-vous \u00e0 9h00, samedi le 18 avril. Suite aux \u00e9changes habituels et au d\u00e9jeuner, nous irons pratiquer la marche avec des b\u00e2tons sur la plage de St-Michel. Alors si vous avez vos b\u00e2tons de marche, pensez \u00e0 les apporter.&hellip;<\/p>\n","protected":false},"author":1,"featured_media":0,"comment_status":"open","ping_status":"open","sticky":false,"template":"","format":"standard","meta":{"jetpack_post_was_ever_published":false,"_jetpack_newsletter_access":"","_jetpack_dont_email_post_to_subs":false,"_jetpack_newsletter_tier_id":0,"_jetpack_memberships_contains_paywalled_content":false,"_jetpack_memberships_contains_paid_content":false,"footnotes":"","jetpack_publicize_message":"","jetpack_publicize_feature_enabled":true,"jetpack_social_post_already_shared":true,"jetpack_social_options":{"image_generator_settings":{"template":"highway","default_image_id":0,"font":"","enabled":false},"version":2}},"categories":[161],"tags":[48,14,13,19],"class_list":["post-1474","post","type-post","status-publish","format-standard","hentry","category-dejeuner-causerie","tag-batons-de-marche","tag-marche","tag-pelerinage","tag-randonnee"],"jetpack_publicize_connections":[],"jetpack_featured_media_url":"","jetpack_shortlink":"https:\/\/wp.me\/p4eY6z-nM","jetpack_sharing_enabled":true,"jetpack_likes_enabled":true,"jetpack-related-posts":[],"_links":{"self":[{"href":"https:\/\/bottesetvelo.com\/blog\/wp-json\/wp\/v2\/posts\/1474","targetHints":{"allow":["GET"]}}],"collection":[{"href":"https:\/\/bottesetvelo.com\/blog\/wp-json\/wp\/v2\/posts"}],"about":[{"href":"https:\/\/bottesetvelo.com\/blog\/wp-json\/wp\/v2\/types\/post"}],"author":[{"embeddable":true,"href":"https:\/\/bottesetvelo.com\/blog\/wp-json\/wp\/v2\/users\/1"}],"replies":[{"embeddable":true,"href":"https:\/\/bottesetvelo.com\/blog\/wp-json\/wp\/v2\/comments?post=1474"}],"version-history":[{"count":2,"href":"https:\/\/bottesetvelo.com\/blog\/wp-json\/wp\/v2\/posts\/1474\/revisions"}],"predecessor-version":[{"id":1477,"href":"https:\/\/bottesetvelo.com\/blog\/wp-json\/wp\/v2\/posts\/1474\/revisions\/1477"}],"wp:attachment":[{"href":"https:\/\/bottesetvelo.com\/blog\/wp-json\/wp\/v2\/media?parent=1474"}],"wp:term":[{"taxonomy":"category","embeddable":true,"href":"https:\/\/bottesetvelo.com\/blog\/wp-json\/wp\/v2\/categories?post=1474"},{"taxonomy":"post_tag","embeddable":true,"href":"https:\/\/bottesetvelo.com\/blog\/wp-json\/wp\/v2\/tags?post=1474"}],"curies":[{"name":"wp","href":"https:\/\/api.w.org\/{rel}","templated":true}]}}