{"id":1471,"date":"2015-04-05T19:30:30","date_gmt":"2015-04-05T23:30:30","guid":{"rendered":"http:\/\/bottesetvelo.com\/blog\/?p=1471"},"modified":"2015-04-05T19:30:30","modified_gmt":"2015-04-05T23:30:30","slug":"conference-de-bottes-et-velo-vivre-compostelle","status":"publish","type":"post","link":"https:\/\/bottesetvelo.com\/blog\/2015\/04\/05\/conference-de-bottes-et-velo-vivre-compostelle\/","title":{"rendered":"Conf\u00e9rence de Bottes et V\u00e9lo: Vivre Compostelle"},"content":{"rendered":"<h3 style=\"text-align: justify;\"><a href=\"https:\/\/i0.wp.com\/bottesetvelo.com\/blog\/wp-content\/uploads\/2015\/04\/conf%C3%A9rence-vivre-Compostelle-publicit%C3%A9-2.jpg?ssl=1\"><img data-recalc-dims=\"1\" loading=\"lazy\" decoding=\"async\" data-attachment-id=\"1472\" data-permalink=\"https:\/\/bottesetvelo.com\/blog\/2015\/04\/05\/conference-de-bottes-et-velo-vivre-compostelle\/conference-vivre-compostelle-publicite-2\/\" data-orig-file=\"https:\/\/i0.wp.com\/bottesetvelo.com\/blog\/wp-content\/uploads\/2015\/04\/conf%C3%A9rence-vivre-Compostelle-publicit%C3%A9-2.jpg?fit=783%2C579&amp;ssl=1\" data-orig-size=\"783,579\" data-comments-opened=\"1\" data-image-meta=\"{&quot;aperture&quot;:&quot;0&quot;,&quot;credit&quot;:&quot;\\u00c9ric Lalibert\\u00e9&quot;,&quot;camera&quot;:&quot;&quot;,&quot;caption&quot;:&quot;&quot;,&quot;created_timestamp&quot;:&quot;1427021583&quot;,&quot;copyright&quot;:&quot;&quot;,&quot;focal_length&quot;:&quot;0&quot;,&quot;iso&quot;:&quot;0&quot;,&quot;shutter_speed&quot;:&quot;0&quot;,&quot;title&quot;:&quot;&quot;,&quot;orientation&quot;:&quot;0&quot;}\" data-image-title=\"conf\u00e9rence &amp;#8211; vivre Compostelle &amp;#8211; publicit\u00e9 (2)\" data-image-description=\"\" data-image-caption=\"\" data-large-file=\"https:\/\/i0.wp.com\/bottesetvelo.com\/blog\/wp-content\/uploads\/2015\/04\/conf%C3%A9rence-vivre-Compostelle-publicit%C3%A9-2.jpg?fit=783%2C579&amp;ssl=1\" class=\"  wp-image-1472 alignright\" src=\"https:\/\/i0.wp.com\/bottesetvelo.com\/blog\/wp-content\/uploads\/2015\/04\/conf%C3%A9rence-vivre-Compostelle-publicit%C3%A9-2.jpg?resize=356%2C263&#038;ssl=1\" alt=\"conf\u00e9rence - vivre Compostelle - publicit\u00e9 (2)\" width=\"356\" height=\"263\" srcset=\"https:\/\/i0.wp.com\/bottesetvelo.com\/blog\/wp-content\/uploads\/2015\/04\/conf%C3%A9rence-vivre-Compostelle-publicit%C3%A9-2.jpg?resize=500%2C370&amp;ssl=1 500w, https:\/\/i0.wp.com\/bottesetvelo.com\/blog\/wp-content\/uploads\/2015\/04\/conf%C3%A9rence-vivre-Compostelle-publicit%C3%A9-2.jpg?resize=624%2C461&amp;ssl=1 624w, https:\/\/i0.wp.com\/bottesetvelo.com\/blog\/wp-content\/uploads\/2015\/04\/conf%C3%A9rence-vivre-Compostelle-publicit%C3%A9-2.jpg?w=783&amp;ssl=1 783w\" sizes=\"auto, (max-width: 356px) 100vw, 356px\" \/><\/a>Nous vous rappelons que <span style=\"color: #000080;\">Bottes et V\u00e9lo<\/span> offrira une <span style=\"color: #800000;\">conf\u00e9rence intitul\u00e9e: \u00ab\u00a0Vivre Compostelle\u00a0\u00bb<\/span>.<\/p>\n<p>Cette conf\u00e9rence aura lieu ce <span style=\"color: #800000;\">mardi, 7 avril, \u00e0 19h30<\/span>, au <span style=\"color: #800000;\">caf\u00e9-bistro Au Coin du Monde<\/span>, 135 rue St-Jean-Baptiste Est, <span style=\"color: #800000;\">Montmagny<\/span>. <a href=\"http:\/\/www.aucoindumonde.ca\/\" target=\"_blank\" rel=\"nofollow\">http:\/\/www.aucoindumonde.ca\/<\/a><\/h3>\n<h3><a href=\"https:\/\/i0.wp.com\/bottesetvelo.com\/blog\/wp-content\/uploads\/2014\/01\/Bottes-et-V%C3%A9lo-Embl%C3%AAme.jpg?ssl=1\"><img data-recalc-dims=\"1\" loading=\"lazy\" decoding=\"async\" data-attachment-id=\"14\" data-permalink=\"https:\/\/bottesetvelo.com\/blog\/bottes-et-velo-le-blog\/bottes-et-velo-embleme\/\" data-orig-file=\"https:\/\/i0.wp.com\/bottesetvelo.com\/blog\/wp-content\/uploads\/2014\/01\/Bottes-et-V%C3%A9lo-Embl%C3%AAme-e1454083414631.jpg?fit=100%2C79&amp;ssl=1\" data-orig-size=\"100,79\" data-comments-opened=\"1\" data-image-meta=\"{&quot;aperture&quot;:&quot;0&quot;,&quot;credit&quot;:&quot;&quot;,&quot;camera&quot;:&quot;&quot;,&quot;caption&quot;:&quot;&quot;,&quot;created_timestamp&quot;:&quot;0&quot;,&quot;copyright&quot;:&quot;&quot;,&quot;focal_length&quot;:&quot;0&quot;,&quot;iso&quot;:&quot;0&quot;,&quot;shutter_speed&quot;:&quot;0&quot;,&quot;title&quot;:&quot;&quot;}\" data-image-title=\"Bottes et V\u00e9lo &amp;#8211; Embl\u00eame\" data-image-description=\"\" data-image-caption=\"\" data-large-file=\"https:\/\/i0.wp.com\/bottesetvelo.com\/blog\/wp-content\/uploads\/2014\/01\/Bottes-et-V%C3%A9lo-Embl%C3%AAme-e1454083414631.jpg?fit=100%2C79&amp;ssl=1\" class=\"  wp-image-14 alignright\" src=\"https:\/\/i0.wp.com\/bottesetvelo.com\/blog\/wp-content\/uploads\/2014\/01\/Bottes-et-V%C3%A9lo-Embl%C3%AAme.jpg?resize=71%2C56&#038;ssl=1\" alt=\"Bottes et V\u00e9lo - Embl\u00eame\" width=\"71\" height=\"56\" \/><\/a>Nous vous invitons \u00e0 venir nous rencontrer. Au plaisir!<br \/>\n\u00c9ric Lalibert\u00e9 et Brigitte Harouni<\/h3>\n","protected":false},"excerpt":{"rendered":"<p>Nous vous rappelons que Bottes et V\u00e9lo offrira une conf\u00e9rence intitul\u00e9e: \u00ab\u00a0Vivre Compostelle\u00a0\u00bb. Cette conf\u00e9rence aura lieu ce mardi, 7 avril, \u00e0 19h30, au caf\u00e9-bistro Au Coin du Monde, 135 rue St-Jean-Baptiste Est, Montmagny. http:\/\/www.aucoindumonde.ca\/ Nous vous invitons \u00e0 venir nous rencontrer. Au plaisir! \u00c9ric Lalibert\u00e9 et Brigitte Harouni<\/p>\n","protected":false},"author":1,"featured_media":0,"comment_status":"open","ping_status":"open","sticky":false,"template":"","format":"standard","meta":{"jetpack_post_was_ever_published":false,"_jetpack_newsletter_access":"","_jetpack_dont_email_post_to_subs":false,"_jetpack_newsletter_tier_id":0,"_jetpack_memberships_contains_paywalled_content":false,"_jetpack_memberships_contains_paid_content":false,"footnotes":"","jetpack_publicize_message":"","jetpack_publicize_feature_enabled":true,"jetpack_social_post_already_shared":true,"jetpack_social_options":{"image_generator_settings":{"template":"highway","default_image_id":0,"font":"","enabled":false},"version":2}},"categories":[56],"tags":[199,80,126,200],"class_list":["post-1471","post","type-post","status-publish","format-standard","hentry","category-activites","tag-au-coin-du-monde","tag-compostelle","tag-conference","tag-vivre"],"jetpack_publicize_connections":[],"jetpack_featured_media_url":"","jetpack_shortlink":"https:\/\/wp.me\/p4eY6z-nJ","jetpack_sharing_enabled":true,"jetpack_likes_enabled":true,"jetpack-related-posts":[],"_links":{"self":[{"href":"https:\/\/bottesetvelo.com\/blog\/wp-json\/wp\/v2\/posts\/1471","targetHints":{"allow":["GET"]}}],"collection":[{"href":"https:\/\/bottesetvelo.com\/blog\/wp-json\/wp\/v2\/posts"}],"about":[{"href":"https:\/\/bottesetvelo.com\/blog\/wp-json\/wp\/v2\/types\/post"}],"author":[{"embeddable":true,"href":"https:\/\/bottesetvelo.com\/blog\/wp-json\/wp\/v2\/users\/1"}],"replies":[{"embeddable":true,"href":"https:\/\/bottesetvelo.com\/blog\/wp-json\/wp\/v2\/comments?post=1471"}],"version-history":[{"count":1,"href":"https:\/\/bottesetvelo.com\/blog\/wp-json\/wp\/v2\/posts\/1471\/revisions"}],"predecessor-version":[{"id":1473,"href":"https:\/\/bottesetvelo.com\/blog\/wp-json\/wp\/v2\/posts\/1471\/revisions\/1473"}],"wp:attachment":[{"href":"https:\/\/bottesetvelo.com\/blog\/wp-json\/wp\/v2\/media?parent=1471"}],"wp:term":[{"taxonomy":"category","embeddable":true,"href":"https:\/\/bottesetvelo.com\/blog\/wp-json\/wp\/v2\/categories?post=1471"},{"taxonomy":"post_tag","embeddable":true,"href":"https:\/\/bottesetvelo.com\/blog\/wp-json\/wp\/v2\/tags?post=1471"}],"curies":[{"name":"wp","href":"https:\/\/api.w.org\/{rel}","templated":true}]}}