{"id":1462,"date":"2015-04-03T18:35:29","date_gmt":"2015-04-03T22:35:29","guid":{"rendered":"http:\/\/bottesetvelo.com\/blog\/?p=1462"},"modified":"2015-04-03T18:35:29","modified_gmt":"2015-04-03T22:35:29","slug":"le-pelerinage-un-passage-par-le-vide","status":"publish","type":"post","link":"https:\/\/bottesetvelo.com\/blog\/2015\/04\/03\/le-pelerinage-un-passage-par-le-vide\/","title":{"rendered":"Le p\u00e8lerinage : un passage par le vide"},"content":{"rendered":"<h6 style=\"text-align: right;\"><em>\u00ab Quand les talons claquent, l&rsquo;esprit se vide. \u00bb<\/em><br \/>\n<em>Louis Hubert Lyautey<\/em><\/h6>\n<p style=\"text-align: justify;\"><a href=\"https:\/\/i0.wp.com\/bottesetvelo.com\/blog\/wp-content\/uploads\/2015\/04\/2014-07-24-11.37.55.jpg?ssl=1\"><img data-recalc-dims=\"1\" loading=\"lazy\" decoding=\"async\" data-attachment-id=\"1464\" data-permalink=\"https:\/\/bottesetvelo.com\/blog\/2015\/04\/03\/le-pelerinage-un-passage-par-le-vide\/2014-07-24-11-37-55-2\/\" data-orig-file=\"https:\/\/i0.wp.com\/bottesetvelo.com\/blog\/wp-content\/uploads\/2015\/04\/2014-07-24-11.37.55.jpg?fit=3264%2C2448&amp;ssl=1\" data-orig-size=\"3264,2448\" data-comments-opened=\"1\" data-image-meta=\"{&quot;aperture&quot;:&quot;2.6&quot;,&quot;credit&quot;:&quot;&quot;,&quot;camera&quot;:&quot;SGH-I747M&quot;,&quot;caption&quot;:&quot;&quot;,&quot;created_timestamp&quot;:&quot;1406201875&quot;,&quot;copyright&quot;:&quot;&quot;,&quot;focal_length&quot;:&quot;3.7&quot;,&quot;iso&quot;:&quot;50&quot;,&quot;shutter_speed&quot;:&quot;0.000618811881188&quot;,&quot;title&quot;:&quot;&quot;,&quot;orientation&quot;:&quot;1&quot;}\" data-image-title=\"2014-07-24 11.37.55\" data-image-description=\"\" data-image-caption=\"\" data-large-file=\"https:\/\/i0.wp.com\/bottesetvelo.com\/blog\/wp-content\/uploads\/2015\/04\/2014-07-24-11.37.55.jpg?fit=1024%2C768&amp;ssl=1\" class=\"  alignright wp-image-1464\" src=\"https:\/\/i0.wp.com\/bottesetvelo.com\/blog\/wp-content\/uploads\/2015\/04\/2014-07-24-11.37.55.jpg?resize=300%2C225&#038;ssl=1\" alt=\"Baie-des-Sables\" width=\"300\" height=\"225\" srcset=\"https:\/\/i0.wp.com\/bottesetvelo.com\/blog\/wp-content\/uploads\/2015\/04\/2014-07-24-11.37.55.jpg?resize=500%2C375&amp;ssl=1 500w, https:\/\/i0.wp.com\/bottesetvelo.com\/blog\/wp-content\/uploads\/2015\/04\/2014-07-24-11.37.55.jpg?resize=1024%2C768&amp;ssl=1 1024w, https:\/\/i0.wp.com\/bottesetvelo.com\/blog\/wp-content\/uploads\/2015\/04\/2014-07-24-11.37.55.jpg?resize=624%2C468&amp;ssl=1 624w, https:\/\/i0.wp.com\/bottesetvelo.com\/blog\/wp-content\/uploads\/2015\/04\/2014-07-24-11.37.55.jpg?w=2340&amp;ssl=1 2340w\" sizes=\"auto, (max-width: 300px) 100vw, 300px\" \/><\/a> P\u00e2ques signifie passage. Un passage apr\u00e8s une longue p\u00e9riode de d\u00e9pouillement. S\u2019il est une c\u00e9l\u00e9bration qui devrait \u00eatre significative pour tout p\u00e8lerin, c\u2019est P\u00e2ques. Cette fin de semaine, plusieurs d\u2019entre nous souligneront par habitude ou par tradition, voire m\u00eame obligation, cette f\u00eate. Nous nous retrouverons en famille comme nous le faisons \u00e0 No\u00ebl ou \u00e0 la f\u00eate des m\u00e8res. On se donnera des fleurs, des cadeaux et des chocolats avant de reprendre la route du quotidien. Pourtant P\u00e2ques est une f\u00eate riche en symbolique qui m\u00e9rite qu\u2019on fasse une pause dans notre course contre la vie pour en saisir le message qui, bien que religieux, est avant tout humain.<\/p>\n<p style=\"text-align: justify;\">L\u2019origine de P\u00e2ques provient de la f\u00eate juive \u00abPessa\u2019h\u00bb ou \u00abPassover\u00bb (en anglais) qui signifie passage et symbolise la transition. Pour le peuple juif, c\u2019est la nouvelle vie qui commence apr\u00e8s 40 ann\u00e9es d\u2019errance dans le d\u00e9sert. C\u2019est cette br\u00e8che qui s\u2019ouvre dans la mer Rouge pour les lib\u00e9rer de l\u2019esclavage et les diriger vers la Terre promise, cette promesse d\u2019une vie meilleure. Pour les Chr\u00e9tiens, c\u2019est la d\u00e9couverte du tombeau vide et la r\u00e9surrection de J\u00e9sus. Ce retour \u00e0 la vie que le peuple a longtemps soulign\u00e9e en faisant un car\u00eame de 40 jours avant les festivit\u00e9s de P\u00e2ques.<\/p>\n<p style=\"text-align: justify;\">Quelle que soit la religion, le message transmis demeure le m\u00eame : pour que puisse na\u00eetre la vie, pour qu\u2019un mieux-\u00eatre puisse \u00e9merger, il faut lui faire de la place. La p\u00e9riode de car\u00eame, tout comme celle du d\u00e9sert, tout comme le tombeau vide, symbolise le d\u00e9pouillement mat\u00e9riel, la privation d\u2019exc\u00e8s, la solitude, le silence. Une petite mort. Une fin. <a href=\"https:\/\/i0.wp.com\/bottesetvelo.com\/blog\/wp-content\/uploads\/2015\/04\/%C3%89t%C3%A9-2009-231.jpg?ssl=1\"><img data-recalc-dims=\"1\" loading=\"lazy\" decoding=\"async\" data-attachment-id=\"1465\" data-permalink=\"https:\/\/bottesetvelo.com\/blog\/2015\/04\/03\/le-pelerinage-un-passage-par-le-vide\/ete-2009-231\/\" data-orig-file=\"https:\/\/i0.wp.com\/bottesetvelo.com\/blog\/wp-content\/uploads\/2015\/04\/%C3%89t%C3%A9-2009-231.jpg?fit=2560%2C1920&amp;ssl=1\" data-orig-size=\"2560,1920\" data-comments-opened=\"1\" data-image-meta=\"{&quot;aperture&quot;:&quot;5.6&quot;,&quot;credit&quot;:&quot;&quot;,&quot;camera&quot;:&quot;DMC-LZ2&quot;,&quot;caption&quot;:&quot;&quot;,&quot;created_timestamp&quot;:&quot;1249126542&quot;,&quot;copyright&quot;:&quot;&quot;,&quot;focal_length&quot;:&quot;6.1&quot;,&quot;iso&quot;:&quot;80&quot;,&quot;shutter_speed&quot;:&quot;0.0025&quot;,&quot;title&quot;:&quot;&quot;,&quot;orientation&quot;:&quot;1&quot;}\" data-image-title=\"\u00c9t\u00e9 2009 231\" data-image-description=\"\" data-image-caption=\"\" data-large-file=\"https:\/\/i0.wp.com\/bottesetvelo.com\/blog\/wp-content\/uploads\/2015\/04\/%C3%89t%C3%A9-2009-231.jpg?fit=1024%2C768&amp;ssl=1\" class=\"  alignright wp-image-1465\" src=\"https:\/\/i0.wp.com\/bottesetvelo.com\/blog\/wp-content\/uploads\/2015\/04\/%C3%89t%C3%A9-2009-231.jpg?resize=300%2C225&#038;ssl=1\" alt=\"Les Iles de la Madelaine\" width=\"300\" height=\"225\" srcset=\"https:\/\/i0.wp.com\/bottesetvelo.com\/blog\/wp-content\/uploads\/2015\/04\/%C3%89t%C3%A9-2009-231.jpg?resize=500%2C375&amp;ssl=1 500w, https:\/\/i0.wp.com\/bottesetvelo.com\/blog\/wp-content\/uploads\/2015\/04\/%C3%89t%C3%A9-2009-231.jpg?resize=1024%2C768&amp;ssl=1 1024w, https:\/\/i0.wp.com\/bottesetvelo.com\/blog\/wp-content\/uploads\/2015\/04\/%C3%89t%C3%A9-2009-231.jpg?resize=624%2C468&amp;ssl=1 624w, https:\/\/i0.wp.com\/bottesetvelo.com\/blog\/wp-content\/uploads\/2015\/04\/%C3%89t%C3%A9-2009-231.jpg?w=2340&amp;ssl=1 2340w\" sizes=\"auto, (max-width: 300px) 100vw, 300px\" \/><\/a>C\u2019est cet apprentissage que le p\u00e8lerin fera tout au long de sa route : accepter et accueillir ce vide et ce silence int\u00e9rieur. En ressentir l\u2019inconfort. L\u2019apprivoiser. L\u2019habiter. Car c\u2019est de l\u00e0 que va rena\u00eetre la vie. Le p\u00e8lerin se d\u00e9sencombre mat\u00e9riellement et mentalement. Il fait un m\u00e9nage int\u00e9rieur pour avoir l\u2019espace pour accueillir ce nouveau qui tente de na\u00eetre. Il accepte que certaines choses meurent et se terminent pour que le nouveau prenne forme.<\/p>\n<p style=\"text-align: justify;\">Autre fait particulier : P\u00e2ques, contrairement aux autres f\u00eates du calendrier, n\u2019est pas \u00e0 une date fixe. Le jour de P\u00e2ques est d\u00e9termin\u00e9 en fonction du cycle lunaire, de la pleine lune. Et chaque ann\u00e9e, P\u00e2ques arrive avec le printemps. La vie est mouvement. Elle s\u2019accorde avec les forces qui l\u2019entourent, avec la nature. C\u2019est un tout. Et chacun saura y trouver sa r\u00e9ponse lorsque son moment sera venu. Le p\u00e8lerin chemine vers ce moment o\u00f9 il vivra en harmonie avec le monde ext\u00e9rieur, dans un rythme naturel. Il se r\u00e9veillera aux chants des oiseaux, mangera quand il aura faim, s\u2019arr\u00eatera lorsqu\u2019il aura besoin d\u2019une pause, se rafra\u00eechira lorsqu\u2019il fait chaud, se couchera avec le soleil. Il go\u00fbte alors \u00e0 la simplicit\u00e9 de la vie et du peu qu\u2019il faut pour \u00eatre bien. Il r\u00e9alise que le bien-\u00eatre n\u2019est pas mat\u00e9riel, ni mat\u00e9rialisable. <a href=\"https:\/\/i0.wp.com\/bottesetvelo.com\/blog\/wp-content\/uploads\/2015\/04\/2015-01-25-16.23.07.jpg?ssl=1\"><img data-recalc-dims=\"1\" loading=\"lazy\" decoding=\"async\" data-attachment-id=\"1466\" data-permalink=\"https:\/\/bottesetvelo.com\/blog\/2015\/04\/03\/le-pelerinage-un-passage-par-le-vide\/2015-01-25-16-23-07\/\" data-orig-file=\"https:\/\/i0.wp.com\/bottesetvelo.com\/blog\/wp-content\/uploads\/2015\/04\/2015-01-25-16.23.07.jpg?fit=3054%2C2173&amp;ssl=1\" data-orig-size=\"3054,2173\" data-comments-opened=\"1\" data-image-meta=\"{&quot;aperture&quot;:&quot;2.6&quot;,&quot;credit&quot;:&quot;&quot;,&quot;camera&quot;:&quot;SGH-I747M&quot;,&quot;caption&quot;:&quot;&quot;,&quot;created_timestamp&quot;:&quot;1422202987&quot;,&quot;copyright&quot;:&quot;&quot;,&quot;focal_length&quot;:&quot;3.7&quot;,&quot;iso&quot;:&quot;50&quot;,&quot;shutter_speed&quot;:&quot;0.0045871559633&quot;,&quot;title&quot;:&quot;&quot;,&quot;orientation&quot;:&quot;1&quot;}\" data-image-title=\"2015-01-25 16.23.07\" data-image-description=\"\" data-image-caption=\"\" data-large-file=\"https:\/\/i0.wp.com\/bottesetvelo.com\/blog\/wp-content\/uploads\/2015\/04\/2015-01-25-16.23.07.jpg?fit=1024%2C729&amp;ssl=1\" class=\"  alignright wp-image-1466\" src=\"https:\/\/i0.wp.com\/bottesetvelo.com\/blog\/wp-content\/uploads\/2015\/04\/2015-01-25-16.23.07.jpg?resize=300%2C213&#038;ssl=1\" alt=\"St-Michel-de-Bellechasse\" width=\"300\" height=\"213\" srcset=\"https:\/\/i0.wp.com\/bottesetvelo.com\/blog\/wp-content\/uploads\/2015\/04\/2015-01-25-16.23.07.jpg?resize=500%2C356&amp;ssl=1 500w, https:\/\/i0.wp.com\/bottesetvelo.com\/blog\/wp-content\/uploads\/2015\/04\/2015-01-25-16.23.07.jpg?resize=1024%2C729&amp;ssl=1 1024w, https:\/\/i0.wp.com\/bottesetvelo.com\/blog\/wp-content\/uploads\/2015\/04\/2015-01-25-16.23.07.jpg?resize=624%2C444&amp;ssl=1 624w, https:\/\/i0.wp.com\/bottesetvelo.com\/blog\/wp-content\/uploads\/2015\/04\/2015-01-25-16.23.07.jpg?w=2340&amp;ssl=1 2340w\" sizes=\"auto, (max-width: 300px) 100vw, 300px\" \/><\/a>C\u2019est un \u00e9tat qui fleurit en lui lorsqu\u2019il lui offre le terreau qu\u2019il lui faut. Le printemps, c\u2019est la vie qui reprend apr\u00e8s les longs mois d\u2019hiver. L\u2019hiver, c\u2019est l\u2019absence d\u2019odeurs, de couleurs, de bruit, de mouvement et de chaleur. Tout y est \u00e9touff\u00e9 et endormi. Le p\u00e8lerin est celui qui est en qu\u00eate de son printemps int\u00e9rieur.<\/p>\n<p style=\"text-align: justify;\">Dans quelques jours ce sera P\u00e2ques. Que f\u00eaterez-vous? Quelle est votre renaissance? Quelle est votre saison int\u00e9rieure?<a href=\"https:\/\/i0.wp.com\/bottesetvelo.com\/blog\/wp-content\/uploads\/2014\/01\/Bottes-et-V%C3%A9lo-Embl%C3%AAme.jpg?ssl=1\"><img data-recalc-dims=\"1\" loading=\"lazy\" decoding=\"async\" data-attachment-id=\"14\" data-permalink=\"https:\/\/bottesetvelo.com\/blog\/bottes-et-velo-le-blog\/bottes-et-velo-embleme\/\" data-orig-file=\"https:\/\/i0.wp.com\/bottesetvelo.com\/blog\/wp-content\/uploads\/2014\/01\/Bottes-et-V%C3%A9lo-Embl%C3%AAme-e1454083414631.jpg?fit=100%2C79&amp;ssl=1\" data-orig-size=\"100,79\" data-comments-opened=\"1\" data-image-meta=\"{&quot;aperture&quot;:&quot;0&quot;,&quot;credit&quot;:&quot;&quot;,&quot;camera&quot;:&quot;&quot;,&quot;caption&quot;:&quot;&quot;,&quot;created_timestamp&quot;:&quot;0&quot;,&quot;copyright&quot;:&quot;&quot;,&quot;focal_length&quot;:&quot;0&quot;,&quot;iso&quot;:&quot;0&quot;,&quot;shutter_speed&quot;:&quot;0&quot;,&quot;title&quot;:&quot;&quot;}\" data-image-title=\"Bottes et V\u00e9lo &amp;#8211; Embl\u00eame\" data-image-description=\"\" data-image-caption=\"\" data-large-file=\"https:\/\/i0.wp.com\/bottesetvelo.com\/blog\/wp-content\/uploads\/2014\/01\/Bottes-et-V%C3%A9lo-Embl%C3%AAme-e1454083414631.jpg?fit=100%2C79&amp;ssl=1\" class=\"  wp-image-14 alignright\" src=\"https:\/\/i0.wp.com\/bottesetvelo.com\/blog\/wp-content\/uploads\/2014\/01\/Bottes-et-V%C3%A9lo-Embl%C3%AAme.jpg?resize=65%2C51&#038;ssl=1\" alt=\"Bottes et V\u00e9lo - Embl\u00eame\" width=\"65\" height=\"51\" \/><\/a><\/p>\n<p style=\"text-align: justify;\">Brigitte Harouni<\/p>\n","protected":false},"excerpt":{"rendered":"<p>\u00ab Quand les talons claquent, l&rsquo;esprit se vide. \u00bb Louis Hubert Lyautey P\u00e2ques signifie passage. Un passage apr\u00e8s une longue p\u00e9riode de d\u00e9pouillement. S\u2019il est une c\u00e9l\u00e9bration qui devrait \u00eatre significative pour tout p\u00e8lerin, c\u2019est P\u00e2ques. Cette fin de semaine, plusieurs d\u2019entre nous souligneront par habitude ou par tradition, voire m\u00eame obligation, cette f\u00eate. Nous&hellip;<\/p>\n","protected":false},"author":2,"featured_media":0,"comment_status":"open","ping_status":"open","sticky":false,"template":"","format":"standard","meta":{"jetpack_post_was_ever_published":false,"_jetpack_newsletter_access":"","_jetpack_dont_email_post_to_subs":false,"_jetpack_newsletter_tier_id":0,"_jetpack_memberships_contains_paywalled_content":false,"_jetpack_memberships_contains_paid_content":false,"footnotes":"","jetpack_publicize_message":"","jetpack_publicize_feature_enabled":true,"jetpack_social_post_already_shared":true,"jetpack_social_options":{"image_generator_settings":{"template":"highway","default_image_id":0,"font":"","enabled":false},"version":2}},"categories":[39,3,37],"tags":[196,198,13,20,197],"class_list":["post-1462","post","type-post","status-publish","format-standard","hentry","category-croissance-personnelle","category-reflexions","category-spiritualite-2","tag-paques","tag-passage","tag-pelerinage","tag-spiritualite","tag-transition"],"jetpack_publicize_connections":[],"jetpack_featured_media_url":"","jetpack_shortlink":"https:\/\/wp.me\/p4eY6z-nA","jetpack_sharing_enabled":true,"jetpack_likes_enabled":true,"jetpack-related-posts":[],"_links":{"self":[{"href":"https:\/\/bottesetvelo.com\/blog\/wp-json\/wp\/v2\/posts\/1462","targetHints":{"allow":["GET"]}}],"collection":[{"href":"https:\/\/bottesetvelo.com\/blog\/wp-json\/wp\/v2\/posts"}],"about":[{"href":"https:\/\/bottesetvelo.com\/blog\/wp-json\/wp\/v2\/types\/post"}],"author":[{"embeddable":true,"href":"https:\/\/bottesetvelo.com\/blog\/wp-json\/wp\/v2\/users\/2"}],"replies":[{"embeddable":true,"href":"https:\/\/bottesetvelo.com\/blog\/wp-json\/wp\/v2\/comments?post=1462"}],"version-history":[{"count":5,"href":"https:\/\/bottesetvelo.com\/blog\/wp-json\/wp\/v2\/posts\/1462\/revisions"}],"predecessor-version":[{"id":1467,"href":"https:\/\/bottesetvelo.com\/blog\/wp-json\/wp\/v2\/posts\/1462\/revisions\/1467"}],"wp:attachment":[{"href":"https:\/\/bottesetvelo.com\/blog\/wp-json\/wp\/v2\/media?parent=1462"}],"wp:term":[{"taxonomy":"category","embeddable":true,"href":"https:\/\/bottesetvelo.com\/blog\/wp-json\/wp\/v2\/categories?post=1462"},{"taxonomy":"post_tag","embeddable":true,"href":"https:\/\/bottesetvelo.com\/blog\/wp-json\/wp\/v2\/tags?post=1462"}],"curies":[{"name":"wp","href":"https:\/\/api.w.org\/{rel}","templated":true}]}}