{"id":1446,"date":"2015-03-27T16:56:31","date_gmt":"2015-03-27T20:56:31","guid":{"rendered":"http:\/\/bottesetvelo.com\/blog\/?p=1446"},"modified":"2015-03-27T16:56:31","modified_gmt":"2015-03-27T20:56:31","slug":"la-quete-du-pelerin","status":"publish","type":"post","link":"https:\/\/bottesetvelo.com\/blog\/2015\/03\/27\/la-quete-du-pelerin\/","title":{"rendered":"La qu\u00eate du p\u00e8lerin"},"content":{"rendered":"<p style=\"text-align: justify;\"><a href=\"https:\/\/i0.wp.com\/bottesetvelo.com\/blog\/wp-content\/uploads\/2015\/03\/IMG_00671.jpg?ssl=1\"><img data-recalc-dims=\"1\" loading=\"lazy\" decoding=\"async\" data-attachment-id=\"1450\" data-permalink=\"https:\/\/bottesetvelo.com\/blog\/2015\/03\/27\/la-quete-du-pelerin\/img_0067-2\/\" data-orig-file=\"https:\/\/i0.wp.com\/bottesetvelo.com\/blog\/wp-content\/uploads\/2015\/03\/IMG_00671.jpg?fit=2048%2C1536&amp;ssl=1\" data-orig-size=\"2048,1536\" data-comments-opened=\"1\" data-image-meta=\"{&quot;aperture&quot;:&quot;4.5&quot;,&quot;credit&quot;:&quot;&quot;,&quot;camera&quot;:&quot;Canon PowerShot A510&quot;,&quot;caption&quot;:&quot;&quot;,&quot;created_timestamp&quot;:&quot;1190723556&quot;,&quot;copyright&quot;:&quot;&quot;,&quot;focal_length&quot;:&quot;11.8125&quot;,&quot;iso&quot;:&quot;0&quot;,&quot;shutter_speed&quot;:&quot;0.001&quot;,&quot;title&quot;:&quot;&quot;,&quot;orientation&quot;:&quot;1&quot;}\" data-image-title=\"IMG_0067\" data-image-description=\"\" data-image-caption=\"\" data-large-file=\"https:\/\/i0.wp.com\/bottesetvelo.com\/blog\/wp-content\/uploads\/2015\/03\/IMG_00671.jpg?fit=1024%2C768&amp;ssl=1\" class=\"  wp-image-1450 alignright\" src=\"https:\/\/i0.wp.com\/bottesetvelo.com\/blog\/wp-content\/uploads\/2015\/03\/IMG_00671.jpg?resize=300%2C225&#038;ssl=1\" alt=\"IMG_0067\" width=\"300\" height=\"225\" srcset=\"https:\/\/i0.wp.com\/bottesetvelo.com\/blog\/wp-content\/uploads\/2015\/03\/IMG_00671.jpg?resize=500%2C375&amp;ssl=1 500w, https:\/\/i0.wp.com\/bottesetvelo.com\/blog\/wp-content\/uploads\/2015\/03\/IMG_00671.jpg?resize=1024%2C768&amp;ssl=1 1024w, https:\/\/i0.wp.com\/bottesetvelo.com\/blog\/wp-content\/uploads\/2015\/03\/IMG_00671.jpg?resize=624%2C468&amp;ssl=1 624w, https:\/\/i0.wp.com\/bottesetvelo.com\/blog\/wp-content\/uploads\/2015\/03\/IMG_00671.jpg?w=2048&amp;ssl=1 2048w\" sizes=\"auto, (max-width: 300px) 100vw, 300px\" \/><\/a> L\u2019\u00eatre humain est fait pour \u00eatre heureux. Il y a en chacun de nous, une part qui aspire \u00e0 cet \u00e9tat de pl\u00e9nitude et la qu\u00eate du p\u00e8lerin y est intimement li\u00e9e. Le p\u00e8lerin marche, appel\u00e9 par le bonheur, par la joie de vivre! Cependant, il y a dans l\u2019horizon du p\u00e8lerin une r\u00e9ponse totalement anachronique \u00e0 cet appel. Le p\u00e8lerin part en qu\u00eate du bonheur et, au fil de sa route, le d\u00e9couvre d\u2019une mani\u00e8re inattendue. Il sera compagnon de voyage, il sera en marche vers lui, mais il ne le poss\u00e8dera pas!<\/p>\n<p style=\"text-align: justify;\">Dans notre perp\u00e9tuelle qu\u00eate au bonheur, nous avons tendance \u00e0 associer bonheur et possession. Cependant, cette forme de bonheur par appropriation (s\u2019approprier l\u2019objet, l\u2019instant, les gens) \u00e9veille en nous la peur. D\u00e8s l\u2019instant o\u00f9 nous croyons poss\u00e9der l\u2019objet de notre bien-\u00eatre, s\u2019\u00e9veille alors la peur de le perdre, la peur de souffrir. Lentement, pour ne pas souffrir, j\u2019apprends \u00e0 \u00e9lever des fortifications autour de moi, pour me prot\u00e9ger. J\u2019y entra\u00eene \u00e0 l\u2019int\u00e9rieur ceux et celles qui me sont chers. J\u2019y encha\u00eene ce qui m\u2019est pr\u00e9cieux. Je verrouille \u00e0 double tour et j\u2019y cumule mon bonheur comme un placement en banque. Ce qui m\u2019a rendu heureux aujourd\u2019hui devrait me rendre heureux plus tard\u2026 Pourtant malgr\u00e9 cela, malgr\u00e9 tout ce qui m\u2019entoure, malgr\u00e9 tout ce que je poss\u00e8de, malgr\u00e9 l\u2019assurance de poss\u00e9der, mon bonheur semble se d\u00e9rober continuellement. Quand ce n\u2019est pas lui qui fuit, c\u2019est moi qui semble appel\u00e9 \u00e0 encore plus. Comme si chaque fois que je comblais un vide <a href=\"https:\/\/i0.wp.com\/bottesetvelo.com\/blog\/wp-content\/uploads\/2015\/03\/2009-Compostelle-et-Barcelone-114.jpg?ssl=1\"><img data-recalc-dims=\"1\" loading=\"lazy\" decoding=\"async\" data-attachment-id=\"1449\" data-permalink=\"https:\/\/bottesetvelo.com\/blog\/2015\/03\/27\/la-quete-du-pelerin\/2009-compostelle-et-barcelone-114\/\" data-orig-file=\"https:\/\/i0.wp.com\/bottesetvelo.com\/blog\/wp-content\/uploads\/2015\/03\/2009-Compostelle-et-Barcelone-114.jpg?fit=3648%2C2736&amp;ssl=1\" data-orig-size=\"3648,2736\" data-comments-opened=\"1\" data-image-meta=\"{&quot;aperture&quot;:&quot;4&quot;,&quot;credit&quot;:&quot;&quot;,&quot;camera&quot;:&quot;Canon PowerShot SD890 IS&quot;,&quot;caption&quot;:&quot;&quot;,&quot;created_timestamp&quot;:&quot;1251538895&quot;,&quot;copyright&quot;:&quot;&quot;,&quot;focal_length&quot;:&quot;13.527&quot;,&quot;iso&quot;:&quot;80&quot;,&quot;shutter_speed&quot;:&quot;0.00625&quot;,&quot;title&quot;:&quot;&quot;,&quot;orientation&quot;:&quot;1&quot;}\" data-image-title=\"2009 &amp;#8211; Compostelle et Barcelone 114\" data-image-description=\"\" data-image-caption=\"\" data-large-file=\"https:\/\/i0.wp.com\/bottesetvelo.com\/blog\/wp-content\/uploads\/2015\/03\/2009-Compostelle-et-Barcelone-114.jpg?fit=1024%2C768&amp;ssl=1\" class=\"  wp-image-1449 alignright\" src=\"https:\/\/i0.wp.com\/bottesetvelo.com\/blog\/wp-content\/uploads\/2015\/03\/2009-Compostelle-et-Barcelone-114.jpg?resize=299%2C224&#038;ssl=1\" alt=\"2009 - Compostelle et Barcelone 114\" width=\"299\" height=\"224\" srcset=\"https:\/\/i0.wp.com\/bottesetvelo.com\/blog\/wp-content\/uploads\/2015\/03\/2009-Compostelle-et-Barcelone-114.jpg?resize=500%2C375&amp;ssl=1 500w, https:\/\/i0.wp.com\/bottesetvelo.com\/blog\/wp-content\/uploads\/2015\/03\/2009-Compostelle-et-Barcelone-114.jpg?resize=1024%2C768&amp;ssl=1 1024w, https:\/\/i0.wp.com\/bottesetvelo.com\/blog\/wp-content\/uploads\/2015\/03\/2009-Compostelle-et-Barcelone-114.jpg?resize=624%2C468&amp;ssl=1 624w, https:\/\/i0.wp.com\/bottesetvelo.com\/blog\/wp-content\/uploads\/2015\/03\/2009-Compostelle-et-Barcelone-114.jpg?w=2340&amp;ssl=1 2340w, https:\/\/i0.wp.com\/bottesetvelo.com\/blog\/wp-content\/uploads\/2015\/03\/2009-Compostelle-et-Barcelone-114.jpg?w=3510&amp;ssl=1 3510w\" sizes=\"auto, (max-width: 299px) 100vw, 299px\" \/><\/a>en moi, un autre se cr\u00e9ait. Je ne suis jamais rassasi\u00e9. Il me faut autre chose\u2026 Une nouvelle voiture, un nouveau partenaire, une nouvelle exp\u00e9rience, un nouveau look, un peu plus d\u2019adr\u00e9naline, de luxe, des r\u00e9novations, de la spiritualit\u00e9\u2026 je ne suis jamais combl\u00e9. Le bonheur me semble toujours fuyant. J\u2019ai beau cumuler, accumuler, les honneurs, les richesses, les exp\u00e9riences de toutes sortes, le bonheur est toujours en avant.<\/p>\n<p style=\"text-align: justify;\">Le bonheur se laisse d\u00e9sirer. Il nous attire vers lui, nous tenant dans cette tension qui demande l\u2019effort de <em>tendre vers<\/em>. Il nous incite \u00e0 l\u2019initiative et nous responsabilise. Le bonheur nous attend sur la route, mais demande d\u2019\u00eatre en marche. Et si le bonheur \u00e9tait dans le mouvement?<\/p>\n<p style=\"text-align: justify;\">Celui qui se l\u00e8ve et se met en route, tout comme le p\u00e8lerin, choisit de quitter ses certitudes, sa zone de confort. Il y a quelque chose d\u2019inscrit au plus profond de nous qui nous laisse entrevoir dans l\u2019exercice du p\u00e8lerinage, une r\u00e9ponse possible \u00e0 notre d\u00e9sir de bonheur. Cependant, le p\u00e8lerinage ne fonctionne pas comme notre soci\u00e9t\u00e9. Sur le chemin, le p\u00e8lerin d\u00e9couvre rapidement que l\u2019exercice le pousse \u00e0 se d\u00e9faire de tout. Les difficult\u00e9s physiques l\u2019am\u00e8nent \u00e0 se d\u00e9faire de ses surplus, de ce qu\u2019il croyait n\u00e9cessaire \u00e0 son bien-\u00eatre. Soudainement d\u00e9poss\u00e9d\u00e9 de ce qui engorgeait sa vie et semblait assurer son bonheur, il se surprend \u00e0 \u00eatre heureux. Lib\u00e9r\u00e9 de tout ce superflu, le p\u00e8lerin s\u2019observe et devient attentif \u00e0 ce qui le faisait souffrir, alourdissait sa vie. Et, contrairement \u00e0 nos habitudes de vie nord-am\u00e9ricaines, moins devient plus : plus de l\u00e9g\u00e8ret\u00e9, plus de plaisir, plus de bien-\u00eatre\u2026<a href=\"https:\/\/i0.wp.com\/bottesetvelo.com\/blog\/wp-content\/uploads\/2015\/03\/IMG_1178-3.jpg?ssl=1\"><img data-recalc-dims=\"1\" loading=\"lazy\" decoding=\"async\" data-attachment-id=\"1453\" data-permalink=\"https:\/\/bottesetvelo.com\/blog\/2015\/03\/27\/la-quete-du-pelerin\/img_1178-3-2\/\" data-orig-file=\"https:\/\/i0.wp.com\/bottesetvelo.com\/blog\/wp-content\/uploads\/2015\/03\/IMG_1178-3.jpg?fit=3648%2C2736&amp;ssl=1\" data-orig-size=\"3648,2736\" data-comments-opened=\"1\" data-image-meta=\"{&quot;aperture&quot;:&quot;3.2&quot;,&quot;credit&quot;:&quot;&quot;,&quot;camera&quot;:&quot;Canon PowerShot SD890 IS&quot;,&quot;caption&quot;:&quot;&quot;,&quot;created_timestamp&quot;:&quot;1374138268&quot;,&quot;copyright&quot;:&quot;&quot;,&quot;focal_length&quot;:&quot;6.6&quot;,&quot;iso&quot;:&quot;125&quot;,&quot;shutter_speed&quot;:&quot;0.002&quot;,&quot;title&quot;:&quot;&quot;,&quot;orientation&quot;:&quot;1&quot;}\" data-image-title=\"IMG_1178-3\" data-image-description=\"\" data-image-caption=\"\" data-large-file=\"https:\/\/i0.wp.com\/bottesetvelo.com\/blog\/wp-content\/uploads\/2015\/03\/IMG_1178-3.jpg?fit=1024%2C768&amp;ssl=1\" class=\"  wp-image-1453 alignright\" src=\"https:\/\/i0.wp.com\/bottesetvelo.com\/blog\/wp-content\/uploads\/2015\/03\/IMG_1178-3.jpg?resize=300%2C225&#038;ssl=1\" alt=\"IMG_1178-3\" width=\"300\" height=\"225\" srcset=\"https:\/\/i0.wp.com\/bottesetvelo.com\/blog\/wp-content\/uploads\/2015\/03\/IMG_1178-3.jpg?resize=500%2C375&amp;ssl=1 500w, https:\/\/i0.wp.com\/bottesetvelo.com\/blog\/wp-content\/uploads\/2015\/03\/IMG_1178-3.jpg?resize=1024%2C768&amp;ssl=1 1024w, https:\/\/i0.wp.com\/bottesetvelo.com\/blog\/wp-content\/uploads\/2015\/03\/IMG_1178-3.jpg?resize=624%2C468&amp;ssl=1 624w, https:\/\/i0.wp.com\/bottesetvelo.com\/blog\/wp-content\/uploads\/2015\/03\/IMG_1178-3.jpg?w=2340&amp;ssl=1 2340w, https:\/\/i0.wp.com\/bottesetvelo.com\/blog\/wp-content\/uploads\/2015\/03\/IMG_1178-3.jpg?w=3510&amp;ssl=1 3510w\" sizes=\"auto, (max-width: 300px) 100vw, 300px\" \/><\/a><\/p>\n<p style=\"text-align: justify;\">Cette dynamique (sans n\u00e9cessairement en avoir conscience) anime le p\u00e8lerin tout au long de sa marche. Il l\u2019apprivoise et elle l\u2019appelle, le pousse en avant, l\u2019attire. Lentement, pas apr\u00e8s pas, il d\u00e9couvre que souffrance et bonheur marchent ensemble. La premi\u00e8re me signalant que je m\u2019\u00e9loigne de l\u2019autre. Sensible \u00e0 cette r\u00e9alit\u00e9 qui s\u2019\u00e9veille, le p\u00e8lerin devient alors bienveillant envers lui-m\u00eame. Le bonheur marche avec lui o\u00f9 l\u2019attend au prochain carrefour, mais n\u2019est jamais bien loin! Et lorsqu\u2019il s\u2019absente, c\u2019est pour se faire d\u00e9sirer. Le bonheur devient itin\u00e9raire \u00e0 suivre. Il se rencontre, il accompagne, il se traverse, mais jamais ne s\u2019enferme. Je m\u2019illusionne si je crois pouvoir me l\u2019approprier.<\/p>\n<p style=\"text-align: justify;\"><em>\u00ab Hit the road Jack! And don\u2019t you come back no more. \u00bb<\/em> Prends la route Jack! Et ne reviens plus jamais, disait la chanson. Quitte ce vieux toi, cette part de toi qui te poss\u00e8de, t\u2019enferme, te rend malheureux et n\u2019y reviens plus jamais! Laisse-toi toucher par le chemin, par la Vie, laisse-toi transformer. Et si le bonheur \u00e9tait dans cette audace du p\u00e8lerin \u00e0 sortir de ses enfermements?<a href=\"https:\/\/i0.wp.com\/bottesetvelo.com\/blog\/wp-content\/uploads\/2015\/03\/Fl%C3%AAche-bleue-sur-roche.jpg?ssl=1\"><img data-recalc-dims=\"1\" loading=\"lazy\" decoding=\"async\" data-attachment-id=\"1454\" data-permalink=\"https:\/\/bottesetvelo.com\/blog\/2015\/03\/27\/la-quete-du-pelerin\/fleche-bleue-sur-roche\/\" data-orig-file=\"https:\/\/i0.wp.com\/bottesetvelo.com\/blog\/wp-content\/uploads\/2015\/03\/Fl%C3%AAche-bleue-sur-roche.jpg?fit=524%2C392&amp;ssl=1\" data-orig-size=\"524,392\" data-comments-opened=\"1\" data-image-meta=\"{&quot;aperture&quot;:&quot;0&quot;,&quot;credit&quot;:&quot;\\u00c9ric Lalibert\\u00e9&quot;,&quot;camera&quot;:&quot;&quot;,&quot;caption&quot;:&quot;&quot;,&quot;created_timestamp&quot;:&quot;1385297828&quot;,&quot;copyright&quot;:&quot;&quot;,&quot;focal_length&quot;:&quot;0&quot;,&quot;iso&quot;:&quot;0&quot;,&quot;shutter_speed&quot;:&quot;0&quot;,&quot;title&quot;:&quot;&quot;,&quot;orientation&quot;:&quot;0&quot;}\" data-image-title=\"Fl\u00eache bleue sur roche\" data-image-description=\"\" data-image-caption=\"\" data-large-file=\"https:\/\/i0.wp.com\/bottesetvelo.com\/blog\/wp-content\/uploads\/2015\/03\/Fl%C3%AAche-bleue-sur-roche.jpg?fit=524%2C392&amp;ssl=1\" class=\"  wp-image-1454 alignright\" src=\"https:\/\/i0.wp.com\/bottesetvelo.com\/blog\/wp-content\/uploads\/2015\/03\/Fl%C3%AAche-bleue-sur-roche.jpg?resize=299%2C224&#038;ssl=1\" alt=\"Fl\u00eache bleue sur roche\" width=\"299\" height=\"224\" srcset=\"https:\/\/i0.wp.com\/bottesetvelo.com\/blog\/wp-content\/uploads\/2015\/03\/Fl%C3%AAche-bleue-sur-roche.jpg?resize=500%2C374&amp;ssl=1 500w, https:\/\/i0.wp.com\/bottesetvelo.com\/blog\/wp-content\/uploads\/2015\/03\/Fl%C3%AAche-bleue-sur-roche.jpg?w=524&amp;ssl=1 524w\" sizes=\"auto, (max-width: 299px) 100vw, 299px\" \/><\/a> Se trouver d\u00e9poss\u00e9der pour trouver l\u2019abondance, la satisfaction? Habiter ce vide, ce manque, au c\u0153ur de notre \u00eatre, comme un enfant qui s\u2019ennuie, qui n\u2019a rien pour jouer\u2026 C\u2019est dans ce vide que naissent les belles histoires et la cr\u00e9ativit\u00e9. C\u2019est dans ce vide que loge l\u2019\u00e9merveillement. C\u2019est dans ce vide que je m\u2019efforce d\u2019aller \u00e0 la rencontre de l\u2019autre parce que je suis confront\u00e9 \u00e0 ma solitude. C\u2019est dans cet espace libre que circule la Vie, que Dieu se fait entendre\u2026<\/p>\n<p style=\"text-align: justify;\">La qu\u00eate du p\u00e8lerin nous met en marche, nous tire en avant. Elle nous incite \u00e0 prendre la route en vue d\u2019un meilleur et chacun de nos pas s\u2019inscrit alors dans le bonheur. Un bonheur qui ne se poss\u00e8de pas. Il faut marcher vers lui, avec lui. Le bonheur se poursuit, c\u2019est \u00e7a qui rend heureux.<a href=\"https:\/\/i0.wp.com\/bottesetvelo.com\/blog\/wp-content\/uploads\/2014\/01\/Bottes-et-V%C3%A9lo-Embl%C3%AAme.jpg?ssl=1\"><img data-recalc-dims=\"1\" loading=\"lazy\" decoding=\"async\" data-attachment-id=\"14\" data-permalink=\"https:\/\/bottesetvelo.com\/blog\/bottes-et-velo-le-blog\/bottes-et-velo-embleme\/\" data-orig-file=\"https:\/\/i0.wp.com\/bottesetvelo.com\/blog\/wp-content\/uploads\/2014\/01\/Bottes-et-V%C3%A9lo-Embl%C3%AAme-e1454083414631.jpg?fit=100%2C79&amp;ssl=1\" data-orig-size=\"100,79\" data-comments-opened=\"1\" data-image-meta=\"{&quot;aperture&quot;:&quot;0&quot;,&quot;credit&quot;:&quot;&quot;,&quot;camera&quot;:&quot;&quot;,&quot;caption&quot;:&quot;&quot;,&quot;created_timestamp&quot;:&quot;0&quot;,&quot;copyright&quot;:&quot;&quot;,&quot;focal_length&quot;:&quot;0&quot;,&quot;iso&quot;:&quot;0&quot;,&quot;shutter_speed&quot;:&quot;0&quot;,&quot;title&quot;:&quot;&quot;}\" data-image-title=\"Bottes et V\u00e9lo &amp;#8211; Embl\u00eame\" data-image-description=\"\" data-image-caption=\"\" data-large-file=\"https:\/\/i0.wp.com\/bottesetvelo.com\/blog\/wp-content\/uploads\/2014\/01\/Bottes-et-V%C3%A9lo-Embl%C3%AAme-e1454083414631.jpg?fit=100%2C79&amp;ssl=1\" class=\"  wp-image-14 alignright\" src=\"https:\/\/i0.wp.com\/bottesetvelo.com\/blog\/wp-content\/uploads\/2014\/01\/Bottes-et-V%C3%A9lo-Embl%C3%AAme.jpg?resize=55%2C43&#038;ssl=1\" alt=\"Bottes et V\u00e9lo - Embl\u00eame\" width=\"55\" height=\"43\" \/><\/a><\/p>\n<p style=\"text-align: justify;\">\u00c9ric Lalibert\u00e9<\/p>\n","protected":false},"excerpt":{"rendered":"<p>L\u2019\u00eatre humain est fait pour \u00eatre heureux. Il y a en chacun de nous, une part qui aspire \u00e0 cet \u00e9tat de pl\u00e9nitude et la qu\u00eate du p\u00e8lerin y est intimement li\u00e9e. Le p\u00e8lerin marche, appel\u00e9 par le bonheur, par la joie de vivre! Cependant, il y a dans l\u2019horizon du p\u00e8lerin une r\u00e9ponse totalement&hellip;<\/p>\n","protected":false},"author":3,"featured_media":0,"comment_status":"open","ping_status":"open","sticky":false,"template":"","format":"standard","meta":{"jetpack_post_was_ever_published":false,"_jetpack_newsletter_access":"","_jetpack_dont_email_post_to_subs":false,"_jetpack_newsletter_tier_id":0,"_jetpack_memberships_contains_paywalled_content":false,"_jetpack_memberships_contains_paid_content":false,"footnotes":"","jetpack_publicize_message":"La qu\u00eate du p\u00e8lerin","jetpack_publicize_feature_enabled":true,"jetpack_social_post_already_shared":true,"jetpack_social_options":{"image_generator_settings":{"template":"highway","default_image_id":0,"font":"","enabled":false},"version":2}},"categories":[166],"tags":[109,168,193,195,14,13,194,124],"class_list":["post-1446","post","type-post","status-publish","format-standard","hentry","category-demarche-du-pelerin","tag-bonheur","tag-demarche-du-pelerin","tag-exercices","tag-joie-de-vivre","tag-marche","tag-pelerinage","tag-peur","tag-souffrance"],"jetpack_publicize_connections":[],"jetpack_featured_media_url":"","jetpack_shortlink":"https:\/\/wp.me\/p4eY6z-nk","jetpack_sharing_enabled":true,"jetpack_likes_enabled":true,"jetpack-related-posts":[],"_links":{"self":[{"href":"https:\/\/bottesetvelo.com\/blog\/wp-json\/wp\/v2\/posts\/1446","targetHints":{"allow":["GET"]}}],"collection":[{"href":"https:\/\/bottesetvelo.com\/blog\/wp-json\/wp\/v2\/posts"}],"about":[{"href":"https:\/\/bottesetvelo.com\/blog\/wp-json\/wp\/v2\/types\/post"}],"author":[{"embeddable":true,"href":"https:\/\/bottesetvelo.com\/blog\/wp-json\/wp\/v2\/users\/3"}],"replies":[{"embeddable":true,"href":"https:\/\/bottesetvelo.com\/blog\/wp-json\/wp\/v2\/comments?post=1446"}],"version-history":[{"count":4,"href":"https:\/\/bottesetvelo.com\/blog\/wp-json\/wp\/v2\/posts\/1446\/revisions"}],"predecessor-version":[{"id":1456,"href":"https:\/\/bottesetvelo.com\/blog\/wp-json\/wp\/v2\/posts\/1446\/revisions\/1456"}],"wp:attachment":[{"href":"https:\/\/bottesetvelo.com\/blog\/wp-json\/wp\/v2\/media?parent=1446"}],"wp:term":[{"taxonomy":"category","embeddable":true,"href":"https:\/\/bottesetvelo.com\/blog\/wp-json\/wp\/v2\/categories?post=1446"},{"taxonomy":"post_tag","embeddable":true,"href":"https:\/\/bottesetvelo.com\/blog\/wp-json\/wp\/v2\/tags?post=1446"}],"curies":[{"name":"wp","href":"https:\/\/api.w.org\/{rel}","templated":true}]}}