{"id":1439,"date":"2015-03-22T08:19:05","date_gmt":"2015-03-22T12:19:05","guid":{"rendered":"http:\/\/bottesetvelo.com\/blog\/?p=1439"},"modified":"2015-03-22T10:37:48","modified_gmt":"2015-03-22T14:37:48","slug":"dejeuner-causerie-videoclip","status":"publish","type":"post","link":"https:\/\/bottesetvelo.com\/blog\/2015\/03\/22\/dejeuner-causerie-videoclip\/","title":{"rendered":"D\u00e9jeuner-causerie: vid\u00e9oclip"},"content":{"rendered":"<h1><span style=\"color: #333399;\">D\u00e9couvrez les d\u00e9jeuners-causerie de Bottes et V\u00e9lo!<\/span><br \/>\n<span style=\"color: #333399;\"> Prochain rendez-vous: <span style=\"color: #008000;\">Samedi, 18 avril, 9h00<\/span><\/span><br \/>\n<span style=\"color: #333399;\"> Th\u00e8me: <span style=\"color: #008000;\">Les b\u00e2tons de marche ou l&rsquo;art de s&rsquo;appuyer.<\/span><\/span><\/h1>\n<h5><span style=\"color: #993300;\"><em><strong>(Les discussions th\u00e9matiques sont toujours suivies d&rsquo;une p\u00e9riode de questions ouvertes pendant le d\u00e9jeuner.)<\/strong><\/em><\/span><\/h5>\n<h2><span style=\"color: #333399;\">Si le temps nous le permet, nous irons faire quelques exercices pratiques sur la plage de St-Michel.<\/span><\/h2>\n<h2><em><span style=\"color: #333399;\">Bienvenue \u00e0 tous!<\/span><\/em><\/h2>\n<h2><span style=\"color: #333399;\">Pour vous inscrire:<\/span> <a title=\"Inscription aux d\u00e9jeuners-causerie de Bottes et V\u00e9lo\" href=\"http:\/\/bottesetvelo.com\/bottes-et-v\u00e9lo---d\u00e9jeuners-causerie\" target=\"_blank\">http:\/\/bottesetvelo.com\/bottes-et-v\u00e9lo&#8212;d\u00e9jeuners-causerie<\/a><a href=\"https:\/\/i0.wp.com\/bottesetvelo.com\/blog\/wp-content\/uploads\/2014\/01\/Bottes-et-V%C3%A9lo-Embl%C3%AAme.jpg?ssl=1\"><img data-recalc-dims=\"1\" loading=\"lazy\" decoding=\"async\" data-attachment-id=\"14\" data-permalink=\"https:\/\/bottesetvelo.com\/blog\/bottes-et-velo-le-blog\/bottes-et-velo-embleme\/\" data-orig-file=\"https:\/\/i0.wp.com\/bottesetvelo.com\/blog\/wp-content\/uploads\/2014\/01\/Bottes-et-V%C3%A9lo-Embl%C3%AAme-e1454083414631.jpg?fit=100%2C79&amp;ssl=1\" data-orig-size=\"100,79\" data-comments-opened=\"1\" data-image-meta=\"{&quot;aperture&quot;:&quot;0&quot;,&quot;credit&quot;:&quot;&quot;,&quot;camera&quot;:&quot;&quot;,&quot;caption&quot;:&quot;&quot;,&quot;created_timestamp&quot;:&quot;0&quot;,&quot;copyright&quot;:&quot;&quot;,&quot;focal_length&quot;:&quot;0&quot;,&quot;iso&quot;:&quot;0&quot;,&quot;shutter_speed&quot;:&quot;0&quot;,&quot;title&quot;:&quot;&quot;}\" data-image-title=\"Bottes et V\u00e9lo &amp;#8211; Embl\u00eame\" data-image-description=\"\" data-image-caption=\"\" data-large-file=\"https:\/\/i0.wp.com\/bottesetvelo.com\/blog\/wp-content\/uploads\/2014\/01\/Bottes-et-V%C3%A9lo-Embl%C3%AAme-e1454083414631.jpg?fit=100%2C79&amp;ssl=1\" class=\"  wp-image-14 alignright\" src=\"https:\/\/i0.wp.com\/bottesetvelo.com\/blog\/wp-content\/uploads\/2014\/01\/Bottes-et-V%C3%A9lo-Embl%C3%AAme.jpg?resize=71%2C56&#038;ssl=1\" alt=\"Bottes et V\u00e9lo - Embl\u00eame\" width=\"71\" height=\"56\" \/><\/a><\/h2>\n<h2>\u00a0<span style=\"color: #333399;\">\u00c9ric Lalibert\u00e9 et Brigitte Harouni<\/span><\/h2>\n<p><span class=\"embed-youtube\" style=\"text-align:center; display: block;\"><iframe loading=\"lazy\" class=\"youtube-player\" width=\"1170\" height=\"659\" src=\"https:\/\/www.youtube.com\/embed\/WW5B1qpWwZk?version=3&#038;rel=1&#038;showsearch=0&#038;showinfo=1&#038;iv_load_policy=1&#038;fs=1&#038;hl=fr-FR&#038;autohide=2&#038;wmode=transparent\" allowfullscreen=\"true\" style=\"border:0;\" sandbox=\"allow-scripts allow-same-origin allow-popups allow-presentation allow-popups-to-escape-sandbox\"><\/iframe><\/span><\/p>\n","protected":false},"excerpt":{"rendered":"<p>D\u00e9couvrez les d\u00e9jeuners-causerie de Bottes et V\u00e9lo! Prochain rendez-vous: Samedi, 18 avril, 9h00 Th\u00e8me: Les b\u00e2tons de marche ou l&rsquo;art de s&rsquo;appuyer. (Les discussions th\u00e9matiques sont toujours suivies d&rsquo;une p\u00e9riode de questions ouvertes pendant le d\u00e9jeuner.) Si le temps nous le permet, nous irons faire quelques exercices pratiques sur la plage de St-Michel. Bienvenue \u00e0&hellip;<\/p>\n","protected":false},"author":1,"featured_media":0,"comment_status":"open","ping_status":"open","sticky":false,"template":"","format":"standard","meta":{"jetpack_post_was_ever_published":false,"_jetpack_newsletter_access":"","_jetpack_dont_email_post_to_subs":false,"_jetpack_newsletter_tier_id":0,"_jetpack_memberships_contains_paywalled_content":false,"_jetpack_memberships_contains_paid_content":false,"footnotes":"","jetpack_publicize_message":"","jetpack_publicize_feature_enabled":true,"jetpack_social_post_already_shared":true,"jetpack_social_options":{"image_generator_settings":{"template":"highway","default_image_id":0,"font":"","enabled":false},"version":2}},"categories":[56,161],"tags":[18,135],"class_list":["post-1439","post","type-post","status-publish","format-standard","hentry","category-activites","category-dejeuner-causerie","tag-bottes-et-velo","tag-dejeuners-causerie"],"jetpack_publicize_connections":[],"jetpack_featured_media_url":"","jetpack_shortlink":"https:\/\/wp.me\/p4eY6z-nd","jetpack_sharing_enabled":true,"jetpack_likes_enabled":true,"jetpack-related-posts":[],"_links":{"self":[{"href":"https:\/\/bottesetvelo.com\/blog\/wp-json\/wp\/v2\/posts\/1439","targetHints":{"allow":["GET"]}}],"collection":[{"href":"https:\/\/bottesetvelo.com\/blog\/wp-json\/wp\/v2\/posts"}],"about":[{"href":"https:\/\/bottesetvelo.com\/blog\/wp-json\/wp\/v2\/types\/post"}],"author":[{"embeddable":true,"href":"https:\/\/bottesetvelo.com\/blog\/wp-json\/wp\/v2\/users\/1"}],"replies":[{"embeddable":true,"href":"https:\/\/bottesetvelo.com\/blog\/wp-json\/wp\/v2\/comments?post=1439"}],"version-history":[{"count":5,"href":"https:\/\/bottesetvelo.com\/blog\/wp-json\/wp\/v2\/posts\/1439\/revisions"}],"predecessor-version":[{"id":1444,"href":"https:\/\/bottesetvelo.com\/blog\/wp-json\/wp\/v2\/posts\/1439\/revisions\/1444"}],"wp:attachment":[{"href":"https:\/\/bottesetvelo.com\/blog\/wp-json\/wp\/v2\/media?parent=1439"}],"wp:term":[{"taxonomy":"category","embeddable":true,"href":"https:\/\/bottesetvelo.com\/blog\/wp-json\/wp\/v2\/categories?post=1439"},{"taxonomy":"post_tag","embeddable":true,"href":"https:\/\/bottesetvelo.com\/blog\/wp-json\/wp\/v2\/tags?post=1439"}],"curies":[{"name":"wp","href":"https:\/\/api.w.org\/{rel}","templated":true}]}}