{"id":1423,"date":"2015-03-20T16:10:18","date_gmt":"2015-03-20T20:10:18","guid":{"rendered":"http:\/\/bottesetvelo.com\/blog\/?p=1423"},"modified":"2015-03-20T16:10:18","modified_gmt":"2015-03-20T20:10:18","slug":"les-temps-du-pelerinage","status":"publish","type":"post","link":"https:\/\/bottesetvelo.com\/blog\/2015\/03\/20\/les-temps-du-pelerinage\/","title":{"rendered":"Les temps du p\u00e8lerinage"},"content":{"rendered":"<h6 style=\"text-align: right;\"><em>Les d\u00e9fis rendent la vie int\u00e9ressante; les surmonter lui donne un sens.<\/em><br \/>\n<em>Joshua J. Marine<\/em><\/h6>\n<p style=\"text-align: justify;\"><a href=\"https:\/\/i0.wp.com\/bottesetvelo.com\/blog\/wp-content\/uploads\/2015\/03\/2011-103.jpg?ssl=1\"><img data-recalc-dims=\"1\" loading=\"lazy\" decoding=\"async\" data-attachment-id=\"1424\" data-permalink=\"https:\/\/bottesetvelo.com\/blog\/2015\/03\/20\/les-temps-du-pelerinage\/2011-103\/\" data-orig-file=\"https:\/\/i0.wp.com\/bottesetvelo.com\/blog\/wp-content\/uploads\/2015\/03\/2011-103.jpg?fit=3544%2C2590&amp;ssl=1\" data-orig-size=\"3544,2590\" data-comments-opened=\"1\" data-image-meta=\"{&quot;aperture&quot;:&quot;5.6&quot;,&quot;credit&quot;:&quot;&quot;,&quot;camera&quot;:&quot;Canon PowerShot SD890 IS&quot;,&quot;caption&quot;:&quot;&quot;,&quot;created_timestamp&quot;:&quot;1310481540&quot;,&quot;copyright&quot;:&quot;&quot;,&quot;focal_length&quot;:&quot;27.969&quot;,&quot;iso&quot;:&quot;80&quot;,&quot;shutter_speed&quot;:&quot;0.004&quot;,&quot;title&quot;:&quot;&quot;,&quot;orientation&quot;:&quot;1&quot;}\" data-image-title=\"Le Qu\u00e9bec \u00e0 v\u00e9lo &amp;#8211; 2011\" data-image-description=\"\" data-image-caption=\"\" data-large-file=\"https:\/\/i0.wp.com\/bottesetvelo.com\/blog\/wp-content\/uploads\/2015\/03\/2011-103.jpg?fit=1024%2C748&amp;ssl=1\" class=\"  wp-image-1424 alignright\" src=\"https:\/\/i0.wp.com\/bottesetvelo.com\/blog\/wp-content\/uploads\/2015\/03\/2011-103.jpg?resize=300%2C219&#038;ssl=1\" alt=\"Le Qu\u00e9bec \u00e0 v\u00e9lo - 2011\" width=\"300\" height=\"219\" srcset=\"https:\/\/i0.wp.com\/bottesetvelo.com\/blog\/wp-content\/uploads\/2015\/03\/2011-103.jpg?resize=500%2C365&amp;ssl=1 500w, https:\/\/i0.wp.com\/bottesetvelo.com\/blog\/wp-content\/uploads\/2015\/03\/2011-103.jpg?resize=1024%2C748&amp;ssl=1 1024w, https:\/\/i0.wp.com\/bottesetvelo.com\/blog\/wp-content\/uploads\/2015\/03\/2011-103.jpg?resize=624%2C456&amp;ssl=1 624w, https:\/\/i0.wp.com\/bottesetvelo.com\/blog\/wp-content\/uploads\/2015\/03\/2011-103.jpg?w=2340&amp;ssl=1 2340w, https:\/\/i0.wp.com\/bottesetvelo.com\/blog\/wp-content\/uploads\/2015\/03\/2011-103.jpg?w=3510&amp;ssl=1 3510w\" sizes=\"auto, (max-width: 300px) 100vw, 300px\" \/><\/a>La question qui importe le plus pour qualifier un p\u00e8lerinage n\u2019est pas tant le o\u00f9? ni le pourquoi? le vers o\u00f9? ou le quelle distance? Ce qui permettra au marcheur de grandir spirituellement c\u2019est le combien de temps? Car marcher longtemps, c\u2019est refaire le chemin de la vie, et peut-\u00eatre m\u00eame, de sa vie!<\/p>\n<p style=\"text-align: justify;\">Tout comme de jeunes parents \u00e0 l\u2019aube d\u2019une naissance, d\u00e8s l\u2019instant o\u00f9 le futur p\u00e8lerin a pris sa d\u00e9cision de partir, il commence ses pr\u00e9paratifs. Il s\u2019informe pour en savoir d\u2019avantage sur ce chemin qu\u2019il choisit d\u2019entreprendre. Il accumule les objets qui lui seront n\u00e9cessaires durant le voyage. Il vit la f\u00e9brilit\u00e9 de l\u2019attente et les petites inqui\u00e9tudes de ce passage vers le nouveau, vers l\u2019inconnu. Puis le grand jour arrive enfin.<\/p>\n<p style=\"text-align: justify;\">Le voyageur fait ses premiers pas sur le chemin. Tout jeune encore, il ne connait rien du voyage qui l\u2019attend. Il est parfois h\u00e9sitant et craintif, et \u00e0 d\u2019autres moments t\u00e9m\u00e9raire et aventurier. Durant la premi\u00e8re semaine, comme le jeune enfant, il cherche \u00e0 s\u2019\u00e9tablir des rep\u00e8res. Il est pr\u00e9occup\u00e9 de savoir o\u00f9 il mangera et o\u00f9 il dormira. Il titube, se fait mal, se rel\u00e8ve. Il est content de s\u2019\u00eatre donn\u00e9 ce d\u00e9fi. Il sent qu\u2019il a tout \u00e0 apprendre et s\u2019\u00e9merveille de tant de beaut\u00e9 et de nouveaut\u00e9.<a href=\"https:\/\/i0.wp.com\/bottesetvelo.com\/blog\/wp-content\/uploads\/2015\/03\/2011-108.jpg?ssl=1\"><img data-recalc-dims=\"1\" loading=\"lazy\" decoding=\"async\" data-attachment-id=\"1425\" data-permalink=\"https:\/\/bottesetvelo.com\/blog\/2015\/03\/20\/les-temps-du-pelerinage\/2011-108\/\" data-orig-file=\"https:\/\/i0.wp.com\/bottesetvelo.com\/blog\/wp-content\/uploads\/2015\/03\/2011-108.jpg?fit=3648%2C2249&amp;ssl=1\" data-orig-size=\"3648,2249\" data-comments-opened=\"1\" data-image-meta=\"{&quot;aperture&quot;:&quot;5.7&quot;,&quot;credit&quot;:&quot;&quot;,&quot;camera&quot;:&quot;Canon PowerShot SD890 IS&quot;,&quot;caption&quot;:&quot;&quot;,&quot;created_timestamp&quot;:&quot;1310499218&quot;,&quot;copyright&quot;:&quot;&quot;,&quot;focal_length&quot;:&quot;33&quot;,&quot;iso&quot;:&quot;200&quot;,&quot;shutter_speed&quot;:&quot;0.0166666666667&quot;,&quot;title&quot;:&quot;&quot;,&quot;orientation&quot;:&quot;1&quot;}\" data-image-title=\"Le Qu\u00e9bec \u00e0 v\u00e9lo &amp;#8211; 2011\" data-image-description=\"\" data-image-caption=\"\" data-large-file=\"https:\/\/i0.wp.com\/bottesetvelo.com\/blog\/wp-content\/uploads\/2015\/03\/2011-108.jpg?fit=1024%2C631&amp;ssl=1\" class=\"  wp-image-1425 alignright\" src=\"https:\/\/i0.wp.com\/bottesetvelo.com\/blog\/wp-content\/uploads\/2015\/03\/2011-108.jpg?resize=300%2C185&#038;ssl=1\" alt=\"Le Qu\u00e9bec \u00e0 v\u00e9lo - 2011\" width=\"300\" height=\"185\" srcset=\"https:\/\/i0.wp.com\/bottesetvelo.com\/blog\/wp-content\/uploads\/2015\/03\/2011-108.jpg?resize=500%2C308&amp;ssl=1 500w, https:\/\/i0.wp.com\/bottesetvelo.com\/blog\/wp-content\/uploads\/2015\/03\/2011-108.jpg?resize=624%2C385&amp;ssl=1 624w, https:\/\/i0.wp.com\/bottesetvelo.com\/blog\/wp-content\/uploads\/2015\/03\/2011-108.jpg?w=2340&amp;ssl=1 2340w, https:\/\/i0.wp.com\/bottesetvelo.com\/blog\/wp-content\/uploads\/2015\/03\/2011-108.jpg?w=3510&amp;ssl=1 3510w\" sizes=\"auto, (max-width: 300px) 100vw, 300px\" \/><\/a><\/p>\n<p style=\"text-align: justify;\">Puis, le temps faisant son \u0153uvre, notre voyageur prend de l\u2019assurance. Il a compris qu\u2019il trouverait toujours r\u00e9ponse \u00e0 ses besoins en route. Il comprend qu\u2019\u00e0 chaque m\u00e9saventure une solution est apparue qu\u2019il n\u2019aurait pu pr\u00e9voir. Il prend confiance en lui et en sa route. Comme l\u2019adolescent, il \u00e9change avec ceux qui comme lui ont un sac \u00e0 dos ou voyagent en nomades. Il se trouve des compagnons de marche et avance avec fiert\u00e9 car ceux qu\u2019ils croisent sur sa route s\u2019\u00e9merveillent et l\u2019encouragent. Mais les jours passant, la douleur et la fatigue le talonnent. Durant ces moments qui demandent de la pers\u00e9v\u00e9rance, de la conviction et un brin de motivation intrins\u00e8que, notre voyageur se demande fr\u00e9quemment, tel un adolescent \u00ab\u00e7a sert \u00e0 quoi que je fasse \u00e7a?\u00bb Son esprit, libre de toute obligation vagabonde et se remet en question. Celui qui ne part marcher que deux semaines reviendra avec un go\u00fbt doux-amer d\u2019avoir v\u00e9cu quelque chose, mais de l\u2019avoir laiss\u00e9 inachev\u00e9. Un sentiment d\u2019incompl\u00e9tude. Car c\u2019est l\u00e0 que tout se joue. Lorsqu\u2019il cessera de tourbillonner et acceptera de suivre sa route sans autre explication, une transformation s\u2019op\u00e9rera. De voyageur-aventurier-curieux-et-avide-d\u2019exp\u00e9rience-de-vie, il deviendra p\u00e8lerin.<\/p>\n<p style=\"text-align: justify;\"><a href=\"https:\/\/i0.wp.com\/bottesetvelo.com\/blog\/wp-content\/uploads\/2015\/03\/2014-07-20-08.30.58.jpg?ssl=1\"><img data-recalc-dims=\"1\" loading=\"lazy\" decoding=\"async\" data-attachment-id=\"1426\" data-permalink=\"https:\/\/bottesetvelo.com\/blog\/2015\/03\/20\/les-temps-du-pelerinage\/2014-07-20-08-30-58\/\" data-orig-file=\"https:\/\/i0.wp.com\/bottesetvelo.com\/blog\/wp-content\/uploads\/2015\/03\/2014-07-20-08.30.58.jpg?fit=2592%2C1936&amp;ssl=1\" data-orig-size=\"2592,1936\" data-comments-opened=\"1\" data-image-meta=\"{&quot;aperture&quot;:&quot;2.8&quot;,&quot;credit&quot;:&quot;&quot;,&quot;camera&quot;:&quot;iPhone 4&quot;,&quot;caption&quot;:&quot;&quot;,&quot;created_timestamp&quot;:&quot;1405845058&quot;,&quot;copyright&quot;:&quot;&quot;,&quot;focal_length&quot;:&quot;3.85&quot;,&quot;iso&quot;:&quot;80&quot;,&quot;shutter_speed&quot;:&quot;0.00079554494829&quot;,&quot;title&quot;:&quot;&quot;,&quot;orientation&quot;:&quot;1&quot;}\" data-image-title=\"La Voie du St-Laurent &amp;#8211; Trois-Pistoles &amp;#8211; 2014\" data-image-description=\"\" data-image-caption=\"\" data-large-file=\"https:\/\/i0.wp.com\/bottesetvelo.com\/blog\/wp-content\/uploads\/2015\/03\/2014-07-20-08.30.58.jpg?fit=1024%2C765&amp;ssl=1\" class=\"  wp-image-1426 alignright\" src=\"https:\/\/i0.wp.com\/bottesetvelo.com\/blog\/wp-content\/uploads\/2015\/03\/2014-07-20-08.30.58.jpg?resize=300%2C224&#038;ssl=1\" alt=\"La Voie du St-Laurent - Trois-Pistoles - 2014\" width=\"300\" height=\"224\" srcset=\"https:\/\/i0.wp.com\/bottesetvelo.com\/blog\/wp-content\/uploads\/2015\/03\/2014-07-20-08.30.58.jpg?resize=500%2C373&amp;ssl=1 500w, https:\/\/i0.wp.com\/bottesetvelo.com\/blog\/wp-content\/uploads\/2015\/03\/2014-07-20-08.30.58.jpg?resize=1024%2C765&amp;ssl=1 1024w, https:\/\/i0.wp.com\/bottesetvelo.com\/blog\/wp-content\/uploads\/2015\/03\/2014-07-20-08.30.58.jpg?resize=624%2C466&amp;ssl=1 624w, https:\/\/i0.wp.com\/bottesetvelo.com\/blog\/wp-content\/uploads\/2015\/03\/2014-07-20-08.30.58.jpg?w=2340&amp;ssl=1 2340w\" sizes=\"auto, (max-width: 300px) 100vw, 300px\" \/><\/a>Plus de dix jours se sont \u00e9coul\u00e9s et notre p\u00e8lerin n\u2019a pas fait que des kilom\u00e8tres, il a chemin\u00e9! Il a une exp\u00e9rience p\u00e8lerine qui l\u2019am\u00e8ne \u00e0 d\u00e9cider de la fa\u00e7on dont il souhaite poursuivre son chemin pour \u00eatre en harmonie avec qui il est vraiment. Il ralentit le pas et s\u2019ouvre \u00e0 ce qui l\u2019entoure pour en savourer chaque instant pleinement. Il entre dans une nouvelle dimension de son p\u00e9riple. Comme le jeune adulte, il se d\u00e9tache du regard de l\u2019autre et cherche \u00e0 se d\u00e9finir tel qu\u2019il est vraiment. Sans responsabilit\u00e9s et sans obligations, il consacre son temps \u00e0 vivre le pr\u00e9sent. Il constate que la moiti\u00e9 de son temps est d\u00e9j\u00e0 pass\u00e9e et que le bonheur qu\u2019il d\u00e9couvre est trop pr\u00e9cieux pour \u00eatre gaspill\u00e9. Il fait du m\u00e9nage dans son sac \u00e0 dos et dans son sac de vie. Il se d\u00e9pouille de ce qui l\u2019encombre et le fait souffrir. Il se surprend \u00e0 ne plus penser \u00e0 rien et appr\u00e9cie ce silence int\u00e9rieur.<\/p>\n<p style=\"text-align: justify;\">Et plus le temps passera, plus notre p\u00e8lerin gagnera en sagesse et en maturit\u00e9. Il se plait \u00e0 croiser les voyageurs fraichement arriv\u00e9s sur le chemin qui lui rappellent sa fougue des premiers jours. Il passe ais\u00e9ment pour un doyen du chemin et a de nombreuses anecdotes \u00e0 partager. Il voit la fin qui s\u2019approche et commence \u00e0 regretter qu\u2019elle arrive car il s\u2019est plus qu\u2019adapt\u00e9 \u00e0 son nouveau monde, il en a fait sa seconde peau. Mais il sait qu\u2019il devra quitter, alors il commence \u00e0 penser \u00e0 ce que sera sa vie dans l\u2019apr\u00e8s-p\u00e8lerinage.<\/p>\n<p style=\"text-align: justify;\">Le chemin de p\u00e8lerinage ressemble celui de la vie. Ce qui importe n\u2019est pas sa longueur, mais sa dur\u00e9e. La vie n\u2019est pas une question d\u2019avoir, mais d\u2019\u00eatre. Et c\u2019est cet \u00eatre qui grandit au fil des jours.<a href=\"https:\/\/i0.wp.com\/bottesetvelo.com\/blog\/wp-content\/uploads\/2014\/01\/Bottes-et-V%C3%A9lo-Embl%C3%AAme.jpg?ssl=1\"><img data-recalc-dims=\"1\" loading=\"lazy\" decoding=\"async\" data-attachment-id=\"14\" data-permalink=\"https:\/\/bottesetvelo.com\/blog\/bottes-et-velo-le-blog\/bottes-et-velo-embleme\/\" data-orig-file=\"https:\/\/i0.wp.com\/bottesetvelo.com\/blog\/wp-content\/uploads\/2014\/01\/Bottes-et-V%C3%A9lo-Embl%C3%AAme-e1454083414631.jpg?fit=100%2C79&amp;ssl=1\" data-orig-size=\"100,79\" data-comments-opened=\"1\" data-image-meta=\"{&quot;aperture&quot;:&quot;0&quot;,&quot;credit&quot;:&quot;&quot;,&quot;camera&quot;:&quot;&quot;,&quot;caption&quot;:&quot;&quot;,&quot;created_timestamp&quot;:&quot;0&quot;,&quot;copyright&quot;:&quot;&quot;,&quot;focal_length&quot;:&quot;0&quot;,&quot;iso&quot;:&quot;0&quot;,&quot;shutter_speed&quot;:&quot;0&quot;,&quot;title&quot;:&quot;&quot;}\" data-image-title=\"Bottes et V\u00e9lo &amp;#8211; Embl\u00eame\" data-image-description=\"\" data-image-caption=\"\" data-large-file=\"https:\/\/i0.wp.com\/bottesetvelo.com\/blog\/wp-content\/uploads\/2014\/01\/Bottes-et-V%C3%A9lo-Embl%C3%AAme-e1454083414631.jpg?fit=100%2C79&amp;ssl=1\" class=\"  wp-image-14 alignright\" src=\"https:\/\/i0.wp.com\/bottesetvelo.com\/blog\/wp-content\/uploads\/2014\/01\/Bottes-et-V%C3%A9lo-Embl%C3%AAme.jpg?resize=57%2C45&#038;ssl=1\" alt=\"Bottes et V\u00e9lo - Embl\u00eame\" width=\"57\" height=\"45\" \/><\/a><\/p>\n<p style=\"text-align: justify;\">Brigitte Harouni<\/p>\n","protected":false},"excerpt":{"rendered":"<p>Les d\u00e9fis rendent la vie int\u00e9ressante; les surmonter lui donne un sens. Joshua J. Marine La question qui importe le plus pour qualifier un p\u00e8lerinage n\u2019est pas tant le o\u00f9? ni le pourquoi? le vers o\u00f9? ou le quelle distance? Ce qui permettra au marcheur de grandir spirituellement c\u2019est le combien de temps? Car marcher&hellip;<\/p>\n","protected":false},"author":2,"featured_media":0,"comment_status":"open","ping_status":"open","sticky":false,"template":"","format":"standard","meta":{"jetpack_post_was_ever_published":false,"_jetpack_newsletter_access":"","_jetpack_dont_email_post_to_subs":false,"_jetpack_newsletter_tier_id":0,"_jetpack_memberships_contains_paywalled_content":false,"_jetpack_memberships_contains_paid_content":false,"footnotes":"","jetpack_publicize_message":"Les temps du p\u00e8lerinage","jetpack_publicize_feature_enabled":true,"jetpack_social_post_already_shared":true,"jetpack_social_options":{"image_generator_settings":{"template":"highway","default_image_id":0,"font":"","enabled":false},"version":2}},"categories":[52,50,39,166],"tags":[275,40,168,13,96,38],"class_list":["post-1423","post","type-post","status-publish","format-standard","hentry","category-alternatives-de-vie","category-art-de-vivre","category-croissance-personnelle","category-demarche-du-pelerin","tag-art-de-vivre","tag-croissance-personnelle-2","tag-demarche-du-pelerin","tag-pelerinage","tag-qualite-de-vie","tag-reflexion"],"jetpack_publicize_connections":[],"jetpack_featured_media_url":"","jetpack_shortlink":"https:\/\/wp.me\/p4eY6z-mX","jetpack_sharing_enabled":true,"jetpack_likes_enabled":true,"jetpack-related-posts":[],"_links":{"self":[{"href":"https:\/\/bottesetvelo.com\/blog\/wp-json\/wp\/v2\/posts\/1423","targetHints":{"allow":["GET"]}}],"collection":[{"href":"https:\/\/bottesetvelo.com\/blog\/wp-json\/wp\/v2\/posts"}],"about":[{"href":"https:\/\/bottesetvelo.com\/blog\/wp-json\/wp\/v2\/types\/post"}],"author":[{"embeddable":true,"href":"https:\/\/bottesetvelo.com\/blog\/wp-json\/wp\/v2\/users\/2"}],"replies":[{"embeddable":true,"href":"https:\/\/bottesetvelo.com\/blog\/wp-json\/wp\/v2\/comments?post=1423"}],"version-history":[{"count":1,"href":"https:\/\/bottesetvelo.com\/blog\/wp-json\/wp\/v2\/posts\/1423\/revisions"}],"predecessor-version":[{"id":1427,"href":"https:\/\/bottesetvelo.com\/blog\/wp-json\/wp\/v2\/posts\/1423\/revisions\/1427"}],"wp:attachment":[{"href":"https:\/\/bottesetvelo.com\/blog\/wp-json\/wp\/v2\/media?parent=1423"}],"wp:term":[{"taxonomy":"category","embeddable":true,"href":"https:\/\/bottesetvelo.com\/blog\/wp-json\/wp\/v2\/categories?post=1423"},{"taxonomy":"post_tag","embeddable":true,"href":"https:\/\/bottesetvelo.com\/blog\/wp-json\/wp\/v2\/tags?post=1423"}],"curies":[{"name":"wp","href":"https:\/\/api.w.org\/{rel}","templated":true}]}}