{"id":1410,"date":"2015-03-13T16:26:38","date_gmt":"2015-03-13T20:26:38","guid":{"rendered":"http:\/\/bottesetvelo.com\/blog\/?p=1410"},"modified":"2015-03-13T16:26:38","modified_gmt":"2015-03-13T20:26:38","slug":"chemin-de-liberation","status":"publish","type":"post","link":"https:\/\/bottesetvelo.com\/blog\/2015\/03\/13\/chemin-de-liberation\/","title":{"rendered":"Chemin de lib\u00e9ration"},"content":{"rendered":"<p style=\"text-align: justify;\"><a href=\"https:\/\/i0.wp.com\/bottesetvelo.com\/blog\/wp-content\/uploads\/2015\/03\/IMG_0072.jpg?ssl=1\"><img data-recalc-dims=\"1\" loading=\"lazy\" decoding=\"async\" data-attachment-id=\"1411\" data-permalink=\"https:\/\/bottesetvelo.com\/blog\/2015\/03\/13\/chemin-de-liberation\/img_0072\/\" data-orig-file=\"https:\/\/i0.wp.com\/bottesetvelo.com\/blog\/wp-content\/uploads\/2015\/03\/IMG_0072.jpg?fit=2048%2C1536&amp;ssl=1\" data-orig-size=\"2048,1536\" data-comments-opened=\"1\" data-image-meta=\"{&quot;aperture&quot;:&quot;4&quot;,&quot;credit&quot;:&quot;&quot;,&quot;camera&quot;:&quot;Canon PowerShot A510&quot;,&quot;caption&quot;:&quot;&quot;,&quot;created_timestamp&quot;:&quot;1189007211&quot;,&quot;copyright&quot;:&quot;&quot;,&quot;focal_length&quot;:&quot;5.8125&quot;,&quot;iso&quot;:&quot;0&quot;,&quot;shutter_speed&quot;:&quot;0.001&quot;,&quot;title&quot;:&quot;&quot;,&quot;orientation&quot;:&quot;1&quot;}\" data-image-title=\"IMG_0072\" data-image-description=\"\" data-image-caption=\"\" data-large-file=\"https:\/\/i0.wp.com\/bottesetvelo.com\/blog\/wp-content\/uploads\/2015\/03\/IMG_0072.jpg?fit=1024%2C768&amp;ssl=1\" class=\"  alignright wp-image-1411\" src=\"https:\/\/i0.wp.com\/bottesetvelo.com\/blog\/wp-content\/uploads\/2015\/03\/IMG_0072.jpg?resize=300%2C225&#038;ssl=1\" alt=\"Camino Frances 2007\" width=\"300\" height=\"225\" srcset=\"https:\/\/i0.wp.com\/bottesetvelo.com\/blog\/wp-content\/uploads\/2015\/03\/IMG_0072.jpg?resize=500%2C375&amp;ssl=1 500w, https:\/\/i0.wp.com\/bottesetvelo.com\/blog\/wp-content\/uploads\/2015\/03\/IMG_0072.jpg?resize=1024%2C768&amp;ssl=1 1024w, https:\/\/i0.wp.com\/bottesetvelo.com\/blog\/wp-content\/uploads\/2015\/03\/IMG_0072.jpg?resize=624%2C468&amp;ssl=1 624w, https:\/\/i0.wp.com\/bottesetvelo.com\/blog\/wp-content\/uploads\/2015\/03\/IMG_0072.jpg?w=2048&amp;ssl=1 2048w\" sizes=\"auto, (max-width: 300px) 100vw, 300px\" \/><\/a>Le p\u00e8lerin ne se met jamais en marche pour rien. Il y a toujours une qu\u00eate spirituelle qui le porte derri\u00e8re cette longue p\u00e9r\u00e9grination. Plusieurs pr\u00e9tendrons le contraire, affirmerons le faire simplement pour le d\u00e9fi sportif, seulement, apr\u00e8s un certain temps, nous r\u00e9alisons tous, presqu\u2019\u00e0 notre insu, que quelque chose nous poussait en avant. Quelque chose qui nous d\u00e9passe!<\/p>\n<p style=\"text-align: justify;\">Lorsque j\u2019ai pris la route pour la toute premi\u00e8re fois, enfilant mes bottes et mon sac \u00e0 dos \u2013 le chapeau bien enfonc\u00e9 qu\u2019il ne parte pas au vent \u2013 je croyais partir, quitter une situation de vie qui m\u2019apparaissait lourde \u00e0 porter. Je croyais me lib\u00e9rer des contraintes, des obligations, des exigences d\u2019une mani\u00e8re de vivre qui m\u2019apparaissait vide de sens, sans vie. Je laissais derri\u00e8re moi une vie qui se passait entre travail et t\u00e9l\u00e9vision, entre magasinage et distractions, entre illusions et mensonges. Je croyais que, dans cette proximit\u00e9 avec la nature, j\u2019allais go\u00fbter quelque chose qui s\u2019approchait de la v\u00e9rit\u00e9 : une v\u00e9rit\u00e9 inscrite en moi. Je croyais que j\u2019allais go\u00fbter la Vie dans toute son abondance, que j\u2019allais trouver un terrain o\u00f9 puisse s\u2019\u00e9panouir cette part de moi qui \u00e9touffe dans ce monde-ci : beaucoup d\u2019agitation, de griseries, d\u2019\u00e9tourderies, tr\u00e8s peu de vie\u2026<\/p>\n<p style=\"text-align: justify;\"><a href=\"https:\/\/i0.wp.com\/bottesetvelo.com\/blog\/wp-content\/uploads\/2015\/03\/IMG_0105.jpg?ssl=1\"><img data-recalc-dims=\"1\" loading=\"lazy\" decoding=\"async\" data-attachment-id=\"1412\" data-permalink=\"https:\/\/bottesetvelo.com\/blog\/2015\/03\/13\/chemin-de-liberation\/img_0105\/\" data-orig-file=\"https:\/\/i0.wp.com\/bottesetvelo.com\/blog\/wp-content\/uploads\/2015\/03\/IMG_0105.jpg?fit=2048%2C1536&amp;ssl=1\" data-orig-size=\"2048,1536\" data-comments-opened=\"1\" data-image-meta=\"{&quot;aperture&quot;:&quot;4&quot;,&quot;credit&quot;:&quot;&quot;,&quot;camera&quot;:&quot;Canon PowerShot A510&quot;,&quot;caption&quot;:&quot;&quot;,&quot;created_timestamp&quot;:&quot;1189244275&quot;,&quot;copyright&quot;:&quot;&quot;,&quot;focal_length&quot;:&quot;5.8125&quot;,&quot;iso&quot;:&quot;0&quot;,&quot;shutter_speed&quot;:&quot;0.001&quot;,&quot;title&quot;:&quot;&quot;,&quot;orientation&quot;:&quot;1&quot;}\" data-image-title=\"IMG_0105\" data-image-description=\"\" data-image-caption=\"\" data-large-file=\"https:\/\/i0.wp.com\/bottesetvelo.com\/blog\/wp-content\/uploads\/2015\/03\/IMG_0105.jpg?fit=1024%2C768&amp;ssl=1\" class=\"  alignright wp-image-1412\" src=\"https:\/\/i0.wp.com\/bottesetvelo.com\/blog\/wp-content\/uploads\/2015\/03\/IMG_0105.jpg?resize=301%2C226&#038;ssl=1\" alt=\"Camino Frances 2007\" width=\"301\" height=\"226\" srcset=\"https:\/\/i0.wp.com\/bottesetvelo.com\/blog\/wp-content\/uploads\/2015\/03\/IMG_0105.jpg?resize=500%2C375&amp;ssl=1 500w, https:\/\/i0.wp.com\/bottesetvelo.com\/blog\/wp-content\/uploads\/2015\/03\/IMG_0105.jpg?resize=1024%2C768&amp;ssl=1 1024w, https:\/\/i0.wp.com\/bottesetvelo.com\/blog\/wp-content\/uploads\/2015\/03\/IMG_0105.jpg?resize=624%2C468&amp;ssl=1 624w, https:\/\/i0.wp.com\/bottesetvelo.com\/blog\/wp-content\/uploads\/2015\/03\/IMG_0105.jpg?w=2048&amp;ssl=1 2048w\" sizes=\"auto, (max-width: 301px) 100vw, 301px\" \/><\/a>Notre soci\u00e9t\u00e9 divise pour r\u00e9gner. Elle nous divise au c\u0153ur de notre \u00eatre. Toute notre personne est dispers\u00e9e en mille agitations qui ne sont pas pour autant signes de vie. Notre soci\u00e9t\u00e9 consum\u00e9riste suscite en nous des d\u00e9sirs, des croyances, des besoins qui nous laissent dans l\u2019illusion, l\u2019insatisfaction, d\u2019avoir combl\u00e9 une part de notre \u00eatre. Et, de plus en plus, nous \u00e9duquons tr\u00e8s t\u00f4t nos enfants \u00e0 la dispersion. Dans un souci de performance et de comp\u00e9tition, d\u2019honneur et de gratification, nous les conditionnons. Aucun temps libre : des cours de musique, des cours de langue, des cours de rattrapage, des comp\u00e9titions sportives. Chaque espace de leur \u00eatre doit \u00eatre occup\u00e9, l\u2019enfant ne peut plus s\u2019amuser librement, se chicaner librement avec ses amis, prendre sa place, exp\u00e9rimenter, explorer par lui-m\u00eame, s\u2019apprendre et se d\u00e9couvrir. Non! Aujourd\u2019hui, bon nombre d\u2019entre nous programmons la vie de nos enfants et le seul temps libre qu\u2019ils trouveront sera, bien souvent, devant l\u2019ordi ou la t\u00e9l\u00e9vision, d\u00e9j\u00e0 trop \u00e9puis\u00e9s par le reste de leur vie.<\/p>\n<p style=\"text-align: justify;\">Nous modelons la vie de nos enfants de la m\u00eame fa\u00e7on que nous modelons la n\u00f4tre : tout doit \u00eatre planifi\u00e9! Nous dispersons nos enfants, comme nous nous dispersons nous-m\u00eames. Mais pourquoi tout ce branle-bas, toute cette agitation? Nos enfants sont de plus en plus stress\u00e9s et angoiss\u00e9s face \u00e0 la vie qui les attend tellement elle semble lourde de performance et d\u2019exigences. Ce n\u2019est pas normal de voir, dans nos \u00e9coles, des enfants de 10 ou 11 ans \u00e9duqu\u00e9s \u00e0 la gestion du stress! La vie ne devrait pas \u00eatre stressante \u00e0 10 ou 11 ans!!! Ne serait-ce pas plut\u00f4t \u00e0 nous de nous remettre en question avec nos programmes d\u2019\u00e9ducation, nos exigences de perfection et notre mani\u00e8re de vivre? Aurions-nous perdu notre humanit\u00e9? Le simple plaisir de vivre?<\/p>\n<p style=\"text-align: justify;\"><a href=\"https:\/\/i0.wp.com\/bottesetvelo.com\/blog\/wp-content\/uploads\/2015\/03\/IMG_0067.jpg?ssl=1\"><img data-recalc-dims=\"1\" loading=\"lazy\" decoding=\"async\" data-attachment-id=\"1414\" data-permalink=\"https:\/\/bottesetvelo.com\/blog\/2015\/03\/13\/chemin-de-liberation\/img_0067\/\" data-orig-file=\"https:\/\/i0.wp.com\/bottesetvelo.com\/blog\/wp-content\/uploads\/2015\/03\/IMG_0067.jpg?fit=2048%2C1536&amp;ssl=1\" data-orig-size=\"2048,1536\" data-comments-opened=\"1\" data-image-meta=\"{&quot;aperture&quot;:&quot;4.5&quot;,&quot;credit&quot;:&quot;&quot;,&quot;camera&quot;:&quot;Canon PowerShot A510&quot;,&quot;caption&quot;:&quot;&quot;,&quot;created_timestamp&quot;:&quot;1190723556&quot;,&quot;copyright&quot;:&quot;&quot;,&quot;focal_length&quot;:&quot;11.8125&quot;,&quot;iso&quot;:&quot;0&quot;,&quot;shutter_speed&quot;:&quot;0.001&quot;,&quot;title&quot;:&quot;&quot;,&quot;orientation&quot;:&quot;1&quot;}\" data-image-title=\"IMG_0067\" data-image-description=\"\" data-image-caption=\"\" data-large-file=\"https:\/\/i0.wp.com\/bottesetvelo.com\/blog\/wp-content\/uploads\/2015\/03\/IMG_0067.jpg?fit=1024%2C768&amp;ssl=1\" class=\"  alignright wp-image-1414\" src=\"https:\/\/i0.wp.com\/bottesetvelo.com\/blog\/wp-content\/uploads\/2015\/03\/IMG_0067.jpg?resize=301%2C226&#038;ssl=1\" alt=\"Camino Frances 2007\" width=\"301\" height=\"226\" srcset=\"https:\/\/i0.wp.com\/bottesetvelo.com\/blog\/wp-content\/uploads\/2015\/03\/IMG_0067.jpg?resize=500%2C375&amp;ssl=1 500w, https:\/\/i0.wp.com\/bottesetvelo.com\/blog\/wp-content\/uploads\/2015\/03\/IMG_0067.jpg?resize=1024%2C768&amp;ssl=1 1024w, https:\/\/i0.wp.com\/bottesetvelo.com\/blog\/wp-content\/uploads\/2015\/03\/IMG_0067.jpg?resize=624%2C468&amp;ssl=1 624w, https:\/\/i0.wp.com\/bottesetvelo.com\/blog\/wp-content\/uploads\/2015\/03\/IMG_0067.jpg?w=2048&amp;ssl=1 2048w\" sizes=\"auto, (max-width: 301px) 100vw, 301px\" \/><\/a>\u00c0 travers toute cette dispersion, nous ne favorisons qu\u2019une seule croissance et elle est \u00e9conomique! Nous nous pr\u00e9cipitons dans toutes les directions, comme si nous avions \u00e0 acheter les milles particules qui nous composent et allaient faire de nous ce que nous croyons \u00eatre\u2026 Tout cela pouss\u00e9 inconsciemment par un d\u00e9sir de vivre que nous n\u2019arrivons plus \u00e0 contacter. L\u2019\u00eatre humain a besoin de se sentir unifi\u00e9. La dispersion dans laquelle nous vivons m\u00e8ne \u00e0 l\u2019\u00e9clatement.<\/p>\n<p style=\"text-align: justify;\">D\u00e8s les premiers jours sur mon chemin de p\u00e8lerinage, j\u2019ai trouv\u00e9 tout ce que je cherchais. Tout \u00e9tait au rendez-vous : les grands espaces, la beaut\u00e9 de la nature, le simple n\u00e9cessaire pour vivre, le chemin qui se fait et se dessine en toute simplicit\u00e9 : je me sentais libre, enfin! Je reprenais possession de mon \u00eatre. J\u2019avais le c\u0153ur qui se dilatait au point que j\u2019en avais la poitrine trop petite pour le contenir. Une joie intense comme j\u2019en avais rarement \u00e9prouv\u00e9e. Tout \u00e9tait beau, tout \u00e9tait bon et le sourire des autres p\u00e8lerins me refl\u00e9tait ce ressenti que j\u2019\u00e9prouvais. Je sentais que nous vibrions tous au m\u00eame diapason. Chaque cellule de mon corps se sentait revivre. Je respirais ce doux plaisir d\u2019\u00eatre en vie, d\u2019\u00eatre \u00e0 la Vie. Pas de t\u00e9l\u00e9, pas d\u2019ordi, pas de cellulaire, pas de \u00ab il faut\u2026 \u00bb, de \u00ab je dois\u2026 \u00bb, m\u00eame le \u00ab j\u2019ai besoin de\u2026 \u00bb s\u2019en trouvait r\u00e9duit \u00e0 sa plus simple expression. Tout mon corps rel\u00e2chait!<\/p>\n<p style=\"text-align: justify;\">Mais, \u00e7a n\u2019a pas dur\u00e9 longtemps\u2026<br \/>\nL\u2019exigence physique du p\u00e8lerinage nous fait vite redescendre de notre petit nuage et d\u00e9j\u00e0 apr\u00e8s une seule journ\u00e9e de marche, tout notre corps s\u2019en ressent. Le lendemain matin, ce n\u2019est plus aussi exaltant que la veille! Mais, tranquillement le corps se r\u00e9chauffe, on reprend la route et on retrouve ce sentiment qui nous habitait.<\/p>\n<p style=\"text-align: justify;\"><a href=\"https:\/\/i0.wp.com\/bottesetvelo.com\/blog\/wp-content\/uploads\/2015\/03\/IMG_0275.jpg?ssl=1\"><img data-recalc-dims=\"1\" loading=\"lazy\" decoding=\"async\" data-attachment-id=\"1416\" data-permalink=\"https:\/\/bottesetvelo.com\/blog\/2015\/03\/13\/chemin-de-liberation\/img_0275\/\" data-orig-file=\"https:\/\/i0.wp.com\/bottesetvelo.com\/blog\/wp-content\/uploads\/2015\/03\/IMG_0275.jpg?fit=2048%2C1536&amp;ssl=1\" data-orig-size=\"2048,1536\" data-comments-opened=\"1\" data-image-meta=\"{&quot;aperture&quot;:&quot;5&quot;,&quot;credit&quot;:&quot;&quot;,&quot;camera&quot;:&quot;Canon PowerShot A510&quot;,&quot;caption&quot;:&quot;&quot;,&quot;created_timestamp&quot;:&quot;1190112876&quot;,&quot;copyright&quot;:&quot;&quot;,&quot;focal_length&quot;:&quot;5.8125&quot;,&quot;iso&quot;:&quot;0&quot;,&quot;shutter_speed&quot;:&quot;0.001&quot;,&quot;title&quot;:&quot;&quot;,&quot;orientation&quot;:&quot;1&quot;}\" data-image-title=\"IMG_0275\" data-image-description=\"\" data-image-caption=\"\" data-large-file=\"https:\/\/i0.wp.com\/bottesetvelo.com\/blog\/wp-content\/uploads\/2015\/03\/IMG_0275.jpg?fit=1024%2C768&amp;ssl=1\" class=\"  alignright wp-image-1416\" src=\"https:\/\/i0.wp.com\/bottesetvelo.com\/blog\/wp-content\/uploads\/2015\/03\/IMG_0275.jpg?resize=300%2C225&#038;ssl=1\" alt=\"Camino Frances 2007\" width=\"300\" height=\"225\" srcset=\"https:\/\/i0.wp.com\/bottesetvelo.com\/blog\/wp-content\/uploads\/2015\/03\/IMG_0275.jpg?resize=500%2C375&amp;ssl=1 500w, https:\/\/i0.wp.com\/bottesetvelo.com\/blog\/wp-content\/uploads\/2015\/03\/IMG_0275.jpg?resize=1024%2C768&amp;ssl=1 1024w, https:\/\/i0.wp.com\/bottesetvelo.com\/blog\/wp-content\/uploads\/2015\/03\/IMG_0275.jpg?resize=624%2C468&amp;ssl=1 624w, https:\/\/i0.wp.com\/bottesetvelo.com\/blog\/wp-content\/uploads\/2015\/03\/IMG_0275.jpg?w=2048&amp;ssl=1 2048w\" sizes=\"auto, (max-width: 300px) 100vw, 300px\" \/><\/a>Rapidement, sans se rendre compte, on replonge dans nos mod\u00e8les de comp\u00e9tition et de performance, dans notre besoin de gloire et de reconnaissance, dans nos habitudes relationnelles, reprenant les r\u00f4les que nous connaissons.<\/p>\n<p style=\"text-align: justify;\">Apr\u00e8s cinq ou six jours de marche, on commence \u00e0 se remettre en question. Le projet n\u2019a plus la m\u00eame couleur. On se trouve bien imb\u00e9cile de se donner autant de mal. Les ronfleurs nous \u00e9nervent, les hyper dynamiques nous tombent sur les nerfs, les placoteux nous \u00e9tourdissent. Le projet n\u2019est plus aussi s\u00e9duisant\u2026.<\/p>\n<p style=\"text-align: justify;\">La cause de tout ceci : mon corps souffre et je ne me sens plus \u00e0 la hauteur. Je continue cependant, car j\u2019ai du c\u0153ur au ventre que je me r\u00e9p\u00e8te! Je suis un battant, un gagnant!!! Je ne me laisserai pas abattre! Je n\u2019arriverai pas le dernier! Je ne me laisserai pas d\u00e9passer! Je ne laisserai pas para\u00eetre que je suis \u00e9puis\u00e9! Le hamster s\u2019active dans ma cervelle, s\u2019effor\u00e7ant de r\u00e9pondre aux exigences que je me suis fix\u00e9es, de r\u00e9pondre \u00e0 un mod\u00e8le qui n\u2019est pourtant plus n\u00e9cessaire sur ce camino.<\/p>\n<p style=\"text-align: justify;\">Et les jours s\u2019encha\u00eenent dans ce tiraillement, dans ce d\u00e9chirement int\u00e9rieur, entre mon corps qui se tend pour r\u00e9pondre aux exigences que je formule, m\u00eame inconsciemment, et tous les signaux que m\u2019envoie mon corps pour me dire : je n\u2019en peux plus de vivre comme \u00e7a! Une bataille qui se poursuivra jusqu\u2019\u00e0 ce qu\u2019un jour, aux environs de la dixi\u00e8me journ\u00e9e, quelque chose se d\u00e9noue en moi. Quelque chose qui me fasse comprendre que ce que j\u2019ai voulu quitter lorsque je me suis mis en route, je suis en train de le reproduire.<a href=\"https:\/\/i0.wp.com\/bottesetvelo.com\/blog\/wp-content\/uploads\/2015\/03\/IMG_0068.jpg?ssl=1\"><img data-recalc-dims=\"1\" loading=\"lazy\" decoding=\"async\" data-attachment-id=\"1415\" data-permalink=\"https:\/\/bottesetvelo.com\/blog\/2015\/03\/13\/chemin-de-liberation\/img_0068\/\" data-orig-file=\"https:\/\/i0.wp.com\/bottesetvelo.com\/blog\/wp-content\/uploads\/2015\/03\/IMG_0068.jpg?fit=2048%2C1536&amp;ssl=1\" data-orig-size=\"2048,1536\" data-comments-opened=\"1\" data-image-meta=\"{&quot;aperture&quot;:&quot;4&quot;,&quot;credit&quot;:&quot;&quot;,&quot;camera&quot;:&quot;Canon PowerShot A510&quot;,&quot;caption&quot;:&quot;&quot;,&quot;created_timestamp&quot;:&quot;1190723579&quot;,&quot;copyright&quot;:&quot;&quot;,&quot;focal_length&quot;:&quot;5.8125&quot;,&quot;iso&quot;:&quot;0&quot;,&quot;shutter_speed&quot;:&quot;0.00125&quot;,&quot;title&quot;:&quot;&quot;,&quot;orientation&quot;:&quot;1&quot;}\" data-image-title=\"IMG_0068\" data-image-description=\"\" data-image-caption=\"\" data-large-file=\"https:\/\/i0.wp.com\/bottesetvelo.com\/blog\/wp-content\/uploads\/2015\/03\/IMG_0068.jpg?fit=1024%2C768&amp;ssl=1\" class=\"  alignright wp-image-1415\" src=\"https:\/\/i0.wp.com\/bottesetvelo.com\/blog\/wp-content\/uploads\/2015\/03\/IMG_0068.jpg?resize=300%2C225&#038;ssl=1\" alt=\"Camino Frances 2007\" width=\"300\" height=\"225\" srcset=\"https:\/\/i0.wp.com\/bottesetvelo.com\/blog\/wp-content\/uploads\/2015\/03\/IMG_0068.jpg?resize=500%2C375&amp;ssl=1 500w, https:\/\/i0.wp.com\/bottesetvelo.com\/blog\/wp-content\/uploads\/2015\/03\/IMG_0068.jpg?resize=1024%2C768&amp;ssl=1 1024w, https:\/\/i0.wp.com\/bottesetvelo.com\/blog\/wp-content\/uploads\/2015\/03\/IMG_0068.jpg?resize=624%2C468&amp;ssl=1 624w, https:\/\/i0.wp.com\/bottesetvelo.com\/blog\/wp-content\/uploads\/2015\/03\/IMG_0068.jpg?w=2048&amp;ssl=1 2048w\" sizes=\"auto, (max-width: 300px) 100vw, 300px\" \/><\/a><\/p>\n<p style=\"text-align: justify;\">Ce moment est d\u00e9cisif dans mon p\u00e8lerinage parce que v\u00e9cu dans ma chair. Mon corps, rompu par l\u2019effort physique, vient \u00e0 bout du psychique et me fait entrer dans ma dimension spirituelle. Ce n\u2019est du plus r\u00e9fl\u00e9chi, c\u2019est du ressenti! Un ressenti que je choisi de ne plus faire taire pour r\u00e9pondre \u00e0 des exigences illusoires. Un ressenti que je choisi d\u2019\u00e9couter pour entendre \u00e0 travers lui la Vie qui cherche \u00e0 se dire en moi.<br \/>\nEntrer dans cette dimension me lib\u00e8re de mon fardeau le plus lourd : moi.<a href=\"https:\/\/i0.wp.com\/bottesetvelo.com\/blog\/wp-content\/uploads\/2014\/01\/Bottes-et-V%C3%A9lo-Embl%C3%AAme.jpg?ssl=1\"><img data-recalc-dims=\"1\" loading=\"lazy\" decoding=\"async\" data-attachment-id=\"14\" data-permalink=\"https:\/\/bottesetvelo.com\/blog\/bottes-et-velo-le-blog\/bottes-et-velo-embleme\/\" data-orig-file=\"https:\/\/i0.wp.com\/bottesetvelo.com\/blog\/wp-content\/uploads\/2014\/01\/Bottes-et-V%C3%A9lo-Embl%C3%AAme-e1454083414631.jpg?fit=100%2C79&amp;ssl=1\" data-orig-size=\"100,79\" data-comments-opened=\"1\" data-image-meta=\"{&quot;aperture&quot;:&quot;0&quot;,&quot;credit&quot;:&quot;&quot;,&quot;camera&quot;:&quot;&quot;,&quot;caption&quot;:&quot;&quot;,&quot;created_timestamp&quot;:&quot;0&quot;,&quot;copyright&quot;:&quot;&quot;,&quot;focal_length&quot;:&quot;0&quot;,&quot;iso&quot;:&quot;0&quot;,&quot;shutter_speed&quot;:&quot;0&quot;,&quot;title&quot;:&quot;&quot;}\" data-image-title=\"Bottes et V\u00e9lo &amp;#8211; Embl\u00eame\" data-image-description=\"\" data-image-caption=\"\" data-large-file=\"https:\/\/i0.wp.com\/bottesetvelo.com\/blog\/wp-content\/uploads\/2014\/01\/Bottes-et-V%C3%A9lo-Embl%C3%AAme-e1454083414631.jpg?fit=100%2C79&amp;ssl=1\" class=\"  wp-image-14 alignright\" src=\"https:\/\/i0.wp.com\/bottesetvelo.com\/blog\/wp-content\/uploads\/2014\/01\/Bottes-et-V%C3%A9lo-Embl%C3%AAme.jpg?resize=80%2C63&#038;ssl=1\" alt=\"Bottes et V\u00e9lo - Embl\u00eame\" width=\"80\" height=\"63\" \/><\/a><\/p>\n<p style=\"text-align: justify;\">\u00c9ric Lalibert\u00e9<\/p>\n","protected":false},"excerpt":{"rendered":"<p>Le p\u00e8lerin ne se met jamais en marche pour rien. Il y a toujours une qu\u00eate spirituelle qui le porte derri\u00e8re cette longue p\u00e9r\u00e9grination. Plusieurs pr\u00e9tendrons le contraire, affirmerons le faire simplement pour le d\u00e9fi sportif, seulement, apr\u00e8s un certain temps, nous r\u00e9alisons tous, presqu\u2019\u00e0 notre insu, que quelque chose nous poussait en avant. Quelque&hellip;<\/p>\n","protected":false},"author":3,"featured_media":0,"comment_status":"open","ping_status":"open","sticky":false,"template":"","format":"standard","meta":{"jetpack_post_was_ever_published":false,"_jetpack_newsletter_access":"","_jetpack_dont_email_post_to_subs":false,"_jetpack_newsletter_tier_id":0,"_jetpack_memberships_contains_paywalled_content":false,"_jetpack_memberships_contains_paid_content":false,"footnotes":"","jetpack_publicize_message":"","jetpack_publicize_feature_enabled":true,"jetpack_social_post_already_shared":true,"jetpack_social_options":{"image_generator_settings":{"template":"highway","default_image_id":0,"font":"","enabled":false},"version":2}},"categories":[50,39,166,171,37],"tags":[275,40,13,96,192,38],"class_list":["post-1410","post","type-post","status-publish","format-standard","hentry","category-art-de-vivre","category-croissance-personnelle","category-demarche-du-pelerin","category-pelerinage","category-spiritualite-2","tag-art-de-vivre","tag-croissance-personnelle-2","tag-pelerinage","tag-qualite-de-vie","tag-quete-spirituelle","tag-reflexion"],"jetpack_publicize_connections":[],"jetpack_featured_media_url":"","jetpack_shortlink":"https:\/\/wp.me\/p4eY6z-mK","jetpack_sharing_enabled":true,"jetpack_likes_enabled":true,"jetpack-related-posts":[],"_links":{"self":[{"href":"https:\/\/bottesetvelo.com\/blog\/wp-json\/wp\/v2\/posts\/1410","targetHints":{"allow":["GET"]}}],"collection":[{"href":"https:\/\/bottesetvelo.com\/blog\/wp-json\/wp\/v2\/posts"}],"about":[{"href":"https:\/\/bottesetvelo.com\/blog\/wp-json\/wp\/v2\/types\/post"}],"author":[{"embeddable":true,"href":"https:\/\/bottesetvelo.com\/blog\/wp-json\/wp\/v2\/users\/3"}],"replies":[{"embeddable":true,"href":"https:\/\/bottesetvelo.com\/blog\/wp-json\/wp\/v2\/comments?post=1410"}],"version-history":[{"count":1,"href":"https:\/\/bottesetvelo.com\/blog\/wp-json\/wp\/v2\/posts\/1410\/revisions"}],"predecessor-version":[{"id":1417,"href":"https:\/\/bottesetvelo.com\/blog\/wp-json\/wp\/v2\/posts\/1410\/revisions\/1417"}],"wp:attachment":[{"href":"https:\/\/bottesetvelo.com\/blog\/wp-json\/wp\/v2\/media?parent=1410"}],"wp:term":[{"taxonomy":"category","embeddable":true,"href":"https:\/\/bottesetvelo.com\/blog\/wp-json\/wp\/v2\/categories?post=1410"},{"taxonomy":"post_tag","embeddable":true,"href":"https:\/\/bottesetvelo.com\/blog\/wp-json\/wp\/v2\/tags?post=1410"}],"curies":[{"name":"wp","href":"https:\/\/api.w.org\/{rel}","templated":true}]}}