{"id":1404,"date":"2015-03-08T17:49:52","date_gmt":"2015-03-08T21:49:52","guid":{"rendered":"http:\/\/bottesetvelo.com\/blog\/?p=1404"},"modified":"2015-03-08T20:34:44","modified_gmt":"2015-03-09T00:34:44","slug":"partir-en-pelerinage-le-planifier","status":"publish","type":"post","link":"https:\/\/bottesetvelo.com\/blog\/2015\/03\/08\/partir-en-pelerinage-le-planifier\/","title":{"rendered":"Partir en p\u00e8lerinage, le planifier!"},"content":{"rendered":"<h3 style=\"text-align: justify;\"><span style=\"color: #993300;\">C&rsquo;est le th\u00e8me du <span style=\"color: #008000;\">d\u00e9jeuner-causerie du 21 mars<\/span> prochain auquel vous invite <em><span style=\"color: #003366;\">Bottes et V\u00e9lo<\/span><\/em>. Pour vous inscrire, suivez ce lien:<\/span> <a title=\"Les d\u00e9jeuners-causerie de Bottes et V\u00e9lo\" href=\"http:\/\/bottesetvelo.com\/bottes-et-v\u00e9lo---d\u00e9jeuners-causerie\" target=\"_blank\">Les d\u00e9jeuners-causerie de Bottes et V\u00e9lo.<\/a><\/h3>\n<p style=\"text-align: justify;\">Partir en p\u00e8lerinage se planifie&#8230; dans une certaine mesure. Comment faire de l&rsquo;espace dans mon horaire pour accueillir ce projet? Comment le budg\u00e9ter? Quels aspects techniques vont primer?<\/p>\n<p style=\"text-align: justify;\"><a href=\"https:\/\/i0.wp.com\/bottesetvelo.com\/blog\/wp-content\/uploads\/2015\/03\/Pub-d%C3%A9jeuner-du-21-mars.png?ssl=1\"><img data-recalc-dims=\"1\" loading=\"lazy\" decoding=\"async\" data-attachment-id=\"1406\" data-permalink=\"https:\/\/bottesetvelo.com\/blog\/2015\/03\/08\/partir-en-pelerinage-le-planifier\/pub-dejeuner-du-21-mars\/\" data-orig-file=\"https:\/\/i0.wp.com\/bottesetvelo.com\/blog\/wp-content\/uploads\/2015\/03\/Pub-d%C3%A9jeuner-du-21-mars.png?fit=861%2C629&amp;ssl=1\" data-orig-size=\"861,629\" data-comments-opened=\"1\" data-image-meta=\"{&quot;aperture&quot;:&quot;0&quot;,&quot;credit&quot;:&quot;&quot;,&quot;camera&quot;:&quot;&quot;,&quot;caption&quot;:&quot;&quot;,&quot;created_timestamp&quot;:&quot;0&quot;,&quot;copyright&quot;:&quot;&quot;,&quot;focal_length&quot;:&quot;0&quot;,&quot;iso&quot;:&quot;0&quot;,&quot;shutter_speed&quot;:&quot;0&quot;,&quot;title&quot;:&quot;&quot;,&quot;orientation&quot;:&quot;0&quot;}\" data-image-title=\"Bottes et V\u00e9lo &amp;#8211; d\u00e9jeuner du 21 mars\" data-image-description=\"\" data-image-caption=\"\" data-large-file=\"https:\/\/i0.wp.com\/bottesetvelo.com\/blog\/wp-content\/uploads\/2015\/03\/Pub-d%C3%A9jeuner-du-21-mars.png?fit=861%2C629&amp;ssl=1\" class=\"  wp-image-1406 alignright\" src=\"https:\/\/i0.wp.com\/bottesetvelo.com\/blog\/wp-content\/uploads\/2015\/03\/Pub-d%C3%A9jeuner-du-21-mars.png?resize=300%2C219&#038;ssl=1\" alt=\"Bottes et V\u00e9lo - d\u00e9jeuner du 21 mars\" width=\"300\" height=\"219\" srcset=\"https:\/\/i0.wp.com\/bottesetvelo.com\/blog\/wp-content\/uploads\/2015\/03\/Pub-d%C3%A9jeuner-du-21-mars.png?resize=500%2C365&amp;ssl=1 500w, https:\/\/i0.wp.com\/bottesetvelo.com\/blog\/wp-content\/uploads\/2015\/03\/Pub-d%C3%A9jeuner-du-21-mars.png?resize=624%2C456&amp;ssl=1 624w, https:\/\/i0.wp.com\/bottesetvelo.com\/blog\/wp-content\/uploads\/2015\/03\/Pub-d%C3%A9jeuner-du-21-mars.png?w=861&amp;ssl=1 861w\" sizes=\"auto, (max-width: 300px) 100vw, 300px\" \/><\/a>Mais, pour bien planifier, il sera tout aussi important de prendre en consid\u00e9ration l&rsquo;\u00e9tat d&rsquo;esprit dans lequel j&rsquo;arrive pour ce p\u00e8lerinage: Quelles sont mes attentes? Est-ce que j&rsquo;arrive avec des pr\u00e9jug\u00e9s, des croyances, des convictions sur ce chemin?\u00a0 Une bonne part de notre planification consistera \u00e0 d\u00e9velopper notre capacit\u00e9 \u00e0 l\u00e2cher-prise. Car, planifier un p\u00e8lerinage, c&rsquo;est aussi accepter de ne pas tout planifier! Aussi paradoxal que cela puisse para\u00eetre, le p\u00e8lerinage c&rsquo;est accueillir l&rsquo;impr\u00e9visible&#8230;<\/p>\n<p style=\"text-align: justify;\">Joignez-vous \u00e0 nous samedi, 21 mars, \u00e0 9h30 pour un d\u00e9jeuner-causerie qui risque de nous lancer sur de tr\u00e8s bonnes r\u00e9flexions. Ceci, bien entendu, autour d\u2019un bon petit-d\u00e9jeuner continental! Une mani\u00e8re de d\u00e9couvrir le p\u00e8lerinage d&rsquo;une agr\u00e9able fa\u00e7on et en bonne compagnie!<\/p>\n<p>Les d\u00e9jeuners-causerie se tiennent au<span style=\"color: #993300;\"><strong> 50 rue Principale, \u00e0 St-Michel-de-Bellechasse.<br \/>\nCo\u00fbt:15$\/pers.<\/strong><\/span><\/p>\n<p>Bienvenue \u00e0 tous et toutes!<a href=\"https:\/\/i0.wp.com\/bottesetvelo.com\/blog\/wp-content\/uploads\/2014\/01\/Bottes-et-V%C3%A9lo-Embl%C3%AAme.jpg?ssl=1\"><img data-recalc-dims=\"1\" loading=\"lazy\" decoding=\"async\" data-attachment-id=\"14\" data-permalink=\"https:\/\/bottesetvelo.com\/blog\/bottes-et-velo-le-blog\/bottes-et-velo-embleme\/\" data-orig-file=\"https:\/\/i0.wp.com\/bottesetvelo.com\/blog\/wp-content\/uploads\/2014\/01\/Bottes-et-V%C3%A9lo-Embl%C3%AAme-e1454083414631.jpg?fit=100%2C79&amp;ssl=1\" data-orig-size=\"100,79\" data-comments-opened=\"1\" data-image-meta=\"{&quot;aperture&quot;:&quot;0&quot;,&quot;credit&quot;:&quot;&quot;,&quot;camera&quot;:&quot;&quot;,&quot;caption&quot;:&quot;&quot;,&quot;created_timestamp&quot;:&quot;0&quot;,&quot;copyright&quot;:&quot;&quot;,&quot;focal_length&quot;:&quot;0&quot;,&quot;iso&quot;:&quot;0&quot;,&quot;shutter_speed&quot;:&quot;0&quot;,&quot;title&quot;:&quot;&quot;}\" data-image-title=\"Bottes et V\u00e9lo &amp;#8211; Embl\u00eame\" data-image-description=\"\" data-image-caption=\"\" data-large-file=\"https:\/\/i0.wp.com\/bottesetvelo.com\/blog\/wp-content\/uploads\/2014\/01\/Bottes-et-V%C3%A9lo-Embl%C3%AAme-e1454083414631.jpg?fit=100%2C79&amp;ssl=1\" class=\"  wp-image-14 alignright\" src=\"https:\/\/i0.wp.com\/bottesetvelo.com\/blog\/wp-content\/uploads\/2014\/01\/Bottes-et-V%C3%A9lo-Embl%C3%AAme-300x236.jpg?resize=71%2C56&#038;ssl=1\" alt=\"Bottes et V\u00e9lo - Embl\u00eame\" width=\"71\" height=\"56\" \/><\/a><\/p>\n<p>\u00c9ric Lalibert\u00e9 et Brigitte Harouni<\/p>\n","protected":false},"excerpt":{"rendered":"<p>C&rsquo;est le th\u00e8me du d\u00e9jeuner-causerie du 21 mars prochain auquel vous invite Bottes et V\u00e9lo. Pour vous inscrire, suivez ce lien: Les d\u00e9jeuners-causerie de Bottes et V\u00e9lo. Partir en p\u00e8lerinage se planifie&#8230; dans une certaine mesure. Comment faire de l&rsquo;espace dans mon horaire pour accueillir ce projet? Comment le budg\u00e9ter? Quels aspects techniques vont primer?&hellip;<\/p>\n","protected":false},"author":1,"featured_media":0,"comment_status":"open","ping_status":"open","sticky":false,"template":"","format":"standard","meta":{"jetpack_post_was_ever_published":false,"_jetpack_newsletter_access":"","_jetpack_dont_email_post_to_subs":false,"_jetpack_newsletter_tier_id":0,"_jetpack_memberships_contains_paywalled_content":false,"_jetpack_memberships_contains_paid_content":false,"footnotes":"","jetpack_publicize_message":"","jetpack_publicize_feature_enabled":true,"jetpack_social_post_already_shared":true,"jetpack_social_options":{"image_generator_settings":{"template":"highway","default_image_id":0,"font":"","enabled":false},"version":2}},"categories":[56,161],"tags":[18,135,13,191,140],"class_list":["post-1404","post","type-post","status-publish","format-standard","hentry","category-activites","category-dejeuner-causerie","tag-bottes-et-velo","tag-dejeuners-causerie","tag-pelerinage","tag-planification","tag-rencontre"],"jetpack_publicize_connections":[],"jetpack_featured_media_url":"","jetpack_shortlink":"https:\/\/wp.me\/p4eY6z-mE","jetpack_sharing_enabled":true,"jetpack_likes_enabled":true,"jetpack-related-posts":[],"_links":{"self":[{"href":"https:\/\/bottesetvelo.com\/blog\/wp-json\/wp\/v2\/posts\/1404","targetHints":{"allow":["GET"]}}],"collection":[{"href":"https:\/\/bottesetvelo.com\/blog\/wp-json\/wp\/v2\/posts"}],"about":[{"href":"https:\/\/bottesetvelo.com\/blog\/wp-json\/wp\/v2\/types\/post"}],"author":[{"embeddable":true,"href":"https:\/\/bottesetvelo.com\/blog\/wp-json\/wp\/v2\/users\/1"}],"replies":[{"embeddable":true,"href":"https:\/\/bottesetvelo.com\/blog\/wp-json\/wp\/v2\/comments?post=1404"}],"version-history":[{"count":3,"href":"https:\/\/bottesetvelo.com\/blog\/wp-json\/wp\/v2\/posts\/1404\/revisions"}],"predecessor-version":[{"id":1409,"href":"https:\/\/bottesetvelo.com\/blog\/wp-json\/wp\/v2\/posts\/1404\/revisions\/1409"}],"wp:attachment":[{"href":"https:\/\/bottesetvelo.com\/blog\/wp-json\/wp\/v2\/media?parent=1404"}],"wp:term":[{"taxonomy":"category","embeddable":true,"href":"https:\/\/bottesetvelo.com\/blog\/wp-json\/wp\/v2\/categories?post=1404"},{"taxonomy":"post_tag","embeddable":true,"href":"https:\/\/bottesetvelo.com\/blog\/wp-json\/wp\/v2\/tags?post=1404"}],"curies":[{"name":"wp","href":"https:\/\/api.w.org\/{rel}","templated":true}]}}