{"id":1384,"date":"2015-03-02T17:47:28","date_gmt":"2015-03-02T22:47:28","guid":{"rendered":"http:\/\/bottesetvelo.com\/blog\/?p=1384"},"modified":"2015-03-21T08:15:14","modified_gmt":"2015-03-21T12:15:14","slug":"sejours-ressourcement-et-pelerinage-2015","status":"publish","type":"post","link":"https:\/\/bottesetvelo.com\/blog\/2015\/03\/02\/sejours-ressourcement-et-pelerinage-2015\/","title":{"rendered":"S\u00e9jours Ressourcement et P\u00e8lerinage 2015"},"content":{"rendered":"<p style=\"text-align: justify;\">Le printemps arrive \u00e0 grands pas et d\u00e9j\u00e0 quelques r\u00e9servations nous sont parvenues pour les parcours de ressourcement pr\u00e9vus en mai et juin. Nos trois premiers s\u00e9jours auront lieu aux dates suivantes:<strong><a href=\"https:\/\/i0.wp.com\/bottesetvelo.com\/blog\/wp-content\/uploads\/2015\/03\/2014-10-11-11.49.58.jpg?ssl=1\"><img data-recalc-dims=\"1\" loading=\"lazy\" decoding=\"async\" data-attachment-id=\"1432\" data-permalink=\"https:\/\/bottesetvelo.com\/blog\/2015\/03\/02\/sejours-ressourcement-et-pelerinage-2015\/2014-10-11-11-49-58\/\" data-orig-file=\"https:\/\/i0.wp.com\/bottesetvelo.com\/blog\/wp-content\/uploads\/2015\/03\/2014-10-11-11.49.58.jpg?fit=3264%2C2448&amp;ssl=1\" data-orig-size=\"3264,2448\" data-comments-opened=\"1\" data-image-meta=\"{&quot;aperture&quot;:&quot;2.6&quot;,&quot;credit&quot;:&quot;&quot;,&quot;camera&quot;:&quot;SGH-I747M&quot;,&quot;caption&quot;:&quot;&quot;,&quot;created_timestamp&quot;:&quot;1413028198&quot;,&quot;copyright&quot;:&quot;&quot;,&quot;focal_length&quot;:&quot;3.7&quot;,&quot;iso&quot;:&quot;50&quot;,&quot;shutter_speed&quot;:&quot;0.00078125&quot;,&quot;title&quot;:&quot;&quot;,&quot;orientation&quot;:&quot;1&quot;}\" data-image-title=\"2014-10-11 11.49.58\" data-image-description=\"\" data-image-caption=\"\" data-large-file=\"https:\/\/i0.wp.com\/bottesetvelo.com\/blog\/wp-content\/uploads\/2015\/03\/2014-10-11-11.49.58.jpg?fit=1024%2C768&amp;ssl=1\" class=\"  alignright wp-image-1432\" src=\"https:\/\/i0.wp.com\/bottesetvelo.com\/blog\/wp-content\/uploads\/2015\/03\/2014-10-11-11.49.58.jpg?resize=299%2C224&#038;ssl=1\" alt=\"Circuit Charny-Qu\u00e9bec - Th\u00e8me Chemin de transition\" width=\"299\" height=\"224\" srcset=\"https:\/\/i0.wp.com\/bottesetvelo.com\/blog\/wp-content\/uploads\/2015\/03\/2014-10-11-11.49.58.jpg?resize=500%2C375&amp;ssl=1 500w, https:\/\/i0.wp.com\/bottesetvelo.com\/blog\/wp-content\/uploads\/2015\/03\/2014-10-11-11.49.58.jpg?resize=1024%2C768&amp;ssl=1 1024w, https:\/\/i0.wp.com\/bottesetvelo.com\/blog\/wp-content\/uploads\/2015\/03\/2014-10-11-11.49.58.jpg?resize=624%2C468&amp;ssl=1 624w, https:\/\/i0.wp.com\/bottesetvelo.com\/blog\/wp-content\/uploads\/2015\/03\/2014-10-11-11.49.58.jpg?w=2340&amp;ssl=1 2340w\" sizes=\"auto, (max-width: 299px) 100vw, 299px\" \/><\/a><\/strong><\/p>\n<ul>\n<li style=\"text-align: justify;\"><strong>29-30-31 mai<\/strong> dans la r\u00e9gion de Qu\u00e9bec, sous le th\u00e8me: <strong>Chemin de transition &#8211;\u00a0 Les passages dans ma vie. (37 km)<\/strong><\/li>\n<\/ul>\n<ul>\n<li style=\"text-align: left;\"><strong>12-13-14 juin<\/strong> dans la r\u00e9gion de Kamouraska, sous le th\u00e8me: <strong>Calme et m\u00e9ditation &#8211; Terre et mer (45 km)<\/strong><\/li>\n<\/ul>\n<p style=\"text-align: justify;\">Pour tous les weekends, l&rsquo;arriv\u00e9e se fait le vendredi soir \u00e0 19h et les parcours se terminent le dimanche apr\u00e8s-midi vers 16h. Les distances parcourues sont d&rsquo;environ 20 \u00e0 22 km par jour. Des exercices vous sont propos\u00e9s tout au long de la d\u00e9marche ainsi qu&rsquo;un accompagnement individuel et de groupe. Le s\u00e9jour inclut: la pr\u00e9sence de deux accompagnateurs, la documentation, l&rsquo;h\u00e9bergement, deux petits-d\u00e9jeuners et un souper, le tout pour 275$.<\/p>\n<p style=\"text-align: justify;\"><a href=\"http:\/\/bottesetvelo.com\/bottes-et-v%C3%A9lo---ressourcement-et-p%C3%A8lerinage\"><img data-recalc-dims=\"1\" loading=\"lazy\" decoding=\"async\" data-attachment-id=\"1385\" data-permalink=\"https:\/\/bottesetvelo.com\/blog\/2015\/03\/02\/sejours-ressourcement-et-pelerinage-2015\/venez-marcher-avec-nous-2015\/\" data-orig-file=\"https:\/\/i0.wp.com\/bottesetvelo.com\/blog\/wp-content\/uploads\/2015\/03\/Venez-marcher-avec-nous-2015.png?fit=877%2C561&amp;ssl=1\" data-orig-size=\"877,561\" data-comments-opened=\"1\" data-image-meta=\"{&quot;aperture&quot;:&quot;0&quot;,&quot;credit&quot;:&quot;&quot;,&quot;camera&quot;:&quot;&quot;,&quot;caption&quot;:&quot;&quot;,&quot;created_timestamp&quot;:&quot;0&quot;,&quot;copyright&quot;:&quot;&quot;,&quot;focal_length&quot;:&quot;0&quot;,&quot;iso&quot;:&quot;0&quot;,&quot;shutter_speed&quot;:&quot;0&quot;,&quot;title&quot;:&quot;&quot;,&quot;orientation&quot;:&quot;0&quot;}\" data-image-title=\"Ressourcement et p\u00e8lerinage\" data-image-description=\"\" data-image-caption=\"\" data-large-file=\"https:\/\/i0.wp.com\/bottesetvelo.com\/blog\/wp-content\/uploads\/2015\/03\/Venez-marcher-avec-nous-2015.png?fit=877%2C561&amp;ssl=1\" class=\"   alignright wp-image-1385\" src=\"https:\/\/i0.wp.com\/bottesetvelo.com\/blog\/wp-content\/uploads\/2015\/03\/Venez-marcher-avec-nous-2015.png?resize=300%2C192&#038;ssl=1\" alt=\"Ressourcement et p\u00e8lerinage\" width=\"300\" height=\"192\" srcset=\"https:\/\/i0.wp.com\/bottesetvelo.com\/blog\/wp-content\/uploads\/2015\/03\/Venez-marcher-avec-nous-2015.png?resize=500%2C320&amp;ssl=1 500w, https:\/\/i0.wp.com\/bottesetvelo.com\/blog\/wp-content\/uploads\/2015\/03\/Venez-marcher-avec-nous-2015.png?resize=624%2C399&amp;ssl=1 624w, https:\/\/i0.wp.com\/bottesetvelo.com\/blog\/wp-content\/uploads\/2015\/03\/Venez-marcher-avec-nous-2015.png?w=877&amp;ssl=1 877w\" sizes=\"auto, (max-width: 300px) 100vw, 300px\" \/><\/a>Si vous pr\u00e9voyez vous inscrire, faites-nous parvenir votre inscription le plus t\u00f4t possible. Votre paiement ne vous sera exig\u00e9 qu&rsquo;un mois avant votre s\u00e9jour afin de garantir votre r\u00e9servation. Cliquez sur ce lien pour vous inscrire: <a href=\"http:\/\/bottesetvelo.com\/bottes-et-v%C3%A9lo---ressourcement-et-p%C3%A8lerinage\" target=\"_blank\"><strong>Bottes et V\u00e9lo &#8211; Ressourcement et P\u00e8lerinage<\/strong><\/a><\/p>\n<p style=\"text-align: justify;\">Nous avons travaill\u00e9 fort afin de vous pr\u00e9parer des s\u00e9jours enrichissants et nous avons bien h\u00e2te de vivre tous ces beaux moments avec vous. Ce sera un r\u00e9el plaisir que de faire ces quelques pas en votre compagnie!<a href=\"https:\/\/i0.wp.com\/bottesetvelo.com\/blog\/wp-content\/uploads\/2014\/01\/Bottes-et-V%C3%A9lo-Embl%C3%AAme.jpg?ssl=1\"><img data-recalc-dims=\"1\" loading=\"lazy\" decoding=\"async\" data-attachment-id=\"14\" data-permalink=\"https:\/\/bottesetvelo.com\/blog\/bottes-et-velo-le-blog\/bottes-et-velo-embleme\/\" data-orig-file=\"https:\/\/i0.wp.com\/bottesetvelo.com\/blog\/wp-content\/uploads\/2014\/01\/Bottes-et-V%C3%A9lo-Embl%C3%AAme-e1454083414631.jpg?fit=100%2C79&amp;ssl=1\" data-orig-size=\"100,79\" data-comments-opened=\"1\" data-image-meta=\"{&quot;aperture&quot;:&quot;0&quot;,&quot;credit&quot;:&quot;&quot;,&quot;camera&quot;:&quot;&quot;,&quot;caption&quot;:&quot;&quot;,&quot;created_timestamp&quot;:&quot;0&quot;,&quot;copyright&quot;:&quot;&quot;,&quot;focal_length&quot;:&quot;0&quot;,&quot;iso&quot;:&quot;0&quot;,&quot;shutter_speed&quot;:&quot;0&quot;,&quot;title&quot;:&quot;&quot;}\" data-image-title=\"Bottes et V\u00e9lo &amp;#8211; Embl\u00eame\" data-image-description=\"\" data-image-caption=\"\" data-large-file=\"https:\/\/i0.wp.com\/bottesetvelo.com\/blog\/wp-content\/uploads\/2014\/01\/Bottes-et-V%C3%A9lo-Embl%C3%AAme-e1454083414631.jpg?fit=100%2C79&amp;ssl=1\" class=\"  wp-image-14 alignright\" src=\"https:\/\/i0.wp.com\/bottesetvelo.com\/blog\/wp-content\/uploads\/2014\/01\/Bottes-et-V%C3%A9lo-Embl%C3%AAme.jpg?resize=88%2C69&#038;ssl=1\" alt=\"Bottes et V\u00e9lo - Embl\u00eame\" width=\"88\" height=\"69\" \/><\/a><\/p>\n<p style=\"text-align: justify;\">\u00c9ric Lalibert\u00e9 et Brigitte Harouni<\/p>\n","protected":false},"excerpt":{"rendered":"<p>Le printemps arrive \u00e0 grands pas et d\u00e9j\u00e0 quelques r\u00e9servations nous sont parvenues pour les parcours de ressourcement pr\u00e9vus en mai et juin. Nos trois premiers s\u00e9jours auront lieu aux dates suivantes: 29-30-31 mai dans la r\u00e9gion de Qu\u00e9bec, sous le th\u00e8me: Chemin de transition &#8211;\u00a0 Les passages dans ma vie. (37 km) 12-13-14 juin&hellip;<\/p>\n","protected":false},"author":1,"featured_media":0,"comment_status":"open","ping_status":"open","sticky":false,"template":"","format":"standard","meta":{"jetpack_post_was_ever_published":false,"_jetpack_newsletter_access":"","_jetpack_dont_email_post_to_subs":false,"_jetpack_newsletter_tier_id":0,"_jetpack_memberships_contains_paywalled_content":false,"_jetpack_memberships_contains_paid_content":false,"footnotes":"","jetpack_publicize_message":"","jetpack_publicize_feature_enabled":true,"jetpack_social_post_already_shared":true,"jetpack_social_options":{"image_generator_settings":{"template":"highway","default_image_id":0,"font":"","enabled":false},"version":2}},"categories":[56,6,171],"tags":[40,168,33,13,188],"class_list":["post-1384","post","type-post","status-publish","format-standard","hentry","category-activites","category-formations","category-pelerinage","tag-croissance-personnelle-2","tag-demarche-du-pelerin","tag-entrainement-physique","tag-pelerinage","tag-ressourcement"],"jetpack_publicize_connections":[],"jetpack_featured_media_url":"","jetpack_shortlink":"https:\/\/wp.me\/p4eY6z-mk","jetpack_sharing_enabled":true,"jetpack_likes_enabled":true,"jetpack-related-posts":[],"_links":{"self":[{"href":"https:\/\/bottesetvelo.com\/blog\/wp-json\/wp\/v2\/posts\/1384","targetHints":{"allow":["GET"]}}],"collection":[{"href":"https:\/\/bottesetvelo.com\/blog\/wp-json\/wp\/v2\/posts"}],"about":[{"href":"https:\/\/bottesetvelo.com\/blog\/wp-json\/wp\/v2\/types\/post"}],"author":[{"embeddable":true,"href":"https:\/\/bottesetvelo.com\/blog\/wp-json\/wp\/v2\/users\/1"}],"replies":[{"embeddable":true,"href":"https:\/\/bottesetvelo.com\/blog\/wp-json\/wp\/v2\/comments?post=1384"}],"version-history":[{"count":6,"href":"https:\/\/bottesetvelo.com\/blog\/wp-json\/wp\/v2\/posts\/1384\/revisions"}],"predecessor-version":[{"id":1433,"href":"https:\/\/bottesetvelo.com\/blog\/wp-json\/wp\/v2\/posts\/1384\/revisions\/1433"}],"wp:attachment":[{"href":"https:\/\/bottesetvelo.com\/blog\/wp-json\/wp\/v2\/media?parent=1384"}],"wp:term":[{"taxonomy":"category","embeddable":true,"href":"https:\/\/bottesetvelo.com\/blog\/wp-json\/wp\/v2\/categories?post=1384"},{"taxonomy":"post_tag","embeddable":true,"href":"https:\/\/bottesetvelo.com\/blog\/wp-json\/wp\/v2\/tags?post=1384"}],"curies":[{"name":"wp","href":"https:\/\/api.w.org\/{rel}","templated":true}]}}