{"id":1375,"date":"2015-02-27T18:31:27","date_gmt":"2015-02-27T23:31:27","guid":{"rendered":"http:\/\/bottesetvelo.com\/blog\/?p=1375"},"modified":"2015-02-27T18:31:27","modified_gmt":"2015-02-27T23:31:27","slug":"quest-ce-que-la-demarche-du-pelerin","status":"publish","type":"post","link":"https:\/\/bottesetvelo.com\/blog\/2015\/02\/27\/quest-ce-que-la-demarche-du-pelerin\/","title":{"rendered":"Qu\u2019est-ce que la d\u00e9marche du p\u00e8lerin?"},"content":{"rendered":"<h6 style=\"text-align: right;\"><em>Le p\u00e8lerinage de longue randonn\u00e9e n\u2019est pas un lieu.<\/em><br \/>\n<em>Il est itin\u00e9raire de vie inscrit dans le corps et l\u2019esprit, marqu\u00e9 par le temps.<\/em><br \/>\n<em>Bottes et V\u00e9lo<\/em><\/h6>\n<p style=\"text-align: justify;\"><a href=\"https:\/\/i0.wp.com\/bottesetvelo.com\/blog\/wp-content\/uploads\/2015\/02\/2009-Compostelle-et-Barcelone-034.jpg?ssl=1\"><img data-recalc-dims=\"1\" loading=\"lazy\" decoding=\"async\" data-attachment-id=\"1379\" data-permalink=\"https:\/\/bottesetvelo.com\/blog\/2015\/02\/27\/quest-ce-que-la-demarche-du-pelerin\/2009-compostelle-et-barcelone-034-2\/\" data-orig-file=\"https:\/\/i0.wp.com\/bottesetvelo.com\/blog\/wp-content\/uploads\/2015\/02\/2009-Compostelle-et-Barcelone-034.jpg?fit=3648%2C2736&amp;ssl=1\" data-orig-size=\"3648,2736\" data-comments-opened=\"1\" data-image-meta=\"{&quot;aperture&quot;:&quot;9&quot;,&quot;credit&quot;:&quot;&quot;,&quot;camera&quot;:&quot;Canon PowerShot SD890 IS&quot;,&quot;caption&quot;:&quot;&quot;,&quot;created_timestamp&quot;:&quot;1251103751&quot;,&quot;copyright&quot;:&quot;&quot;,&quot;focal_length&quot;:&quot;6.6&quot;,&quot;iso&quot;:&quot;80&quot;,&quot;shutter_speed&quot;:&quot;0.008&quot;,&quot;title&quot;:&quot;&quot;,&quot;orientation&quot;:&quot;1&quot;}\" data-image-title=\"Puy-en-Velay &amp;#8211; 2009\" data-image-description=\"\" data-image-caption=\"\" data-large-file=\"https:\/\/i0.wp.com\/bottesetvelo.com\/blog\/wp-content\/uploads\/2015\/02\/2009-Compostelle-et-Barcelone-034.jpg?fit=1024%2C768&amp;ssl=1\" class=\"  wp-image-1379 alignright\" src=\"https:\/\/i0.wp.com\/bottesetvelo.com\/blog\/wp-content\/uploads\/2015\/02\/2009-Compostelle-et-Barcelone-034.jpg?resize=301%2C226&#038;ssl=1\" alt=\"Puy-en-Velay - 2009\" width=\"301\" height=\"226\" srcset=\"https:\/\/i0.wp.com\/bottesetvelo.com\/blog\/wp-content\/uploads\/2015\/02\/2009-Compostelle-et-Barcelone-034.jpg?resize=500%2C375&amp;ssl=1 500w, https:\/\/i0.wp.com\/bottesetvelo.com\/blog\/wp-content\/uploads\/2015\/02\/2009-Compostelle-et-Barcelone-034.jpg?resize=1024%2C768&amp;ssl=1 1024w, https:\/\/i0.wp.com\/bottesetvelo.com\/blog\/wp-content\/uploads\/2015\/02\/2009-Compostelle-et-Barcelone-034.jpg?resize=624%2C468&amp;ssl=1 624w, https:\/\/i0.wp.com\/bottesetvelo.com\/blog\/wp-content\/uploads\/2015\/02\/2009-Compostelle-et-Barcelone-034.jpg?w=2340&amp;ssl=1 2340w, https:\/\/i0.wp.com\/bottesetvelo.com\/blog\/wp-content\/uploads\/2015\/02\/2009-Compostelle-et-Barcelone-034.jpg?w=3510&amp;ssl=1 3510w\" sizes=\"auto, (max-width: 301px) 100vw, 301px\" \/><\/a>En Europe, l\u2019exp\u00e9rience du p\u00e8lerinage de longue randonn\u00e9e \u00e9tant plus d\u00e9velopp\u00e9e, on en a articul\u00e9 une compr\u00e9hension de la d\u00e9marche en un cycle de quatre temps : <strong>PARTIR, CHEMINER, DEMEURER, REPARTIR<\/strong>. C\u2019est \u00e0 travers ce cycle r\u00e9p\u00e9titif que pourra se faire le grand m\u00e9nage du corps et de l\u2019esprit, qu\u2019un regard nouveau pourra na\u00eetre. Un processus en spirale qui appelle \u00e0 se laisser d\u00e9stabiliser jour apr\u00e8s jour. Ce cycle marque les temps forts d\u2019un processus transformateur qui engagera tout l\u2019\u00eatre du p\u00e8lerin : corps et esprit, mais dont la dimension temps ne devra pas \u00eatre n\u00e9glig\u00e9e. Le processus dans lequel s\u2019\u00e9lance le p\u00e8lerin ne peut se faire rapidement, il demande du temps. Il s\u2019inscrit en nous lentement, au rythme de la vie. La d\u00e9marche du p\u00e8lerin appelle le mouvement dans tout mon \u00eatre et me fait prendre conscience que la vie n\u2019a rien de stagnant : \u00ab Les renards ont des terriers, les oiseaux du ciel ont des nids; mais le Fils de l\u2019homme n\u2019a nulle part o\u00f9 poser sa t\u00eate. (Lc 9,58) \u00bb L\u2019\u00eatre humain a cet \u00e9lan de vie inscrit en lui.<\/p>\n<p style=\"text-align: justify;\"><strong>PARTIR<\/strong><br \/>\nEntreprendre un p\u00e8lerinage de longue randonn\u00e9e signifie : partir, quitter mon quotidien, me laisser d\u00e9stabiliser pour m\u2019ouvrir \u00e0 un autrement; sortir de mes enfermements, de mon confort, pour \u00e9veiller tous mes sens \u00e0 la d\u00e9couverte de lieux et de gens nouveaux; quitter le rythme tr\u00e9pidant d\u2019un monde qui ne prend plus le temps, pour renouer avec le rythme de la vie.<a href=\"https:\/\/i0.wp.com\/bottesetvelo.com\/blog\/wp-content\/uploads\/2015\/02\/2009-Compostelle-et-Barcelone-422.jpg?ssl=1\"><img data-recalc-dims=\"1\" loading=\"lazy\" decoding=\"async\" data-attachment-id=\"1377\" data-permalink=\"https:\/\/bottesetvelo.com\/blog\/2015\/02\/27\/quest-ce-que-la-demarche-du-pelerin\/2009-compostelle-et-barcelone-422\/\" data-orig-file=\"https:\/\/i0.wp.com\/bottesetvelo.com\/blog\/wp-content\/uploads\/2015\/02\/2009-Compostelle-et-Barcelone-422.jpg?fit=2434%2C1824&amp;ssl=1\" data-orig-size=\"2434,1824\" data-comments-opened=\"1\" data-image-meta=\"{&quot;aperture&quot;:&quot;4.5&quot;,&quot;credit&quot;:&quot;&quot;,&quot;camera&quot;:&quot;Canon PowerShot SD890 IS&quot;,&quot;caption&quot;:&quot;&quot;,&quot;created_timestamp&quot;:&quot;1253175314&quot;,&quot;copyright&quot;:&quot;&quot;,&quot;focal_length&quot;:&quot;17.703&quot;,&quot;iso&quot;:&quot;200&quot;,&quot;shutter_speed&quot;:&quot;0.02&quot;,&quot;title&quot;:&quot;&quot;,&quot;orientation&quot;:&quot;1&quot;}\" data-image-title=\"Puy-en-Velay &amp;#8211; 2009\" data-image-description=\"\" data-image-caption=\"\" data-large-file=\"https:\/\/i0.wp.com\/bottesetvelo.com\/blog\/wp-content\/uploads\/2015\/02\/2009-Compostelle-et-Barcelone-422.jpg?fit=1024%2C767&amp;ssl=1\" class=\"  wp-image-1377 alignright\" src=\"https:\/\/i0.wp.com\/bottesetvelo.com\/blog\/wp-content\/uploads\/2015\/02\/2009-Compostelle-et-Barcelone-422.jpg?resize=303%2C227&#038;ssl=1\" alt=\"Puy-en-Velay - 2009\" width=\"303\" height=\"227\" srcset=\"https:\/\/i0.wp.com\/bottesetvelo.com\/blog\/wp-content\/uploads\/2015\/02\/2009-Compostelle-et-Barcelone-422.jpg?resize=500%2C375&amp;ssl=1 500w, https:\/\/i0.wp.com\/bottesetvelo.com\/blog\/wp-content\/uploads\/2015\/02\/2009-Compostelle-et-Barcelone-422.jpg?resize=1024%2C767&amp;ssl=1 1024w, https:\/\/i0.wp.com\/bottesetvelo.com\/blog\/wp-content\/uploads\/2015\/02\/2009-Compostelle-et-Barcelone-422.jpg?resize=624%2C468&amp;ssl=1 624w, https:\/\/i0.wp.com\/bottesetvelo.com\/blog\/wp-content\/uploads\/2015\/02\/2009-Compostelle-et-Barcelone-422.jpg?w=2340&amp;ssl=1 2340w\" sizes=\"auto, (max-width: 303px) 100vw, 303px\" \/><\/a><br \/>\n<strong>CHEMINER<\/strong><br \/>\nLe cheminement de la d\u00e9marche engage tout l\u2019\u00eatre : physique et spirituel. C\u2019est dans cet engagement que le processus se met en branle, que l\u2019\u00eatre chemine, que l\u2019exp\u00e9rience rel\u00e8ve du senti puisqu\u2019elle s\u2019inscrit dans ma chair. Elle prend soudainement une saveur que je ne lui connaissais pas ou que je red\u00e9couvre au plus profond de moi. Une saveur que j\u2019apprendrai \u00e0 c\u00f4toyer jour apr\u00e8s jour et dont le go\u00fbt guidera mes pas.<br \/>\n<strong>DEMEURER<\/strong><br \/>\nS\u2019arr\u00eater pour se mette \u00e0 l\u2019\u00e9coute de ce qui se passe en moi et savourer l\u2019exp\u00e9rience; la laisser descendre dans tout mon \u00eatre et en go\u00fbter les bienfaits; la m\u00e9diter, l\u2019approfondir, la laisser agir. Je ne peux brusquer les choses, les dig\u00e9rer plus vite que je ne le peux. Le chemin se trace en moi lentement et je dois lui laisser cet espace, ce temps. C\u2019est le temps de la contemplation.<br \/>\n<strong>REPARTIR<\/strong><br \/>\nComme l\u2019eau stagnante devient impropre, tout mon \u00eatre trouve sa v\u00e9rit\u00e9 dans le mouvement. Non pas une agitation insignifiante, mais un mouvement vivant dont le go\u00fbt m\u2019appelle \u00e0 reprendre la route. Ce repartir s\u2019inscrit dans ma mission, l\u2019\u00e9lan vivant inscrit en moi, et dont la saveur se d\u00e9fini jour apr\u00e8s jour. Il signifie aussi l\u2019ouverture d\u2019esprit. Un esprit qui s\u2019enferme dans ses sch\u00e8mes de penser n\u2019est plus capable d\u2019avancer. C\u2019est l\u2019appel du chemin, l\u2019appel au cheminement.<\/p>\n<p style=\"text-align: justify;\">La d\u00e9marche du p\u00e8lerin se vit sous ces quatre temps et engage tout mon \u00eatre dans ses dimensions <strong>corporelle, spirituelle et temporelle<\/strong>. Tout le processus animera et\/ou r\u00e9animera des parts de mon \u00eatre, parfois dans la joie, parfois dans la souffrance, le plongeant dans des r\u00e9flexions et remises en question. En cours de route, j\u2019apprends \u00e0 m\u2019observer, je me mets \u00e0 l\u2019\u00e9coute\u2026<\/p>\n<p style=\"text-align: justify;\"><strong>CORPS<\/strong><a href=\"https:\/\/i0.wp.com\/bottesetvelo.com\/blog\/wp-content\/uploads\/2015\/02\/2009-Compostelle-et-Barcelone-066.jpg?ssl=1\"><img data-recalc-dims=\"1\" loading=\"lazy\" decoding=\"async\" data-attachment-id=\"1380\" data-permalink=\"https:\/\/bottesetvelo.com\/blog\/2015\/02\/27\/quest-ce-que-la-demarche-du-pelerin\/2009-compostelle-et-barcelone-066-3\/\" data-orig-file=\"https:\/\/i0.wp.com\/bottesetvelo.com\/blog\/wp-content\/uploads\/2015\/02\/2009-Compostelle-et-Barcelone-066.jpg?fit=3648%2C2736&amp;ssl=1\" data-orig-size=\"3648,2736\" data-comments-opened=\"1\" data-image-meta=\"{&quot;aperture&quot;:&quot;3.2&quot;,&quot;credit&quot;:&quot;&quot;,&quot;camera&quot;:&quot;Canon PowerShot SD890 IS&quot;,&quot;caption&quot;:&quot;&quot;,&quot;created_timestamp&quot;:&quot;1251293772&quot;,&quot;copyright&quot;:&quot;&quot;,&quot;focal_length&quot;:&quot;6.6&quot;,&quot;iso&quot;:&quot;80&quot;,&quot;shutter_speed&quot;:&quot;0.003125&quot;,&quot;title&quot;:&quot;&quot;,&quot;orientation&quot;:&quot;1&quot;}\" data-image-title=\"Puy-en-Velay &amp;#8211; 2009\" data-image-description=\"\" data-image-caption=\"\" data-large-file=\"https:\/\/i0.wp.com\/bottesetvelo.com\/blog\/wp-content\/uploads\/2015\/02\/2009-Compostelle-et-Barcelone-066.jpg?fit=1024%2C768&amp;ssl=1\" class=\"  wp-image-1380 alignright\" src=\"https:\/\/i0.wp.com\/bottesetvelo.com\/blog\/wp-content\/uploads\/2015\/02\/2009-Compostelle-et-Barcelone-066.jpg?resize=301%2C226&#038;ssl=1\" alt=\"Puy-en-Velay - 2009\" width=\"301\" height=\"226\" srcset=\"https:\/\/i0.wp.com\/bottesetvelo.com\/blog\/wp-content\/uploads\/2015\/02\/2009-Compostelle-et-Barcelone-066.jpg?resize=500%2C375&amp;ssl=1 500w, https:\/\/i0.wp.com\/bottesetvelo.com\/blog\/wp-content\/uploads\/2015\/02\/2009-Compostelle-et-Barcelone-066.jpg?resize=1024%2C768&amp;ssl=1 1024w, https:\/\/i0.wp.com\/bottesetvelo.com\/blog\/wp-content\/uploads\/2015\/02\/2009-Compostelle-et-Barcelone-066.jpg?resize=624%2C468&amp;ssl=1 624w, https:\/\/i0.wp.com\/bottesetvelo.com\/blog\/wp-content\/uploads\/2015\/02\/2009-Compostelle-et-Barcelone-066.jpg?w=2340&amp;ssl=1 2340w, https:\/\/i0.wp.com\/bottesetvelo.com\/blog\/wp-content\/uploads\/2015\/02\/2009-Compostelle-et-Barcelone-066.jpg?w=3510&amp;ssl=1 3510w\" sizes=\"auto, (max-width: 301px) 100vw, 301px\" \/><\/a><br \/>\nHabiter mon corps pour me d\u00e9couvrir comme \u00eatre vivant. Reprendre contact avec tous mes sens. \u00c9prouver la simplicit\u00e9 des bonheurs quotidiens, la joie d\u2019\u00eatre en vie : go\u00fbter, toucher, sentir, voir, entendre. \u00catre vivant, c\u2019est \u00e9prouver la joie de l\u2019\u00e9lan de vie qui est en chacun de nous. C\u2019est se d\u00e9couvrir fait pour \u00eatre heureux, sentir le lien qui nous unit \u00e0 la Vie, \u00e0 tout ce qui vit. C\u2019est choisir la Vie \u00e0 chaque instant. Habiter mon corps, c\u2019est aussi observer et apprivoiser ma souffrance. Celle que je tra\u00eene avec moi, dans mon sac de vie. Quelles sont les souffrances de ma vie, celles qui me paralysent, m\u2019emp\u00eachent d\u2019avancer, m\u2019enferment? Lentement j\u2019apprends \u00e0 les accueillir, les d\u00e9tricoter, faire la paix avec elles. J\u2019apprends \u00e0 les utiliser pour aller plus loin, pour avancer dans ma vie. Lentement, l\u2019exp\u00e9rience m\u2019am\u00e8ne \u00e0 distinguer ce qui oriente ma vie et la saveur qu\u2019a celle-ci\u2026 Quel est ce go\u00fbt qui me fait vibrer, vivre? Quel est ce go\u00fbt qui m\u2019entra\u00eene dans une vie illusoire, vers des pulsions de mort?<\/p>\n<p style=\"text-align: justify;\"><strong>ESPRIT<\/strong><br \/>\nDiscerner mes \u00e9tats d\u2019esprit. Discerner le bon esprit, du mauvais esprit : celui qui me fait souffrir, celui qui m\u2019am\u00e8ne \u00e0 contre-courant de la Vie, me met dans l\u2019illusion de la joie, m\u2019entra\u00eene \u00e0 des d\u00e9pendances\u2026, celui qui met du d\u00e9sordre dans ma vie. Pour plut\u00f4t apprendre \u00e0 orienter ma vie selon les signes du bon esprit : celui qui met mes sens en \u00e9veillent, m\u2019anime et me rend joyeux, celui qui am\u00e8ne la paix et la s\u00e9r\u00e9nit\u00e9 en moi. J\u2019apprends \u00e0 observer mes \u00e9tats d\u2019esprit pour donner du sens \u00e0 ma vie. En observant les mouvements de joie et de peine en moi, je suis \u00e0 m\u00eame de d\u00e9couvrir le fil conducteur de ma vie. J\u2019apprends aussi \u00e0 laisser mon esprit libre d\u2019aller, ne plus l\u2019engorger de mille pens\u00e9es. Par cet exercice, j\u2019ouvre un espace en moi pour que puisse na\u00eetre du nouveau, une solution nouvelle.<\/p>\n<p style=\"text-align: justify;\"><strong>TEMPS<a href=\"https:\/\/i0.wp.com\/bottesetvelo.com\/blog\/wp-content\/uploads\/2015\/02\/2014-07-21-14.01.12.jpg?ssl=1\"><img data-recalc-dims=\"1\" loading=\"lazy\" decoding=\"async\" data-attachment-id=\"1381\" data-permalink=\"https:\/\/bottesetvelo.com\/blog\/2015\/02\/27\/quest-ce-que-la-demarche-du-pelerin\/2014-07-21-14-01-12\/\" data-orig-file=\"https:\/\/i0.wp.com\/bottesetvelo.com\/blog\/wp-content\/uploads\/2015\/02\/2014-07-21-14.01.12.jpg?fit=3264%2C2448&amp;ssl=1\" data-orig-size=\"3264,2448\" data-comments-opened=\"1\" data-image-meta=\"{&quot;aperture&quot;:&quot;2.6&quot;,&quot;credit&quot;:&quot;&quot;,&quot;camera&quot;:&quot;SGH-I747M&quot;,&quot;caption&quot;:&quot;&quot;,&quot;created_timestamp&quot;:&quot;1405951272&quot;,&quot;copyright&quot;:&quot;&quot;,&quot;focal_length&quot;:&quot;3.7&quot;,&quot;iso&quot;:&quot;50&quot;,&quot;shutter_speed&quot;:&quot;0.00110619469027&quot;,&quot;title&quot;:&quot;&quot;,&quot;orientation&quot;:&quot;1&quot;}\" data-image-title=\"La Voie du St-Laurent &amp;#8211; 2014\" data-image-description=\"\" data-image-caption=\"\" data-large-file=\"https:\/\/i0.wp.com\/bottesetvelo.com\/blog\/wp-content\/uploads\/2015\/02\/2014-07-21-14.01.12.jpg?fit=1024%2C768&amp;ssl=1\" class=\"  wp-image-1381 alignright\" src=\"https:\/\/i0.wp.com\/bottesetvelo.com\/blog\/wp-content\/uploads\/2015\/02\/2014-07-21-14.01.12.jpg?resize=300%2C225&#038;ssl=1\" alt=\"La Voie du St-Laurent - 2014\" width=\"300\" height=\"225\" srcset=\"https:\/\/i0.wp.com\/bottesetvelo.com\/blog\/wp-content\/uploads\/2015\/02\/2014-07-21-14.01.12.jpg?resize=500%2C375&amp;ssl=1 500w, https:\/\/i0.wp.com\/bottesetvelo.com\/blog\/wp-content\/uploads\/2015\/02\/2014-07-21-14.01.12.jpg?resize=624%2C468&amp;ssl=1 624w, https:\/\/i0.wp.com\/bottesetvelo.com\/blog\/wp-content\/uploads\/2015\/02\/2014-07-21-14.01.12.jpg?w=2340&amp;ssl=1 2340w\" sizes=\"auto, (max-width: 300px) 100vw, 300px\" \/><\/a><\/strong><br \/>\nPrendre le temps de vivre son p\u00e8lerinage. Ne pas penser \u00e0 l\u2019arriv\u00e9e avant d\u2019\u00eatre parti. S\u2019engager dans la d\u00e9marche avec tout son \u00eatre pour lui laisser le temps de se vivre et permettre une int\u00e9gration profonde. On ne peut ma\u00eetriser l\u2019art et la technique du peintre en un weekend. Pour aller en profondeur, cela demande du temps. Plus je prendrai le temps, plus je raffinerai mon sens du go\u00fbt et d\u00e9velopperai ma capacit\u00e9 \u00e0 reconna\u00eetre la saveur de ma vie, ce qui lui donne si bon go\u00fbt. J\u2019aurai alors plus de facilit\u00e9 \u00e0 m\u2019\u00e9loigner de ce qui la rend aigre ou am\u00e8re. De m\u00eame, en prenant le temps, les n\u0153uds qui se sont form\u00e9s en moi, et m\u2019enferment dans mes souffrances, pourront se d\u00e9nouer en douceur et amener une plus grande libert\u00e9 int\u00e9rieure.<\/p>\n<p style=\"text-align: justify;\">Entreprendre un p\u00e8lerinage de longue randonn\u00e9e, c\u2019est vivre la d\u00e9marche du p\u00e8lerin, c\u2019est vivre un peu tout \u00e7a\u2026 et plus encore. La d\u00e9marche du p\u00e8lerin est personnelle \u00e0 chacun. Elle vous conduira l\u00e0 o\u00f9 vous \u00eates en mesure d\u2019aller. Elle ne vous poussera jamais au-del\u00e0. Et si certaines limites en venaient \u00e0 \u00eatre d\u00e9pass\u00e9es, ce n\u2019est pas l\u2019exp\u00e9rience qui sera en cause, mais notre rapport \u00e0 l\u2019exp\u00e9rience. Il sera alors bon de se poser quelques questions : qu\u2019est-ce que je n\u2019ai pas \u00e9cout\u00e9 en moi? Qu\u2019ai-je \u00e0 prouver? Suis-je entr\u00e9 dans cette exp\u00e9rience sous le mode de la comp\u00e9tition et de la performance?<\/p>\n<p style=\"text-align: justify;\"><a href=\"https:\/\/i0.wp.com\/bottesetvelo.com\/blog\/wp-content\/uploads\/2015\/02\/2014-07-28-12.17.43.jpg?ssl=1\"><img data-recalc-dims=\"1\" loading=\"lazy\" decoding=\"async\" data-attachment-id=\"1382\" data-permalink=\"https:\/\/bottesetvelo.com\/blog\/2015\/02\/27\/quest-ce-que-la-demarche-du-pelerin\/2014-07-28-12-17-43\/\" data-orig-file=\"https:\/\/i0.wp.com\/bottesetvelo.com\/blog\/wp-content\/uploads\/2015\/02\/2014-07-28-12.17.43.jpg?fit=2544%2C1868&amp;ssl=1\" data-orig-size=\"2544,1868\" data-comments-opened=\"1\" data-image-meta=\"{&quot;aperture&quot;:&quot;2.8&quot;,&quot;credit&quot;:&quot;&quot;,&quot;camera&quot;:&quot;iPhone 4&quot;,&quot;caption&quot;:&quot;&quot;,&quot;created_timestamp&quot;:&quot;1406549863&quot;,&quot;copyright&quot;:&quot;&quot;,&quot;focal_length&quot;:&quot;3.85&quot;,&quot;iso&quot;:&quot;80&quot;,&quot;shutter_speed&quot;:&quot;0.000629722921914&quot;,&quot;title&quot;:&quot;&quot;,&quot;orientation&quot;:&quot;1&quot;}\" data-image-title=\"La Voie du St-Laurent &amp;#8211; 2014\" data-image-description=\"\" data-image-caption=\"\" data-large-file=\"https:\/\/i0.wp.com\/bottesetvelo.com\/blog\/wp-content\/uploads\/2015\/02\/2014-07-28-12.17.43.jpg?fit=1024%2C752&amp;ssl=1\" class=\"  wp-image-1382 alignright\" src=\"https:\/\/i0.wp.com\/bottesetvelo.com\/blog\/wp-content\/uploads\/2015\/02\/2014-07-28-12.17.43.jpg?resize=300%2C220&#038;ssl=1\" alt=\"La Voie du St-Laurent - 2014\" width=\"300\" height=\"220\" srcset=\"https:\/\/i0.wp.com\/bottesetvelo.com\/blog\/wp-content\/uploads\/2015\/02\/2014-07-28-12.17.43.jpg?resize=500%2C367&amp;ssl=1 500w, https:\/\/i0.wp.com\/bottesetvelo.com\/blog\/wp-content\/uploads\/2015\/02\/2014-07-28-12.17.43.jpg?resize=1024%2C752&amp;ssl=1 1024w, https:\/\/i0.wp.com\/bottesetvelo.com\/blog\/wp-content\/uploads\/2015\/02\/2014-07-28-12.17.43.jpg?resize=624%2C458&amp;ssl=1 624w, https:\/\/i0.wp.com\/bottesetvelo.com\/blog\/wp-content\/uploads\/2015\/02\/2014-07-28-12.17.43.jpg?w=2340&amp;ssl=1 2340w\" sizes=\"auto, (max-width: 300px) 100vw, 300px\" \/><\/a>C\u2019est un pas \u00e0 la fois que le p\u00e8lerin progressera. Se donner le temps de vivre l\u2019exp\u00e9rience sur plusieurs semaines cons\u00e9cutives ou encore s\u2019engager dans un processus en plusieurs petites s\u00e9quences entra\u00eenera un cheminement qui se raffinera tout en douceur.<\/p>\n<p style=\"text-align: justify;\">Pour tous ceux et celles qui d\u00e9sirent exp\u00e9rimenter la d\u00e9marche du p\u00e8lerin et voudront se joindre \u00e0 nous pour la saison de p\u00e8lerinage 2015, c\u2019est \u00e0 travers ce processus que Bottes et V\u00e9lo offre de vous accompagner. N\u2019h\u00e9sitez pas \u00e0 vous inscrire aux diff\u00e9rents <a href=\"http:\/\/bottesetvelo.com\/bottes-et-v%C3%A9lo---ressourcement-et-p%C3%A8lerinage\" target=\"_blank\">s\u00e9jours de ressourcement \u00e0 travers le p\u00e8lerinage<\/a> ou encore \u00e0 partir avec nous pour une plus longue exp\u00e9rience sur <a href=\"http:\/\/bottesetvelo.com\/bottes-et-v%C3%A9lo---fondation-elan\" target=\"_blank\">la Voie du St-Laurent<\/a> au cours de l\u2019\u00e9t\u00e9. <a href=\"http:\/\/bottesetvelo.com\/home\" target=\"_blank\">Visitez notre site<\/a> pour d\u00e9couvrir toutes les possibilit\u00e9s qui s\u2019offrent \u00e0 vous.<\/p>\n<p style=\"text-align: justify;\">Bon chemin!<a href=\"https:\/\/i0.wp.com\/bottesetvelo.com\/blog\/wp-content\/uploads\/2014\/01\/Bottes-et-V%C3%A9lo-Embl%C3%AAme.jpg?ssl=1\"><img data-recalc-dims=\"1\" loading=\"lazy\" decoding=\"async\" data-attachment-id=\"14\" data-permalink=\"https:\/\/bottesetvelo.com\/blog\/bottes-et-velo-le-blog\/bottes-et-velo-embleme\/\" data-orig-file=\"https:\/\/i0.wp.com\/bottesetvelo.com\/blog\/wp-content\/uploads\/2014\/01\/Bottes-et-V%C3%A9lo-Embl%C3%AAme-e1454083414631.jpg?fit=100%2C79&amp;ssl=1\" data-orig-size=\"100,79\" data-comments-opened=\"1\" data-image-meta=\"{&quot;aperture&quot;:&quot;0&quot;,&quot;credit&quot;:&quot;&quot;,&quot;camera&quot;:&quot;&quot;,&quot;caption&quot;:&quot;&quot;,&quot;created_timestamp&quot;:&quot;0&quot;,&quot;copyright&quot;:&quot;&quot;,&quot;focal_length&quot;:&quot;0&quot;,&quot;iso&quot;:&quot;0&quot;,&quot;shutter_speed&quot;:&quot;0&quot;,&quot;title&quot;:&quot;&quot;}\" data-image-title=\"Bottes et V\u00e9lo &amp;#8211; Embl\u00eame\" data-image-description=\"\" data-image-caption=\"\" data-large-file=\"https:\/\/i0.wp.com\/bottesetvelo.com\/blog\/wp-content\/uploads\/2014\/01\/Bottes-et-V%C3%A9lo-Embl%C3%AAme-e1454083414631.jpg?fit=100%2C79&amp;ssl=1\" class=\"  wp-image-14 alignright\" src=\"https:\/\/i0.wp.com\/bottesetvelo.com\/blog\/wp-content\/uploads\/2014\/01\/Bottes-et-V%C3%A9lo-Embl%C3%AAme.jpg?resize=80%2C63&#038;ssl=1\" alt=\"Bottes et V\u00e9lo - Embl\u00eame\" width=\"80\" height=\"63\" \/><\/a><br \/>\n\u00c9ric Lalibert\u00e9<\/p>\n","protected":false},"excerpt":{"rendered":"<p>Le p\u00e8lerinage de longue randonn\u00e9e n\u2019est pas un lieu. Il est itin\u00e9raire de vie inscrit dans le corps et l\u2019esprit, marqu\u00e9 par le temps. Bottes et V\u00e9lo En Europe, l\u2019exp\u00e9rience du p\u00e8lerinage de longue randonn\u00e9e \u00e9tant plus d\u00e9velopp\u00e9e, on en a articul\u00e9 une compr\u00e9hension de la d\u00e9marche en un cycle de quatre temps : PARTIR,&hellip;<\/p>\n","protected":false},"author":3,"featured_media":0,"comment_status":"open","ping_status":"open","sticky":false,"template":"","format":"standard","meta":{"jetpack_post_was_ever_published":false,"_jetpack_newsletter_access":"","_jetpack_dont_email_post_to_subs":false,"_jetpack_newsletter_tier_id":0,"_jetpack_memberships_contains_paywalled_content":false,"_jetpack_memberships_contains_paid_content":false,"footnotes":"","jetpack_publicize_message":"","jetpack_publicize_feature_enabled":true,"jetpack_social_post_already_shared":true,"jetpack_social_options":{"image_generator_settings":{"template":"highway","default_image_id":0,"font":"","enabled":false},"version":2}},"categories":[56,166,6,74,171,37],"tags":[40,168,13,20],"class_list":["post-1375","post","type-post","status-publish","format-standard","hentry","category-activites","category-demarche-du-pelerin","category-formations","category-la-voie-du-st-laurent","category-pelerinage","category-spiritualite-2","tag-croissance-personnelle-2","tag-demarche-du-pelerin","tag-pelerinage","tag-spiritualite"],"jetpack_publicize_connections":[],"jetpack_featured_media_url":"","jetpack_shortlink":"https:\/\/wp.me\/p4eY6z-mb","jetpack_sharing_enabled":true,"jetpack_likes_enabled":true,"jetpack-related-posts":[],"_links":{"self":[{"href":"https:\/\/bottesetvelo.com\/blog\/wp-json\/wp\/v2\/posts\/1375","targetHints":{"allow":["GET"]}}],"collection":[{"href":"https:\/\/bottesetvelo.com\/blog\/wp-json\/wp\/v2\/posts"}],"about":[{"href":"https:\/\/bottesetvelo.com\/blog\/wp-json\/wp\/v2\/types\/post"}],"author":[{"embeddable":true,"href":"https:\/\/bottesetvelo.com\/blog\/wp-json\/wp\/v2\/users\/3"}],"replies":[{"embeddable":true,"href":"https:\/\/bottesetvelo.com\/blog\/wp-json\/wp\/v2\/comments?post=1375"}],"version-history":[{"count":3,"href":"https:\/\/bottesetvelo.com\/blog\/wp-json\/wp\/v2\/posts\/1375\/revisions"}],"predecessor-version":[{"id":1383,"href":"https:\/\/bottesetvelo.com\/blog\/wp-json\/wp\/v2\/posts\/1375\/revisions\/1383"}],"wp:attachment":[{"href":"https:\/\/bottesetvelo.com\/blog\/wp-json\/wp\/v2\/media?parent=1375"}],"wp:term":[{"taxonomy":"category","embeddable":true,"href":"https:\/\/bottesetvelo.com\/blog\/wp-json\/wp\/v2\/categories?post=1375"},{"taxonomy":"post_tag","embeddable":true,"href":"https:\/\/bottesetvelo.com\/blog\/wp-json\/wp\/v2\/tags?post=1375"}],"curies":[{"name":"wp","href":"https:\/\/api.w.org\/{rel}","templated":true}]}}