{"id":1336,"date":"2015-02-13T18:14:33","date_gmt":"2015-02-13T23:14:33","guid":{"rendered":"http:\/\/bottesetvelo.com\/blog\/?p=1336"},"modified":"2015-02-13T19:42:36","modified_gmt":"2015-02-14T00:42:36","slug":"le-pelerinage-un-processus-dancrage-vivant","status":"publish","type":"post","link":"https:\/\/bottesetvelo.com\/blog\/2015\/02\/13\/le-pelerinage-un-processus-dancrage-vivant\/","title":{"rendered":"Le p\u00e8lerinage: un processus d&rsquo;ancrage vivant"},"content":{"rendered":"<h6 style=\"text-align: right;\"><em>La vie est, en quelque sorte, un p\u00e8lerinage. (Platon)<\/em><br \/>\n<em>\u00ab [\u2026] pour que vous ayez la vie en abondance! \u00bb (Jn 10,10)<\/em><\/h6>\n<p style=\"text-align: justify;\">Le p\u00e8lerinage a chang\u00e9. D\u2019une pr\u00e9sence d\u00e9vote sur le lieu d\u2019un sanctuaire, il est devenu \u2013 pour des millions de personnes \u2013 p\u00e8lerinage <a href=\"https:\/\/i0.wp.com\/bottesetvelo.com\/blog\/wp-content\/uploads\/2015\/02\/2014-07-04-15.36.52.jpg?ssl=1\"><img data-recalc-dims=\"1\" loading=\"lazy\" decoding=\"async\" data-attachment-id=\"1339\" data-permalink=\"https:\/\/bottesetvelo.com\/blog\/2015\/02\/13\/le-pelerinage-un-processus-dancrage-vivant\/2014-07-04-15-36-52-2\/\" data-orig-file=\"https:\/\/i0.wp.com\/bottesetvelo.com\/blog\/wp-content\/uploads\/2015\/02\/2014-07-04-15.36.52.jpg?fit=2700%2C2095&amp;ssl=1\" data-orig-size=\"2700,2095\" data-comments-opened=\"1\" data-image-meta=\"{&quot;aperture&quot;:&quot;2.6&quot;,&quot;credit&quot;:&quot;&quot;,&quot;camera&quot;:&quot;SGH-I747M&quot;,&quot;caption&quot;:&quot;&quot;,&quot;created_timestamp&quot;:&quot;1404488212&quot;,&quot;copyright&quot;:&quot;&quot;,&quot;focal_length&quot;:&quot;3.7&quot;,&quot;iso&quot;:&quot;50&quot;,&quot;shutter_speed&quot;:&quot;0.000428082191781&quot;,&quot;title&quot;:&quot;&quot;,&quot;orientation&quot;:&quot;1&quot;}\" data-image-title=\"2014-07-04 15.36.52\" data-image-description=\"\" data-image-caption=\"\" data-large-file=\"https:\/\/i0.wp.com\/bottesetvelo.com\/blog\/wp-content\/uploads\/2015\/02\/2014-07-04-15.36.52.jpg?fit=1024%2C795&amp;ssl=1\" class=\"  alignright wp-image-1339\" src=\"https:\/\/i0.wp.com\/bottesetvelo.com\/blog\/wp-content\/uploads\/2015\/02\/2014-07-04-15.36.52.jpg?resize=169%2C131&#038;ssl=1\" alt=\"P\u00e8lerinage la Voie du St-Laurent - \u00e9t\u00e9 2014\" width=\"169\" height=\"131\" srcset=\"https:\/\/i0.wp.com\/bottesetvelo.com\/blog\/wp-content\/uploads\/2015\/02\/2014-07-04-15.36.52.jpg?resize=500%2C388&amp;ssl=1 500w, https:\/\/i0.wp.com\/bottesetvelo.com\/blog\/wp-content\/uploads\/2015\/02\/2014-07-04-15.36.52.jpg?resize=1024%2C795&amp;ssl=1 1024w, https:\/\/i0.wp.com\/bottesetvelo.com\/blog\/wp-content\/uploads\/2015\/02\/2014-07-04-15.36.52.jpg?resize=624%2C484&amp;ssl=1 624w, https:\/\/i0.wp.com\/bottesetvelo.com\/blog\/wp-content\/uploads\/2015\/02\/2014-07-04-15.36.52.jpg?w=2340&amp;ssl=1 2340w\" sizes=\"auto, (max-width: 169px) 100vw, 169px\" \/><\/a>de longue randonn\u00e9e qui se donne \u00e0 d\u00e9couvrir comme itin\u00e9raire vivant. \u00c0 travers Compostelle, l\u2019exp\u00e9rience du p\u00e8lerinage est devenue mobile, inscrite dans notre r\u00e9alit\u00e9 physique et en rapport au temps. <a href=\"https:\/\/i0.wp.com\/bottesetvelo.com\/blog\/wp-content\/uploads\/2015\/02\/2014-07-03-10.34.01.jpg?ssl=1\"><img data-recalc-dims=\"1\" loading=\"lazy\" decoding=\"async\" data-attachment-id=\"1337\" data-permalink=\"https:\/\/bottesetvelo.com\/blog\/2015\/02\/13\/le-pelerinage-un-processus-dancrage-vivant\/2014-07-03-10-34-01-3\/\" data-orig-file=\"https:\/\/i0.wp.com\/bottesetvelo.com\/blog\/wp-content\/uploads\/2015\/02\/2014-07-03-10.34.01.jpg?fit=3264%2C2448&amp;ssl=1\" data-orig-size=\"3264,2448\" data-comments-opened=\"1\" data-image-meta=\"{&quot;aperture&quot;:&quot;2.6&quot;,&quot;credit&quot;:&quot;&quot;,&quot;camera&quot;:&quot;SGH-I747M&quot;,&quot;caption&quot;:&quot;&quot;,&quot;created_timestamp&quot;:&quot;1404383641&quot;,&quot;copyright&quot;:&quot;&quot;,&quot;focal_length&quot;:&quot;3.7&quot;,&quot;iso&quot;:&quot;50&quot;,&quot;shutter_speed&quot;:&quot;0.00666666666667&quot;,&quot;title&quot;:&quot;&quot;,&quot;orientation&quot;:&quot;1&quot;}\" data-image-title=\"P\u00e8lerinage de la Voie du St-Laurent &amp;#8211; \u00e9t\u00e9 2014\" data-image-description=\"\" data-image-caption=\"\" data-large-file=\"https:\/\/i0.wp.com\/bottesetvelo.com\/blog\/wp-content\/uploads\/2015\/02\/2014-07-03-10.34.01.jpg?fit=1024%2C768&amp;ssl=1\" class=\"  alignleft wp-image-1337\" src=\"https:\/\/i0.wp.com\/bottesetvelo.com\/blog\/wp-content\/uploads\/2015\/02\/2014-07-03-10.34.01.jpg?resize=152%2C114&#038;ssl=1\" alt=\"P\u00e8lerinage de la Voie du St-Laurent - \u00e9t\u00e9 2014\" width=\"152\" height=\"114\" srcset=\"https:\/\/i0.wp.com\/bottesetvelo.com\/blog\/wp-content\/uploads\/2015\/02\/2014-07-03-10.34.01.jpg?resize=500%2C375&amp;ssl=1 500w, https:\/\/i0.wp.com\/bottesetvelo.com\/blog\/wp-content\/uploads\/2015\/02\/2014-07-03-10.34.01.jpg?resize=1024%2C768&amp;ssl=1 1024w, https:\/\/i0.wp.com\/bottesetvelo.com\/blog\/wp-content\/uploads\/2015\/02\/2014-07-03-10.34.01.jpg?resize=624%2C468&amp;ssl=1 624w, https:\/\/i0.wp.com\/bottesetvelo.com\/blog\/wp-content\/uploads\/2015\/02\/2014-07-03-10.34.01.jpg?w=2340&amp;ssl=1 2340w\" sizes=\"auto, (max-width: 152px) 100vw, 152px\" \/><\/a><strong><em>Le p\u00e8lerinage est sorti du temple.<\/em><\/strong> Il se c\u00e9l\u00e8bre au c\u0153ur de la vie, sur toutes les routes, sur tous les sentiers. Il n\u2019est plus un lieu, il est devenu itin\u00e9raire de vie inscrit dans le temps.<\/p>\n<p style=\"text-align: justify;\">Le p\u00e8lerinage de longue randonn\u00e9e se r\u00e9v\u00e8le marqu\u00e9e par le temps. Vivre le p\u00e8lerinage demande du temps, de la dur\u00e9e. <a href=\"https:\/\/i0.wp.com\/bottesetvelo.com\/blog\/wp-content\/uploads\/2015\/02\/2014-07-10-14.30.49.jpg?ssl=1\"><img data-recalc-dims=\"1\" loading=\"lazy\" decoding=\"async\" data-attachment-id=\"1340\" data-permalink=\"https:\/\/bottesetvelo.com\/blog\/2015\/02\/13\/le-pelerinage-un-processus-dancrage-vivant\/2014-07-10-14-30-49-3\/\" data-orig-file=\"https:\/\/i0.wp.com\/bottesetvelo.com\/blog\/wp-content\/uploads\/2015\/02\/2014-07-10-14.30.49.jpg?fit=2592%2C1936&amp;ssl=1\" data-orig-size=\"2592,1936\" data-comments-opened=\"1\" data-image-meta=\"{&quot;aperture&quot;:&quot;2.8&quot;,&quot;credit&quot;:&quot;&quot;,&quot;camera&quot;:&quot;iPhone 4&quot;,&quot;caption&quot;:&quot;&quot;,&quot;created_timestamp&quot;:&quot;1405002649&quot;,&quot;copyright&quot;:&quot;&quot;,&quot;focal_length&quot;:&quot;3.85&quot;,&quot;iso&quot;:&quot;80&quot;,&quot;shutter_speed&quot;:&quot;0.000497265042268&quot;,&quot;title&quot;:&quot;&quot;,&quot;orientation&quot;:&quot;1&quot;}\" data-image-title=\"2014-07-10 14.30.49\" data-image-description=\"\" data-image-caption=\"\" data-large-file=\"https:\/\/i0.wp.com\/bottesetvelo.com\/blog\/wp-content\/uploads\/2015\/02\/2014-07-10-14.30.49.jpg?fit=1024%2C765&amp;ssl=1\" class=\"  alignright wp-image-1340\" src=\"https:\/\/i0.wp.com\/bottesetvelo.com\/blog\/wp-content\/uploads\/2015\/02\/2014-07-10-14.30.49.jpg?resize=161%2C120&#038;ssl=1\" alt=\"P\u00e8lerinage la Voie du St-Laurent - \u00e9t\u00e9 2014\" width=\"161\" height=\"120\" srcset=\"https:\/\/i0.wp.com\/bottesetvelo.com\/blog\/wp-content\/uploads\/2015\/02\/2014-07-10-14.30.49.jpg?resize=500%2C373&amp;ssl=1 500w, https:\/\/i0.wp.com\/bottesetvelo.com\/blog\/wp-content\/uploads\/2015\/02\/2014-07-10-14.30.49.jpg?resize=1024%2C765&amp;ssl=1 1024w, https:\/\/i0.wp.com\/bottesetvelo.com\/blog\/wp-content\/uploads\/2015\/02\/2014-07-10-14.30.49.jpg?resize=624%2C466&amp;ssl=1 624w, https:\/\/i0.wp.com\/bottesetvelo.com\/blog\/wp-content\/uploads\/2015\/02\/2014-07-10-14.30.49.jpg?w=2340&amp;ssl=1 2340w\" sizes=\"auto, (max-width: 161px) 100vw, 161px\" \/><\/a>Un temps de pers\u00e9v\u00e9rance que nous embrassons avec tout notre \u00eatre et qui nous entra\u00eene dans un processus d\u2019apprentissages et de d\u00e9couvertes. Un itin\u00e9raire spirituel qui nous permet de nous d\u00e9couvrir au contact de la nature, dans la rencontre de l\u2019autre, dans le plus grand que nous. <a href=\"https:\/\/i0.wp.com\/bottesetvelo.com\/blog\/wp-content\/uploads\/2015\/02\/2014-07-20-08.28.10.jpg?ssl=1\"><img data-recalc-dims=\"1\" loading=\"lazy\" decoding=\"async\" data-attachment-id=\"1342\" data-permalink=\"https:\/\/bottesetvelo.com\/blog\/2015\/02\/13\/le-pelerinage-un-processus-dancrage-vivant\/2014-07-20-08-28-10\/\" data-orig-file=\"https:\/\/i0.wp.com\/bottesetvelo.com\/blog\/wp-content\/uploads\/2015\/02\/2014-07-20-08.28.10.jpg?fit=3264%2C2448&amp;ssl=1\" data-orig-size=\"3264,2448\" data-comments-opened=\"1\" data-image-meta=\"{&quot;aperture&quot;:&quot;2.6&quot;,&quot;credit&quot;:&quot;&quot;,&quot;camera&quot;:&quot;SGH-I747M&quot;,&quot;caption&quot;:&quot;&quot;,&quot;created_timestamp&quot;:&quot;1405844890&quot;,&quot;copyright&quot;:&quot;&quot;,&quot;focal_length&quot;:&quot;3.7&quot;,&quot;iso&quot;:&quot;50&quot;,&quot;shutter_speed&quot;:&quot;0.000308641975309&quot;,&quot;title&quot;:&quot;&quot;,&quot;orientation&quot;:&quot;1&quot;}\" data-image-title=\"2014-07-20 08.28.10\" data-image-description=\"\" data-image-caption=\"\" data-large-file=\"https:\/\/i0.wp.com\/bottesetvelo.com\/blog\/wp-content\/uploads\/2015\/02\/2014-07-20-08.28.10.jpg?fit=1024%2C768&amp;ssl=1\" class=\"  alignleft wp-image-1342\" src=\"https:\/\/i0.wp.com\/bottesetvelo.com\/blog\/wp-content\/uploads\/2015\/02\/2014-07-20-08.28.10.jpg?resize=155%2C116&#038;ssl=1\" alt=\"P\u00e8lerinage la Voie du St-Laurent - \u00e9t\u00e9 2014\" width=\"155\" height=\"116\" srcset=\"https:\/\/i0.wp.com\/bottesetvelo.com\/blog\/wp-content\/uploads\/2015\/02\/2014-07-20-08.28.10.jpg?resize=500%2C375&amp;ssl=1 500w, https:\/\/i0.wp.com\/bottesetvelo.com\/blog\/wp-content\/uploads\/2015\/02\/2014-07-20-08.28.10.jpg?resize=1024%2C768&amp;ssl=1 1024w, https:\/\/i0.wp.com\/bottesetvelo.com\/blog\/wp-content\/uploads\/2015\/02\/2014-07-20-08.28.10.jpg?resize=624%2C468&amp;ssl=1 624w, https:\/\/i0.wp.com\/bottesetvelo.com\/blog\/wp-content\/uploads\/2015\/02\/2014-07-20-08.28.10.jpg?w=2340&amp;ssl=1 2340w\" sizes=\"auto, (max-width: 155px) 100vw, 155px\" \/><\/a>Peu importe o\u00f9 nous nous trouvons dans le monde, l\u2019exp\u00e9rience de fond des p\u00e8lerins, celle qu\u2019ils portent en eux \u2013 qu\u2019ils soient de Compostelle, du Chemin des Sanctuaires ou du Chemin des Navigateurs, du Chemin Beauvoir-Beaupr\u00e9 ou du Chemin des Outaouais, ou encore de la Voie du St-Laurent \u2013 est anim\u00e9e par une qu\u00eate de mieux-\u00eatre (1) . Une qu\u00eate qui cherche \u00e0 nourrir cette semence vivante qui loge en chacun de nous.<\/p>\n<p style=\"text-align: justify;\">Sous cet angle, le p\u00e8lerinage de longue randonn\u00e9e m\u2019appara\u00eet comme une pause \u00e0 prendre pour me permettre de reprendre le gouvernail de ma vie et maintenir le cap sur ce qui m\u2019habite. Il s\u2019agit d\u2019un moment privil\u00e9gi\u00e9 pour me mettre \u00e0 l\u2019\u00e9coute de cette voix qui murmure en moi, de cette v\u00e9rit\u00e9 inscrite dans ma chair. <a href=\"https:\/\/i0.wp.com\/bottesetvelo.com\/blog\/wp-content\/uploads\/2015\/02\/2014-07-24-10.54.18.jpg?ssl=1\"><img data-recalc-dims=\"1\" loading=\"lazy\" decoding=\"async\" data-attachment-id=\"1343\" data-permalink=\"https:\/\/bottesetvelo.com\/blog\/2015\/02\/13\/le-pelerinage-un-processus-dancrage-vivant\/2014-07-24-10-54-18\/\" data-orig-file=\"https:\/\/i0.wp.com\/bottesetvelo.com\/blog\/wp-content\/uploads\/2015\/02\/2014-07-24-10.54.18.jpg?fit=2592%2C1936&amp;ssl=1\" data-orig-size=\"2592,1936\" data-comments-opened=\"1\" data-image-meta=\"{&quot;aperture&quot;:&quot;2.8&quot;,&quot;credit&quot;:&quot;&quot;,&quot;camera&quot;:&quot;iPhone 4&quot;,&quot;caption&quot;:&quot;&quot;,&quot;created_timestamp&quot;:&quot;1406199258&quot;,&quot;copyright&quot;:&quot;&quot;,&quot;focal_length&quot;:&quot;3.85&quot;,&quot;iso&quot;:&quot;80&quot;,&quot;shutter_speed&quot;:&quot;0.000663129973475&quot;,&quot;title&quot;:&quot;&quot;,&quot;orientation&quot;:&quot;1&quot;}\" data-image-title=\"2014-07-24 10.54.18\" data-image-description=\"\" data-image-caption=\"\" data-large-file=\"https:\/\/i0.wp.com\/bottesetvelo.com\/blog\/wp-content\/uploads\/2015\/02\/2014-07-24-10.54.18.jpg?fit=1024%2C765&amp;ssl=1\" class=\"  alignright wp-image-1343\" src=\"https:\/\/i0.wp.com\/bottesetvelo.com\/blog\/wp-content\/uploads\/2015\/02\/2014-07-24-10.54.18.jpg?resize=163%2C122&#038;ssl=1\" alt=\"P\u00e8lerinage la Voie du St-Laurent - \u00e9t\u00e9 2014\" width=\"163\" height=\"122\" srcset=\"https:\/\/i0.wp.com\/bottesetvelo.com\/blog\/wp-content\/uploads\/2015\/02\/2014-07-24-10.54.18.jpg?resize=500%2C373&amp;ssl=1 500w, https:\/\/i0.wp.com\/bottesetvelo.com\/blog\/wp-content\/uploads\/2015\/02\/2014-07-24-10.54.18.jpg?resize=1024%2C765&amp;ssl=1 1024w, https:\/\/i0.wp.com\/bottesetvelo.com\/blog\/wp-content\/uploads\/2015\/02\/2014-07-24-10.54.18.jpg?resize=624%2C466&amp;ssl=1 624w, https:\/\/i0.wp.com\/bottesetvelo.com\/blog\/wp-content\/uploads\/2015\/02\/2014-07-24-10.54.18.jpg?w=2340&amp;ssl=1 2340w\" sizes=\"auto, (max-width: 163px) 100vw, 163px\" \/><\/a>Pourquoi? Une des cl\u00e9s de lecture du p\u00e8lerinage pourrait se r\u00e9v\u00e9ler \u00e0 travers ce passage de la tradition chr\u00e9tienne : \u00ab pour que vous ayez la vie en abondance! \u00bb. Le p\u00e8lerinage de longue randonn\u00e9e nous invite \u00e0 nous mettre \u00e0 l\u2019\u00e9coute de cette voix qui murmure en nous la gratuit\u00e9 et le don de la vie en abondance. Une abondance qui se r\u00e9v\u00e8le toute autre que celle que nous consommons actuellement&#8230;<\/p>\n<p style=\"text-align: justify;\">Mais comment go\u00fbter cette vie qui s\u2019offre \u00e0 nous en abondance? Comment la reconna\u00eetre? C\u2019est l\u2019exp\u00e9rimentation qui r\u00e9pondra \u00e0 cette question. Car l\u2019exp\u00e9rience de la vie abondante \u00e0 une saveur, un go\u00fbt, pour chacun de nous. Voici donc quatre facettes possibles \u00e0 cette exp\u00e9rimentation :<\/p>\n<ol>\n<li style=\"text-align: justify;\"><a href=\"https:\/\/i0.wp.com\/bottesetvelo.com\/blog\/wp-content\/uploads\/2015\/02\/2014-07-28-11.05.49.jpg?ssl=1\"><img data-recalc-dims=\"1\" loading=\"lazy\" decoding=\"async\" data-attachment-id=\"1345\" data-permalink=\"https:\/\/bottesetvelo.com\/blog\/2015\/02\/13\/le-pelerinage-un-processus-dancrage-vivant\/2014-07-28-11-05-49-2\/\" data-orig-file=\"https:\/\/i0.wp.com\/bottesetvelo.com\/blog\/wp-content\/uploads\/2015\/02\/2014-07-28-11.05.49.jpg?fit=3264%2C2448&amp;ssl=1\" data-orig-size=\"3264,2448\" data-comments-opened=\"1\" data-image-meta=\"{&quot;aperture&quot;:&quot;2.6&quot;,&quot;credit&quot;:&quot;&quot;,&quot;camera&quot;:&quot;SGH-I747M&quot;,&quot;caption&quot;:&quot;&quot;,&quot;created_timestamp&quot;:&quot;1406545549&quot;,&quot;copyright&quot;:&quot;&quot;,&quot;focal_length&quot;:&quot;3.7&quot;,&quot;iso&quot;:&quot;50&quot;,&quot;shutter_speed&quot;:&quot;0.000359195402299&quot;,&quot;title&quot;:&quot;&quot;,&quot;orientation&quot;:&quot;1&quot;}\" data-image-title=\"2014-07-28 11.05.49\" data-image-description=\"\" data-image-caption=\"\" data-large-file=\"https:\/\/i0.wp.com\/bottesetvelo.com\/blog\/wp-content\/uploads\/2015\/02\/2014-07-28-11.05.49.jpg?fit=1024%2C768&amp;ssl=1\" class=\"  alignright wp-image-1345\" src=\"https:\/\/i0.wp.com\/bottesetvelo.com\/blog\/wp-content\/uploads\/2015\/02\/2014-07-28-11.05.49.jpg?resize=162%2C121&#038;ssl=1\" alt=\"P\u00e8lerinage la Voie du St-Laurent - \u00e9t\u00e9 2014\" width=\"162\" height=\"121\" srcset=\"https:\/\/i0.wp.com\/bottesetvelo.com\/blog\/wp-content\/uploads\/2015\/02\/2014-07-28-11.05.49.jpg?resize=500%2C375&amp;ssl=1 500w, https:\/\/i0.wp.com\/bottesetvelo.com\/blog\/wp-content\/uploads\/2015\/02\/2014-07-28-11.05.49.jpg?resize=1024%2C768&amp;ssl=1 1024w, https:\/\/i0.wp.com\/bottesetvelo.com\/blog\/wp-content\/uploads\/2015\/02\/2014-07-28-11.05.49.jpg?resize=624%2C468&amp;ssl=1 624w, https:\/\/i0.wp.com\/bottesetvelo.com\/blog\/wp-content\/uploads\/2015\/02\/2014-07-28-11.05.49.jpg?w=2340&amp;ssl=1 2340w\" sizes=\"auto, (max-width: 162px) 100vw, 162px\" \/><\/a>Pr\u00e9sence \u00e0 soi, pour soi. Prendre soin de soi pour se d\u00e9faire de son trop-plein et se renouveler. C\u2019est en donnant du lest, en se d\u00e9sengorgeant de son trop-plein, que l\u2019on peut faire de l\u2019espace pour accueillir la vie en abondance. Sur la route, il nous appartient de d\u00e9couvrir ce trop-plein de nos vies. De vider notre sac \u00e0 dos de son contenu inutile auquel nous nous attachons et qui nous emp\u00eache d\u2019avancer. La tradition tao\u00efste nous enseigne que pour avancer: \u00ab une roue est faite de trente rais sensibles, mais c\u2019est gr\u00e2ce au vide central du moyeu, qu\u2019elle tourne \u00bb. J\u2019ai besoin de faire le vide en moi pour que du neuf puisse jaillir. L\u2019abondance de la vie est dans le mouvement, la libre circulation.<\/li>\n<li style=\"text-align: justify;\"><a href=\"https:\/\/i0.wp.com\/bottesetvelo.com\/blog\/wp-content\/uploads\/2015\/02\/2014-07-25-12.47.25.jpg?ssl=1\"><img data-recalc-dims=\"1\" loading=\"lazy\" decoding=\"async\" data-attachment-id=\"1344\" data-permalink=\"https:\/\/bottesetvelo.com\/blog\/2015\/02\/13\/le-pelerinage-un-processus-dancrage-vivant\/2014-07-25-12-47-25-2\/\" data-orig-file=\"https:\/\/i0.wp.com\/bottesetvelo.com\/blog\/wp-content\/uploads\/2015\/02\/2014-07-25-12.47.25.jpg?fit=2592%2C1936&amp;ssl=1\" data-orig-size=\"2592,1936\" data-comments-opened=\"1\" data-image-meta=\"{&quot;aperture&quot;:&quot;2.8&quot;,&quot;credit&quot;:&quot;&quot;,&quot;camera&quot;:&quot;iPhone 4&quot;,&quot;caption&quot;:&quot;&quot;,&quot;created_timestamp&quot;:&quot;1406292445&quot;,&quot;copyright&quot;:&quot;&quot;,&quot;focal_length&quot;:&quot;3.85&quot;,&quot;iso&quot;:&quot;80&quot;,&quot;shutter_speed&quot;:&quot;0.000762195121951&quot;,&quot;title&quot;:&quot;&quot;,&quot;orientation&quot;:&quot;1&quot;}\" data-image-title=\"2014-07-25 12.47.25\" data-image-description=\"\" data-image-caption=\"\" data-large-file=\"https:\/\/i0.wp.com\/bottesetvelo.com\/blog\/wp-content\/uploads\/2015\/02\/2014-07-25-12.47.25.jpg?fit=1024%2C765&amp;ssl=1\" class=\"  alignright wp-image-1344\" src=\"https:\/\/i0.wp.com\/bottesetvelo.com\/blog\/wp-content\/uploads\/2015\/02\/2014-07-25-12.47.25.jpg?resize=160%2C119&#038;ssl=1\" alt=\"P\u00e8lerinage la Voie du St-Laurent - \u00e9t\u00e9 2014\" width=\"160\" height=\"119\" srcset=\"https:\/\/i0.wp.com\/bottesetvelo.com\/blog\/wp-content\/uploads\/2015\/02\/2014-07-25-12.47.25.jpg?resize=500%2C373&amp;ssl=1 500w, https:\/\/i0.wp.com\/bottesetvelo.com\/blog\/wp-content\/uploads\/2015\/02\/2014-07-25-12.47.25.jpg?resize=1024%2C765&amp;ssl=1 1024w, https:\/\/i0.wp.com\/bottesetvelo.com\/blog\/wp-content\/uploads\/2015\/02\/2014-07-25-12.47.25.jpg?resize=624%2C466&amp;ssl=1 624w, https:\/\/i0.wp.com\/bottesetvelo.com\/blog\/wp-content\/uploads\/2015\/02\/2014-07-25-12.47.25.jpg?w=2340&amp;ssl=1 2340w\" sizes=\"auto, (max-width: 160px) 100vw, 160px\" \/><\/a>Reprendre contact avec son corps. Renouer avec l\u2019exp\u00e9rience sensorielle du corps. Laisser nos sens s\u2019\u00e9veiller \u00e0 la vie, go\u00fbter la vie. Le p\u00e8lerin est attentif et bienveillant envers son corps, car c\u2019est \u00e0 travers sa chair que la vie prend sa saveur. C\u2019est une exp\u00e9rience qui s\u2019inscrit dans ma chair lorsque j\u2019accueille le beau, le bon\u2026 Sentir l\u2019air frais et en \u00e9prouver du plaisir. Avoir le c\u0153ur qui se serre dans la contemplation d\u2019un coucher de soleil. \u00c9prouver la douceur du vent sur ma peau. Go\u00fbter les petits fruits des champs. Avoir des larmes de joies, \u00e9mu par la splendeur du paysage. <a href=\"https:\/\/i0.wp.com\/bottesetvelo.com\/blog\/wp-content\/uploads\/2015\/02\/2014-07-29-06.44.07.jpg?ssl=1\"><img data-recalc-dims=\"1\" loading=\"lazy\" decoding=\"async\" data-attachment-id=\"1346\" data-permalink=\"https:\/\/bottesetvelo.com\/blog\/2015\/02\/13\/le-pelerinage-un-processus-dancrage-vivant\/2014-07-29-06-44-07\/\" data-orig-file=\"https:\/\/i0.wp.com\/bottesetvelo.com\/blog\/wp-content\/uploads\/2015\/02\/2014-07-29-06.44.07.jpg?fit=3264%2C2448&amp;ssl=1\" data-orig-size=\"3264,2448\" data-comments-opened=\"1\" data-image-meta=\"{&quot;aperture&quot;:&quot;2.6&quot;,&quot;credit&quot;:&quot;&quot;,&quot;camera&quot;:&quot;SGH-I747M&quot;,&quot;caption&quot;:&quot;&quot;,&quot;created_timestamp&quot;:&quot;1406616247&quot;,&quot;copyright&quot;:&quot;&quot;,&quot;focal_length&quot;:&quot;3.7&quot;,&quot;iso&quot;:&quot;50&quot;,&quot;shutter_speed&quot;:&quot;0.000919117647059&quot;,&quot;title&quot;:&quot;&quot;,&quot;orientation&quot;:&quot;1&quot;}\" data-image-title=\"2014-07-29 06.44.07\" data-image-description=\"\" data-image-caption=\"\" data-large-file=\"https:\/\/i0.wp.com\/bottesetvelo.com\/blog\/wp-content\/uploads\/2015\/02\/2014-07-29-06.44.07.jpg?fit=1024%2C768&amp;ssl=1\" class=\"  alignright wp-image-1346\" src=\"https:\/\/i0.wp.com\/bottesetvelo.com\/blog\/wp-content\/uploads\/2015\/02\/2014-07-29-06.44.07.jpg?resize=161%2C121&#038;ssl=1\" alt=\"P\u00e8lerinage la Voie du St-Laurent - \u00e9t\u00e9 2014\" width=\"161\" height=\"121\" srcset=\"https:\/\/i0.wp.com\/bottesetvelo.com\/blog\/wp-content\/uploads\/2015\/02\/2014-07-29-06.44.07.jpg?resize=500%2C375&amp;ssl=1 500w, https:\/\/i0.wp.com\/bottesetvelo.com\/blog\/wp-content\/uploads\/2015\/02\/2014-07-29-06.44.07.jpg?resize=1024%2C768&amp;ssl=1 1024w, https:\/\/i0.wp.com\/bottesetvelo.com\/blog\/wp-content\/uploads\/2015\/02\/2014-07-29-06.44.07.jpg?resize=624%2C468&amp;ssl=1 624w, https:\/\/i0.wp.com\/bottesetvelo.com\/blog\/wp-content\/uploads\/2015\/02\/2014-07-29-06.44.07.jpg?w=2340&amp;ssl=1 2340w\" sizes=\"auto, (max-width: 161px) 100vw, 161px\" \/><\/a>Sensible \u00e0 son corps, sensible \u00e0 son exp\u00e9rience vivante. Il y a aussi dans cette sensibilit\u00e9 un savoir-faire \u00e0 acqu\u00e9rir en regard de la souffrance in\u00e9vitable de notre corps. Souffrances physiques : mal aux pieds, aux \u00e9paules, la faim, les courbatures\u2026 Souffrances morales : d\u00e9couragement, \u00e9puisement\u2026 Souffrances \u00e9motives : solitude, remises en question, blessures du pass\u00e9\u2026 Mon corps et ma chair ressentent toutes les saveurs de la vie. Dans ce senti, ils me guident et m\u2019apprennent \u00e0 reconna\u00eetre le go\u00fbt de ma vie : ce qui lui donne si bon go\u00fbt, \u00e0 certains moments, alors qu\u2019\u00e0 d\u2019autres je peux sentir que je m\u2019en \u00e9loigne\u2026<\/li>\n<li style=\"text-align: justify;\"><a href=\"https:\/\/i0.wp.com\/bottesetvelo.com\/blog\/wp-content\/uploads\/2015\/02\/2014-07-29-13.05.56.jpg?ssl=1\"><img data-recalc-dims=\"1\" loading=\"lazy\" decoding=\"async\" data-attachment-id=\"1347\" data-permalink=\"https:\/\/bottesetvelo.com\/blog\/2015\/02\/13\/le-pelerinage-un-processus-dancrage-vivant\/2014-07-29-13-05-56\/\" data-orig-file=\"https:\/\/i0.wp.com\/bottesetvelo.com\/blog\/wp-content\/uploads\/2015\/02\/2014-07-29-13.05.56.jpg?fit=3186%2C2342&amp;ssl=1\" data-orig-size=\"3186,2342\" data-comments-opened=\"1\" data-image-meta=\"{&quot;aperture&quot;:&quot;2.6&quot;,&quot;credit&quot;:&quot;&quot;,&quot;camera&quot;:&quot;SGH-I747M&quot;,&quot;caption&quot;:&quot;&quot;,&quot;created_timestamp&quot;:&quot;1406639156&quot;,&quot;copyright&quot;:&quot;&quot;,&quot;focal_length&quot;:&quot;3.7&quot;,&quot;iso&quot;:&quot;50&quot;,&quot;shutter_speed&quot;:&quot;0.000466417910448&quot;,&quot;title&quot;:&quot;&quot;,&quot;orientation&quot;:&quot;1&quot;}\" data-image-title=\"2014-07-29 13.05.56\" data-image-description=\"\" data-image-caption=\"\" data-large-file=\"https:\/\/i0.wp.com\/bottesetvelo.com\/blog\/wp-content\/uploads\/2015\/02\/2014-07-29-13.05.56.jpg?fit=1024%2C753&amp;ssl=1\" class=\"  alignright wp-image-1347\" src=\"https:\/\/i0.wp.com\/bottesetvelo.com\/blog\/wp-content\/uploads\/2015\/02\/2014-07-29-13.05.56.jpg?resize=166%2C122&#038;ssl=1\" alt=\"P\u00e8lerinage la Voie du St-Laurent - \u00e9t\u00e9 2014\" width=\"166\" height=\"122\" srcset=\"https:\/\/i0.wp.com\/bottesetvelo.com\/blog\/wp-content\/uploads\/2015\/02\/2014-07-29-13.05.56.jpg?resize=500%2C368&amp;ssl=1 500w, https:\/\/i0.wp.com\/bottesetvelo.com\/blog\/wp-content\/uploads\/2015\/02\/2014-07-29-13.05.56.jpg?resize=1024%2C753&amp;ssl=1 1024w, https:\/\/i0.wp.com\/bottesetvelo.com\/blog\/wp-content\/uploads\/2015\/02\/2014-07-29-13.05.56.jpg?resize=624%2C459&amp;ssl=1 624w, https:\/\/i0.wp.com\/bottesetvelo.com\/blog\/wp-content\/uploads\/2015\/02\/2014-07-29-13.05.56.jpg?w=2340&amp;ssl=1 2340w\" sizes=\"auto, (max-width: 166px) 100vw, 166px\" \/><\/a>Red\u00e9couvrir l\u2019exp\u00e9rience communautaire de base. Rencontrer les gens autrement. \u00c0 travers le p\u00e8lerinage, la rencontre de l\u2019autre se fait par souci de celui-ci. On m\u2019interpelle en me demandant si tout va bien. Je m\u2019arr\u00eate pour v\u00e9rifier si cette personne n\u2019est pas dans le besoin. Nos discussions ne portent pas sur des mondanit\u00e9s, mais s\u2019attardent au bien-\u00eatre de chacun, \u00e0 la qualit\u00e9 de l\u2019exp\u00e9rience. Il n\u2019y a ni comp\u00e9tition, ni performance, seulement une pr\u00e9sence sensible \u00e0 l\u2019autre, une sensibilit\u00e9 d\u00e9tach\u00e9e : libre de choisir avec qui je ferai la route.<\/li>\n<li style=\"text-align: justify;\"><a href=\"https:\/\/i0.wp.com\/bottesetvelo.com\/blog\/wp-content\/uploads\/2015\/02\/2014-07-30-12.21.45.jpg?ssl=1\"><img data-recalc-dims=\"1\" loading=\"lazy\" decoding=\"async\" data-attachment-id=\"1348\" data-permalink=\"https:\/\/bottesetvelo.com\/blog\/2015\/02\/13\/le-pelerinage-un-processus-dancrage-vivant\/2014-07-30-12-21-45\/\" data-orig-file=\"https:\/\/i0.wp.com\/bottesetvelo.com\/blog\/wp-content\/uploads\/2015\/02\/2014-07-30-12.21.45.jpg?fit=3114%2C2234&amp;ssl=1\" data-orig-size=\"3114,2234\" data-comments-opened=\"1\" data-image-meta=\"{&quot;aperture&quot;:&quot;2.6&quot;,&quot;credit&quot;:&quot;&quot;,&quot;camera&quot;:&quot;SGH-I747M&quot;,&quot;caption&quot;:&quot;&quot;,&quot;created_timestamp&quot;:&quot;1406722905&quot;,&quot;copyright&quot;:&quot;&quot;,&quot;focal_length&quot;:&quot;3.7&quot;,&quot;iso&quot;:&quot;50&quot;,&quot;shutter_speed&quot;:&quot;0.000614250614251&quot;,&quot;title&quot;:&quot;&quot;,&quot;orientation&quot;:&quot;1&quot;}\" data-image-title=\"2014-07-30 12.21.45\" data-image-description=\"\" data-image-caption=\"\" data-large-file=\"https:\/\/i0.wp.com\/bottesetvelo.com\/blog\/wp-content\/uploads\/2015\/02\/2014-07-30-12.21.45.jpg?fit=1024%2C735&amp;ssl=1\" class=\"  alignright wp-image-1348\" src=\"https:\/\/i0.wp.com\/bottesetvelo.com\/blog\/wp-content\/uploads\/2015\/02\/2014-07-30-12.21.45.jpg?resize=165%2C118&#038;ssl=1\" alt=\"P\u00e8lerinage la Voie du St-Laurent - \u00e9t\u00e9 2014\" width=\"165\" height=\"118\" srcset=\"https:\/\/i0.wp.com\/bottesetvelo.com\/blog\/wp-content\/uploads\/2015\/02\/2014-07-30-12.21.45.jpg?resize=500%2C359&amp;ssl=1 500w, https:\/\/i0.wp.com\/bottesetvelo.com\/blog\/wp-content\/uploads\/2015\/02\/2014-07-30-12.21.45.jpg?resize=1024%2C735&amp;ssl=1 1024w, https:\/\/i0.wp.com\/bottesetvelo.com\/blog\/wp-content\/uploads\/2015\/02\/2014-07-30-12.21.45.jpg?resize=624%2C448&amp;ssl=1 624w, https:\/\/i0.wp.com\/bottesetvelo.com\/blog\/wp-content\/uploads\/2015\/02\/2014-07-30-12.21.45.jpg?w=2340&amp;ssl=1 2340w\" sizes=\"auto, (max-width: 165px) 100vw, 165px\" \/><\/a>Exp\u00e9rimenter un rapport au temps diff\u00e9rent. \u00c0 vivre en plein-air, on adopte rapidement le cadran solaire. Sans que l\u2019on s\u2019en rende compte, en quelques jours \u00e0 peine, ce rythme naturel retrouve ses racines en nous. Les repas ne se prennent plus \u00e0 heures fixes. Le sentiment d\u2019urgence finit par nous quitter. Le temps finit par s\u2019\u00e9tirer sans \u00eatre long. On a soudainement et tout simplement le temps. Le temps de contempler, le temps de jaser, le temps de rire, le temps de respirer, le temps de go\u00fbter, le temps de savourer la vie\u2026<\/li>\n<\/ol>\n<p style=\"text-align: justify;\">Le p\u00e8lerinage de longue randonn\u00e9e est une d\u00e9marche spirituelle, un processus d\u2019ancrage vivant o\u00f9, jour apr\u00e8s jour, je reprends la route et approfondis mon rapport \u00e0 la vie. La marche du p\u00e8lerin se renouvelle chaque jour dans le cycle : \u00e9couter-exp\u00e9rimenter-go\u00fbter. \u00c9couter ce qui monte, le senti int\u00e9rieur. <a href=\"https:\/\/i0.wp.com\/bottesetvelo.com\/blog\/wp-content\/uploads\/2015\/02\/2014-08-01-05.16.03.jpg?ssl=1\"><img data-recalc-dims=\"1\" loading=\"lazy\" decoding=\"async\" data-attachment-id=\"1349\" data-permalink=\"https:\/\/bottesetvelo.com\/blog\/2015\/02\/13\/le-pelerinage-un-processus-dancrage-vivant\/2014-08-01-05-16-03-2\/\" data-orig-file=\"https:\/\/i0.wp.com\/bottesetvelo.com\/blog\/wp-content\/uploads\/2015\/02\/2014-08-01-05.16.03.jpg?fit=2584%2C1926&amp;ssl=1\" data-orig-size=\"2584,1926\" data-comments-opened=\"1\" data-image-meta=\"{&quot;aperture&quot;:&quot;2.8&quot;,&quot;credit&quot;:&quot;&quot;,&quot;camera&quot;:&quot;iPhone 4&quot;,&quot;caption&quot;:&quot;&quot;,&quot;created_timestamp&quot;:&quot;1406870163&quot;,&quot;copyright&quot;:&quot;&quot;,&quot;focal_length&quot;:&quot;3.85&quot;,&quot;iso&quot;:&quot;80&quot;,&quot;shutter_speed&quot;:&quot;0.000928505106778&quot;,&quot;title&quot;:&quot;&quot;,&quot;orientation&quot;:&quot;1&quot;}\" data-image-title=\"2014-08-01 05.16.03\" data-image-description=\"\" data-image-caption=\"\" data-large-file=\"https:\/\/i0.wp.com\/bottesetvelo.com\/blog\/wp-content\/uploads\/2015\/02\/2014-08-01-05.16.03.jpg?fit=1024%2C763&amp;ssl=1\" class=\"  alignleft wp-image-1349\" src=\"https:\/\/i0.wp.com\/bottesetvelo.com\/blog\/wp-content\/uploads\/2015\/02\/2014-08-01-05.16.03.jpg?resize=170%2C127&#038;ssl=1\" alt=\"P\u00e8lerinage la Voie du St-Laurent - \u00e9t\u00e9 2014\" width=\"170\" height=\"127\" srcset=\"https:\/\/i0.wp.com\/bottesetvelo.com\/blog\/wp-content\/uploads\/2015\/02\/2014-08-01-05.16.03.jpg?resize=500%2C373&amp;ssl=1 500w, https:\/\/i0.wp.com\/bottesetvelo.com\/blog\/wp-content\/uploads\/2015\/02\/2014-08-01-05.16.03.jpg?resize=1024%2C763&amp;ssl=1 1024w, https:\/\/i0.wp.com\/bottesetvelo.com\/blog\/wp-content\/uploads\/2015\/02\/2014-08-01-05.16.03.jpg?resize=624%2C465&amp;ssl=1 624w, https:\/\/i0.wp.com\/bottesetvelo.com\/blog\/wp-content\/uploads\/2015\/02\/2014-08-01-05.16.03.jpg?w=2340&amp;ssl=1 2340w\" sizes=\"auto, (max-width: 170px) 100vw, 170px\" \/><\/a>Exp\u00e9rimenter, mettre en action ce senti, m\u2019ajuster. Go\u00fbter le fruit de cette exp\u00e9rience, la saveur qu\u2019elle laisse en moi : est-ce que je m\u2019y reconnais?, est-ce que cette exp\u00e9rience a bon go\u00fbt? L\u2019exp\u00e9rience du p\u00e8lerinage de longue randonn\u00e9e est une exp\u00e9rience qui me traverse de part en part, laissant une marque qui r\u00e9v\u00e8le toute la saveur de ma vie. Une saveur toute simple qui fait du bien, comme un baume par en-dedans\u2026<\/p>\n<p style=\"text-align: justify;\">Pour bien m\u2019approprier ce go\u00fbt qui m\u2019est r\u00e9v\u00e9l\u00e9, je dois apprendre \u00e0 le nommer, faire jaillir en paroles la marque qu\u2019il laisse en moi pour bien l\u2019int\u00e9grer. Tenir un journal de p\u00e8lerin sera alors un outil essentiel pour demeurer \u00e0 l\u2019\u00e9couter et faire en sorte que l\u2019exp\u00e9rience porte fruits, vos fruits. <a href=\"https:\/\/i0.wp.com\/bottesetvelo.com\/blog\/wp-content\/uploads\/2015\/02\/2014-08-10-07.01.31.jpg?ssl=1\"><img data-recalc-dims=\"1\" loading=\"lazy\" decoding=\"async\" data-attachment-id=\"1353\" data-permalink=\"https:\/\/bottesetvelo.com\/blog\/2015\/02\/13\/le-pelerinage-un-processus-dancrage-vivant\/2014-08-10-07-01-31-2\/\" data-orig-file=\"https:\/\/i0.wp.com\/bottesetvelo.com\/blog\/wp-content\/uploads\/2015\/02\/2014-08-10-07.01.31.jpg?fit=3160%2C1730&amp;ssl=1\" data-orig-size=\"3160,1730\" data-comments-opened=\"1\" data-image-meta=\"{&quot;aperture&quot;:&quot;2.6&quot;,&quot;credit&quot;:&quot;&quot;,&quot;camera&quot;:&quot;SGH-I747M&quot;,&quot;caption&quot;:&quot;&quot;,&quot;created_timestamp&quot;:&quot;1407654091&quot;,&quot;copyright&quot;:&quot;&quot;,&quot;focal_length&quot;:&quot;3.7&quot;,&quot;iso&quot;:&quot;50&quot;,&quot;shutter_speed&quot;:&quot;0.000698324022346&quot;,&quot;title&quot;:&quot;&quot;,&quot;orientation&quot;:&quot;1&quot;}\" data-image-title=\"2014-08-10 07.01.31\" data-image-description=\"\" data-image-caption=\"\" data-large-file=\"https:\/\/i0.wp.com\/bottesetvelo.com\/blog\/wp-content\/uploads\/2015\/02\/2014-08-10-07.01.31.jpg?fit=1024%2C561&amp;ssl=1\" class=\"  alignright wp-image-1353\" src=\"https:\/\/i0.wp.com\/bottesetvelo.com\/blog\/wp-content\/uploads\/2015\/02\/2014-08-10-07.01.31.jpg?resize=248%2C136&#038;ssl=1\" alt=\"P\u00e8lerinage la Voie du St-Laurent - \u00e9t\u00e9 2014\" width=\"248\" height=\"136\" srcset=\"https:\/\/i0.wp.com\/bottesetvelo.com\/blog\/wp-content\/uploads\/2015\/02\/2014-08-10-07.01.31.jpg?resize=500%2C274&amp;ssl=1 500w, https:\/\/i0.wp.com\/bottesetvelo.com\/blog\/wp-content\/uploads\/2015\/02\/2014-08-10-07.01.31.jpg?resize=1024%2C561&amp;ssl=1 1024w, https:\/\/i0.wp.com\/bottesetvelo.com\/blog\/wp-content\/uploads\/2015\/02\/2014-08-10-07.01.31.jpg?resize=624%2C342&amp;ssl=1 624w, https:\/\/i0.wp.com\/bottesetvelo.com\/blog\/wp-content\/uploads\/2015\/02\/2014-08-10-07.01.31.jpg?w=2340&amp;ssl=1 2340w\" sizes=\"auto, (max-width: 248px) 100vw, 248px\" \/><\/a>Soyez attentif aux signes de votre chemin. Notez les \u00e9v\u00e9nements, les rencontres, les \u00e9motions qui vous habitaient \u00e0 cet instant. Revoyez et demandez-vous quel go\u00fbt cela laisse-t-il en vous et pourquoi? \u00c0 force d\u2019y revenir votre chemin s\u2019\u00e9claircira et r\u00e9v\u00e9lera toute sa saveur. Laissez-vous toucher par l\u2019exp\u00e9rience.<\/p>\n<p style=\"text-align: justify;\">Fr\u00e9quenter le chemin de p\u00e8lerinage permet de d\u00e9couvrir son chemin int\u00e9rieur; <a href=\"https:\/\/i0.wp.com\/bottesetvelo.com\/blog\/wp-content\/uploads\/2015\/02\/2014-08-10-14.11.47.jpg?ssl=1\"><img data-recalc-dims=\"1\" loading=\"lazy\" decoding=\"async\" data-attachment-id=\"1354\" data-permalink=\"https:\/\/bottesetvelo.com\/blog\/2015\/02\/13\/le-pelerinage-un-processus-dancrage-vivant\/2014-08-10-14-11-47\/\" data-orig-file=\"https:\/\/i0.wp.com\/bottesetvelo.com\/blog\/wp-content\/uploads\/2015\/02\/2014-08-10-14.11.47.jpg?fit=3264%2C1587&amp;ssl=1\" data-orig-size=\"3264,1587\" data-comments-opened=\"1\" data-image-meta=\"{&quot;aperture&quot;:&quot;2.6&quot;,&quot;credit&quot;:&quot;&quot;,&quot;camera&quot;:&quot;SGH-I747M&quot;,&quot;caption&quot;:&quot;&quot;,&quot;created_timestamp&quot;:&quot;1407679907&quot;,&quot;copyright&quot;:&quot;&quot;,&quot;focal_length&quot;:&quot;3.7&quot;,&quot;iso&quot;:&quot;50&quot;,&quot;shutter_speed&quot;:&quot;0.000526315789474&quot;,&quot;title&quot;:&quot;&quot;,&quot;orientation&quot;:&quot;1&quot;}\" data-image-title=\"2014-08-10 14.11.47\" data-image-description=\"\" data-image-caption=\"\" data-large-file=\"https:\/\/i0.wp.com\/bottesetvelo.com\/blog\/wp-content\/uploads\/2015\/02\/2014-08-10-14.11.47.jpg?fit=1024%2C498&amp;ssl=1\" class=\"  alignright wp-image-1354\" src=\"https:\/\/i0.wp.com\/bottesetvelo.com\/blog\/wp-content\/uploads\/2015\/02\/2014-08-10-14.11.47.jpg?resize=250%2C122&#038;ssl=1\" alt=\"P\u00e8lerinage la Voie du St-Laurent - \u00e9t\u00e9 2014\" width=\"250\" height=\"122\" srcset=\"https:\/\/i0.wp.com\/bottesetvelo.com\/blog\/wp-content\/uploads\/2015\/02\/2014-08-10-14.11.47.jpg?resize=500%2C243&amp;ssl=1 500w, https:\/\/i0.wp.com\/bottesetvelo.com\/blog\/wp-content\/uploads\/2015\/02\/2014-08-10-14.11.47.jpg?resize=1024%2C498&amp;ssl=1 1024w, https:\/\/i0.wp.com\/bottesetvelo.com\/blog\/wp-content\/uploads\/2015\/02\/2014-08-10-14.11.47.jpg?resize=624%2C303&amp;ssl=1 624w, https:\/\/i0.wp.com\/bottesetvelo.com\/blog\/wp-content\/uploads\/2015\/02\/2014-08-10-14.11.47.jpg?w=2340&amp;ssl=1 2340w\" sizes=\"auto, (max-width: 250px) 100vw, 250px\" \/><\/a>de s\u2019offrir une rencontre intime, entre soi et Dieu, qui m\u00e8ne \u00e0 la rencontre, \u00e0 l\u2019accueil, de l\u2019autre. C\u2019est un temps de conscience de chaque instant. Un temps de paix int\u00e9rieure pour reprendre contact avec tous ses sens et go\u00fbter la vie \u00e0 travers tout son corps. Faire un p\u00e8lerinage de longue randonn\u00e9e c\u2019est go\u00fbter le bonheur d\u2019\u00eatre en vie, accueillir la vie en abondance.<a href=\"https:\/\/i0.wp.com\/bottesetvelo.com\/blog\/wp-content\/uploads\/2014\/01\/Bottes-et-V%C3%A9lo-Embl%C3%AAme.jpg?ssl=1\"><img data-recalc-dims=\"1\" loading=\"lazy\" decoding=\"async\" data-attachment-id=\"14\" data-permalink=\"https:\/\/bottesetvelo.com\/blog\/bottes-et-velo-le-blog\/bottes-et-velo-embleme\/\" data-orig-file=\"https:\/\/i0.wp.com\/bottesetvelo.com\/blog\/wp-content\/uploads\/2014\/01\/Bottes-et-V%C3%A9lo-Embl%C3%AAme-e1454083414631.jpg?fit=100%2C79&amp;ssl=1\" data-orig-size=\"100,79\" data-comments-opened=\"1\" data-image-meta=\"{&quot;aperture&quot;:&quot;0&quot;,&quot;credit&quot;:&quot;&quot;,&quot;camera&quot;:&quot;&quot;,&quot;caption&quot;:&quot;&quot;,&quot;created_timestamp&quot;:&quot;0&quot;,&quot;copyright&quot;:&quot;&quot;,&quot;focal_length&quot;:&quot;0&quot;,&quot;iso&quot;:&quot;0&quot;,&quot;shutter_speed&quot;:&quot;0&quot;,&quot;title&quot;:&quot;&quot;}\" data-image-title=\"Bottes et V\u00e9lo &amp;#8211; Embl\u00eame\" data-image-description=\"\" data-image-caption=\"\" data-large-file=\"https:\/\/i0.wp.com\/bottesetvelo.com\/blog\/wp-content\/uploads\/2014\/01\/Bottes-et-V%C3%A9lo-Embl%C3%AAme-e1454083414631.jpg?fit=100%2C79&amp;ssl=1\" class=\"  wp-image-14 alignright\" src=\"https:\/\/i0.wp.com\/bottesetvelo.com\/blog\/wp-content\/uploads\/2014\/01\/Bottes-et-V%C3%A9lo-Embl%C3%AAme.jpg?resize=83%2C65&#038;ssl=1\" alt=\"Bottes et V\u00e9lo - Embl\u00eame\" width=\"83\" height=\"65\" \/><\/a><\/p>\n<p style=\"text-align: justify;\">\u00c9ric Lalibert\u00e9<\/p>\n<p style=\"text-align: justify;\">(1) Voir l\u2019article de Suzanne Boutin, anthropologue, sur la qu\u00eate de mieux-\u00eatre des p\u00e8lerins dans : Boutin, Suzanne. (2008). Le Chemin des sanctuaires : un ph\u00e9nom\u00e8ne entre tradition et modernit\u00e9. L\u2019article est disponible \u00e0 l\u2019adresse suivante : <a href=\"http:\/\/id.erudit.org\/iderudit\/1006491ar\">http:\/\/id.erudit.org\/iderudit\/1006491ar<\/a><\/p>\n","protected":false},"excerpt":{"rendered":"<p>La vie est, en quelque sorte, un p\u00e8lerinage. (Platon) \u00ab [\u2026] pour que vous ayez la vie en abondance! \u00bb (Jn 10,10) Le p\u00e8lerinage a chang\u00e9. D\u2019une pr\u00e9sence d\u00e9vote sur le lieu d\u2019un sanctuaire, il est devenu \u2013 pour des millions de personnes \u2013 p\u00e8lerinage de longue randonn\u00e9e qui se donne \u00e0 d\u00e9couvrir comme itin\u00e9raire&hellip;<\/p>\n","protected":false},"author":3,"featured_media":0,"comment_status":"open","ping_status":"open","sticky":false,"template":"","format":"standard","meta":{"jetpack_post_was_ever_published":false,"_jetpack_newsletter_access":"","_jetpack_dont_email_post_to_subs":false,"_jetpack_newsletter_tier_id":0,"_jetpack_memberships_contains_paywalled_content":false,"_jetpack_memberships_contains_paid_content":false,"footnotes":"","jetpack_publicize_message":"","jetpack_publicize_feature_enabled":true,"jetpack_social_post_already_shared":true,"jetpack_social_options":{"image_generator_settings":{"template":"highway","default_image_id":0,"font":"","enabled":false},"version":2}},"categories":[11,39,171,37],"tags":[275,109,40,181,13,144,108,96,20,94],"class_list":["post-1336","post","type-post","status-publish","format-standard","hentry","category-bien-etre-physique","category-croissance-personnelle","category-pelerinage","category-spiritualite-2","tag-art-de-vivre","tag-bonheur","tag-croissance-personnelle-2","tag-mieux-etre","tag-pelerinage","tag-plein-air","tag-pleine-conscience","tag-qualite-de-vie","tag-spiritualite","tag-vivre-simplement"],"jetpack_publicize_connections":[],"jetpack_featured_media_url":"","jetpack_shortlink":"https:\/\/wp.me\/p4eY6z-ly","jetpack_sharing_enabled":true,"jetpack_likes_enabled":true,"jetpack-related-posts":[],"_links":{"self":[{"href":"https:\/\/bottesetvelo.com\/blog\/wp-json\/wp\/v2\/posts\/1336","targetHints":{"allow":["GET"]}}],"collection":[{"href":"https:\/\/bottesetvelo.com\/blog\/wp-json\/wp\/v2\/posts"}],"about":[{"href":"https:\/\/bottesetvelo.com\/blog\/wp-json\/wp\/v2\/types\/post"}],"author":[{"embeddable":true,"href":"https:\/\/bottesetvelo.com\/blog\/wp-json\/wp\/v2\/users\/3"}],"replies":[{"embeddable":true,"href":"https:\/\/bottesetvelo.com\/blog\/wp-json\/wp\/v2\/comments?post=1336"}],"version-history":[{"count":8,"href":"https:\/\/bottesetvelo.com\/blog\/wp-json\/wp\/v2\/posts\/1336\/revisions"}],"predecessor-version":[{"id":1362,"href":"https:\/\/bottesetvelo.com\/blog\/wp-json\/wp\/v2\/posts\/1336\/revisions\/1362"}],"wp:attachment":[{"href":"https:\/\/bottesetvelo.com\/blog\/wp-json\/wp\/v2\/media?parent=1336"}],"wp:term":[{"taxonomy":"category","embeddable":true,"href":"https:\/\/bottesetvelo.com\/blog\/wp-json\/wp\/v2\/categories?post=1336"},{"taxonomy":"post_tag","embeddable":true,"href":"https:\/\/bottesetvelo.com\/blog\/wp-json\/wp\/v2\/tags?post=1336"}],"curies":[{"name":"wp","href":"https:\/\/api.w.org\/{rel}","templated":true}]}}