{"id":1307,"date":"2015-02-01T18:21:01","date_gmt":"2015-02-01T23:21:01","guid":{"rendered":"http:\/\/bottesetvelo.com\/blog\/?p=1307"},"modified":"2015-02-01T19:24:33","modified_gmt":"2015-02-02T00:24:33","slug":"fevrier-2015-les-lectures-que-bottes-et-velo-vous-propose","status":"publish","type":"post","link":"https:\/\/bottesetvelo.com\/blog\/2015\/02\/01\/fevrier-2015-les-lectures-que-bottes-et-velo-vous-propose\/","title":{"rendered":"F\u00e9vrier 2015 \u2013 Les lectures que Bottes et V\u00e9lo vous propose\u2026"},"content":{"rendered":"<p style=\"text-align: justify;\">Bottes et V\u00e9lo est de retour avec ses suggestions de lectures mensuelles. Comme vous le savez, chaque mois, Bottes et V\u00e9lo vous propose trois titres que nous avons s\u00e9lectionn\u00e9s afin d\u2019alimenter votre r\u00e9flexion sur la philosophie du p\u00e8lerinage de longue randonn\u00e9e. Ces livres se veulent des outils permettant de contribuer graduellement \u00e0 l\u2019int\u00e9gration des diff\u00e9rentes dimensions du p\u00e8lerinage dans nos vies comme exercice d\u2019un mode de vie sain. <strong>Ce faisant, les suggestions de lecture que nous vous faisons veulent mettre en \u00e9vidence les trois axes de la d\u00e9marche du p\u00e8lerin: le corps, l\u2019esprit et le temps.<br \/>\n<\/strong><\/p>\n<p style=\"text-align: justify;\">Ce mois-ci nous vous proposons trois excellents romans qui nous interpellent dans notre regard sur la vie et dans nos habitudes de vie:<a title=\"Bottes et V\u00e9lo: la librairie du p\u00e8lerin\" href=\"http:\/\/bottesetvelo.com\/bottes-et-velo-librairie\"><img data-recalc-dims=\"1\" loading=\"lazy\" decoding=\"async\" data-attachment-id=\"1309\" data-permalink=\"https:\/\/bottesetvelo.com\/blog\/2015\/02\/01\/fevrier-2015-les-lectures-que-bottes-et-velo-vous-propose\/selection-fevrier-2015\/\" data-orig-file=\"https:\/\/i0.wp.com\/bottesetvelo.com\/blog\/wp-content\/uploads\/2015\/01\/S%C3%A9lection-f%C3%A9vrier-2015.jpg?fit=1147%2C607&amp;ssl=1\" data-orig-size=\"1147,607\" data-comments-opened=\"1\" data-image-meta=\"{&quot;aperture&quot;:&quot;0&quot;,&quot;credit&quot;:&quot;Rouni et Rico&quot;,&quot;camera&quot;:&quot;&quot;,&quot;caption&quot;:&quot;&quot;,&quot;created_timestamp&quot;:&quot;1422723308&quot;,&quot;copyright&quot;:&quot;&quot;,&quot;focal_length&quot;:&quot;0&quot;,&quot;iso&quot;:&quot;0&quot;,&quot;shutter_speed&quot;:&quot;0&quot;,&quot;title&quot;:&quot;&quot;,&quot;orientation&quot;:&quot;0&quot;}\" data-image-title=\"S\u00e9lection &amp;#8211; f\u00e9vrier 2015\" data-image-description=\"\" data-image-caption=\"\" data-large-file=\"https:\/\/i0.wp.com\/bottesetvelo.com\/blog\/wp-content\/uploads\/2015\/01\/S%C3%A9lection-f%C3%A9vrier-2015.jpg?fit=1024%2C542&amp;ssl=1\" class=\"aligncenter size-medium wp-image-1309\" src=\"https:\/\/i0.wp.com\/bottesetvelo.com\/blog\/wp-content\/uploads\/2015\/01\/S%C3%A9lection-f%C3%A9vrier-2015.jpg?resize=500%2C265&#038;ssl=1\" alt=\"S\u00e9lection - f\u00e9vrier 2015\" width=\"500\" height=\"265\" srcset=\"https:\/\/i0.wp.com\/bottesetvelo.com\/blog\/wp-content\/uploads\/2015\/01\/S%C3%A9lection-f%C3%A9vrier-2015.jpg?resize=500%2C265&amp;ssl=1 500w, https:\/\/i0.wp.com\/bottesetvelo.com\/blog\/wp-content\/uploads\/2015\/01\/S%C3%A9lection-f%C3%A9vrier-2015.jpg?resize=1024%2C542&amp;ssl=1 1024w, https:\/\/i0.wp.com\/bottesetvelo.com\/blog\/wp-content\/uploads\/2015\/01\/S%C3%A9lection-f%C3%A9vrier-2015.jpg?resize=624%2C330&amp;ssl=1 624w, https:\/\/i0.wp.com\/bottesetvelo.com\/blog\/wp-content\/uploads\/2015\/01\/S%C3%A9lection-f%C3%A9vrier-2015.jpg?w=1147&amp;ssl=1 1147w\" sizes=\"auto, (max-width: 500px) 100vw, 500px\" \/><\/a><\/p>\n<h1 id=\"title\" class=\"a-size-large a-spacing-none\"><span id=\"productTitle\" class=\"a-size-large\">LA NUIT DE MARITZBURG : L&rsquo;\u00c9TERNEL AMOUR DE GANDHI<\/span><\/h1>\n<p style=\"text-align: justify;\"><a href=\"http:\/\/bottesetvelo.com\/bottes-et-velo-librairie\"><img data-recalc-dims=\"1\" loading=\"lazy\" decoding=\"async\" data-attachment-id=\"1310\" data-permalink=\"https:\/\/bottesetvelo.com\/blog\/2015\/02\/01\/fevrier-2015-les-lectures-que-bottes-et-velo-vous-propose\/sinoue-la-nuit-de-maritzburg\/\" data-orig-file=\"https:\/\/i0.wp.com\/bottesetvelo.com\/blog\/wp-content\/uploads\/2015\/01\/Sinou%C3%A9-La-nuit-de-Maritzburg.jpg?fit=881%2C1393&amp;ssl=1\" data-orig-size=\"881,1393\" data-comments-opened=\"1\" data-image-meta=\"{&quot;aperture&quot;:&quot;0&quot;,&quot;credit&quot;:&quot;&quot;,&quot;camera&quot;:&quot;&quot;,&quot;caption&quot;:&quot;&quot;,&quot;created_timestamp&quot;:&quot;0&quot;,&quot;copyright&quot;:&quot;&quot;,&quot;focal_length&quot;:&quot;0&quot;,&quot;iso&quot;:&quot;0&quot;,&quot;shutter_speed&quot;:&quot;0&quot;,&quot;title&quot;:&quot;&quot;,&quot;orientation&quot;:&quot;0&quot;}\" data-image-title=\"Sinou\u00e9 &amp;#8211; La nuit de Maritzburg\" data-image-description=\"\" data-image-caption=\"\" data-large-file=\"https:\/\/i0.wp.com\/bottesetvelo.com\/blog\/wp-content\/uploads\/2015\/01\/Sinou%C3%A9-La-nuit-de-Maritzburg.jpg?fit=648%2C1024&amp;ssl=1\" class=\"  alignright wp-image-1310\" title=\"La nuit de Maritzburg : l'\u00e9ternel amour de Gandhi\" src=\"https:\/\/i0.wp.com\/bottesetvelo.com\/blog\/wp-content\/uploads\/2015\/01\/Sinou%C3%A9-La-nuit-de-Maritzburg.jpg?resize=190%2C301&#038;ssl=1\" alt=\"Sinou\u00e9 - La nuit de Maritzburg\" width=\"190\" height=\"301\" srcset=\"https:\/\/i0.wp.com\/bottesetvelo.com\/blog\/wp-content\/uploads\/2015\/01\/Sinou%C3%A9-La-nuit-de-Maritzburg.jpg?resize=316%2C500&amp;ssl=1 316w, https:\/\/i0.wp.com\/bottesetvelo.com\/blog\/wp-content\/uploads\/2015\/01\/Sinou%C3%A9-La-nuit-de-Maritzburg.jpg?resize=648%2C1024&amp;ssl=1 648w, https:\/\/i0.wp.com\/bottesetvelo.com\/blog\/wp-content\/uploads\/2015\/01\/Sinou%C3%A9-La-nuit-de-Maritzburg.jpg?resize=624%2C987&amp;ssl=1 624w, https:\/\/i0.wp.com\/bottesetvelo.com\/blog\/wp-content\/uploads\/2015\/01\/Sinou%C3%A9-La-nuit-de-Maritzburg.jpg?w=881&amp;ssl=1 881w\" sizes=\"auto, (max-width: 190px) 100vw, 190px\" \/><\/a>En 1893, une entreprise indienne propose \u00e0 Mohandas Karamchand Gandhi, tout jeune avocat, de se rendre en Afrique du Sud pour y d\u00e9fendre ses int\u00e9r\u00eats. Gandhi accepte. Il ne le sait pas encore, mais c&rsquo;est le tournant de sa vie. Il d\u00e9couvre l&rsquo;apartheid, l&rsquo;humiliation, et se lance dans un combat acharn\u00e9 contre la discrimination dont sont victimes ses compatriotes indiens. C&rsquo;est l\u00e0 qu&rsquo;il exp\u00e9rimentera pour la premi\u00e8re fois une arme redoutable : la r\u00e9sistance passive. Jour apr\u00e8s jour, le petit avocat timide et si british, va se m\u00e9tamorphoser jusqu&rsquo;\u00e0 devenir le Mahatma, la Grande \u00c2me. C&rsquo;est aussi sur cette terre de violences qu&rsquo;il rencontre Hermann Kallenbach, un architecte juif allemand, avec lequel s&rsquo;instaure une relation hors du commun. Une intimit\u00e9 pr\u00e9cieuse, intense, forte comme une passion, digne d&rsquo;un amour vrai. Gilbert Sinou\u00e9 d\u00e9voile un visage m\u00e9connu de Gandhi et nous fait d\u00e9couvrir comment ces vingt-trois ann\u00e9es en Afrique du Sud ont fait du personnage l&rsquo;adversaire le plus redoutable de l&rsquo;occupant anglais. Un roman magistral, passionn\u00e9, o\u00f9 l&rsquo;Histoire et l&rsquo;histoire ne font qu&rsquo;un. <span style=\"color: #000080;\"><em><strong>(\u00c0 travers des \u00e9changes savoureux et d&rsquo;une belle profondeur, entre Gandhi et cet ami d&rsquo;Afrique du Sud, vous d\u00e9couvrirez ce qui a mis Gandhi en marche dans son combat contre la lutte des classes. Une longue marche qui le fa\u00e7onnera.)<\/strong><\/em><\/span><\/p>\n<h1 id=\"title\" class=\"a-size-large a-spacing-none\"><span id=\"productTitle\" class=\"a-size-large\">Le jour o\u00f9 j&rsquo;ai appris \u00e0 vivre<\/span><\/h1>\n<p style=\"text-align: justify;\"><a href=\"http:\/\/bottesetvelo.com\/bottes-et-velo-librairie\"><img data-recalc-dims=\"1\" loading=\"lazy\" decoding=\"async\" data-attachment-id=\"1311\" data-permalink=\"https:\/\/bottesetvelo.com\/blog\/2015\/02\/01\/fevrier-2015-les-lectures-que-bottes-et-velo-vous-propose\/gounelle-le-jour-ou-jai-appris-a-vivre\/\" data-orig-file=\"https:\/\/i0.wp.com\/bottesetvelo.com\/blog\/wp-content\/uploads\/2015\/01\/Gounelle-Le-jour-o%C3%B9-jai-appris-%C3%A0-vivre.jpg?fit=944%2C1452&amp;ssl=1\" data-orig-size=\"944,1452\" data-comments-opened=\"1\" data-image-meta=\"{&quot;aperture&quot;:&quot;0&quot;,&quot;credit&quot;:&quot;&quot;,&quot;camera&quot;:&quot;&quot;,&quot;caption&quot;:&quot;&quot;,&quot;created_timestamp&quot;:&quot;0&quot;,&quot;copyright&quot;:&quot;&quot;,&quot;focal_length&quot;:&quot;0&quot;,&quot;iso&quot;:&quot;0&quot;,&quot;shutter_speed&quot;:&quot;0&quot;,&quot;title&quot;:&quot;&quot;,&quot;orientation&quot;:&quot;0&quot;}\" data-image-title=\"Gounelle &amp;#8211; Le jour o\u00f9 j&amp;rsquo;ai appris \u00e0 vivre\" data-image-description=\"\" data-image-caption=\"\" data-large-file=\"https:\/\/i0.wp.com\/bottesetvelo.com\/blog\/wp-content\/uploads\/2015\/01\/Gounelle-Le-jour-o%C3%B9-jai-appris-%C3%A0-vivre.jpg?fit=666%2C1024&amp;ssl=1\" class=\"  alignright wp-image-1311\" src=\"https:\/\/i0.wp.com\/bottesetvelo.com\/blog\/wp-content\/uploads\/2015\/01\/Gounelle-Le-jour-o%C3%B9-jai-appris-%C3%A0-vivre.jpg?resize=195%2C300&#038;ssl=1\" alt=\"Gounelle - Le jour o\u00f9 j'ai appris \u00e0 vivre\" width=\"195\" height=\"300\" srcset=\"https:\/\/i0.wp.com\/bottesetvelo.com\/blog\/wp-content\/uploads\/2015\/01\/Gounelle-Le-jour-o%C3%B9-jai-appris-%C3%A0-vivre.jpg?resize=325%2C500&amp;ssl=1 325w, https:\/\/i0.wp.com\/bottesetvelo.com\/blog\/wp-content\/uploads\/2015\/01\/Gounelle-Le-jour-o%C3%B9-jai-appris-%C3%A0-vivre.jpg?resize=666%2C1024&amp;ssl=1 666w, https:\/\/i0.wp.com\/bottesetvelo.com\/blog\/wp-content\/uploads\/2015\/01\/Gounelle-Le-jour-o%C3%B9-jai-appris-%C3%A0-vivre.jpg?resize=624%2C960&amp;ssl=1 624w, https:\/\/i0.wp.com\/bottesetvelo.com\/blog\/wp-content\/uploads\/2015\/01\/Gounelle-Le-jour-o%C3%B9-jai-appris-%C3%A0-vivre.jpg?w=944&amp;ssl=1 944w\" sizes=\"auto, (max-width: 195px) 100vw, 195px\" \/><\/a>Et si tout commen\u00e7ait aujourd&rsquo;hui ? Imaginez : vous vous baladez sur les quais de San Francisco un dimanche, quand soudain une boh\u00e9mienne vous saisit la main pour y lire votre avenir. Amus\u00e9, vous vous laissez faire, mais dans l&rsquo;instant son regard se fige, elle devient livide. Ce qu&rsquo;elle va finalement vous dire&#8230; vous auriez pr\u00e9f\u00e9r\u00e9 ne pas l&rsquo;entendre. \u00c0 partir de l\u00e0, rien ne sera plus comme avant, et il vous sera impossible de rester sur les rails de la routine habituelle. C&rsquo;est ce qui va arriver \u00e0 Jonathan dans ce nouveau roman de Laurent Gounelle. \u00c0 la suite de cette rencontre troublante, il va se retrouver embarqu\u00e9 dans une aventure de d\u00e9couverte de soi ponctu\u00e9e d&rsquo;exp\u00e9riences qui vont changer radicalement sa vision de sa vie, de la vie. Ce roman, dont l&rsquo;intrigue est bas\u00e9e sur des exp\u00e9riences scientifiques r\u00e9elles, \u00e9claire d&rsquo;une lumi\u00e8re nouvelle notre existence et nos relations aux autres, et apporte un souffle d&rsquo;air pur dans notre vie. Un nouveau roman lumineux et positif de Laurent Gounelle par l&rsquo;auteur de L&rsquo;homme qui voulait \u00eatre heureux, Les dieux voyagent toujours incognito et Le philosophe qui n&rsquo;\u00e9tait pas sage. Les romans de Laurent Gounelle sont tous des best-sellers, traduits dans le monde entier. <span style=\"color: #000080;\"><strong><em>(Un roman l\u00e9ger comme on les aime bien et qui redonne de la perspective \u00e0 nos vies. Il se trouvait sur la liste des \u00ab\u00a0livres qui font du bien\u00a0\u00bb du M\u00e9tronews.)<\/em><\/strong><\/span><\/p>\n<h1 id=\"title\" class=\"a-size-large a-spacing-none\"><span id=\"productTitle\" class=\"a-size-large\">Wild<\/span><\/h1>\n<p style=\"text-align: justify;\"><a href=\"http:\/\/bottesetvelo.com\/bottes-et-velo-librairie\"><img data-recalc-dims=\"1\" loading=\"lazy\" decoding=\"async\" data-attachment-id=\"1312\" data-permalink=\"https:\/\/bottesetvelo.com\/blog\/2015\/02\/01\/fevrier-2015-les-lectures-que-bottes-et-velo-vous-propose\/strayed-wild-fr\/\" data-orig-file=\"https:\/\/i0.wp.com\/bottesetvelo.com\/blog\/wp-content\/uploads\/2015\/01\/Strayed-Wild-FR.jpg?fit=606%2C1000&amp;ssl=1\" data-orig-size=\"606,1000\" data-comments-opened=\"1\" data-image-meta=\"{&quot;aperture&quot;:&quot;0&quot;,&quot;credit&quot;:&quot;&quot;,&quot;camera&quot;:&quot;&quot;,&quot;caption&quot;:&quot;&quot;,&quot;created_timestamp&quot;:&quot;0&quot;,&quot;copyright&quot;:&quot;&quot;,&quot;focal_length&quot;:&quot;0&quot;,&quot;iso&quot;:&quot;0&quot;,&quot;shutter_speed&quot;:&quot;0&quot;,&quot;title&quot;:&quot;&quot;,&quot;orientation&quot;:&quot;0&quot;}\" data-image-title=\"Strayed &amp;#8211; Wild &amp;#8211; FR\" data-image-description=\"\" data-image-caption=\"\" data-large-file=\"https:\/\/i0.wp.com\/bottesetvelo.com\/blog\/wp-content\/uploads\/2015\/01\/Strayed-Wild-FR.jpg?fit=606%2C1000&amp;ssl=1\" class=\"  alignright wp-image-1312\" src=\"https:\/\/i0.wp.com\/bottesetvelo.com\/blog\/wp-content\/uploads\/2015\/01\/Strayed-Wild-FR.jpg?resize=182%2C300&#038;ssl=1\" alt=\"Strayed - Wild - FR\" width=\"182\" height=\"300\" srcset=\"https:\/\/i0.wp.com\/bottesetvelo.com\/blog\/wp-content\/uploads\/2015\/01\/Strayed-Wild-FR.jpg?resize=303%2C500&amp;ssl=1 303w, https:\/\/i0.wp.com\/bottesetvelo.com\/blog\/wp-content\/uploads\/2015\/01\/Strayed-Wild-FR.jpg?w=606&amp;ssl=1 606w\" sizes=\"auto, (max-width: 182px) 100vw, 182px\" \/><\/a>Lorsque sur un coup de t\u00eate, Cheryl Strayed enfile un sac \u00e0 dos, elle n&rsquo;a aucune id\u00e9e de ce qui l&rsquo;attend. Tout ce qu&rsquo;elle sait, c&rsquo;est que sa vie est un d\u00e9sastre. Entre une m\u00e8re trop aim\u00e9e, brutalement disparue, un divorce douloureux et un lourd pass\u00e9 de junky, Cheryl vacille. Pour tenir debout et affronter les fant\u00f4mes de son pass\u00e9, elle choisit de s&rsquo;en remettre \u00e0 la nature et de marcher. Elle part seule pour une randonn\u00e9e de mille sept cents kilom\u00e8tres sur le \u00ab\u00a0Chemin des cr\u00eates du Pacifique\u00a0\u00bb, un parcours abrupt et sauvage de l&rsquo;Ouest am\u00e9ricain. Elle affronte les rigueurs des d\u00e9serts et des sommets et se fond dans la beaut\u00e9 grandiose et solitaire des paysages. Au long du chemin, elle va laisser libre cours \u00e0 ses pens\u00e9es, renouant avec elle-m\u00eame pour finalement retrouver sa voie. Franche, dynamique, un brin d\u00e9jant\u00e9e, la jeune femme nous livre un r\u00e9cit touchant, une histoire poignante et humaine, o\u00f9 la marche se fait r\u00e9demption. <strong><em><span style=\"color: #000080;\">(Un p\u00e8lerinage \u00e0 l&rsquo;am\u00e9ricaine dont la version cin\u00e9matographique vient tout juste de sortir en salle. Un roman autobiographique qui per\u00e7oit bien les \u00e9tats du p\u00e8lerins, le mal-\u00eatre qui entra\u00eene certain \u00e0 prendre la route et les fait rena\u00eetre&#8230;)<\/span><\/em><\/strong><\/p>\n<p style=\"text-align: justify;\">Bonne lecture!<a href=\"https:\/\/i0.wp.com\/bottesetvelo.com\/blog\/wp-content\/uploads\/2014\/01\/Bottes-et-V%C3%A9lo-Embl%C3%AAme.jpg?ssl=1\"><img data-recalc-dims=\"1\" loading=\"lazy\" decoding=\"async\" data-attachment-id=\"14\" data-permalink=\"https:\/\/bottesetvelo.com\/blog\/bottes-et-velo-le-blog\/bottes-et-velo-embleme\/\" data-orig-file=\"https:\/\/i0.wp.com\/bottesetvelo.com\/blog\/wp-content\/uploads\/2014\/01\/Bottes-et-V%C3%A9lo-Embl%C3%AAme-e1454083414631.jpg?fit=100%2C79&amp;ssl=1\" data-orig-size=\"100,79\" data-comments-opened=\"1\" data-image-meta=\"{&quot;aperture&quot;:&quot;0&quot;,&quot;credit&quot;:&quot;&quot;,&quot;camera&quot;:&quot;&quot;,&quot;caption&quot;:&quot;&quot;,&quot;created_timestamp&quot;:&quot;0&quot;,&quot;copyright&quot;:&quot;&quot;,&quot;focal_length&quot;:&quot;0&quot;,&quot;iso&quot;:&quot;0&quot;,&quot;shutter_speed&quot;:&quot;0&quot;,&quot;title&quot;:&quot;&quot;}\" data-image-title=\"Bottes et V\u00e9lo &amp;#8211; Embl\u00eame\" data-image-description=\"\" data-image-caption=\"\" data-large-file=\"https:\/\/i0.wp.com\/bottesetvelo.com\/blog\/wp-content\/uploads\/2014\/01\/Bottes-et-V%C3%A9lo-Embl%C3%AAme-e1454083414631.jpg?fit=100%2C79&amp;ssl=1\" class=\"  wp-image-14 alignright\" src=\"https:\/\/i0.wp.com\/bottesetvelo.com\/blog\/wp-content\/uploads\/2014\/01\/Bottes-et-V%C3%A9lo-Embl%C3%AAme.jpg?resize=85%2C67&#038;ssl=1\" alt=\"Bottes et V\u00e9lo - Embl\u00eame\" width=\"85\" height=\"67\" \/><\/a><\/p>\n<p>\u00c9ric Lalibert\u00e9 et Brigitte Harouni<\/p>\n","protected":false},"excerpt":{"rendered":"<p>Bottes et V\u00e9lo est de retour avec ses suggestions de lectures mensuelles. Comme vous le savez, chaque mois, Bottes et V\u00e9lo vous propose trois titres que nous avons s\u00e9lectionn\u00e9s afin d\u2019alimenter votre r\u00e9flexion sur la philosophie du p\u00e8lerinage de longue randonn\u00e9e. Ces livres se veulent des outils permettant de contribuer graduellement \u00e0 l\u2019int\u00e9gration des diff\u00e9rentes&hellip;<\/p>\n","protected":false},"author":1,"featured_media":0,"comment_status":"open","ping_status":"open","sticky":false,"template":"","format":"standard","meta":{"jetpack_post_was_ever_published":false,"_jetpack_newsletter_access":"","_jetpack_dont_email_post_to_subs":false,"_jetpack_newsletter_tier_id":0,"_jetpack_memberships_contains_paywalled_content":false,"_jetpack_memberships_contains_paid_content":false,"footnotes":"","jetpack_publicize_message":"","jetpack_publicize_feature_enabled":true,"jetpack_social_post_already_shared":true,"jetpack_social_options":{"image_generator_settings":{"template":"highway","default_image_id":0,"font":"","enabled":false},"version":2}},"categories":[8],"tags":[173,35,174,172],"class_list":["post-1307","post","type-post","status-publish","format-standard","hentry","category-revue-litteraire","tag-gounelle","tag-livre","tag-sinoue","tag-wild"],"jetpack_publicize_connections":[],"jetpack_featured_media_url":"","jetpack_shortlink":"https:\/\/wp.me\/p4eY6z-l5","jetpack_sharing_enabled":true,"jetpack_likes_enabled":true,"jetpack-related-posts":[],"_links":{"self":[{"href":"https:\/\/bottesetvelo.com\/blog\/wp-json\/wp\/v2\/posts\/1307","targetHints":{"allow":["GET"]}}],"collection":[{"href":"https:\/\/bottesetvelo.com\/blog\/wp-json\/wp\/v2\/posts"}],"about":[{"href":"https:\/\/bottesetvelo.com\/blog\/wp-json\/wp\/v2\/types\/post"}],"author":[{"embeddable":true,"href":"https:\/\/bottesetvelo.com\/blog\/wp-json\/wp\/v2\/users\/1"}],"replies":[{"embeddable":true,"href":"https:\/\/bottesetvelo.com\/blog\/wp-json\/wp\/v2\/comments?post=1307"}],"version-history":[{"count":3,"href":"https:\/\/bottesetvelo.com\/blog\/wp-json\/wp\/v2\/posts\/1307\/revisions"}],"predecessor-version":[{"id":1316,"href":"https:\/\/bottesetvelo.com\/blog\/wp-json\/wp\/v2\/posts\/1307\/revisions\/1316"}],"wp:attachment":[{"href":"https:\/\/bottesetvelo.com\/blog\/wp-json\/wp\/v2\/media?parent=1307"}],"wp:term":[{"taxonomy":"category","embeddable":true,"href":"https:\/\/bottesetvelo.com\/blog\/wp-json\/wp\/v2\/categories?post=1307"},{"taxonomy":"post_tag","embeddable":true,"href":"https:\/\/bottesetvelo.com\/blog\/wp-json\/wp\/v2\/tags?post=1307"}],"curies":[{"name":"wp","href":"https:\/\/api.w.org\/{rel}","templated":true}]}}