{"id":1292,"date":"2015-01-31T08:39:44","date_gmt":"2015-01-31T13:39:44","guid":{"rendered":"http:\/\/bottesetvelo.com\/blog\/?p=1292"},"modified":"2015-02-01T08:13:58","modified_gmt":"2015-02-01T13:13:58","slug":"pourquoi-le-pelerinage","status":"publish","type":"post","link":"https:\/\/bottesetvelo.com\/blog\/2015\/01\/31\/pourquoi-le-pelerinage\/","title":{"rendered":"Pourquoi le p\u00e8lerinage?"},"content":{"rendered":"<h6 style=\"text-align: right;\"><em>Si tu n\u2019arrives pas \u00e0 penser, marche ; si tu penses trop, marche ; si tu penses mal, marche encore.<br \/>\nJean Giono<\/em><\/h6>\n<p style=\"text-align: justify;\">Encore bien des gens aujourd\u2019hui ont une r\u00e9action mitig\u00e9e lorsque nous annon\u00e7ons entreprendre un p\u00e8lerinage. <a href=\"https:\/\/i0.wp.com\/bottesetvelo.com\/blog\/wp-content\/uploads\/2015\/01\/2009-Compostelle-et-Barcelone-019.jpg?ssl=1\"><img data-recalc-dims=\"1\" loading=\"lazy\" decoding=\"async\" data-attachment-id=\"1293\" data-permalink=\"https:\/\/bottesetvelo.com\/blog\/2015\/01\/31\/pourquoi-le-pelerinage\/2009-compostelle-et-barcelone-019-2\/\" data-orig-file=\"https:\/\/i0.wp.com\/bottesetvelo.com\/blog\/wp-content\/uploads\/2015\/01\/2009-Compostelle-et-Barcelone-019.jpg?fit=3648%2C2736&amp;ssl=1\" data-orig-size=\"3648,2736\" data-comments-opened=\"1\" data-image-meta=\"{&quot;aperture&quot;:&quot;3.2&quot;,&quot;credit&quot;:&quot;&quot;,&quot;camera&quot;:&quot;Canon PowerShot SD890 IS&quot;,&quot;caption&quot;:&quot;&quot;,&quot;created_timestamp&quot;:&quot;1251032923&quot;,&quot;copyright&quot;:&quot;&quot;,&quot;focal_length&quot;:&quot;6.6&quot;,&quot;iso&quot;:&quot;80&quot;,&quot;shutter_speed&quot;:&quot;0.004&quot;,&quot;title&quot;:&quot;&quot;,&quot;orientation&quot;:&quot;1&quot;}\" data-image-title=\"Puy-en-Velay &amp;#8211; 2009\" data-image-description=\"\" data-image-caption=\"\" data-large-file=\"https:\/\/i0.wp.com\/bottesetvelo.com\/blog\/wp-content\/uploads\/2015\/01\/2009-Compostelle-et-Barcelone-019.jpg?fit=1024%2C768&amp;ssl=1\" class=\"  wp-image-1293 alignright\" src=\"https:\/\/i0.wp.com\/bottesetvelo.com\/blog\/wp-content\/uploads\/2015\/01\/2009-Compostelle-et-Barcelone-019.jpg?resize=301%2C226&#038;ssl=1\" alt=\"Puy-en-Velay - 2009\" width=\"301\" height=\"226\" srcset=\"https:\/\/i0.wp.com\/bottesetvelo.com\/blog\/wp-content\/uploads\/2015\/01\/2009-Compostelle-et-Barcelone-019.jpg?resize=500%2C375&amp;ssl=1 500w, https:\/\/i0.wp.com\/bottesetvelo.com\/blog\/wp-content\/uploads\/2015\/01\/2009-Compostelle-et-Barcelone-019.jpg?resize=1024%2C768&amp;ssl=1 1024w, https:\/\/i0.wp.com\/bottesetvelo.com\/blog\/wp-content\/uploads\/2015\/01\/2009-Compostelle-et-Barcelone-019.jpg?resize=624%2C468&amp;ssl=1 624w, https:\/\/i0.wp.com\/bottesetvelo.com\/blog\/wp-content\/uploads\/2015\/01\/2009-Compostelle-et-Barcelone-019.jpg?w=2340&amp;ssl=1 2340w, https:\/\/i0.wp.com\/bottesetvelo.com\/blog\/wp-content\/uploads\/2015\/01\/2009-Compostelle-et-Barcelone-019.jpg?w=3510&amp;ssl=1 3510w\" sizes=\"auto, (max-width: 301px) 100vw, 301px\" \/><\/a>Au Qu\u00e9bec, notre rapport au religieux et au spirituel rel\u00e8ve encore, pour certains, du ressentiment ou du folklore. Ainsi, pour ces derniers, celui qui s\u2019affiche en accordant de l\u2019importance \u00e0 la dimension religieuse et spirituelle de sa vie a quelque chose d\u2019un peu na\u00eff, voire de suspect. Pourtant, l\u2019exercice du p\u00e8lerinage de longue randonn\u00e9e semble interpeller une tranche grandissante de la population. Les statistiques du bureau des p\u00e8lerins \u00e0 Santiago sont \u00e0 couper le souffle face \u00e0 ce ph\u00e9nom\u00e8ne: en 1982, 120 Compostelas<strong> (1)<\/strong> (certificat d\u2019attestation de p\u00e8lerinage) furent d\u00e9livr\u00e9es \u00e0 des p\u00e8lerins qui avaient entrepris le Camino Frances. En l\u2019an 2000, ce nombre est pass\u00e9 \u00e0 55 000. Et en 2013, nous \u00e9tions plus de 215 000 \u00e0 parcourir la route qui m\u00e8ne de St-Jean-Pied-de-port \u00e0 Saint-Jacques-de-Compostelle. Une augmentation constante de 10 \u00e0 12 % depuis les 20 derni\u00e8res ann\u00e9es <strong>(2)<\/strong> . Ces m\u00eames statistiques nous disent que seulement 5% \u00e0 7% des gens qui ont entrepris cette longue marche, le font exclusivement pour des motifs culturels. C\u2019est donc dire que 93% \u00e0 95% des p\u00e8lerins marchent pour des motifs spirituels, voire religieux. <strong>L\u2019exp\u00e9rience du p\u00e8lerinage de longue randonn\u00e9e semble \u00e9branler les p\u00e8lerins dans une dimension profonde de leur \u00eatre<\/strong><strong>.<\/strong> <strong>\u00c0 tel point que le partage de cette exp\u00e9rience en contamine plus d\u2019un!<\/strong><strong><a href=\"https:\/\/i0.wp.com\/bottesetvelo.com\/blog\/wp-content\/uploads\/2015\/01\/2009-Compostelle-et-Barcelone-037.jpg?ssl=1\"><img data-recalc-dims=\"1\" loading=\"lazy\" decoding=\"async\" data-attachment-id=\"1294\" data-permalink=\"https:\/\/bottesetvelo.com\/blog\/2015\/01\/31\/pourquoi-le-pelerinage\/2009-compostelle-et-barcelone-037-2\/\" data-orig-file=\"https:\/\/i0.wp.com\/bottesetvelo.com\/blog\/wp-content\/uploads\/2015\/01\/2009-Compostelle-et-Barcelone-037.jpg?fit=3648%2C2736&amp;ssl=1\" data-orig-size=\"3648,2736\" data-comments-opened=\"1\" data-image-meta=\"{&quot;aperture&quot;:&quot;3.5&quot;,&quot;credit&quot;:&quot;&quot;,&quot;camera&quot;:&quot;Canon PowerShot SD890 IS&quot;,&quot;caption&quot;:&quot;&quot;,&quot;created_timestamp&quot;:&quot;1251115007&quot;,&quot;copyright&quot;:&quot;&quot;,&quot;focal_length&quot;:&quot;8.96&quot;,&quot;iso&quot;:&quot;80&quot;,&quot;shutter_speed&quot;:&quot;0.005&quot;,&quot;title&quot;:&quot;&quot;,&quot;orientation&quot;:&quot;1&quot;}\" data-image-title=\"Chemin du Puy-En-Velay &amp;#8211; 2009\" data-image-description=\"\" data-image-caption=\"\" data-large-file=\"https:\/\/i0.wp.com\/bottesetvelo.com\/blog\/wp-content\/uploads\/2015\/01\/2009-Compostelle-et-Barcelone-037.jpg?fit=1024%2C768&amp;ssl=1\" class=\"  wp-image-1294 alignright\" src=\"https:\/\/i0.wp.com\/bottesetvelo.com\/blog\/wp-content\/uploads\/2015\/01\/2009-Compostelle-et-Barcelone-037.jpg?resize=300%2C225&#038;ssl=1\" alt=\"Chemin du Puy-En-Velay - 2009\" width=\"300\" height=\"225\" srcset=\"https:\/\/i0.wp.com\/bottesetvelo.com\/blog\/wp-content\/uploads\/2015\/01\/2009-Compostelle-et-Barcelone-037.jpg?resize=500%2C375&amp;ssl=1 500w, https:\/\/i0.wp.com\/bottesetvelo.com\/blog\/wp-content\/uploads\/2015\/01\/2009-Compostelle-et-Barcelone-037.jpg?resize=1024%2C768&amp;ssl=1 1024w, https:\/\/i0.wp.com\/bottesetvelo.com\/blog\/wp-content\/uploads\/2015\/01\/2009-Compostelle-et-Barcelone-037.jpg?resize=624%2C468&amp;ssl=1 624w, https:\/\/i0.wp.com\/bottesetvelo.com\/blog\/wp-content\/uploads\/2015\/01\/2009-Compostelle-et-Barcelone-037.jpg?w=2340&amp;ssl=1 2340w, https:\/\/i0.wp.com\/bottesetvelo.com\/blog\/wp-content\/uploads\/2015\/01\/2009-Compostelle-et-Barcelone-037.jpg?w=3510&amp;ssl=1 3510w\" sizes=\"auto, (max-width: 300px) 100vw, 300px\" \/><\/a><\/strong><\/p>\n<p style=\"text-align: justify;\">Lorsque nous \u00e9tions jeunes et que nous entendions parler de p\u00e8lerinage, c\u2019\u00e9tait pour se rendre dans un sanctuaire. Que ce soit l\u2019Oratoire St-Joseph, la Basilique Ste-Anne, le Cap-de-la-Madeleine, nous nous y retrouvions pour une occasion sp\u00e9ciale. Chez nous, la tradition voulait que lors du d\u00e9c\u00e8s d\u2019un membre de la famille une messe soit \u00ab chant\u00e9e \u00bb \u00e0 l\u2019Oratoire St-Joseph. C\u2019\u00e9tait l\u2019occasion, pour notre famille \u00e9largie, de faire un \u00ab p\u00e8lerinage \u00bb \u00e0 l\u2019Oratoire. On en revenait chaque fois sous le choc d\u2019avoir vu le c\u0153ur du fr\u00e8re Andr\u00e9 et impressionn\u00e9 par les centaines de b\u00e9quilles accroch\u00e9es aux murs de l\u2019Oratoire. Les yeux \u00e9carquill\u00e9s, on parcourait l\u2019all\u00e9e \u00e0 la fois effray\u00e9 et \u00e9merveill\u00e9. Ces b\u00e9quilles nous d\u00e9montraient que des gens avaient fait ce p\u00e8lerinage et avaient v\u00e9cu quelque chose de particulier. Quelque chose qui nous d\u00e9passait et relevait du divin. Pour moi, jeune, c\u2019\u00e9tait \u00e7a le p\u00e8lerinage : une exp\u00e9rience hors du commun qui nous rassemblait en un lieu. Tout se passait l\u00e0. L\u2019exp\u00e9rience tenait dans le sanctuaire. Il n\u2019\u00e9tait jamais question de marcher et encore moins que l\u2019exp\u00e9rience dure plusieurs jours\u2026 Imaginez la frousse s\u2019il avait fallu qu\u2019on me dise que j\u2019allais passer 30 jours en compagnie du c\u0153ur du fr\u00e8re Andr\u00e9!!!<\/p>\n<p style=\"text-align: justify;\">Fort heureusement, au cours des quarante derni\u00e8res ann\u00e9es l\u2019exp\u00e9rience du p\u00e8lerinage s\u2019est transform\u00e9e, s\u2019est d\u00e9plac\u00e9e. <a href=\"https:\/\/i0.wp.com\/bottesetvelo.com\/blog\/wp-content\/uploads\/2015\/01\/2009-Compostelle-et-Barcelone-110.jpg?ssl=1\"><img data-recalc-dims=\"1\" loading=\"lazy\" decoding=\"async\" data-attachment-id=\"1295\" data-permalink=\"https:\/\/bottesetvelo.com\/blog\/2015\/01\/31\/pourquoi-le-pelerinage\/2009-compostelle-et-barcelone-110\/\" data-orig-file=\"https:\/\/i0.wp.com\/bottesetvelo.com\/blog\/wp-content\/uploads\/2015\/01\/2009-Compostelle-et-Barcelone-110.jpg?fit=3648%2C2736&amp;ssl=1\" data-orig-size=\"3648,2736\" data-comments-opened=\"1\" data-image-meta=\"{&quot;aperture&quot;:&quot;5.7&quot;,&quot;credit&quot;:&quot;&quot;,&quot;camera&quot;:&quot;Canon PowerShot SD890 IS&quot;,&quot;caption&quot;:&quot;&quot;,&quot;created_timestamp&quot;:&quot;1251534643&quot;,&quot;copyright&quot;:&quot;&quot;,&quot;focal_length&quot;:&quot;33&quot;,&quot;iso&quot;:&quot;160&quot;,&quot;shutter_speed&quot;:&quot;0.005&quot;,&quot;title&quot;:&quot;&quot;,&quot;orientation&quot;:&quot;1&quot;}\" data-image-title=\"Chemin du Puy-en-Velay &amp;#8211; 2009\" data-image-description=\"\" data-image-caption=\"\" data-large-file=\"https:\/\/i0.wp.com\/bottesetvelo.com\/blog\/wp-content\/uploads\/2015\/01\/2009-Compostelle-et-Barcelone-110.jpg?fit=1024%2C768&amp;ssl=1\" class=\"  wp-image-1295 alignright\" src=\"https:\/\/i0.wp.com\/bottesetvelo.com\/blog\/wp-content\/uploads\/2015\/01\/2009-Compostelle-et-Barcelone-110.jpg?resize=300%2C225&#038;ssl=1\" alt=\"Chemin du Puy-en-Velay - 2009\" width=\"300\" height=\"225\" srcset=\"https:\/\/i0.wp.com\/bottesetvelo.com\/blog\/wp-content\/uploads\/2015\/01\/2009-Compostelle-et-Barcelone-110.jpg?resize=500%2C375&amp;ssl=1 500w, https:\/\/i0.wp.com\/bottesetvelo.com\/blog\/wp-content\/uploads\/2015\/01\/2009-Compostelle-et-Barcelone-110.jpg?resize=1024%2C768&amp;ssl=1 1024w, https:\/\/i0.wp.com\/bottesetvelo.com\/blog\/wp-content\/uploads\/2015\/01\/2009-Compostelle-et-Barcelone-110.jpg?resize=624%2C468&amp;ssl=1 624w, https:\/\/i0.wp.com\/bottesetvelo.com\/blog\/wp-content\/uploads\/2015\/01\/2009-Compostelle-et-Barcelone-110.jpg?w=2340&amp;ssl=1 2340w, https:\/\/i0.wp.com\/bottesetvelo.com\/blog\/wp-content\/uploads\/2015\/01\/2009-Compostelle-et-Barcelone-110.jpg?w=3510&amp;ssl=1 3510w\" sizes=\"auto, (max-width: 300px) 100vw, 300px\" \/><\/a>La popularit\u00e9 de Compostelle a transform\u00e9 notre compr\u00e9hension du p\u00e8lerinage, notre rapport au religieux et au spirituel. <strong>Avec Compostelle, nous avons retrouv\u00e9 une forme active de l\u2019exp\u00e9rience du p\u00e8lerinage : il a repris la route, il n\u2019est plus contenu dans une \u00e9glise.<\/strong> Le p\u00e8lerinage est devenu un exercice spirituel engageant tout notre \u00eatre et actualisant l\u2019exp\u00e9rience de telle sorte qu\u2019elle ne nous enferme plus. Ayant repris la route, il est devenu p\u00e8lerinage de longue randonn\u00e9e; puisque c\u2019est dans cette longue randonn\u00e9e que l\u2019exp\u00e9rience, la rencontre, s\u2019accomplit. Et c\u2019est ce qui suscite autant d\u2019engouement pour le p\u00e8lerinage, il s\u2019agit d\u2019une d\u00e9marche accessible \u00e0 tous. La randonn\u00e9e est une activit\u00e9 que nous pouvons tous pratiquer. Il n\u2019est pas question de performance, ni de comp\u00e9tition. <strong>Il s\u2019agit de vivre le p\u00e8lerinage et de se laisser toucher par l\u2019exp\u00e9rience<\/strong>, de contacter cet espace en soi qui est immanent et transcendant \u00e0 la fois. <a href=\"https:\/\/i0.wp.com\/bottesetvelo.com\/blog\/wp-content\/uploads\/2015\/01\/2014-07-26-14.53.51.jpg?ssl=1\"><img data-recalc-dims=\"1\" loading=\"lazy\" decoding=\"async\" data-attachment-id=\"1296\" data-permalink=\"https:\/\/bottesetvelo.com\/blog\/2015\/01\/31\/pourquoi-le-pelerinage\/2014-07-26-14-53-51\/\" data-orig-file=\"https:\/\/i0.wp.com\/bottesetvelo.com\/blog\/wp-content\/uploads\/2015\/01\/2014-07-26-14.53.51.jpg?fit=2178%2C1632&amp;ssl=1\" data-orig-size=\"2178,1632\" data-comments-opened=\"1\" data-image-meta=\"{&quot;aperture&quot;:&quot;2.6&quot;,&quot;credit&quot;:&quot;&quot;,&quot;camera&quot;:&quot;SGH-I747M&quot;,&quot;caption&quot;:&quot;&quot;,&quot;created_timestamp&quot;:&quot;1406386431&quot;,&quot;copyright&quot;:&quot;&quot;,&quot;focal_length&quot;:&quot;3.7&quot;,&quot;iso&quot;:&quot;50&quot;,&quot;shutter_speed&quot;:&quot;0.000746268656716&quot;,&quot;title&quot;:&quot;&quot;,&quot;orientation&quot;:&quot;1&quot;}\" data-image-title=\"La Voie du Saint-Laurent &amp;#8211; 2014\" data-image-description=\"\" data-image-caption=\"\" data-large-file=\"https:\/\/i0.wp.com\/bottesetvelo.com\/blog\/wp-content\/uploads\/2015\/01\/2014-07-26-14.53.51.jpg?fit=1024%2C767&amp;ssl=1\" class=\"  wp-image-1296 alignright\" src=\"https:\/\/i0.wp.com\/bottesetvelo.com\/blog\/wp-content\/uploads\/2015\/01\/2014-07-26-14.53.51.jpg?resize=301%2C226&#038;ssl=1\" alt=\"La Voie du Saint-Laurent - 2014\" width=\"301\" height=\"226\" srcset=\"https:\/\/i0.wp.com\/bottesetvelo.com\/blog\/wp-content\/uploads\/2015\/01\/2014-07-26-14.53.51.jpg?resize=500%2C375&amp;ssl=1 500w, https:\/\/i0.wp.com\/bottesetvelo.com\/blog\/wp-content\/uploads\/2015\/01\/2014-07-26-14.53.51.jpg?resize=1024%2C767&amp;ssl=1 1024w, https:\/\/i0.wp.com\/bottesetvelo.com\/blog\/wp-content\/uploads\/2015\/01\/2014-07-26-14.53.51.jpg?resize=624%2C468&amp;ssl=1 624w\" sizes=\"auto, (max-width: 301px) 100vw, 301px\" \/><\/a>L\u2019exp\u00e9rience du p\u00e8lerinage de longue randonn\u00e9e invite \u00e0 prendre soin de soi, faire le vide pour se renouveler, laisser nos sens s\u2019\u00e9veiller \u00e0 la vie, prendre le temps, rencontrer les gens autrement\u2026 C\u2019est dans ce quotidien tout simple que l\u2019exp\u00e9rience spirituelle s\u2019accomplit. Compostelle nous enseigne que le p\u00e8lerinage est itin\u00e9raire de vie, il n\u2019est pas un lieu physique. <strong>Le p\u00e8lerinage de longue randonn\u00e9e est un parcours qui transforme par la force de ce qu\u2019il impose comme mani\u00e8re de vivre.<\/strong> Aujourd\u2019hui, s\u2019engager dans un p\u00e8lerinage sous-entend s\u2019engager dans une d\u00e9marche, un processus qui demandera du temps. Suffit de se lancer, de prendre la route, quelle qu\u2019elle soit, ici ou ailleurs.<a href=\"https:\/\/i0.wp.com\/bottesetvelo.com\/blog\/wp-content\/uploads\/2014\/01\/Bottes-et-V%C3%A9lo-Embl%C3%AAme.jpg?ssl=1\"><img data-recalc-dims=\"1\" loading=\"lazy\" decoding=\"async\" data-attachment-id=\"14\" data-permalink=\"https:\/\/bottesetvelo.com\/blog\/bottes-et-velo-le-blog\/bottes-et-velo-embleme\/\" data-orig-file=\"https:\/\/i0.wp.com\/bottesetvelo.com\/blog\/wp-content\/uploads\/2014\/01\/Bottes-et-V%C3%A9lo-Embl%C3%AAme-e1454083414631.jpg?fit=100%2C79&amp;ssl=1\" data-orig-size=\"100,79\" data-comments-opened=\"1\" data-image-meta=\"{&quot;aperture&quot;:&quot;0&quot;,&quot;credit&quot;:&quot;&quot;,&quot;camera&quot;:&quot;&quot;,&quot;caption&quot;:&quot;&quot;,&quot;created_timestamp&quot;:&quot;0&quot;,&quot;copyright&quot;:&quot;&quot;,&quot;focal_length&quot;:&quot;0&quot;,&quot;iso&quot;:&quot;0&quot;,&quot;shutter_speed&quot;:&quot;0&quot;,&quot;title&quot;:&quot;&quot;}\" data-image-title=\"Bottes et V\u00e9lo &amp;#8211; Embl\u00eame\" data-image-description=\"\" data-image-caption=\"\" data-large-file=\"https:\/\/i0.wp.com\/bottesetvelo.com\/blog\/wp-content\/uploads\/2014\/01\/Bottes-et-V%C3%A9lo-Embl%C3%AAme-e1454083414631.jpg?fit=100%2C79&amp;ssl=1\" class=\"  wp-image-14 alignright\" src=\"https:\/\/i0.wp.com\/bottesetvelo.com\/blog\/wp-content\/uploads\/2014\/01\/Bottes-et-V%C3%A9lo-Embl%C3%AAme.jpg?resize=79%2C62&#038;ssl=1\" alt=\"Bottes et V\u00e9lo - Embl\u00eame\" width=\"79\" height=\"62\" \/><\/a><\/p>\n<p style=\"text-align: justify;\">\u00c9ric Lalibert\u00e9<\/p>\n<p style=\"text-align: left;\"><strong>(1) L\u2019Europe des p\u00e8lerinages :<\/strong> <a href=\"http:\/\/www.culture-routes.lu\/php\/fo_index.php?dest=bd_pa_det&amp;id=00000083\">http:\/\/www.culture-routes.lu\/php\/fo_index.php?dest=bd_pa_det&amp;id=00000083<\/a><br \/>\n<strong>(2) Statistiques :<\/strong> <a href=\"http:\/\/www.archicompostela.org\/Peregrinos\/Estadisticas\/peregrinanos.htm%20et http:\/\/www.chemin-compostelle.info\/statistiques\/statistiques-pelerinage-compostelle.php\">http:\/\/www.archicompostela.org\/Peregrinos\/Estadisticas\/peregrinanos.htm et http:\/\/www.chemin-compostelle.info\/statistiques\/statistiques-pelerinage-compostelle.php<\/a><\/p>\n","protected":false},"excerpt":{"rendered":"<p>Si tu n\u2019arrives pas \u00e0 penser, marche ; si tu penses trop, marche ; si tu penses mal, marche encore. Jean Giono Encore bien des gens aujourd\u2019hui ont une r\u00e9action mitig\u00e9e lorsque nous annon\u00e7ons entreprendre un p\u00e8lerinage. Au Qu\u00e9bec, notre rapport au religieux et au spirituel rel\u00e8ve encore, pour certains, du ressentiment ou du folklore.&hellip;<\/p>\n","protected":false},"author":3,"featured_media":0,"comment_status":"open","ping_status":"open","sticky":false,"template":"","format":"standard","meta":{"jetpack_post_was_ever_published":false,"_jetpack_newsletter_access":"","_jetpack_dont_email_post_to_subs":false,"_jetpack_newsletter_tier_id":0,"_jetpack_memberships_contains_paywalled_content":false,"_jetpack_memberships_contains_paid_content":false,"footnotes":"","jetpack_publicize_message":"","jetpack_publicize_feature_enabled":true,"jetpack_social_post_already_shared":true,"jetpack_social_options":{"image_generator_settings":{"template":"highway","default_image_id":0,"font":"","enabled":false},"version":2}},"categories":[52,50,9,39,166,171,37],"tags":[275,80,40,14,13,96,19,20,94],"class_list":["post-1292","post","type-post","status-publish","format-standard","hentry","category-alternatives-de-vie","category-art-de-vivre","category-chemins-de-pelerinage","category-croissance-personnelle","category-demarche-du-pelerin","category-pelerinage","category-spiritualite-2","tag-art-de-vivre","tag-compostelle","tag-croissance-personnelle-2","tag-marche","tag-pelerinage","tag-qualite-de-vie","tag-randonnee","tag-spiritualite","tag-vivre-simplement"],"jetpack_publicize_connections":[],"jetpack_featured_media_url":"","jetpack_shortlink":"https:\/\/wp.me\/p4eY6z-kQ","jetpack_sharing_enabled":true,"jetpack_likes_enabled":true,"jetpack-related-posts":[],"_links":{"self":[{"href":"https:\/\/bottesetvelo.com\/blog\/wp-json\/wp\/v2\/posts\/1292","targetHints":{"allow":["GET"]}}],"collection":[{"href":"https:\/\/bottesetvelo.com\/blog\/wp-json\/wp\/v2\/posts"}],"about":[{"href":"https:\/\/bottesetvelo.com\/blog\/wp-json\/wp\/v2\/types\/post"}],"author":[{"embeddable":true,"href":"https:\/\/bottesetvelo.com\/blog\/wp-json\/wp\/v2\/users\/3"}],"replies":[{"embeddable":true,"href":"https:\/\/bottesetvelo.com\/blog\/wp-json\/wp\/v2\/comments?post=1292"}],"version-history":[{"count":6,"href":"https:\/\/bottesetvelo.com\/blog\/wp-json\/wp\/v2\/posts\/1292\/revisions"}],"predecessor-version":[{"id":1315,"href":"https:\/\/bottesetvelo.com\/blog\/wp-json\/wp\/v2\/posts\/1292\/revisions\/1315"}],"wp:attachment":[{"href":"https:\/\/bottesetvelo.com\/blog\/wp-json\/wp\/v2\/media?parent=1292"}],"wp:term":[{"taxonomy":"category","embeddable":true,"href":"https:\/\/bottesetvelo.com\/blog\/wp-json\/wp\/v2\/categories?post=1292"},{"taxonomy":"post_tag","embeddable":true,"href":"https:\/\/bottesetvelo.com\/blog\/wp-json\/wp\/v2\/tags?post=1292"}],"curies":[{"name":"wp","href":"https:\/\/api.w.org\/{rel}","templated":true}]}}