{"id":1282,"date":"2015-01-23T18:09:09","date_gmt":"2015-01-23T23:09:09","guid":{"rendered":"http:\/\/bottesetvelo.com\/blog\/?p=1282"},"modified":"2015-01-23T18:09:09","modified_gmt":"2015-01-23T23:09:09","slug":"la-priere-de-la-faba","status":"publish","type":"post","link":"https:\/\/bottesetvelo.com\/blog\/2015\/01\/23\/la-priere-de-la-faba\/","title":{"rendered":"La pri\u00e8re de La Faba"},"content":{"rendered":"<h6 style=\"text-align: right;\"><em>Il n\u2019est jamais trop tard pour devenir ce que l\u2019on aurait pu \u00eatre.<\/em><br \/>\n<em>George Eliot<\/em><\/h6>\n<div id=\"attachment_1283\" style=\"width: 310px\" class=\"wp-caption alignright\"><a href=\"https:\/\/i0.wp.com\/bottesetvelo.com\/blog\/wp-content\/uploads\/2015\/01\/IMG_0920.jpg?ssl=1\"><img data-recalc-dims=\"1\" loading=\"lazy\" decoding=\"async\" aria-describedby=\"caption-attachment-1283\" data-attachment-id=\"1283\" data-permalink=\"https:\/\/bottesetvelo.com\/blog\/2015\/01\/23\/la-priere-de-la-faba\/img_0920-2\/\" data-orig-file=\"https:\/\/i0.wp.com\/bottesetvelo.com\/blog\/wp-content\/uploads\/2015\/01\/IMG_0920.jpg?fit=2570%2C1906&amp;ssl=1\" data-orig-size=\"2570,1906\" data-comments-opened=\"1\" data-image-meta=\"{&quot;aperture&quot;:&quot;2.8&quot;,&quot;credit&quot;:&quot;&quot;,&quot;camera&quot;:&quot;iPhone 4&quot;,&quot;caption&quot;:&quot;&quot;,&quot;created_timestamp&quot;:&quot;1373010218&quot;,&quot;copyright&quot;:&quot;&quot;,&quot;focal_length&quot;:&quot;3.85&quot;,&quot;iso&quot;:&quot;80&quot;,&quot;shutter_speed&quot;:&quot;0.00082850041425&quot;,&quot;title&quot;:&quot;&quot;,&quot;orientation&quot;:&quot;1&quot;}\" data-image-title=\"Compostelle &amp;#8211; Camino Frances &amp;#8211; 2013\" data-image-description=\"\" data-image-caption=\"\" data-large-file=\"https:\/\/i0.wp.com\/bottesetvelo.com\/blog\/wp-content\/uploads\/2015\/01\/IMG_0920.jpg?fit=1024%2C759&amp;ssl=1\" class=\"  wp-image-1283\" src=\"https:\/\/i0.wp.com\/bottesetvelo.com\/blog\/wp-content\/uploads\/2015\/01\/IMG_0920.jpg?resize=300%2C222&#038;ssl=1\" alt=\"Compostelle - Camino Frances - 2013\" width=\"300\" height=\"222\" srcset=\"https:\/\/i0.wp.com\/bottesetvelo.com\/blog\/wp-content\/uploads\/2015\/01\/IMG_0920.jpg?resize=500%2C371&amp;ssl=1 500w, https:\/\/i0.wp.com\/bottesetvelo.com\/blog\/wp-content\/uploads\/2015\/01\/IMG_0920.jpg?resize=1024%2C759&amp;ssl=1 1024w, https:\/\/i0.wp.com\/bottesetvelo.com\/blog\/wp-content\/uploads\/2015\/01\/IMG_0920.jpg?resize=624%2C463&amp;ssl=1 624w, https:\/\/i0.wp.com\/bottesetvelo.com\/blog\/wp-content\/uploads\/2015\/01\/IMG_0920.jpg?w=2340&amp;ssl=1 2340w\" sizes=\"auto, (max-width: 300px) 100vw, 300px\" \/><\/a><p id=\"caption-attachment-1283\" class=\"wp-caption-text\">Compostelle &#8211; Camino Frances &#8211; 2013<\/p><\/div>\n<p style=\"text-align: justify;\">Tous ceux qui ont v\u00e9cu un p\u00e8lerinage vous le diront : ils \u00e9taient rendus l\u00e0 sur leur chemin de vie. Et bien que certains avait entendu parler depuis longtemps parfois du c\u00e9l\u00e8bre chemin de Compostelle, chacun a d\u00e9cid\u00e9 un jour que son temps \u00e9tait venu, que c\u2019\u00e9tait maintenant, que \u00e7a ferait du bien, \u00e7a donnerait du temps, \u00e7a permettrait de prendre du recul, de faire le point, de repartir en neuf. D\u00e9cider d\u2019aller marcher sur un chemin de Compostelle ou d\u2019entreprendre un long p\u00e8lerinage, c\u2019est un peu comme le jour o\u00f9 on choisit d\u2019avoir un enfant. C\u2019est un temps que la convergence d\u2019un ensemble de facteurs d\u00e9termine, un constat int\u00e9rieur d\u2019\u00eatre pleinement m\u00fbr pour passer \u00e0 un changement dans le cours de notre vie, un d\u00e9sir intense de vivre autrement, de vivre autre chose.<\/p>\n<div id=\"attachment_1284\" style=\"width: 311px\" class=\"wp-caption alignright\"><a href=\"https:\/\/i0.wp.com\/bottesetvelo.com\/blog\/wp-content\/uploads\/2015\/01\/IMG_1280-6.jpg?ssl=1\"><img data-recalc-dims=\"1\" loading=\"lazy\" decoding=\"async\" aria-describedby=\"caption-attachment-1284\" data-attachment-id=\"1284\" data-permalink=\"https:\/\/bottesetvelo.com\/blog\/2015\/01\/23\/la-priere-de-la-faba\/img_1280-6-2\/\" data-orig-file=\"https:\/\/i0.wp.com\/bottesetvelo.com\/blog\/wp-content\/uploads\/2015\/01\/IMG_1280-6.jpg?fit=3648%2C2736&amp;ssl=1\" data-orig-size=\"3648,2736\" data-comments-opened=\"1\" data-image-meta=\"{&quot;aperture&quot;:&quot;3.2&quot;,&quot;credit&quot;:&quot;&quot;,&quot;camera&quot;:&quot;Canon PowerShot SD890 IS&quot;,&quot;caption&quot;:&quot;&quot;,&quot;created_timestamp&quot;:&quot;1374563302&quot;,&quot;copyright&quot;:&quot;&quot;,&quot;focal_length&quot;:&quot;6.6&quot;,&quot;iso&quot;:&quot;200&quot;,&quot;shutter_speed&quot;:&quot;0.0166666666667&quot;,&quot;title&quot;:&quot;&quot;,&quot;orientation&quot;:&quot;1&quot;}\" data-image-title=\"Compostelle &amp;#8211; Camino Frances &amp;#8211; La croix de fer &amp;#8211; 2013\" data-image-description=\"\" data-image-caption=\"\" data-large-file=\"https:\/\/i0.wp.com\/bottesetvelo.com\/blog\/wp-content\/uploads\/2015\/01\/IMG_1280-6.jpg?fit=1024%2C768&amp;ssl=1\" class=\"  wp-image-1284\" src=\"https:\/\/i0.wp.com\/bottesetvelo.com\/blog\/wp-content\/uploads\/2015\/01\/IMG_1280-6.jpg?resize=301%2C226&#038;ssl=1\" alt=\"Compostelle - Camino Frances - La croix de fer -2013\" width=\"301\" height=\"226\" srcset=\"https:\/\/i0.wp.com\/bottesetvelo.com\/blog\/wp-content\/uploads\/2015\/01\/IMG_1280-6.jpg?resize=500%2C375&amp;ssl=1 500w, https:\/\/i0.wp.com\/bottesetvelo.com\/blog\/wp-content\/uploads\/2015\/01\/IMG_1280-6.jpg?resize=1024%2C768&amp;ssl=1 1024w, https:\/\/i0.wp.com\/bottesetvelo.com\/blog\/wp-content\/uploads\/2015\/01\/IMG_1280-6.jpg?resize=624%2C468&amp;ssl=1 624w, https:\/\/i0.wp.com\/bottesetvelo.com\/blog\/wp-content\/uploads\/2015\/01\/IMG_1280-6.jpg?w=2340&amp;ssl=1 2340w, https:\/\/i0.wp.com\/bottesetvelo.com\/blog\/wp-content\/uploads\/2015\/01\/IMG_1280-6.jpg?w=3510&amp;ssl=1 3510w\" sizes=\"auto, (max-width: 301px) 100vw, 301px\" \/><\/a><p id=\"caption-attachment-1284\" class=\"wp-caption-text\">Compostelle &#8211; Camino Frances &#8211; La croix de fer -2013<\/p><\/div>\n<p style=\"text-align: justify;\">Une fois que la d\u00e9cision est prise, dans les deux cas d\u00e9bute la phase des pr\u00e9paratifs : les achats et la cueillette d\u2019information pour se rassurer! On s\u2019entoure de bons conseils, esp\u00e9rant \u00e9viter le plus possible les impr\u00e9vus et les mauvaises surprises, sachant pourtant qu\u2019une fois le processus entam\u00e9, il faudra le vivre et tirer de chaque jour notre propre le\u00e7on. Sylvie Miaux nous le confirme bien en disant : \u00ab Le p\u00e8lerin se fa\u00e7onne en m\u00eame temps que l\u2019itin\u00e9raire se met en place. P\u00e8lerin et itin\u00e9raire ne semblent faire qu\u2019un. \u00bb Tout comme devenir parent d\u00e9bute avec les premiers jours de grossesse, l\u2019homme devient p\u00e8lerin \u00e0 travers sa marche. Et autant la future m\u00e8re que le p\u00e8lerin, les deux auront \u00e0 apprendre \u00e0 composer avec les douleurs du parcours, les transformations du corps, les nouvelles habitudes alimentaires, la fatigue et parfois aussi les probl\u00e8mes de sommeil. Puis avec le temps, ces inconforts c\u00e8deront la place au plaisir de vivre cette belle aventure. Dans ce nouveau contexte chacun aura le sentiment de vivre une exp\u00e9rience unique qui aiguise ses sens et embellit la vie. Le r\u00e9seau sociale s\u2019active et se modifie. L\u2019entraide et le partage sont omnipr\u00e9sents. Puis arriv\u00e9s au terme de la route, au bout du chemin, c\u2019est l\u2019accouchement, la naissance.<\/p>\n<div id=\"attachment_1285\" style=\"width: 310px\" class=\"wp-caption alignleft\"><a href=\"https:\/\/i0.wp.com\/bottesetvelo.com\/blog\/wp-content\/uploads\/2015\/01\/IMG_1357.jpg?ssl=1\"><img data-recalc-dims=\"1\" loading=\"lazy\" decoding=\"async\" aria-describedby=\"caption-attachment-1285\" data-attachment-id=\"1285\" data-permalink=\"https:\/\/bottesetvelo.com\/blog\/2015\/01\/23\/la-priere-de-la-faba\/img_1357-2\/\" data-orig-file=\"https:\/\/i0.wp.com\/bottesetvelo.com\/blog\/wp-content\/uploads\/2015\/01\/IMG_1357.jpg?fit=1611%2C1113&amp;ssl=1\" data-orig-size=\"1611,1113\" data-comments-opened=\"1\" data-image-meta=\"{&quot;aperture&quot;:&quot;2.8&quot;,&quot;credit&quot;:&quot;&quot;,&quot;camera&quot;:&quot;iPhone 4&quot;,&quot;caption&quot;:&quot;&quot;,&quot;created_timestamp&quot;:&quot;1374753111&quot;,&quot;copyright&quot;:&quot;&quot;,&quot;focal_length&quot;:&quot;3.85&quot;,&quot;iso&quot;:&quot;80&quot;,&quot;shutter_speed&quot;:&quot;0.00175746924429&quot;,&quot;title&quot;:&quot;&quot;,&quot;orientation&quot;:&quot;1&quot;}\" data-image-title=\"Compostelle &amp;#8211; Camino Frances &amp;#8211; O&amp;rsquo; Cebreiro &amp;#8211; 2013\" data-image-description=\"\" data-image-caption=\"\" data-large-file=\"https:\/\/i0.wp.com\/bottesetvelo.com\/blog\/wp-content\/uploads\/2015\/01\/IMG_1357.jpg?fit=1024%2C707&amp;ssl=1\" class=\"  wp-image-1285\" src=\"https:\/\/i0.wp.com\/bottesetvelo.com\/blog\/wp-content\/uploads\/2015\/01\/IMG_1357.jpg?resize=300%2C207&#038;ssl=1\" alt=\"Compostelle - Camino Frances - O' Cebreiro - 2013\" width=\"300\" height=\"207\" srcset=\"https:\/\/i0.wp.com\/bottesetvelo.com\/blog\/wp-content\/uploads\/2015\/01\/IMG_1357.jpg?resize=500%2C345&amp;ssl=1 500w, https:\/\/i0.wp.com\/bottesetvelo.com\/blog\/wp-content\/uploads\/2015\/01\/IMG_1357.jpg?resize=1024%2C707&amp;ssl=1 1024w, https:\/\/i0.wp.com\/bottesetvelo.com\/blog\/wp-content\/uploads\/2015\/01\/IMG_1357.jpg?resize=624%2C431&amp;ssl=1 624w, https:\/\/i0.wp.com\/bottesetvelo.com\/blog\/wp-content\/uploads\/2015\/01\/IMG_1357.jpg?w=1611&amp;ssl=1 1611w\" sizes=\"auto, (max-width: 300px) 100vw, 300px\" \/><\/a><p id=\"caption-attachment-1285\" class=\"wp-caption-text\">Compostelle &#8211; Camino Frances &#8211; O&rsquo; Cebreiro &#8211; 2013<\/p><\/div>\n<p style=\"text-align: justify;\">La diff\u00e9rence entre la future maman et le p\u00e8lerin, c\u2019est que dans presque tous les cas, la future m\u00e8re a pr\u00e9vu revenir \u00e0 la maison avec un petit nouveau. Elle a pens\u00e9 \u00e0 lui faire une place dans sa vie pour qu\u2019il puisse grandir et s\u2019\u00e9panouir. Alors que le p\u00e8lerin, qui est pourtant lui aussi parti dans l\u2019espoir de vivre un changement, n\u2019a souvent pas pens\u00e9 qu\u2019il faudrait faire de la place pour son nouveau \u00ab moi \u00bb qui vient de naitre en marchant.<\/p>\n<div id=\"attachment_1286\" style=\"width: 197px\" class=\"wp-caption alignright\"><a href=\"https:\/\/i0.wp.com\/bottesetvelo.com\/blog\/wp-content\/uploads\/2015\/01\/IMG_1405.jpg?ssl=1\"><img data-recalc-dims=\"1\" loading=\"lazy\" decoding=\"async\" aria-describedby=\"caption-attachment-1286\" data-attachment-id=\"1286\" data-permalink=\"https:\/\/bottesetvelo.com\/blog\/2015\/01\/23\/la-priere-de-la-faba\/img_1405\/\" data-orig-file=\"https:\/\/i0.wp.com\/bottesetvelo.com\/blog\/wp-content\/uploads\/2015\/01\/IMG_1405.jpg?fit=1926%2C2584&amp;ssl=1\" data-orig-size=\"1926,2584\" data-comments-opened=\"1\" data-image-meta=\"{&quot;aperture&quot;:&quot;2.8&quot;,&quot;credit&quot;:&quot;&quot;,&quot;camera&quot;:&quot;iPhone 4&quot;,&quot;caption&quot;:&quot;&quot;,&quot;created_timestamp&quot;:&quot;1375179018&quot;,&quot;copyright&quot;:&quot;&quot;,&quot;focal_length&quot;:&quot;3.85&quot;,&quot;iso&quot;:&quot;80&quot;,&quot;shutter_speed&quot;:&quot;0.000563697857948&quot;,&quot;title&quot;:&quot;&quot;,&quot;orientation&quot;:&quot;1&quot;}\" data-image-title=\"Compostelle &amp;#8211; Camino Frances &amp;#8211; Cath\u00e9drale de Santiago &amp;#8211; 2013\" data-image-description=\"\" data-image-caption=\"\" data-large-file=\"https:\/\/i0.wp.com\/bottesetvelo.com\/blog\/wp-content\/uploads\/2015\/01\/IMG_1405.jpg?fit=763%2C1024&amp;ssl=1\" class=\"  wp-image-1286\" src=\"https:\/\/i0.wp.com\/bottesetvelo.com\/blog\/wp-content\/uploads\/2015\/01\/IMG_1405.jpg?resize=187%2C250&#038;ssl=1\" alt=\"Compostelle - Camino Frances - Cath\u00e9drale de Santiago - 2013\" width=\"187\" height=\"250\" srcset=\"https:\/\/i0.wp.com\/bottesetvelo.com\/blog\/wp-content\/uploads\/2015\/01\/IMG_1405.jpg?resize=373%2C500&amp;ssl=1 373w, https:\/\/i0.wp.com\/bottesetvelo.com\/blog\/wp-content\/uploads\/2015\/01\/IMG_1405.jpg?resize=763%2C1024&amp;ssl=1 763w, https:\/\/i0.wp.com\/bottesetvelo.com\/blog\/wp-content\/uploads\/2015\/01\/IMG_1405.jpg?resize=624%2C837&amp;ssl=1 624w, https:\/\/i0.wp.com\/bottesetvelo.com\/blog\/wp-content\/uploads\/2015\/01\/IMG_1405.jpg?w=1926&amp;ssl=1 1926w\" sizes=\"auto, (max-width: 187px) 100vw, 187px\" \/><\/a><p id=\"caption-attachment-1286\" class=\"wp-caption-text\">Compostelle &#8211; Camino Frances &#8211; Cath\u00e9drale de Santiago &#8211; 2013<\/p><\/div>\n<p style=\"text-align: justify;\">Pour ceux qui ont p\u00e8lerin\u00e9 jusqu\u2019\u00e0 Saint-Jacques de Compostelle, vous avez certainement fait une courte halte dans O\u2019Cebreiro pour y lire <a title=\"La pri\u00e8re de la Faba\" href=\"http:\/\/bottesetvelo.com\/bottes-et-velo-priere-de-la-faba\" target=\"_blank\">la pri\u00e8re de La Faba<\/a>. Cette pri\u00e8re qui nous rappelle que pour b\u00e9n\u00e9ficier pleinement des apprentissages effectu\u00e9s sur le chemin, il faut savoir continuer \u00e0 \u00eatre \u00ab p\u00e8lerin \u00bb qu\u2019il y ait des fl\u00e8ches jaunes sur notre route ou non. \u00catre p\u00e8lerin est une fa\u00e7on d\u2019\u00eatre \u00e0 la vie. Cette pri\u00e8re est une invitation \u00e0 perp\u00e9tuer et \u00e0 r\u00e9p\u00e9ter ce que nous avons aim\u00e9 vivre sur le chemin. Il reste alors 150 km au p\u00e8lerin avant d\u2019arriver au terme de son voyage. 150 km pour int\u00e9grer les apprentissages du chemin et penser au retour \u00e0 la maison. Au bout de la route, de cette longue marche qui a permis de faire le vide de tout ce qui encombrait nos pens\u00e9es et de tout ce qui accaparait notre temps habituellement, le p\u00e8lerin d\u00e9couvre cach\u00e9 en lui celui qu\u2019il est r\u00e9ellement, celui qu\u2019il d\u00e9sire continuer d\u2019\u00eatre. C\u2019est pourquoi il est essentiel de planifier le retour afin de ne pas laisser la routine et les \u00e9l\u00e9ments du pass\u00e9 reprendre le contr\u00f4le de la vie.<\/p>\n<div id=\"attachment_1287\" style=\"width: 193px\" class=\"wp-caption alignleft\"><a href=\"https:\/\/i0.wp.com\/bottesetvelo.com\/blog\/wp-content\/uploads\/2015\/01\/IMG_1421.jpg?ssl=1\"><img data-recalc-dims=\"1\" loading=\"lazy\" decoding=\"async\" aria-describedby=\"caption-attachment-1287\" data-attachment-id=\"1287\" data-permalink=\"https:\/\/bottesetvelo.com\/blog\/2015\/01\/23\/la-priere-de-la-faba\/img_1421-2\/\" data-orig-file=\"https:\/\/i0.wp.com\/bottesetvelo.com\/blog\/wp-content\/uploads\/2015\/01\/IMG_1421.jpg?fit=1852%2C2532&amp;ssl=1\" data-orig-size=\"1852,2532\" data-comments-opened=\"1\" data-image-meta=\"{&quot;aperture&quot;:&quot;2.8&quot;,&quot;credit&quot;:&quot;&quot;,&quot;camera&quot;:&quot;iPhone 4&quot;,&quot;caption&quot;:&quot;&quot;,&quot;created_timestamp&quot;:&quot;1375219503&quot;,&quot;copyright&quot;:&quot;&quot;,&quot;focal_length&quot;:&quot;3.85&quot;,&quot;iso&quot;:&quot;80&quot;,&quot;shutter_speed&quot;:&quot;0.00122699386503&quot;,&quot;title&quot;:&quot;&quot;,&quot;orientation&quot;:&quot;1&quot;}\" data-image-title=\"Compostelle &amp;#8211; Camino Frances &amp;#8211; Muxia &amp;#8211; 2013\" data-image-description=\"\" data-image-caption=\"\" data-large-file=\"https:\/\/i0.wp.com\/bottesetvelo.com\/blog\/wp-content\/uploads\/2015\/01\/IMG_1421.jpg?fit=749%2C1024&amp;ssl=1\" class=\"  wp-image-1287\" src=\"https:\/\/i0.wp.com\/bottesetvelo.com\/blog\/wp-content\/uploads\/2015\/01\/IMG_1421.jpg?resize=183%2C250&#038;ssl=1\" alt=\"Compostelle - Camino Frances - Muxia - 2013\" width=\"183\" height=\"250\" srcset=\"https:\/\/i0.wp.com\/bottesetvelo.com\/blog\/wp-content\/uploads\/2015\/01\/IMG_1421.jpg?resize=366%2C500&amp;ssl=1 366w, https:\/\/i0.wp.com\/bottesetvelo.com\/blog\/wp-content\/uploads\/2015\/01\/IMG_1421.jpg?resize=749%2C1024&amp;ssl=1 749w, https:\/\/i0.wp.com\/bottesetvelo.com\/blog\/wp-content\/uploads\/2015\/01\/IMG_1421.jpg?resize=624%2C853&amp;ssl=1 624w, https:\/\/i0.wp.com\/bottesetvelo.com\/blog\/wp-content\/uploads\/2015\/01\/IMG_1421.jpg?w=1852&amp;ssl=1 1852w\" sizes=\"auto, (max-width: 183px) 100vw, 183px\" \/><\/a><p id=\"caption-attachment-1287\" class=\"wp-caption-text\">Compostelle &#8211; Camino Frances &#8211; Muxia &#8211; 2013<\/p><\/div>\n<p style=\"text-align: justify;\">Tout comme la jeune m\u00e8re qui rentre dans la maison avec son enfant dans les bras, r\u00e9alise que son monde vient subitement de basculer, que d\u00e9sormais plusieurs choses vont changer, le p\u00e8lerin doit prendre conscience en mettant la cl\u00e9 dans la porte d\u2019entr\u00e9e que cette porte s\u2019ouvrira sur un nouveau chapitre de vie : \u00ab Cherchons comme cherchent ceux qui doivent trouver et trouvons comme trouvent ceux qui doivent chercher encore. Car il est \u00e9crit : celui qui est arriv\u00e9 au terme ne fait que commencer. \u00bb (Saint Augustin). Le chemin n\u2019est qu\u2019un premier pas.<a href=\"https:\/\/i0.wp.com\/bottesetvelo.com\/blog\/wp-content\/uploads\/2014\/01\/Bottes-et-V%C3%A9lo-Embl%C3%AAme.jpg?ssl=1\"><img data-recalc-dims=\"1\" loading=\"lazy\" decoding=\"async\" data-attachment-id=\"14\" data-permalink=\"https:\/\/bottesetvelo.com\/blog\/bottes-et-velo-le-blog\/bottes-et-velo-embleme\/\" data-orig-file=\"https:\/\/i0.wp.com\/bottesetvelo.com\/blog\/wp-content\/uploads\/2014\/01\/Bottes-et-V%C3%A9lo-Embl%C3%AAme-e1454083414631.jpg?fit=100%2C79&amp;ssl=1\" data-orig-size=\"100,79\" data-comments-opened=\"1\" data-image-meta=\"{&quot;aperture&quot;:&quot;0&quot;,&quot;credit&quot;:&quot;&quot;,&quot;camera&quot;:&quot;&quot;,&quot;caption&quot;:&quot;&quot;,&quot;created_timestamp&quot;:&quot;0&quot;,&quot;copyright&quot;:&quot;&quot;,&quot;focal_length&quot;:&quot;0&quot;,&quot;iso&quot;:&quot;0&quot;,&quot;shutter_speed&quot;:&quot;0&quot;,&quot;title&quot;:&quot;&quot;}\" data-image-title=\"Bottes et V\u00e9lo &amp;#8211; Embl\u00eame\" data-image-description=\"\" data-image-caption=\"\" data-large-file=\"https:\/\/i0.wp.com\/bottesetvelo.com\/blog\/wp-content\/uploads\/2014\/01\/Bottes-et-V%C3%A9lo-Embl%C3%AAme-e1454083414631.jpg?fit=100%2C79&amp;ssl=1\" class=\"  wp-image-14 alignright\" src=\"https:\/\/i0.wp.com\/bottesetvelo.com\/blog\/wp-content\/uploads\/2014\/01\/Bottes-et-V%C3%A9lo-Embl%C3%AAme.jpg?resize=73%2C57&#038;ssl=1\" alt=\"Bottes et V\u00e9lo - Embl\u00eame\" width=\"73\" height=\"57\" \/><\/a><\/p>\n<p style=\"text-align: justify;\">Brigitte Harouni<\/p>\n","protected":false},"excerpt":{"rendered":"<p>Il n\u2019est jamais trop tard pour devenir ce que l\u2019on aurait pu \u00eatre. George Eliot Tous ceux qui ont v\u00e9cu un p\u00e8lerinage vous le diront : ils \u00e9taient rendus l\u00e0 sur leur chemin de vie. Et bien que certains avait entendu parler depuis longtemps parfois du c\u00e9l\u00e8bre chemin de Compostelle, chacun a d\u00e9cid\u00e9 un jour&hellip;<\/p>\n","protected":false},"author":2,"featured_media":0,"comment_status":"open","ping_status":"open","sticky":false,"template":"","format":"standard","meta":{"jetpack_post_was_ever_published":false,"_jetpack_newsletter_access":"","_jetpack_dont_email_post_to_subs":false,"_jetpack_newsletter_tier_id":0,"_jetpack_memberships_contains_paywalled_content":false,"_jetpack_memberships_contains_paid_content":false,"footnotes":"","jetpack_publicize_message":"","jetpack_publicize_feature_enabled":true,"jetpack_social_post_already_shared":true,"jetpack_social_options":{"image_generator_settings":{"template":"highway","default_image_id":0,"font":"","enabled":false},"version":2}},"categories":[52,166,3],"tags":[170,275,169,80,168,167,13,38],"class_list":["post-1282","post","type-post","status-publish","format-standard","hentry","category-alternatives-de-vie","category-demarche-du-pelerin","category-reflexions","tag-alternative-de-vie","tag-art-de-vivre","tag-changement","tag-compostelle","tag-demarche-du-pelerin","tag-la-faba","tag-pelerinage","tag-reflexion"],"jetpack_publicize_connections":[],"jetpack_featured_media_url":"","jetpack_shortlink":"https:\/\/wp.me\/p4eY6z-kG","jetpack_sharing_enabled":true,"jetpack_likes_enabled":true,"jetpack-related-posts":[],"_links":{"self":[{"href":"https:\/\/bottesetvelo.com\/blog\/wp-json\/wp\/v2\/posts\/1282","targetHints":{"allow":["GET"]}}],"collection":[{"href":"https:\/\/bottesetvelo.com\/blog\/wp-json\/wp\/v2\/posts"}],"about":[{"href":"https:\/\/bottesetvelo.com\/blog\/wp-json\/wp\/v2\/types\/post"}],"author":[{"embeddable":true,"href":"https:\/\/bottesetvelo.com\/blog\/wp-json\/wp\/v2\/users\/2"}],"replies":[{"embeddable":true,"href":"https:\/\/bottesetvelo.com\/blog\/wp-json\/wp\/v2\/comments?post=1282"}],"version-history":[{"count":3,"href":"https:\/\/bottesetvelo.com\/blog\/wp-json\/wp\/v2\/posts\/1282\/revisions"}],"predecessor-version":[{"id":1289,"href":"https:\/\/bottesetvelo.com\/blog\/wp-json\/wp\/v2\/posts\/1282\/revisions\/1289"}],"wp:attachment":[{"href":"https:\/\/bottesetvelo.com\/blog\/wp-json\/wp\/v2\/media?parent=1282"}],"wp:term":[{"taxonomy":"category","embeddable":true,"href":"https:\/\/bottesetvelo.com\/blog\/wp-json\/wp\/v2\/categories?post=1282"},{"taxonomy":"post_tag","embeddable":true,"href":"https:\/\/bottesetvelo.com\/blog\/wp-json\/wp\/v2\/tags?post=1282"}],"curies":[{"name":"wp","href":"https:\/\/api.w.org\/{rel}","templated":true}]}}