{"id":1258,"date":"2015-01-11T10:29:46","date_gmt":"2015-01-11T15:29:46","guid":{"rendered":"http:\/\/bottesetvelo.com\/blog\/?p=1258"},"modified":"2015-01-18T20:21:19","modified_gmt":"2015-01-19T01:21:19","slug":"24-janvier-premier-dejeuner-causerie","status":"publish","type":"post","link":"https:\/\/bottesetvelo.com\/blog\/2015\/01\/11\/24-janvier-premier-dejeuner-causerie\/","title":{"rendered":"24 janvier: Premier d\u00e9jeuner-causerie"},"content":{"rendered":"<h2><span style=\"color: #333399;\">24 JANVIER, 9h30 : D\u00c9JEUNER-CAUSERIE de Bottes et V\u00e9lo<\/span><br \/>\n<em><span style=\"color: #800000;\">Magasiner son \u00e9quipement de p\u00e8lerin sans se ruiner?<\/span><\/em><\/h2>\n<p style=\"text-align: justify;\"><a href=\"https:\/\/i0.wp.com\/bottesetvelo.com\/blog\/wp-content\/uploads\/2015\/01\/croissants-569074_1280.jpg?ssl=1\"><img data-recalc-dims=\"1\" loading=\"lazy\" decoding=\"async\" data-attachment-id=\"1260\" data-permalink=\"https:\/\/bottesetvelo.com\/blog\/2015\/01\/11\/24-janvier-premier-dejeuner-causerie\/croissants-569074_1280\/\" data-orig-file=\"https:\/\/i0.wp.com\/bottesetvelo.com\/blog\/wp-content\/uploads\/2015\/01\/croissants-569074_1280.jpg?fit=1280%2C853&amp;ssl=1\" data-orig-size=\"1280,853\" data-comments-opened=\"1\" data-image-meta=\"{&quot;aperture&quot;:&quot;0&quot;,&quot;credit&quot;:&quot;&quot;,&quot;camera&quot;:&quot;&quot;,&quot;caption&quot;:&quot;&quot;,&quot;created_timestamp&quot;:&quot;0&quot;,&quot;copyright&quot;:&quot;&quot;,&quot;focal_length&quot;:&quot;0&quot;,&quot;iso&quot;:&quot;0&quot;,&quot;shutter_speed&quot;:&quot;0&quot;,&quot;title&quot;:&quot;&quot;,&quot;orientation&quot;:&quot;0&quot;}\" data-image-title=\"Les d\u00e9jeuners-causerie de Bottes et V\u00e9lo\" data-image-description=\"\" data-image-caption=\"\" data-large-file=\"https:\/\/i0.wp.com\/bottesetvelo.com\/blog\/wp-content\/uploads\/2015\/01\/croissants-569074_1280.jpg?fit=1024%2C682&amp;ssl=1\" class=\"  wp-image-1260 alignright\" src=\"https:\/\/i0.wp.com\/bottesetvelo.com\/blog\/wp-content\/uploads\/2015\/01\/croissants-569074_1280.jpg?resize=338%2C225&#038;ssl=1\" alt=\"Les d\u00e9jeuners-causerie de Bottes et V\u00e9lo\" width=\"338\" height=\"225\" srcset=\"https:\/\/i0.wp.com\/bottesetvelo.com\/blog\/wp-content\/uploads\/2015\/01\/croissants-569074_1280.jpg?resize=500%2C333&amp;ssl=1 500w, https:\/\/i0.wp.com\/bottesetvelo.com\/blog\/wp-content\/uploads\/2015\/01\/croissants-569074_1280.jpg?resize=1024%2C682&amp;ssl=1 1024w, https:\/\/i0.wp.com\/bottesetvelo.com\/blog\/wp-content\/uploads\/2015\/01\/croissants-569074_1280.jpg?resize=624%2C416&amp;ssl=1 624w, https:\/\/i0.wp.com\/bottesetvelo.com\/blog\/wp-content\/uploads\/2015\/01\/croissants-569074_1280.jpg?w=1280&amp;ssl=1 1280w\" sizes=\"auto, (max-width: 338px) 100vw, 338px\" \/><\/a>Nous vous rappelons qu&rsquo;il est temps de s&rsquo;inscrire pour les d\u00e9jeuners-causerie de Bottes et V\u00e9lo.<\/p>\n<p style=\"text-align: justify;\"><span style=\"color: #ff9900;\"><strong> Le premier aura lieu samedi, 24 janvier, \u00e0 9h30, au 50 rue Principale, \u00e0 St-Michel-de-Bellechasse. (15$\/pers.)<\/strong><\/span><\/p>\n<p style=\"text-align: justify;\">Ce premier d\u00e9jeuner-causerie aura pour th\u00e8me: Magasiner son \u00e9quipement de p\u00e8lerin sans se ruiner. Lors de cette causerie, vous trouverez: des conseils sur le choix de l&rsquo;\u00e9quipement, des recommandations, quelques exercices dans l&rsquo;esprit de la d\u00e9marche du p\u00e8lerin et pourrez participer \u00e0 une r\u00e9flexion sur le sens de cette d\u00e9marche. Ceci, en plus de profiter d&rsquo;un bon petit-d\u00e9jeuner (buffet-continental)! Une belle fa\u00e7on de d\u00e9couvrir le p\u00e8lerinage et d&rsquo;aller plus loin!<\/p>\n<p style=\"text-align: justify;\">Pour vous inscrire, cliquez sur le lien suivant: <a title=\"Inscription aux d\u00e9jeuners-causerie de Bottes et V\u00e9lo\" href=\"http:\/\/bottesetvelo.com\/bottes-et-v\u00e9lo---d\u00e9jeuners-causerie\" target=\"_blank\">Les d\u00e9jeuners-causerie de Bottes et V\u00e9lo.<\/a><\/p>\n<p style=\"text-align: justify;\">Bienvenue \u00e0 tous et toutes!<a href=\"https:\/\/i0.wp.com\/bottesetvelo.com\/blog\/wp-content\/uploads\/2014\/01\/Bottes-et-V%C3%A9lo-Embl%C3%AAme.jpg?ssl=1\"><img data-recalc-dims=\"1\" loading=\"lazy\" decoding=\"async\" data-attachment-id=\"14\" data-permalink=\"https:\/\/bottesetvelo.com\/blog\/bottes-et-velo-le-blog\/bottes-et-velo-embleme\/\" data-orig-file=\"https:\/\/i0.wp.com\/bottesetvelo.com\/blog\/wp-content\/uploads\/2014\/01\/Bottes-et-V%C3%A9lo-Embl%C3%AAme-e1454083414631.jpg?fit=100%2C79&amp;ssl=1\" data-orig-size=\"100,79\" data-comments-opened=\"1\" data-image-meta=\"{&quot;aperture&quot;:&quot;0&quot;,&quot;credit&quot;:&quot;&quot;,&quot;camera&quot;:&quot;&quot;,&quot;caption&quot;:&quot;&quot;,&quot;created_timestamp&quot;:&quot;0&quot;,&quot;copyright&quot;:&quot;&quot;,&quot;focal_length&quot;:&quot;0&quot;,&quot;iso&quot;:&quot;0&quot;,&quot;shutter_speed&quot;:&quot;0&quot;,&quot;title&quot;:&quot;&quot;}\" data-image-title=\"Bottes et V\u00e9lo &amp;#8211; Embl\u00eame\" data-image-description=\"\" data-image-caption=\"\" data-large-file=\"https:\/\/i0.wp.com\/bottesetvelo.com\/blog\/wp-content\/uploads\/2014\/01\/Bottes-et-V%C3%A9lo-Embl%C3%AAme-e1454083414631.jpg?fit=100%2C79&amp;ssl=1\" class=\"  wp-image-14 alignright\" src=\"https:\/\/i0.wp.com\/bottesetvelo.com\/blog\/wp-content\/uploads\/2014\/01\/Bottes-et-V%C3%A9lo-Embl%C3%AAme.jpg?resize=71%2C56&#038;ssl=1\" alt=\"Bottes et V\u00e9lo - Embl\u00eame\" width=\"71\" height=\"56\" \/><\/a><\/p>\n<p style=\"text-align: justify;\">\u00c9ric Lalibert\u00e9 et Brigitte Harouni<\/p>\n","protected":false},"excerpt":{"rendered":"<p>24 JANVIER, 9h30 : D\u00c9JEUNER-CAUSERIE de Bottes et V\u00e9lo Magasiner son \u00e9quipement de p\u00e8lerin sans se ruiner? Nous vous rappelons qu&rsquo;il est temps de s&rsquo;inscrire pour les d\u00e9jeuners-causerie de Bottes et V\u00e9lo. Le premier aura lieu samedi, 24 janvier, \u00e0 9h30, au 50 rue Principale, \u00e0 St-Michel-de-Bellechasse. (15$\/pers.) Ce premier d\u00e9jeuner-causerie aura pour th\u00e8me: Magasiner&hellip;<\/p>\n","protected":false},"author":1,"featured_media":0,"comment_status":"open","ping_status":"open","sticky":false,"template":"","format":"standard","meta":{"jetpack_post_was_ever_published":false,"_jetpack_newsletter_access":"","_jetpack_dont_email_post_to_subs":false,"_jetpack_newsletter_tier_id":0,"_jetpack_memberships_contains_paywalled_content":false,"_jetpack_memberships_contains_paid_content":false,"footnotes":"","jetpack_publicize_message":"","jetpack_publicize_feature_enabled":true,"jetpack_social_post_already_shared":true,"jetpack_social_options":{"image_generator_settings":{"template":"highway","default_image_id":0,"font":"","enabled":false},"version":2}},"categories":[56,24,161],"tags":[163,162,36,164,144],"class_list":["post-1258","post","type-post","status-publish","format-standard","hentry","category-activites","category-aspects-techniques","category-dejeuner-causerie","tag-achat","tag-dejeuner-causerie","tag-equipement","tag-magasinage","tag-plein-air"],"jetpack_publicize_connections":[],"jetpack_featured_media_url":"","jetpack_shortlink":"https:\/\/wp.me\/p4eY6z-ki","jetpack_sharing_enabled":true,"jetpack_likes_enabled":true,"jetpack-related-posts":[],"_links":{"self":[{"href":"https:\/\/bottesetvelo.com\/blog\/wp-json\/wp\/v2\/posts\/1258","targetHints":{"allow":["GET"]}}],"collection":[{"href":"https:\/\/bottesetvelo.com\/blog\/wp-json\/wp\/v2\/posts"}],"about":[{"href":"https:\/\/bottesetvelo.com\/blog\/wp-json\/wp\/v2\/types\/post"}],"author":[{"embeddable":true,"href":"https:\/\/bottesetvelo.com\/blog\/wp-json\/wp\/v2\/users\/1"}],"replies":[{"embeddable":true,"href":"https:\/\/bottesetvelo.com\/blog\/wp-json\/wp\/v2\/comments?post=1258"}],"version-history":[{"count":7,"href":"https:\/\/bottesetvelo.com\/blog\/wp-json\/wp\/v2\/posts\/1258\/revisions"}],"predecessor-version":[{"id":1280,"href":"https:\/\/bottesetvelo.com\/blog\/wp-json\/wp\/v2\/posts\/1258\/revisions\/1280"}],"wp:attachment":[{"href":"https:\/\/bottesetvelo.com\/blog\/wp-json\/wp\/v2\/media?parent=1258"}],"wp:term":[{"taxonomy":"category","embeddable":true,"href":"https:\/\/bottesetvelo.com\/blog\/wp-json\/wp\/v2\/categories?post=1258"},{"taxonomy":"post_tag","embeddable":true,"href":"https:\/\/bottesetvelo.com\/blog\/wp-json\/wp\/v2\/tags?post=1258"}],"curies":[{"name":"wp","href":"https:\/\/api.w.org\/{rel}","templated":true}]}}