{"id":1250,"date":"2015-01-09T18:33:10","date_gmt":"2015-01-09T23:33:10","guid":{"rendered":"http:\/\/bottesetvelo.com\/blog\/?p=1250"},"modified":"2015-01-09T18:33:10","modified_gmt":"2015-01-09T23:33:10","slug":"joyeux-anniversaire-a-bottes-et-velo","status":"publish","type":"post","link":"https:\/\/bottesetvelo.com\/blog\/2015\/01\/09\/joyeux-anniversaire-a-bottes-et-velo\/","title":{"rendered":"Joyeux anniversaire \u00e0 Bottes et V\u00e9lo!"},"content":{"rendered":"<h6 style=\"text-align: right;\"><em>Avance sur ta route car elle n\u2019existe que par ta marche.<br \/>\nSaint-Augustin<\/em><\/h6>\n<p style=\"text-align: justify;\"><a href=\"https:\/\/i0.wp.com\/bottesetvelo.com\/blog\/wp-content\/uploads\/2015\/01\/2014-09-06-16.22.40.jpg?ssl=1\"><img data-recalc-dims=\"1\" loading=\"lazy\" decoding=\"async\" data-attachment-id=\"1253\" data-permalink=\"https:\/\/bottesetvelo.com\/blog\/2015\/01\/09\/joyeux-anniversaire-a-bottes-et-velo\/2014-09-06-16-22-40\/\" data-orig-file=\"https:\/\/i0.wp.com\/bottesetvelo.com\/blog\/wp-content\/uploads\/2015\/01\/2014-09-06-16.22.40.jpg?fit=3264%2C2448&amp;ssl=1\" data-orig-size=\"3264,2448\" data-comments-opened=\"1\" data-image-meta=\"{&quot;aperture&quot;:&quot;2.6&quot;,&quot;credit&quot;:&quot;&quot;,&quot;camera&quot;:&quot;SGH-I747M&quot;,&quot;caption&quot;:&quot;&quot;,&quot;created_timestamp&quot;:&quot;1410020560&quot;,&quot;copyright&quot;:&quot;&quot;,&quot;focal_length&quot;:&quot;3.7&quot;,&quot;iso&quot;:&quot;50&quot;,&quot;shutter_speed&quot;:&quot;0.000572082379863&quot;,&quot;title&quot;:&quot;&quot;,&quot;orientation&quot;:&quot;1&quot;}\" data-image-title=\"Phare &amp;#8211; St-Andr\u00e9-de-Kamouraska\" data-image-description=\"\" data-image-caption=\"\" data-large-file=\"https:\/\/i0.wp.com\/bottesetvelo.com\/blog\/wp-content\/uploads\/2015\/01\/2014-09-06-16.22.40.jpg?fit=1024%2C768&amp;ssl=1\" class=\"  wp-image-1253 alignright\" src=\"https:\/\/i0.wp.com\/bottesetvelo.com\/blog\/wp-content\/uploads\/2015\/01\/2014-09-06-16.22.40.jpg?resize=300%2C225&#038;ssl=1\" alt=\"Phare - St-Andr\u00e9-de-Kamouraska\" width=\"300\" height=\"225\" srcset=\"https:\/\/i0.wp.com\/bottesetvelo.com\/blog\/wp-content\/uploads\/2015\/01\/2014-09-06-16.22.40.jpg?resize=500%2C375&amp;ssl=1 500w, https:\/\/i0.wp.com\/bottesetvelo.com\/blog\/wp-content\/uploads\/2015\/01\/2014-09-06-16.22.40.jpg?resize=1024%2C768&amp;ssl=1 1024w, https:\/\/i0.wp.com\/bottesetvelo.com\/blog\/wp-content\/uploads\/2015\/01\/2014-09-06-16.22.40.jpg?resize=624%2C468&amp;ssl=1 624w, https:\/\/i0.wp.com\/bottesetvelo.com\/blog\/wp-content\/uploads\/2015\/01\/2014-09-06-16.22.40.jpg?w=2340&amp;ssl=1 2340w\" sizes=\"auto, (max-width: 300px) 100vw, 300px\" \/><\/a>N\u00e9 le 5 janvier 2014, Bottes et V\u00e9lo a aujourd\u2019hui 1 an! Issu de parents philosophes, philanthropes, voyageurs et p\u00e9dagogues, on constate apr\u00e8s un an que la g\u00e9n\u00e9tique ne ment pas. Bottes et V\u00e9lo ne peut vraiment pas nier ses origines!<\/p>\n<p style=\"text-align: justify;\">C\u2019est au retour d\u2019un p\u00e8lerinage sur le chemin espagnol de Compostelle que germa l\u2019id\u00e9e de concevoir Bottes et V\u00e9lo : une entreprise faisant la promotion des p\u00e8lerinages de chez nous et des bienfaits de cette pratique. Et c\u2019est en marchant les plages et en p\u00e9dalant les c\u00f4tes du fleuve Saint-Laurent que le projet s\u2019est graduellement d\u00e9fini et pr\u00e9cis\u00e9. Puis finalement, le 5 janvier 2014, c\u2019est le bapt\u00eame officiel, le d\u00e9but d\u2019une grande aventure qui s\u2019apparente incroyablement \u00e0 un p\u00e8lerinage. En effet, pour ses parents p\u00e8lerins, Bottes et V\u00e9lo est un r\u00e9el p\u00e8lerinage!<\/p>\n<p style=\"text-align: justify;\"><a href=\"https:\/\/i0.wp.com\/bottesetvelo.com\/blog\/wp-content\/uploads\/2015\/01\/IMG_0960-2.jpg?ssl=1\"><img data-recalc-dims=\"1\" loading=\"lazy\" decoding=\"async\" data-attachment-id=\"1254\" data-permalink=\"https:\/\/bottesetvelo.com\/blog\/2015\/01\/09\/joyeux-anniversaire-a-bottes-et-velo\/img_0960-2-2\/\" data-orig-file=\"https:\/\/i0.wp.com\/bottesetvelo.com\/blog\/wp-content\/uploads\/2015\/01\/IMG_0960-2.jpg?fit=3648%2C2736&amp;ssl=1\" data-orig-size=\"3648,2736\" data-comments-opened=\"1\" data-image-meta=\"{&quot;aperture&quot;:&quot;3.2&quot;,&quot;credit&quot;:&quot;&quot;,&quot;camera&quot;:&quot;Canon PowerShot SD890 IS&quot;,&quot;caption&quot;:&quot;&quot;,&quot;created_timestamp&quot;:&quot;1373186417&quot;,&quot;copyright&quot;:&quot;&quot;,&quot;focal_length&quot;:&quot;6.6&quot;,&quot;iso&quot;:&quot;80&quot;,&quot;shutter_speed&quot;:&quot;0.0015625&quot;,&quot;title&quot;:&quot;&quot;,&quot;orientation&quot;:&quot;1&quot;}\" data-image-title=\"Chemin de Compostelle &amp;#8211; Alto de Perdon &amp;#8211; Espagne\" data-image-description=\"\" data-image-caption=\"\" data-large-file=\"https:\/\/i0.wp.com\/bottesetvelo.com\/blog\/wp-content\/uploads\/2015\/01\/IMG_0960-2.jpg?fit=1024%2C768&amp;ssl=1\" class=\"  wp-image-1254 alignright\" src=\"https:\/\/i0.wp.com\/bottesetvelo.com\/blog\/wp-content\/uploads\/2015\/01\/IMG_0960-2.jpg?resize=300%2C225&#038;ssl=1\" alt=\"Chemin de Compostelle - Alto de Perdon - Espagne\" width=\"300\" height=\"225\" srcset=\"https:\/\/i0.wp.com\/bottesetvelo.com\/blog\/wp-content\/uploads\/2015\/01\/IMG_0960-2.jpg?resize=500%2C375&amp;ssl=1 500w, https:\/\/i0.wp.com\/bottesetvelo.com\/blog\/wp-content\/uploads\/2015\/01\/IMG_0960-2.jpg?resize=1024%2C768&amp;ssl=1 1024w, https:\/\/i0.wp.com\/bottesetvelo.com\/blog\/wp-content\/uploads\/2015\/01\/IMG_0960-2.jpg?resize=624%2C468&amp;ssl=1 624w, https:\/\/i0.wp.com\/bottesetvelo.com\/blog\/wp-content\/uploads\/2015\/01\/IMG_0960-2.jpg?w=2340&amp;ssl=1 2340w, https:\/\/i0.wp.com\/bottesetvelo.com\/blog\/wp-content\/uploads\/2015\/01\/IMG_0960-2.jpg?w=3510&amp;ssl=1 3510w\" sizes=\"auto, (max-width: 300px) 100vw, 300px\" \/><\/a>Un tel projet n\u2019existant pas, nous n\u2019avions pas de balises, pas de rep\u00e8res, pas de guide pour nous aider \u00e0 avancer avec assurance. N\u2019\u00e9tant pas commer\u00e7ants, et n\u2019ayant pas la fibre mercantile, nous ne souhaitions pas tomber dans le pi\u00e8ge du mat\u00e9rialisme consommateur. D\u00e9marrer Bottes et V\u00e9lo, c\u2019\u00e9tait comme se lever \u00e0 4 heures du matin sur le Camino Franc\u00e8s et avancer dans le faisceau de sa lampe de poche, conscient qu\u2019il existe tout un monde de beaut\u00e9 autour de nous qui n\u2019attend qu\u2019\u00e0 \u00eatre mis au grand jour. Pour arriver dans cette lumi\u00e8re, pour se faire conna\u00eetre et rejoindre les personnes qui ont l\u2019\u00e2me p\u00e8lerine, il nous a fallu continuer d\u2019avancer malgr\u00e9 les \u00e9checs et les blessures. Il nous fallait nous remettre en question et chercher \u00e0 d\u00e9finir avec plus de clart\u00e9 qui est Bottes et V\u00e9lo. Durant cette premi\u00e8re ann\u00e9e, nous avons connu avec Bottes et V\u00e9lo les m\u00eames \u00e9tats que le p\u00e8lerin : la remise en question, le d\u00e9couragement, les joies, les petites victoires, l\u2019\u00e9puisement, bref les hauts et les bas de celui qui avance sur le chemin et qui cherche \u00e0 comprendre ce qui le pousse \u00e0 poursuivre. <a href=\"https:\/\/i0.wp.com\/bottesetvelo.com\/blog\/wp-content\/uploads\/2015\/01\/015.jpg?ssl=1\"><img data-recalc-dims=\"1\" loading=\"lazy\" decoding=\"async\" data-attachment-id=\"1255\" data-permalink=\"https:\/\/bottesetvelo.com\/blog\/2015\/01\/09\/joyeux-anniversaire-a-bottes-et-velo\/015-2\/\" data-orig-file=\"https:\/\/i0.wp.com\/bottesetvelo.com\/blog\/wp-content\/uploads\/2015\/01\/015.jpg?fit=1906%2C1340&amp;ssl=1\" data-orig-size=\"1906,1340\" data-comments-opened=\"1\" data-image-meta=\"{&quot;aperture&quot;:&quot;2.8&quot;,&quot;credit&quot;:&quot;&quot;,&quot;camera&quot;:&quot;iPhone 4&quot;,&quot;caption&quot;:&quot;&quot;,&quot;created_timestamp&quot;:&quot;1310546607&quot;,&quot;copyright&quot;:&quot;&quot;,&quot;focal_length&quot;:&quot;3.85&quot;,&quot;iso&quot;:&quot;80&quot;,&quot;shutter_speed&quot;:&quot;0.000663129973475&quot;,&quot;title&quot;:&quot;&quot;,&quot;orientation&quot;:&quot;1&quot;}\" data-image-title=\"015\" data-image-description=\"\" data-image-caption=\"\" data-large-file=\"https:\/\/i0.wp.com\/bottesetvelo.com\/blog\/wp-content\/uploads\/2015\/01\/015.jpg?fit=1024%2C720&amp;ssl=1\" class=\"  wp-image-1255 alignright\" src=\"https:\/\/i0.wp.com\/bottesetvelo.com\/blog\/wp-content\/uploads\/2015\/01\/015.jpg?resize=300%2C211&#038;ssl=1\" alt=\"015\" width=\"300\" height=\"211\" srcset=\"https:\/\/i0.wp.com\/bottesetvelo.com\/blog\/wp-content\/uploads\/2015\/01\/015.jpg?resize=500%2C352&amp;ssl=1 500w, https:\/\/i0.wp.com\/bottesetvelo.com\/blog\/wp-content\/uploads\/2015\/01\/015.jpg?resize=1024%2C720&amp;ssl=1 1024w, https:\/\/i0.wp.com\/bottesetvelo.com\/blog\/wp-content\/uploads\/2015\/01\/015.jpg?resize=624%2C439&amp;ssl=1 624w, https:\/\/i0.wp.com\/bottesetvelo.com\/blog\/wp-content\/uploads\/2015\/01\/015.jpg?w=1906&amp;ssl=1 1906w\" sizes=\"auto, (max-width: 300px) 100vw, 300px\" \/><\/a>Tout comme sur le chemin, nous avons fait de belles rencontres, re\u00e7u de grandes marques d\u2019encouragement, partag\u00e9 des passions communes. Nous avons constat\u00e9 que m\u00eame pour d\u00e9marrer une entreprise, il y avait un rythme \u00e0 respecter. Vouloir aller trop vite, viser trop grand, trop haut, trop rapidement ne peut qu\u2019amener des blessures. Il faut aussi savoir faire confiance \u00e0 la vie et aux \u00e9v\u00e9nements, croire en nous et en notre projet. Continuer d\u2019avancer malgr\u00e9 tout. Avancer vers ce Bottes et V\u00e9lo qui est en nous et que nous souhaitons partager avec vous!<\/p>\n<p style=\"text-align: justify;\">Dans notre soci\u00e9t\u00e9 de consommation, lorsqu\u2019une entreprise ouvre ses portes, la question qui revient le plus souvent est : \u00ab vous vendez quoi? \u00bb Pour bien d\u00e9finir Bottes et V\u00e9lo, il nous a fallu nous d\u00e9sencombrer de toutes ces formules de marketing d\u2019aujourd\u2019hui, faire fi des pressions externes qui cherchent \u00e0 diriger nos pas vers ce qui doit \u00eatre fait pour \u00eatre rentable et attirer de la client\u00e8le, et choisir d\u2019insuffler \u00e0 Bottes et V\u00e9lo les valeurs auxquelles nous adh\u00e9rons, des valeurs qui sont en harmonie avec celles du p\u00e8lerinage. <a href=\"https:\/\/i0.wp.com\/bottesetvelo.com\/blog\/wp-content\/uploads\/2015\/01\/2014-08-10-11.24.45.jpg?ssl=1\"><img data-recalc-dims=\"1\" loading=\"lazy\" decoding=\"async\" data-attachment-id=\"1256\" data-permalink=\"https:\/\/bottesetvelo.com\/blog\/2015\/01\/09\/joyeux-anniversaire-a-bottes-et-velo\/2014-08-10-11-24-45\/\" data-orig-file=\"https:\/\/i0.wp.com\/bottesetvelo.com\/blog\/wp-content\/uploads\/2015\/01\/2014-08-10-11.24.45.jpg?fit=1280%2C960&amp;ssl=1\" data-orig-size=\"1280,960\" data-comments-opened=\"1\" data-image-meta=\"{&quot;aperture&quot;:&quot;2.8&quot;,&quot;credit&quot;:&quot;&quot;,&quot;camera&quot;:&quot;SGH-I747M&quot;,&quot;caption&quot;:&quot;&quot;,&quot;created_timestamp&quot;:&quot;1407669885&quot;,&quot;copyright&quot;:&quot;&quot;,&quot;focal_length&quot;:&quot;2.7&quot;,&quot;iso&quot;:&quot;100&quot;,&quot;shutter_speed&quot;:&quot;0.00031007751938&quot;,&quot;title&quot;:&quot;&quot;,&quot;orientation&quot;:&quot;1&quot;}\" data-image-title=\"2014-08-10 11.24.45\" data-image-description=\"\" data-image-caption=\"\" data-large-file=\"https:\/\/i0.wp.com\/bottesetvelo.com\/blog\/wp-content\/uploads\/2015\/01\/2014-08-10-11.24.45.jpg?fit=1024%2C768&amp;ssl=1\" class=\"  wp-image-1256 alignright\" src=\"https:\/\/i0.wp.com\/bottesetvelo.com\/blog\/wp-content\/uploads\/2015\/01\/2014-08-10-11.24.45.jpg?resize=300%2C225&#038;ssl=1\" alt=\"2014-08-10 11.24.45\" width=\"300\" height=\"225\" srcset=\"https:\/\/i0.wp.com\/bottesetvelo.com\/blog\/wp-content\/uploads\/2015\/01\/2014-08-10-11.24.45.jpg?resize=500%2C375&amp;ssl=1 500w, https:\/\/i0.wp.com\/bottesetvelo.com\/blog\/wp-content\/uploads\/2015\/01\/2014-08-10-11.24.45.jpg?resize=1024%2C768&amp;ssl=1 1024w, https:\/\/i0.wp.com\/bottesetvelo.com\/blog\/wp-content\/uploads\/2015\/01\/2014-08-10-11.24.45.jpg?resize=624%2C468&amp;ssl=1 624w, https:\/\/i0.wp.com\/bottesetvelo.com\/blog\/wp-content\/uploads\/2015\/01\/2014-08-10-11.24.45.jpg?w=1280&amp;ssl=1 1280w\" sizes=\"auto, (max-width: 300px) 100vw, 300px\" \/><\/a>Partage, mieux-\u00eatre, mieux-vivre, libert\u00e9 de choix, accompagnement : Bottes et V\u00e9lo est plus qu\u2019une entreprise, c\u2019est un temps de rencontre avec soi et avec les autres, \u00e0 travers l\u2019exercice physique de la marche ou du v\u00e9lo de longue randonn\u00e9e. Son objectif pour la nouvelle ann\u00e9e: faire conna\u00eetre d\u2019avantage les plaisirs et les bienfaits de la tr\u00e8s longue randonn\u00e9e et accompagner le plus grand nombre de p\u00e8lerins dans leur d\u00e9marche personnelle de voyage et de vie.<\/p>\n<p style=\"text-align: justify;\">Vous \u00eates de plus en plus nombreux \u00e0 nous suivre et \u00e0 partager notre route. Vous \u00eates tous ces soleils sortis de la p\u00e9nombre qui \u00e9clairent notre chemin et donnent un sens \u00e0 notre projet. Merci!<a href=\"https:\/\/i0.wp.com\/bottesetvelo.com\/blog\/wp-content\/uploads\/2014\/01\/Bottes-et-V%C3%A9lo-Embl%C3%AAme.jpg?ssl=1\"><img data-recalc-dims=\"1\" loading=\"lazy\" decoding=\"async\" data-attachment-id=\"14\" data-permalink=\"https:\/\/bottesetvelo.com\/blog\/bottes-et-velo-le-blog\/bottes-et-velo-embleme\/\" data-orig-file=\"https:\/\/i0.wp.com\/bottesetvelo.com\/blog\/wp-content\/uploads\/2014\/01\/Bottes-et-V%C3%A9lo-Embl%C3%AAme-e1454083414631.jpg?fit=100%2C79&amp;ssl=1\" data-orig-size=\"100,79\" data-comments-opened=\"1\" data-image-meta=\"{&quot;aperture&quot;:&quot;0&quot;,&quot;credit&quot;:&quot;&quot;,&quot;camera&quot;:&quot;&quot;,&quot;caption&quot;:&quot;&quot;,&quot;created_timestamp&quot;:&quot;0&quot;,&quot;copyright&quot;:&quot;&quot;,&quot;focal_length&quot;:&quot;0&quot;,&quot;iso&quot;:&quot;0&quot;,&quot;shutter_speed&quot;:&quot;0&quot;,&quot;title&quot;:&quot;&quot;}\" data-image-title=\"Bottes et V\u00e9lo &amp;#8211; Embl\u00eame\" data-image-description=\"\" data-image-caption=\"\" data-large-file=\"https:\/\/i0.wp.com\/bottesetvelo.com\/blog\/wp-content\/uploads\/2014\/01\/Bottes-et-V%C3%A9lo-Embl%C3%AAme-e1454083414631.jpg?fit=100%2C79&amp;ssl=1\" class=\"  wp-image-14 alignright\" src=\"https:\/\/i0.wp.com\/bottesetvelo.com\/blog\/wp-content\/uploads\/2014\/01\/Bottes-et-V%C3%A9lo-Embl%C3%AAme.jpg?resize=86%2C68&#038;ssl=1\" alt=\"Bottes et V\u00e9lo - Embl\u00eame\" width=\"86\" height=\"68\" \/><\/a><\/p>\n<p style=\"text-align: justify;\">Brigitte Harouni<\/p>\n","protected":false},"excerpt":{"rendered":"<p>Avance sur ta route car elle n\u2019existe que par ta marche. Saint-Augustin N\u00e9 le 5 janvier 2014, Bottes et V\u00e9lo a aujourd\u2019hui 1 an! Issu de parents philosophes, philanthropes, voyageurs et p\u00e9dagogues, on constate apr\u00e8s un an que la g\u00e9n\u00e9tique ne ment pas. Bottes et V\u00e9lo ne peut vraiment pas nier ses origines! C\u2019est au&hellip;<\/p>\n","protected":false},"author":2,"featured_media":0,"comment_status":"open","ping_status":"open","sticky":false,"template":"","format":"standard","meta":{"jetpack_post_was_ever_published":false,"_jetpack_newsletter_access":"","_jetpack_dont_email_post_to_subs":false,"_jetpack_newsletter_tier_id":0,"_jetpack_memberships_contains_paywalled_content":false,"_jetpack_memberships_contains_paid_content":false,"footnotes":"","jetpack_publicize_message":"","jetpack_publicize_feature_enabled":true,"jetpack_social_post_already_shared":true,"jetpack_social_options":{"image_generator_settings":{"template":"highway","default_image_id":0,"font":"","enabled":false},"version":2}},"categories":[143],"tags":[160,275,18,13,96],"class_list":["post-1250","post","type-post","status-publish","format-standard","hentry","category-information","tag-anniversaire","tag-art-de-vivre","tag-bottes-et-velo","tag-pelerinage","tag-qualite-de-vie"],"jetpack_publicize_connections":[],"jetpack_featured_media_url":"","jetpack_shortlink":"https:\/\/wp.me\/p4eY6z-ka","jetpack_sharing_enabled":true,"jetpack_likes_enabled":true,"jetpack-related-posts":[],"_links":{"self":[{"href":"https:\/\/bottesetvelo.com\/blog\/wp-json\/wp\/v2\/posts\/1250","targetHints":{"allow":["GET"]}}],"collection":[{"href":"https:\/\/bottesetvelo.com\/blog\/wp-json\/wp\/v2\/posts"}],"about":[{"href":"https:\/\/bottesetvelo.com\/blog\/wp-json\/wp\/v2\/types\/post"}],"author":[{"embeddable":true,"href":"https:\/\/bottesetvelo.com\/blog\/wp-json\/wp\/v2\/users\/2"}],"replies":[{"embeddable":true,"href":"https:\/\/bottesetvelo.com\/blog\/wp-json\/wp\/v2\/comments?post=1250"}],"version-history":[{"count":3,"href":"https:\/\/bottesetvelo.com\/blog\/wp-json\/wp\/v2\/posts\/1250\/revisions"}],"predecessor-version":[{"id":1257,"href":"https:\/\/bottesetvelo.com\/blog\/wp-json\/wp\/v2\/posts\/1250\/revisions\/1257"}],"wp:attachment":[{"href":"https:\/\/bottesetvelo.com\/blog\/wp-json\/wp\/v2\/media?parent=1250"}],"wp:term":[{"taxonomy":"category","embeddable":true,"href":"https:\/\/bottesetvelo.com\/blog\/wp-json\/wp\/v2\/categories?post=1250"},{"taxonomy":"post_tag","embeddable":true,"href":"https:\/\/bottesetvelo.com\/blog\/wp-json\/wp\/v2\/tags?post=1250"}],"curies":[{"name":"wp","href":"https:\/\/api.w.org\/{rel}","templated":true}]}}