{"id":1227,"date":"2014-12-31T08:19:12","date_gmt":"2014-12-31T13:19:12","guid":{"rendered":"http:\/\/bottesetvelo.com\/blog\/?p=1227"},"modified":"2014-12-31T08:18:48","modified_gmt":"2014-12-31T13:18:48","slug":"janvier-2015-la-librairie-du-pelerin-vous-propose","status":"publish","type":"post","link":"https:\/\/bottesetvelo.com\/blog\/2014\/12\/31\/janvier-2015-la-librairie-du-pelerin-vous-propose\/","title":{"rendered":"Janvier 2015 &#8211; La librairie du p\u00e8lerin vous propose&#8230;"},"content":{"rendered":"<p style=\"text-align: justify;\">La nouvelle ann\u00e9e d\u00e9bute et la librairie du p\u00e8lerin est de retour avec ses suggestions de lectures mensuelles. Comme vous le savez, chaque mois, Bottes et V\u00e9lo vous propose trois titres que nous avons s\u00e9lectionn\u00e9s afin d&rsquo;alimenter votre r\u00e9flexion sur le p\u00e8lerinage de longue randonn\u00e9e. Ces livres se veulent des outils permettant de contribuer graduellement \u00e0 l&rsquo;int\u00e9gration des diff\u00e9rentes dimensions du p\u00e8lerinage dans nos vies comme exercice d&rsquo;un mode de vie sain. <strong>Ce faisant, les suggestions de lecture que nous vous faisons veulent mettre en \u00e9vidence les trois axes de la d\u00e9marche du p\u00e8lerin: le corps, l&rsquo;esprit et le temps.<\/strong><\/p>\n<p style=\"text-align: justify;\">Voici donc les trois titres que nous avons retenus pour vous ce mois-ci:<a href=\"http:\/\/bottesetvelo.com\/bottes-et-velo-librairie\"><img data-recalc-dims=\"1\" loading=\"lazy\" decoding=\"async\" data-attachment-id=\"1238\" data-permalink=\"https:\/\/bottesetvelo.com\/blog\/2014\/12\/31\/janvier-2015-la-librairie-du-pelerin-vous-propose\/selection-janvier-2015-2\/\" data-orig-file=\"https:\/\/i0.wp.com\/bottesetvelo.com\/blog\/wp-content\/uploads\/2015\/01\/S%C3%A9lection-Janvier-2015.png?fit=2000%2C1042&amp;ssl=1\" data-orig-size=\"2000,1042\" data-comments-opened=\"1\" data-image-meta=\"{&quot;aperture&quot;:&quot;0&quot;,&quot;credit&quot;:&quot;&quot;,&quot;camera&quot;:&quot;&quot;,&quot;caption&quot;:&quot;&quot;,&quot;created_timestamp&quot;:&quot;0&quot;,&quot;copyright&quot;:&quot;&quot;,&quot;focal_length&quot;:&quot;0&quot;,&quot;iso&quot;:&quot;0&quot;,&quot;shutter_speed&quot;:&quot;0&quot;,&quot;title&quot;:&quot;&quot;,&quot;orientation&quot;:&quot;0&quot;}\" data-image-title=\"S\u00e9lection &amp;#8211; Janvier 2015\" data-image-description=\"\" data-image-caption=\"\" data-large-file=\"https:\/\/i0.wp.com\/bottesetvelo.com\/blog\/wp-content\/uploads\/2015\/01\/S%C3%A9lection-Janvier-2015.png?fit=1024%2C534&amp;ssl=1\" class=\"aligncenter wp-image-1238 size-large\" src=\"https:\/\/i0.wp.com\/bottesetvelo.com\/blog\/wp-content\/uploads\/2015\/01\/S%C3%A9lection-Janvier-2015.png?resize=625%2C326&#038;ssl=1\" alt=\"S\u00e9lection - Janvier 2015\" width=\"625\" height=\"326\" srcset=\"https:\/\/i0.wp.com\/bottesetvelo.com\/blog\/wp-content\/uploads\/2015\/01\/S%C3%A9lection-Janvier-2015.png?resize=1024%2C534&amp;ssl=1 1024w, https:\/\/i0.wp.com\/bottesetvelo.com\/blog\/wp-content\/uploads\/2015\/01\/S%C3%A9lection-Janvier-2015.png?resize=500%2C261&amp;ssl=1 500w, https:\/\/i0.wp.com\/bottesetvelo.com\/blog\/wp-content\/uploads\/2015\/01\/S%C3%A9lection-Janvier-2015.png?resize=624%2C325&amp;ssl=1 624w, https:\/\/i0.wp.com\/bottesetvelo.com\/blog\/wp-content\/uploads\/2015\/01\/S%C3%A9lection-Janvier-2015.png?w=2000&amp;ssl=1 2000w\" sizes=\"auto, (max-width: 625px) 100vw, 625px\" \/><\/a><\/p>\n<h2 style=\"text-align: justify;\">Et si je prenais mon temps<a href=\"http:\/\/bottesetvelo.com\/bottes-et-velo-librairie\"><img data-recalc-dims=\"1\" loading=\"lazy\" decoding=\"async\" data-attachment-id=\"1230\" data-permalink=\"https:\/\/bottesetvelo.com\/blog\/2014\/12\/31\/janvier-2015-la-librairie-du-pelerin-vous-propose\/berliet-et-si-je-prenais-mon-temps\/\" data-orig-file=\"https:\/\/i0.wp.com\/bottesetvelo.com\/blog\/wp-content\/uploads\/2014\/12\/Berliet-Et-si-je-prenais-mon-temps.jpg?fit=1664%2C2560&amp;ssl=1\" data-orig-size=\"1664,2560\" data-comments-opened=\"1\" data-image-meta=\"{&quot;aperture&quot;:&quot;0&quot;,&quot;credit&quot;:&quot;&quot;,&quot;camera&quot;:&quot;&quot;,&quot;caption&quot;:&quot;&quot;,&quot;created_timestamp&quot;:&quot;0&quot;,&quot;copyright&quot;:&quot;&quot;,&quot;focal_length&quot;:&quot;0&quot;,&quot;iso&quot;:&quot;0&quot;,&quot;shutter_speed&quot;:&quot;0&quot;,&quot;title&quot;:&quot;&quot;,&quot;orientation&quot;:&quot;0&quot;}\" data-image-title=\"Berliet &amp;#8211; Et si je prenais mon temps\" data-image-description=\"\" data-image-caption=\"\" data-large-file=\"https:\/\/i0.wp.com\/bottesetvelo.com\/blog\/wp-content\/uploads\/2014\/12\/Berliet-Et-si-je-prenais-mon-temps.jpg?fit=666%2C1024&amp;ssl=1\" class=\"  alignright wp-image-1230\" src=\"https:\/\/i0.wp.com\/bottesetvelo.com\/blog\/wp-content\/uploads\/2014\/12\/Berliet-Et-si-je-prenais-mon-temps.jpg?resize=216%2C332&#038;ssl=1\" alt=\"Berliet - Et si je prenais mon temps\" width=\"216\" height=\"332\" srcset=\"https:\/\/i0.wp.com\/bottesetvelo.com\/blog\/wp-content\/uploads\/2014\/12\/Berliet-Et-si-je-prenais-mon-temps.jpg?resize=325%2C500&amp;ssl=1 325w, https:\/\/i0.wp.com\/bottesetvelo.com\/blog\/wp-content\/uploads\/2014\/12\/Berliet-Et-si-je-prenais-mon-temps.jpg?resize=666%2C1024&amp;ssl=1 666w, https:\/\/i0.wp.com\/bottesetvelo.com\/blog\/wp-content\/uploads\/2014\/12\/Berliet-Et-si-je-prenais-mon-temps.jpg?resize=624%2C960&amp;ssl=1 624w, https:\/\/i0.wp.com\/bottesetvelo.com\/blog\/wp-content\/uploads\/2014\/12\/Berliet-Et-si-je-prenais-mon-temps.jpg?w=1664&amp;ssl=1 1664w\" sizes=\"auto, (max-width: 216px) 100vw, 216px\" \/><\/a><\/h2>\n<p style=\"text-align: justify;\">Le culte de la performance vous a fait oublier d&rsquo;\u00e9couter vos besoins et vous vous \u00eates laiss\u00e9s aspirer par la spirale du toujours plus, et encore plus vite. Comment venir \u00e0 bout de ce sentiment ? Le but de cet ouvrage est de vous montrer le chemin d&rsquo;une vie r\u00e9organis\u00e9e, plus sereine et plus douce. Il vous aidera \u00e0 vous r\u00e9approprier votre temps et \u00e0 vivre plus sereinement. <em><strong><span style=\"color: #000080;\">(Notre rapport au temps est de plus en plus malmen\u00e9. La plupart d&rsquo;entre nous en souffre. Ce petit livre, tout simple, nous aidera \u00e0 repenser nos priorit\u00e9s. Bottes et V\u00e9lo)\u00a0<\/span> <\/strong><\/em><\/p>\n<h2 style=\"text-align: justify;\"><strong><a href=\"http:\/\/bottesetvelo.com\/bottes-et-velo-librairie\"><img data-recalc-dims=\"1\" loading=\"lazy\" decoding=\"async\" data-attachment-id=\"1231\" data-permalink=\"https:\/\/bottesetvelo.com\/blog\/2014\/12\/31\/janvier-2015-la-librairie-du-pelerin-vous-propose\/cyrulnik-de-chaire-et-dame\/\" data-orig-file=\"https:\/\/i0.wp.com\/bottesetvelo.com\/blog\/wp-content\/uploads\/2014\/12\/Cyrulnik-De-chaire-et-d%C3%A2me.jpg?fit=329%2C500&amp;ssl=1\" data-orig-size=\"329,500\" data-comments-opened=\"1\" data-image-meta=\"{&quot;aperture&quot;:&quot;0&quot;,&quot;credit&quot;:&quot;&quot;,&quot;camera&quot;:&quot;&quot;,&quot;caption&quot;:&quot;&quot;,&quot;created_timestamp&quot;:&quot;0&quot;,&quot;copyright&quot;:&quot;&quot;,&quot;focal_length&quot;:&quot;0&quot;,&quot;iso&quot;:&quot;0&quot;,&quot;shutter_speed&quot;:&quot;0&quot;,&quot;title&quot;:&quot;&quot;,&quot;orientation&quot;:&quot;0&quot;}\" data-image-title=\"Cyrulnik &amp;#8211; De chaire et d&amp;rsquo;\u00e2me\" data-image-description=\"\" data-image-caption=\"\" data-large-file=\"https:\/\/i0.wp.com\/bottesetvelo.com\/blog\/wp-content\/uploads\/2014\/12\/Cyrulnik-De-chaire-et-d%C3%A2me.jpg?fit=329%2C500&amp;ssl=1\" class=\"  alignright wp-image-1231\" src=\"https:\/\/i0.wp.com\/bottesetvelo.com\/blog\/wp-content\/uploads\/2014\/12\/Cyrulnik-De-chaire-et-d%C3%A2me.jpg?resize=211%2C320&#038;ssl=1\" alt=\"Cyrulnik - De chaire et d'\u00e2me\" width=\"211\" height=\"320\" \/><\/a>De chair et d&rsquo;\u00e2me<\/strong><\/h2>\n<p style=\"text-align: justify;\">\u00a0\u00bb On peut d\u00e9couvrir en soi, et autour de soi, les moyens qui permettent de revenir \u00e0 la vie et d&rsquo;aller de l&rsquo;avant tout en gardant la m\u00e9moire de sa blessure. Les chemins de vie se situent sur une cr\u00eate \u00e9troite, entre toutes les formes de vuln\u00e9rabilit\u00e9. \u00catre invuln\u00e9rable voudrait dire impossible \u00e0 blesser. La seule protection consiste \u00e0 \u00e9viter les chocs qui d\u00e9truisent autant qu&rsquo;\u00e0 \u00e9viter de trop s&rsquo;en prot\u00e9ger. Chaque \u00e2ge poss\u00e8de sa force et sa faiblesse et les moments non bless\u00e9s de l&rsquo;existence s&rsquo;expliquent par notre capacit\u00e9 \u00e0 ma\u00eetriser, voire \u00e0 surmonter, ce qui, en nous, rel\u00e8ve, dans un constant remaniement, du biologique, de l&rsquo;affectif et de l&rsquo;environnement social et culturel. Le bonheur n&rsquo;est jamais pur. Pourquoi faut-il que, si souvent, une bouff\u00e9e de bonheur provoque l&rsquo;angoisse de le perdre ? Sans souffrance, pourrait-on aimer ? Sans angoisse et sans perte affective, aurait-on besoin de s\u00e9curit\u00e9 ? Le monde serait fade et nous n&rsquo;aurions peut-\u00eatre pas le go\u00fbt d&rsquo;y vivre. \u00a0\u00bb Ce livre fonde une nouvelle biologie de l&rsquo;attachement. Il explique pourquoi, pour chacun d&rsquo;entre nous, la vie est une conqu\u00eate permanente, jamais fix\u00e9e d&rsquo;avance. Ni nos g\u00e8nes ni notre milieu d&rsquo;origine ne nous interdisent d&rsquo;\u00e9voluer. Tout reste possible. Un message d&rsquo;espoir, plein de tendresse et d&rsquo;humanit\u00e9. <em><span style=\"color: #000080;\"><strong>(Un excellent livre que nous vous recommandons fortement. L&rsquo;approche de Cyrulnik permet de redonner \u00e0 la vie toute sa saveur. Une saveur bien incarn\u00e9e dans notre humanit\u00e9, pleinement consciente de tous ses sens et de ses souffrances. Bottes et V\u00e9lo)<\/strong><\/span><\/em><\/p>\n<h2 style=\"text-align: justify;\"><a href=\"http:\/\/bottesetvelo.com\/bottes-et-velo-librairie\"><img data-recalc-dims=\"1\" loading=\"lazy\" decoding=\"async\" data-attachment-id=\"1232\" data-permalink=\"https:\/\/bottesetvelo.com\/blog\/2014\/12\/31\/janvier-2015-la-librairie-du-pelerin-vous-propose\/kubbler-ross-la-mort-est-un-nouveau-soleil\/\" data-orig-file=\"https:\/\/i0.wp.com\/bottesetvelo.com\/blog\/wp-content\/uploads\/2014\/12\/Kubbler-Ross-La-mort-est-un-nouveau-soleil.jpg?fit=639%2C1037&amp;ssl=1\" data-orig-size=\"639,1037\" data-comments-opened=\"1\" data-image-meta=\"{&quot;aperture&quot;:&quot;0&quot;,&quot;credit&quot;:&quot;&quot;,&quot;camera&quot;:&quot;&quot;,&quot;caption&quot;:&quot;&quot;,&quot;created_timestamp&quot;:&quot;0&quot;,&quot;copyright&quot;:&quot;&quot;,&quot;focal_length&quot;:&quot;0&quot;,&quot;iso&quot;:&quot;0&quot;,&quot;shutter_speed&quot;:&quot;0&quot;,&quot;title&quot;:&quot;&quot;,&quot;orientation&quot;:&quot;0&quot;}\" data-image-title=\"Kubbler-Ross &amp;#8211; La mort est un nouveau soleil\" data-image-description=\"\" data-image-caption=\"\" data-large-file=\"https:\/\/i0.wp.com\/bottesetvelo.com\/blog\/wp-content\/uploads\/2014\/12\/Kubbler-Ross-La-mort-est-un-nouveau-soleil.jpg?fit=631%2C1024&amp;ssl=1\" class=\"  alignright wp-image-1232\" src=\"https:\/\/i0.wp.com\/bottesetvelo.com\/blog\/wp-content\/uploads\/2014\/12\/Kubbler-Ross-La-mort-est-un-nouveau-soleil.jpg?resize=210%2C341&#038;ssl=1\" alt=\"Kubbler-Ross - La mort est un nouveau soleil\" width=\"210\" height=\"341\" srcset=\"https:\/\/i0.wp.com\/bottesetvelo.com\/blog\/wp-content\/uploads\/2014\/12\/Kubbler-Ross-La-mort-est-un-nouveau-soleil.jpg?resize=308%2C500&amp;ssl=1 308w, https:\/\/i0.wp.com\/bottesetvelo.com\/blog\/wp-content\/uploads\/2014\/12\/Kubbler-Ross-La-mort-est-un-nouveau-soleil.jpg?resize=631%2C1024&amp;ssl=1 631w, https:\/\/i0.wp.com\/bottesetvelo.com\/blog\/wp-content\/uploads\/2014\/12\/Kubbler-Ross-La-mort-est-un-nouveau-soleil.jpg?resize=624%2C1013&amp;ssl=1 624w, https:\/\/i0.wp.com\/bottesetvelo.com\/blog\/wp-content\/uploads\/2014\/12\/Kubbler-Ross-La-mort-est-un-nouveau-soleil.jpg?w=639&amp;ssl=1 639w\" sizes=\"auto, (max-width: 210px) 100vw, 210px\" \/><\/a>La mort est un nouveau soleil<\/h2>\n<p style=\"text-align: justify;\">Un fabuleux voyage au-del\u00e0 du monde sensible. Les exp\u00e9riences scientifiques du docteur K\u00fcbler-Ross, reconnues dans le monde entier permettent de confirmer l&rsquo;existence d&rsquo;une vie apr\u00e8s la mort. Il s&rsquo;agit bien du passage \u00e0 un autre \u00e9tat de conscience dans lequel on continue \u00e0 sentir, \u00e0 voir et entendre, \u00e0 s&rsquo;\u00e9panouir. Les t\u00e9moignages saisissants livr\u00e9s ici en sont la preuve. La mort est renaissance et vie. La mort est un nouveau soleil. \u00ab\u00a0E. K\u00fcbler-Ross a d\u00e9velopp\u00e9 un dispositif d&rsquo;\u00e9coute de maladies incurables (&#8230;). elle a notamment mis au jour cinq phases du mourir qui servent aujourd&rsquo;hui de r\u00e9f\u00e9rence \u00e0 la pratique des soins palliatifs.\u00a0\u00bb \u00ab\u00a0Terre du ciel\u00a0\u00bb <strong><em><span style=\"color: #000080;\">(\u00c9lizabeth K\u00fcbler-Ross est une personne de grande renomm\u00e9e pour son approche en soins palliatifs, et ses \u00e9crits ne nous laissent pas indiff\u00e9rents. Savoir regarder sa mort pour porter un regard diff\u00e9rent sur sa vie. Bottes et V\u00e9lo.)<\/span><\/em><\/strong><\/p>\n<p style=\"text-align: justify;\">Bonne lecture!<\/p>\n<p style=\"text-align: justify;\">\u00c9ric Lalibert\u00e9 et Brigitte Harouni<\/p>\n","protected":false},"excerpt":{"rendered":"<p>La nouvelle ann\u00e9e d\u00e9bute et la librairie du p\u00e8lerin est de retour avec ses suggestions de lectures mensuelles. Comme vous le savez, chaque mois, Bottes et V\u00e9lo vous propose trois titres que nous avons s\u00e9lectionn\u00e9s afin d&rsquo;alimenter votre r\u00e9flexion sur le p\u00e8lerinage de longue randonn\u00e9e. Ces livres se veulent des outils permettant de contribuer graduellement&hellip;<\/p>\n","protected":false},"author":1,"featured_media":0,"comment_status":"open","ping_status":"open","sticky":false,"template":"","format":"standard","meta":{"jetpack_post_was_ever_published":false,"_jetpack_newsletter_access":"","_jetpack_dont_email_post_to_subs":false,"_jetpack_newsletter_tier_id":0,"_jetpack_memberships_contains_paywalled_content":false,"_jetpack_memberships_contains_paid_content":false,"footnotes":"","jetpack_publicize_message":"Janvier 2015 - La librairie du p\u00e8lerin vous propose... http:\/\/wp.me\/p4eY6z-jN","jetpack_publicize_feature_enabled":true,"jetpack_social_post_already_shared":true,"jetpack_social_options":{"image_generator_settings":{"template":"highway","default_image_id":0,"font":"","enabled":false},"version":2}},"categories":[8],"tags":[109,156,153,158,157,150,151,154,152,155,159],"class_list":["post-1227","post","type-post","status-publish","format-standard","hentry","category-revue-litteraire","tag-bonheur","tag-cyrulnik","tag-desir","tag-habiter-son-corps","tag-incarnation","tag-kubler-ross","tag-prendre-le-temps","tag-priorites","tag-resilience","tag-rythme-de-vie","tag-vie-apres-la-mort"],"jetpack_publicize_connections":[],"jetpack_featured_media_url":"","jetpack_shortlink":"https:\/\/wp.me\/p4eY6z-jN","jetpack_sharing_enabled":true,"jetpack_likes_enabled":true,"jetpack-related-posts":[],"_links":{"self":[{"href":"https:\/\/bottesetvelo.com\/blog\/wp-json\/wp\/v2\/posts\/1227","targetHints":{"allow":["GET"]}}],"collection":[{"href":"https:\/\/bottesetvelo.com\/blog\/wp-json\/wp\/v2\/posts"}],"about":[{"href":"https:\/\/bottesetvelo.com\/blog\/wp-json\/wp\/v2\/types\/post"}],"author":[{"embeddable":true,"href":"https:\/\/bottesetvelo.com\/blog\/wp-json\/wp\/v2\/users\/1"}],"replies":[{"embeddable":true,"href":"https:\/\/bottesetvelo.com\/blog\/wp-json\/wp\/v2\/comments?post=1227"}],"version-history":[{"count":12,"href":"https:\/\/bottesetvelo.com\/blog\/wp-json\/wp\/v2\/posts\/1227\/revisions"}],"predecessor-version":[{"id":1244,"href":"https:\/\/bottesetvelo.com\/blog\/wp-json\/wp\/v2\/posts\/1227\/revisions\/1244"}],"wp:attachment":[{"href":"https:\/\/bottesetvelo.com\/blog\/wp-json\/wp\/v2\/media?parent=1227"}],"wp:term":[{"taxonomy":"category","embeddable":true,"href":"https:\/\/bottesetvelo.com\/blog\/wp-json\/wp\/v2\/categories?post=1227"},{"taxonomy":"post_tag","embeddable":true,"href":"https:\/\/bottesetvelo.com\/blog\/wp-json\/wp\/v2\/tags?post=1227"}],"curies":[{"name":"wp","href":"https:\/\/api.w.org\/{rel}","templated":true}]}}