{"id":1216,"date":"2015-01-04T14:04:43","date_gmt":"2015-01-04T19:04:43","guid":{"rendered":"http:\/\/bottesetvelo.com\/blog\/?p=1216"},"modified":"2015-01-04T14:04:43","modified_gmt":"2015-01-04T19:04:43","slug":"les-dejeuners-causerie-de-bottes-et-velo","status":"publish","type":"post","link":"https:\/\/bottesetvelo.com\/blog\/2015\/01\/04\/les-dejeuners-causerie-de-bottes-et-velo\/","title":{"rendered":"Les d\u00e9jeuners-causerie de Bottes et V\u00e9lo"},"content":{"rendered":"<p style=\"text-align: justify;\"><a href=\"https:\/\/i0.wp.com\/bottesetvelo.com\/blog\/wp-content\/uploads\/2014\/12\/IMG_0918-3.jpg?ssl=1\"><img data-recalc-dims=\"1\" loading=\"lazy\" decoding=\"async\" data-attachment-id=\"1217\" data-permalink=\"https:\/\/bottesetvelo.com\/blog\/2015\/01\/04\/les-dejeuners-causerie-de-bottes-et-velo\/img_0918-3\/\" data-orig-file=\"https:\/\/i0.wp.com\/bottesetvelo.com\/blog\/wp-content\/uploads\/2014\/12\/IMG_0918-3.jpg?fit=3648%2C2736&amp;ssl=1\" data-orig-size=\"3648,2736\" data-comments-opened=\"1\" data-image-meta=\"{&quot;aperture&quot;:&quot;3.2&quot;,&quot;credit&quot;:&quot;&quot;,&quot;camera&quot;:&quot;Canon PowerShot SD890 IS&quot;,&quot;caption&quot;:&quot;&quot;,&quot;created_timestamp&quot;:&quot;1373007436&quot;,&quot;copyright&quot;:&quot;&quot;,&quot;focal_length&quot;:&quot;6.6&quot;,&quot;iso&quot;:&quot;400&quot;,&quot;shutter_speed&quot;:&quot;0.0166666666667&quot;,&quot;title&quot;:&quot;&quot;,&quot;orientation&quot;:&quot;1&quot;}\" data-image-title=\"IMG_0918-3\" data-image-description=\"\" data-image-caption=\"\" data-large-file=\"https:\/\/i0.wp.com\/bottesetvelo.com\/blog\/wp-content\/uploads\/2014\/12\/IMG_0918-3.jpg?fit=1024%2C768&amp;ssl=1\" class=\"  wp-image-1217 alignright\" src=\"https:\/\/i0.wp.com\/bottesetvelo.com\/blog\/wp-content\/uploads\/2014\/12\/IMG_0918-3.jpg?resize=303%2C227&#038;ssl=1\" alt=\"IMG_0918-3\" width=\"303\" height=\"227\" srcset=\"https:\/\/i0.wp.com\/bottesetvelo.com\/blog\/wp-content\/uploads\/2014\/12\/IMG_0918-3.jpg?resize=500%2C375&amp;ssl=1 500w, https:\/\/i0.wp.com\/bottesetvelo.com\/blog\/wp-content\/uploads\/2014\/12\/IMG_0918-3.jpg?resize=1024%2C768&amp;ssl=1 1024w, https:\/\/i0.wp.com\/bottesetvelo.com\/blog\/wp-content\/uploads\/2014\/12\/IMG_0918-3.jpg?resize=624%2C468&amp;ssl=1 624w, https:\/\/i0.wp.com\/bottesetvelo.com\/blog\/wp-content\/uploads\/2014\/12\/IMG_0918-3.jpg?w=2340&amp;ssl=1 2340w, https:\/\/i0.wp.com\/bottesetvelo.com\/blog\/wp-content\/uploads\/2014\/12\/IMG_0918-3.jpg?w=3510&amp;ssl=1 3510w\" sizes=\"auto, (max-width: 303px) 100vw, 303px\" \/><\/a> <strong>Le premier d\u00e9jeuner-causerie aura lieu le samedi <span style=\"color: #000080;\">24 janvier, \u00e0 9h30,<\/span> sous le th\u00e8me: <span style=\"color: #000080;\">Magasiner son \u00e9quipement de p\u00e8lerin sans se ruiner<\/span>.<\/strong><\/p>\n<p style=\"text-align: justify;\">En 2015, une fois par mois, Bottes et V\u00e9lo vous propose des d\u00e9jeuners-causerie comme lieu de rencontres, d\u2019\u00e9changes et d\u2019apprentissages.<\/p>\n<p style=\"text-align: justify;\">Vous voulez en apprendre davantage sur le p\u00e8lerinage? Vous avez des questions plus techniques sur l\u2019\u00e9quipement? Vous \u00eates en marche, en d\u00e9marche, et cherchez un endroit pour \u00e9changer sur la vie, approfondir votre spiritualit\u00e9? <a href=\"https:\/\/i0.wp.com\/bottesetvelo.com\/blog\/wp-content\/uploads\/2014\/12\/IMG_1002.jpg?ssl=1\"><img data-recalc-dims=\"1\" loading=\"lazy\" decoding=\"async\" data-attachment-id=\"1220\" data-permalink=\"https:\/\/bottesetvelo.com\/blog\/2015\/01\/04\/les-dejeuners-causerie-de-bottes-et-velo\/img_1002\/\" data-orig-file=\"https:\/\/i0.wp.com\/bottesetvelo.com\/blog\/wp-content\/uploads\/2014\/12\/IMG_1002.jpg?fit=640%2C480&amp;ssl=1\" data-orig-size=\"640,480\" data-comments-opened=\"1\" data-image-meta=\"{&quot;aperture&quot;:&quot;0&quot;,&quot;credit&quot;:&quot;&quot;,&quot;camera&quot;:&quot;&quot;,&quot;caption&quot;:&quot;&quot;,&quot;created_timestamp&quot;:&quot;0&quot;,&quot;copyright&quot;:&quot;&quot;,&quot;focal_length&quot;:&quot;0&quot;,&quot;iso&quot;:&quot;0&quot;,&quot;shutter_speed&quot;:&quot;0&quot;,&quot;title&quot;:&quot;&quot;,&quot;orientation&quot;:&quot;1&quot;}\" data-image-title=\"IMG_1002\" data-image-description=\"\" data-image-caption=\"\" data-large-file=\"https:\/\/i0.wp.com\/bottesetvelo.com\/blog\/wp-content\/uploads\/2014\/12\/IMG_1002.jpg?fit=640%2C480&amp;ssl=1\" class=\"  wp-image-1220 alignright\" src=\"https:\/\/i0.wp.com\/bottesetvelo.com\/blog\/wp-content\/uploads\/2014\/12\/IMG_1002.jpg?resize=303%2C227&#038;ssl=1\" alt=\"IMG_1002\" width=\"303\" height=\"227\" srcset=\"https:\/\/i0.wp.com\/bottesetvelo.com\/blog\/wp-content\/uploads\/2014\/12\/IMG_1002.jpg?resize=500%2C375&amp;ssl=1 500w, https:\/\/i0.wp.com\/bottesetvelo.com\/blog\/wp-content\/uploads\/2014\/12\/IMG_1002.jpg?resize=624%2C468&amp;ssl=1 624w, https:\/\/i0.wp.com\/bottesetvelo.com\/blog\/wp-content\/uploads\/2014\/12\/IMG_1002.jpg?w=640&amp;ssl=1 640w\" sizes=\"auto, (max-width: 303px) 100vw, 303px\" \/><\/a>Bottes et V\u00e9lo vous propose une s\u00e9rie de rencontres faites de discussions et d&rsquo;exercices dans l&rsquo;esprit de la d\u00e9marche du p\u00e8lerin. Des rencontres v\u00e9cues en toute simplicit\u00e9, de mani\u00e8re conviviale, autour d&rsquo;un bon petit-d\u00e9jeuner. Ces rencontres sont b\u00e2ties selon les 3 axes de la d\u00e9marche \u00e9labor\u00e9e par Bottes et V\u00e9lo : corps \u2013 esprit \u2013 temps. Elles ont pour objectifs d\u2019explorer et d\u2019approfondir diff\u00e9rents th\u00e8mes du p\u00e8lerinage.<\/p>\n<h2 style=\"text-align: justify;\"><em><a title=\"Bottes et V\u00e9lo - D\u00e9jeuners -causerie - CLIQUEZ POUR R\u00c9SERVER VOTRE PLACE\" href=\"http:\/\/bottesetvelo.com\/bottes-et-v\u00e9lo---d\u00e9jeuners-causerie\" target=\"_blank\"><span style=\"color: #993300;\">R\u00e9servez votre place!<\/span><\/a><br \/>\n<\/em><\/h2>\n<h3>Calendrier des d\u00e9jeuners-causerie:<\/h3>\n<ul>\n<li>24 janvier : Magasiner son \u00e9quipement de p\u00e8lerin sans se ruiner<\/li>\n<li>21 f\u00e9vrier : Le poids que je porte : bien faire son sac \u00e0 dos<\/li>\n<li>21 mars : Partir en p\u00e8lerinage : le planifier<\/li>\n<li>18 avril : Les b\u00e2tons de marche ou l\u2019art de s\u2019appuyer<\/li>\n<li>19 septembre : Le p\u00e8lerinage: voyage ext\u00e9rieur, voyage int\u00e9rieur<\/li>\n<li>17 octobre : S\u2019accrocher o\u00f9 l\u00e2cher prise? Sortir de sa zone de confort<\/li>\n<li>21 novembre : P\u00e8lerin un jour, p\u00e8lerin tous les jours<\/li>\n<li>19 d\u00e9cembre : Le privil\u00e8ge du p\u00e8lerin : l\u2019art de choisir, l\u2019art de bien s\u2019entourer.<\/li>\n<\/ul>\n<h4>Les d\u00e9jeuners-causerie ont lieu les samedis matins et d\u00e9butent \u00e0 9h30. Co\u00fbt : 15$\/pers.<\/h4>\n<p>Au plaisir de vous rencontrer!<a href=\"https:\/\/i0.wp.com\/bottesetvelo.com\/blog\/wp-content\/uploads\/2014\/01\/Bottes-et-V%C3%A9lo-Embl%C3%AAme.jpg?ssl=1\"><img data-recalc-dims=\"1\" loading=\"lazy\" decoding=\"async\" data-attachment-id=\"14\" data-permalink=\"https:\/\/bottesetvelo.com\/blog\/bottes-et-velo-le-blog\/bottes-et-velo-embleme\/\" data-orig-file=\"https:\/\/i0.wp.com\/bottesetvelo.com\/blog\/wp-content\/uploads\/2014\/01\/Bottes-et-V%C3%A9lo-Embl%C3%AAme-e1454083414631.jpg?fit=100%2C79&amp;ssl=1\" data-orig-size=\"100,79\" data-comments-opened=\"1\" data-image-meta=\"{&quot;aperture&quot;:&quot;0&quot;,&quot;credit&quot;:&quot;&quot;,&quot;camera&quot;:&quot;&quot;,&quot;caption&quot;:&quot;&quot;,&quot;created_timestamp&quot;:&quot;0&quot;,&quot;copyright&quot;:&quot;&quot;,&quot;focal_length&quot;:&quot;0&quot;,&quot;iso&quot;:&quot;0&quot;,&quot;shutter_speed&quot;:&quot;0&quot;,&quot;title&quot;:&quot;&quot;}\" data-image-title=\"Bottes et V\u00e9lo &amp;#8211; Embl\u00eame\" data-image-description=\"\" data-image-caption=\"\" data-large-file=\"https:\/\/i0.wp.com\/bottesetvelo.com\/blog\/wp-content\/uploads\/2014\/01\/Bottes-et-V%C3%A9lo-Embl%C3%AAme-e1454083414631.jpg?fit=100%2C79&amp;ssl=1\" class=\"  wp-image-14 alignright\" src=\"https:\/\/i0.wp.com\/bottesetvelo.com\/blog\/wp-content\/uploads\/2014\/01\/Bottes-et-V%C3%A9lo-Embl%C3%AAme.jpg?resize=78%2C61&#038;ssl=1\" alt=\"Bottes et V\u00e9lo - Embl\u00eame\" width=\"78\" height=\"61\" \/><\/a><\/p>\n<p>\u00c9ric Lalibert\u00e9 et Brigitte Harouni<\/p>\n","protected":false},"excerpt":{"rendered":"<p>Le premier d\u00e9jeuner-causerie aura lieu le samedi 24 janvier, \u00e0 9h30, sous le th\u00e8me: Magasiner son \u00e9quipement de p\u00e8lerin sans se ruiner. En 2015, une fois par mois, Bottes et V\u00e9lo vous propose des d\u00e9jeuners-causerie comme lieu de rencontres, d\u2019\u00e9changes et d\u2019apprentissages. Vous voulez en apprendre davantage sur le p\u00e8lerinage? Vous avez des questions plus&hellip;<\/p>\n","protected":false},"author":1,"featured_media":0,"comment_status":"open","ping_status":"open","sticky":false,"template":"","format":"standard","meta":{"jetpack_post_was_ever_published":false,"_jetpack_newsletter_access":"","_jetpack_dont_email_post_to_subs":false,"_jetpack_newsletter_tier_id":0,"_jetpack_memberships_contains_paywalled_content":false,"_jetpack_memberships_contains_paid_content":false,"footnotes":"","jetpack_publicize_message":"","jetpack_publicize_feature_enabled":true,"jetpack_social_post_already_shared":true,"jetpack_social_options":{"image_generator_settings":{"template":"highway","default_image_id":0,"font":"","enabled":false},"version":2}},"categories":[56],"tags":[18,135,36,13,96,99,20,94],"class_list":["post-1216","post","type-post","status-publish","format-standard","hentry","category-activites","tag-bottes-et-velo","tag-dejeuners-causerie","tag-equipement","tag-pelerinage","tag-qualite-de-vie","tag-simplicite-volontaire","tag-spiritualite","tag-vivre-simplement"],"jetpack_publicize_connections":[],"jetpack_featured_media_url":"","jetpack_shortlink":"https:\/\/wp.me\/p4eY6z-jC","jetpack_sharing_enabled":true,"jetpack_likes_enabled":true,"jetpack-related-posts":[],"_links":{"self":[{"href":"https:\/\/bottesetvelo.com\/blog\/wp-json\/wp\/v2\/posts\/1216","targetHints":{"allow":["GET"]}}],"collection":[{"href":"https:\/\/bottesetvelo.com\/blog\/wp-json\/wp\/v2\/posts"}],"about":[{"href":"https:\/\/bottesetvelo.com\/blog\/wp-json\/wp\/v2\/types\/post"}],"author":[{"embeddable":true,"href":"https:\/\/bottesetvelo.com\/blog\/wp-json\/wp\/v2\/users\/1"}],"replies":[{"embeddable":true,"href":"https:\/\/bottesetvelo.com\/blog\/wp-json\/wp\/v2\/comments?post=1216"}],"version-history":[{"count":7,"href":"https:\/\/bottesetvelo.com\/blog\/wp-json\/wp\/v2\/posts\/1216\/revisions"}],"predecessor-version":[{"id":1248,"href":"https:\/\/bottesetvelo.com\/blog\/wp-json\/wp\/v2\/posts\/1216\/revisions\/1248"}],"wp:attachment":[{"href":"https:\/\/bottesetvelo.com\/blog\/wp-json\/wp\/v2\/media?parent=1216"}],"wp:term":[{"taxonomy":"category","embeddable":true,"href":"https:\/\/bottesetvelo.com\/blog\/wp-json\/wp\/v2\/categories?post=1216"},{"taxonomy":"post_tag","embeddable":true,"href":"https:\/\/bottesetvelo.com\/blog\/wp-json\/wp\/v2\/tags?post=1216"}],"curies":[{"name":"wp","href":"https:\/\/api.w.org\/{rel}","templated":true}]}}