{"id":1209,"date":"2014-12-22T16:30:01","date_gmt":"2014-12-22T21:30:01","guid":{"rendered":"http:\/\/bottesetvelo.com\/blog\/?p=1209"},"modified":"2014-12-22T16:30:01","modified_gmt":"2014-12-22T21:30:01","slug":"tous-nos-meilleurs-voeux","status":"publish","type":"post","link":"https:\/\/bottesetvelo.com\/blog\/2014\/12\/22\/tous-nos-meilleurs-voeux\/","title":{"rendered":"Tous nos meilleurs v\u0153ux!"},"content":{"rendered":"<p style=\"text-align: justify;\">Voici un court vid\u00e9oclip pour vous informer des nouveaut\u00e9s que Bottes et V\u00e9lo vous a pr\u00e9par\u00e9es pour l&rsquo;ann\u00e9e 2015 et vous offrir tous nos meilleurs v\u0153ux pour No\u00ebl et la nouvelle ann\u00e9e.<\/p>\n<p style=\"text-align: justify;\">\u00c0 travers cette capsule vid\u00e9o, Bottes et V\u00e9lo porte un souhait pour l&rsquo;ann\u00e9e 2015: faire en sorte que le p\u00e8lerinage se d\u00e9veloppe de plus en plus chez nous! Contribuez-y en faisant circuler l&rsquo;information. Invitez vos ami-e-s \u00e0 s&rsquo;abonner \u00e0 l&rsquo;info-lettre afin d&rsquo;\u00eatre inform\u00e9 des d\u00e9veloppements du p\u00e8lerinage au Qu\u00e9bec et en Am\u00e9rique du Nord. Plus nous serons nombreux \u00e0 nous lancer sur les chemins de p\u00e8lerinage, plus ceux-ci se d\u00e9velopperont et offriront un accueil sp\u00e9cifiquement p\u00e8lerin! Le p\u00e8lerinage fait partie de ces activit\u00e9s qui permettent d&rsquo;atteindre un \u00e9quilibre de vie, ceci en tenant compte de tous les aspects de notre humanit\u00e9. Tous ensemble, rendons cette activit\u00e9 accessible au plus grand nombre possible!<\/p>\n<p style=\"text-align: justify;\">En cette veille de No\u00ebl, nous vous souhaitons des retrouvailles chaleureuses, empreintes d&rsquo;amour et de tendresse, de joie et d&rsquo;une belle folie. Que 2015 soit \u00e0 la hauteur de vos plus beaux r\u00eaves!<a href=\"https:\/\/i0.wp.com\/bottesetvelo.com\/blog\/wp-content\/uploads\/2014\/01\/Bottes-et-V%C3%A9lo-Embl%C3%AAme.jpg?ssl=1\"><img data-recalc-dims=\"1\" loading=\"lazy\" decoding=\"async\" data-attachment-id=\"14\" data-permalink=\"https:\/\/bottesetvelo.com\/blog\/bottes-et-velo-le-blog\/bottes-et-velo-embleme\/\" data-orig-file=\"https:\/\/i0.wp.com\/bottesetvelo.com\/blog\/wp-content\/uploads\/2014\/01\/Bottes-et-V%C3%A9lo-Embl%C3%AAme-e1454083414631.jpg?fit=100%2C79&amp;ssl=1\" data-orig-size=\"100,79\" data-comments-opened=\"1\" data-image-meta=\"{&quot;aperture&quot;:&quot;0&quot;,&quot;credit&quot;:&quot;&quot;,&quot;camera&quot;:&quot;&quot;,&quot;caption&quot;:&quot;&quot;,&quot;created_timestamp&quot;:&quot;0&quot;,&quot;copyright&quot;:&quot;&quot;,&quot;focal_length&quot;:&quot;0&quot;,&quot;iso&quot;:&quot;0&quot;,&quot;shutter_speed&quot;:&quot;0&quot;,&quot;title&quot;:&quot;&quot;}\" data-image-title=\"Bottes et V\u00e9lo &amp;#8211; Embl\u00eame\" data-image-description=\"\" data-image-caption=\"\" data-large-file=\"https:\/\/i0.wp.com\/bottesetvelo.com\/blog\/wp-content\/uploads\/2014\/01\/Bottes-et-V%C3%A9lo-Embl%C3%AAme-e1454083414631.jpg?fit=100%2C79&amp;ssl=1\" class=\"  wp-image-14 alignright\" src=\"https:\/\/i0.wp.com\/bottesetvelo.com\/blog\/wp-content\/uploads\/2014\/01\/Bottes-et-V%C3%A9lo-Embl%C3%AAme.jpg?resize=75%2C59&#038;ssl=1\" alt=\"Bottes et V\u00e9lo - Embl\u00eame\" width=\"75\" height=\"59\" \/><\/a><\/p>\n<p>\u00c9ric Lalibert\u00e9 et Brigitte Harouni<\/p>\n<p><span class=\"embed-youtube\" style=\"text-align:center; display: block;\"><iframe loading=\"lazy\" class=\"youtube-player\" width=\"1170\" height=\"659\" src=\"https:\/\/www.youtube.com\/embed\/9D0ZeGHMlcg?version=3&#038;rel=1&#038;showsearch=0&#038;showinfo=1&#038;iv_load_policy=1&#038;fs=1&#038;hl=fr-FR&#038;autohide=2&#038;wmode=transparent\" allowfullscreen=\"true\" style=\"border:0;\" sandbox=\"allow-scripts allow-same-origin allow-popups allow-presentation allow-popups-to-escape-sandbox\"><\/iframe><\/span><\/p>\n","protected":false},"excerpt":{"rendered":"<p>Voici un court vid\u00e9oclip pour vous informer des nouveaut\u00e9s que Bottes et V\u00e9lo vous a pr\u00e9par\u00e9es pour l&rsquo;ann\u00e9e 2015 et vous offrir tous nos meilleurs v\u0153ux pour No\u00ebl et la nouvelle ann\u00e9e. \u00c0 travers cette capsule vid\u00e9o, Bottes et V\u00e9lo porte un souhait pour l&rsquo;ann\u00e9e 2015: faire en sorte que le p\u00e8lerinage se d\u00e9veloppe de&hellip;<\/p>\n","protected":false},"author":1,"featured_media":0,"comment_status":"open","ping_status":"open","sticky":false,"template":"","format":"standard","meta":{"jetpack_post_was_ever_published":false,"_jetpack_newsletter_access":"","_jetpack_dont_email_post_to_subs":false,"_jetpack_newsletter_tier_id":0,"_jetpack_memberships_contains_paywalled_content":false,"_jetpack_memberships_contains_paid_content":false,"footnotes":"","jetpack_publicize_message":"","jetpack_publicize_feature_enabled":true,"jetpack_social_post_already_shared":true,"jetpack_social_options":{"image_generator_settings":{"template":"highway","default_image_id":0,"font":"","enabled":false},"version":2}},"categories":[50,9,6,143,37],"tags":[18,41,13,144,108,19,99,20,15,94,145],"class_list":["post-1209","post","type-post","status-publish","format-standard","hentry","category-art-de-vivre","category-chemins-de-pelerinage","category-formations","category-information","category-spiritualite-2","tag-bottes-et-velo","tag-formation","tag-pelerinage","tag-plein-air","tag-pleine-conscience","tag-randonnee","tag-simplicite-volontaire","tag-spiritualite","tag-velo","tag-vivre-simplement","tag-voyage"],"jetpack_publicize_connections":[],"jetpack_featured_media_url":"","jetpack_shortlink":"https:\/\/wp.me\/p4eY6z-jv","jetpack_sharing_enabled":true,"jetpack_likes_enabled":true,"jetpack-related-posts":[],"_links":{"self":[{"href":"https:\/\/bottesetvelo.com\/blog\/wp-json\/wp\/v2\/posts\/1209","targetHints":{"allow":["GET"]}}],"collection":[{"href":"https:\/\/bottesetvelo.com\/blog\/wp-json\/wp\/v2\/posts"}],"about":[{"href":"https:\/\/bottesetvelo.com\/blog\/wp-json\/wp\/v2\/types\/post"}],"author":[{"embeddable":true,"href":"https:\/\/bottesetvelo.com\/blog\/wp-json\/wp\/v2\/users\/1"}],"replies":[{"embeddable":true,"href":"https:\/\/bottesetvelo.com\/blog\/wp-json\/wp\/v2\/comments?post=1209"}],"version-history":[{"count":2,"href":"https:\/\/bottesetvelo.com\/blog\/wp-json\/wp\/v2\/posts\/1209\/revisions"}],"predecessor-version":[{"id":1211,"href":"https:\/\/bottesetvelo.com\/blog\/wp-json\/wp\/v2\/posts\/1209\/revisions\/1211"}],"wp:attachment":[{"href":"https:\/\/bottesetvelo.com\/blog\/wp-json\/wp\/v2\/media?parent=1209"}],"wp:term":[{"taxonomy":"category","embeddable":true,"href":"https:\/\/bottesetvelo.com\/blog\/wp-json\/wp\/v2\/categories?post=1209"},{"taxonomy":"post_tag","embeddable":true,"href":"https:\/\/bottesetvelo.com\/blog\/wp-json\/wp\/v2\/tags?post=1209"}],"curies":[{"name":"wp","href":"https:\/\/api.w.org\/{rel}","templated":true}]}}