{"id":1203,"date":"2014-12-19T19:15:45","date_gmt":"2014-12-20T00:15:45","guid":{"rendered":"http:\/\/bottesetvelo.com\/blog\/?p=1203"},"modified":"2014-12-19T19:52:46","modified_gmt":"2014-12-20T00:52:46","slug":"noel-dans-lauberge-espagnole","status":"publish","type":"post","link":"https:\/\/bottesetvelo.com\/blog\/2014\/12\/19\/noel-dans-lauberge-espagnole\/","title":{"rendered":"No\u00ebl dans l\u2019auberge espagnole"},"content":{"rendered":"<h6 style=\"text-align: right;\"><em>Nous nous rencontrons maintes et maintes fois<\/em><br \/>\n<em>sous mille d\u00e9guisements sur les chemins de la vie.<\/em><br \/>\n<em>Carl Gustav Jung<\/em><\/h6>\n<p style=\"text-align: justify;\">\u00c0 l\u2019origine, l\u2019expression \u00ab auberge espagnole \u00bb d\u00e9signait une auberge o\u00f9 l\u2019on n\u2019y trouvait que ce que l\u2019on y avait apport\u00e9. Fr\u00e9quenter l\u2019auberge espagnole sous-entendait donc que si l\u2019on voulait faire ripaille, valait mieux y penser et apporter ses propres victuailles!<\/p>\n<p style=\"text-align: justify;\">Avec les ann\u00e9es, l\u2019expression ayant raison, les gens en sont venus \u00e0 y d\u00e9barquer les bras charg\u00e9s, apportant avec eux de quoi festoyer. C\u2019est cette derni\u00e8re image que nous avons conserv\u00e9e\u2026<\/p>\n<p style=\"text-align: justify;\">Aujourd\u2019hui, pour celui ou celle qui a fr\u00e9quent\u00e9 les auberges espagnoles, sur la route de Compostelle, ou encore, parce qu\u2019elles y ressemblent tellement, toutes ces auberges de jeunesse en divers points du globe; celui-l\u00e0, celle-l\u00e0, pourra vous raconter l\u2019atmosph\u00e8re cordiale qui y r\u00e8gne et combien le p\u00e8lerin a su tirer profit de ce lieu, le transformant de fond en comble, pour en faire un espace de plaisirs et de r\u00e9jouissances. Soir apr\u00e8s soir, le p\u00e8lerin refait son nid\u2026<\/p>\n<p style=\"text-align: justify;\">\u00c0 l\u2019auberge espagnole, chacun y arrive comme s\u2019il allait visiter de la parent\u00e9. Le sourire aux l\u00e8vres, le c\u0153ur sur la main, anim\u00e9 par le plaisir des retrouvailles, forg\u00e9 par chacun de ses pas, le p\u00e8lerin s\u2019avance avec confiance, le regard fatigu\u00e9 par la route mais brillant. D\u00e9pouill\u00e9 par le chemin de ses surplus, ne conservant que l\u2019essentiel, il entre dans l\u2019auberge, conscient de ses propres pauvret\u00e9s. Ayant fait le m\u00e9nage de son ego, ayant lib\u00e9r\u00e9 son sac de vie, en m\u00eame temps que son sac \u00e0 dos, il est maintenant capable de percevoir en l\u2019autre un semblable : un \u00eatre aimant, riant, souffrant, tout comme lui. Un grand m\u00e9nage qui l\u2019emplit de compassion et qui lui permet de percevoir en ce p\u00e8lerin, un potentiel reflet de lui-m\u00eame. En l\u2019autre, il se reconna\u00eet avec ses forces et ses faiblesses. \u00ab J\u2019ai mille visages! \u00bb, se dit-il int\u00e9rieurement.<\/p>\n<p style=\"text-align: justify;\">Riche de ce d\u00e9pouillement, le p\u00e8lerin entre dans l\u2019auberge avec les yeux d\u2019un Don Quichotte. Rempli de reconnaissance et de f\u00e9licit\u00e9, il transforme ce qui pourrait para\u00eetre mis\u00e9reux en un magnifique festin, ce modeste g\u00eete en un splendide \u00ab castillo \u00bb.<\/p>\n<p style=\"text-align: justify;\">Puis, une fois la table mise, alors que les plats apport\u00e9s se mettent \u00e0 circuler, il s\u2019empare de ce contenant pour en faire un tambourin, de cette cuill\u00e8re pour rythmer. En soufflant sur cette bouteille, il s\u2019amuse \u00e0 en tirer quelques notes. Puis, rapidement, d\u2019autres instruments apparaissent et s\u2019ajoutent. On rit, les regards brillent, et au milieu de cette joyeuse cacophonie, une voix s\u2019\u00e9l\u00e8ve, puis une deuxi\u00e8me, puis une autre, le chant devenant leur cri de ralliement. Autour de cette tabl\u00e9e, dans ce chant, ce verre de vin, ce bout de pain partag\u00e9, c\u2019est lui-m\u00eame que le p\u00e8lerin offre en partage.<\/p>\n<p style=\"text-align: justify;\">Le p\u00e8lerin s\u2019offre avec g\u00e9n\u00e9rosit\u00e9!<\/p>\n<p><span class=\"embed-youtube\" style=\"text-align:center; display: block;\"><iframe loading=\"lazy\" class=\"youtube-player\" width=\"1170\" height=\"659\" src=\"https:\/\/www.youtube.com\/embed\/FXquYYXoYqg?version=3&#038;rel=1&#038;showsearch=0&#038;showinfo=1&#038;iv_load_policy=1&#038;fs=1&#038;hl=fr-FR&#038;autohide=2&#038;wmode=transparent\" allowfullscreen=\"true\" style=\"border:0;\" sandbox=\"allow-scripts allow-same-origin allow-popups allow-presentation allow-popups-to-escape-sandbox\"><\/iframe><\/span><\/p>\n<p style=\"text-align: justify;\">En ce temps de No\u00ebl, au moment le plus sombre de l\u2019ann\u00e9e, en ce temps d\u2019aust\u00e9rit\u00e9 annonc\u00e9e (\u2026), il serait bon de se laisser interpeler par l\u2019exp\u00e9rience de l\u2019auberge espagnole. C\u2019est au c\u0153ur de ce type d\u2019\u00e9v\u00e9nement que l\u2019\u00eatre humain tire souvent le meilleur de lui-m\u00eame. Et si cette p\u00e9riode n\u2019\u00e9tait qu\u2019une occasion pour s\u2019extirper de tous ces exc\u00e8s? Passer de l\u2019avoir \u00e0 l\u2019\u00eatre? Renouer avec les plaisirs simples? Le plaisir d\u2019\u00eatre ensemble et de s\u2019offrir sans attente? Faire de l\u2019auberge espagnole un mod\u00e8le pour nos maisons? Tout le Qu\u00e9bec a connu ces maisonn\u00e9es bien remplies, ces longues tabl\u00e9es o\u00f9 il suffisait d\u2019ajouter quelques pommes de terre pour qu\u2019il y en ait assez! Tout le monde se souvient! Il n\u2019en tient qu\u2019\u00e0 nous de faire revivre ces moments!<\/p>\n<p style=\"text-align: justify;\">\u00c0 quelques jours de cette grande f\u00eate, c\u2019est ce que nous nous appr\u00eatons \u00e0 vivre Brigitte et moi. L\u2019espace de quelques jours, la maison de Bottes et V\u00e9lo deviendra auberge espagnole et nous nous r\u00e9jouissons \u00e0 l\u2019avance de tous ces gens qui entreront chez nous.<\/p>\n<p style=\"text-align: justify;\">Pour No\u00ebl, nous vous souhaitons \u00e0 vous aussi d\u2019avoir la chance de vivre la chaleur et la spontan\u00e9it\u00e9 d\u2019une auberge espagnole!<a href=\"https:\/\/i0.wp.com\/bottesetvelo.com\/blog\/wp-content\/uploads\/2014\/01\/Bottes-et-V%C3%A9lo-Embl%C3%AAme.jpg?ssl=1\"><img data-recalc-dims=\"1\" loading=\"lazy\" decoding=\"async\" data-attachment-id=\"14\" data-permalink=\"https:\/\/bottesetvelo.com\/blog\/bottes-et-velo-le-blog\/bottes-et-velo-embleme\/\" data-orig-file=\"https:\/\/i0.wp.com\/bottesetvelo.com\/blog\/wp-content\/uploads\/2014\/01\/Bottes-et-V%C3%A9lo-Embl%C3%AAme-e1454083414631.jpg?fit=100%2C79&amp;ssl=1\" data-orig-size=\"100,79\" data-comments-opened=\"1\" data-image-meta=\"{&quot;aperture&quot;:&quot;0&quot;,&quot;credit&quot;:&quot;&quot;,&quot;camera&quot;:&quot;&quot;,&quot;caption&quot;:&quot;&quot;,&quot;created_timestamp&quot;:&quot;0&quot;,&quot;copyright&quot;:&quot;&quot;,&quot;focal_length&quot;:&quot;0&quot;,&quot;iso&quot;:&quot;0&quot;,&quot;shutter_speed&quot;:&quot;0&quot;,&quot;title&quot;:&quot;&quot;}\" data-image-title=\"Bottes et V\u00e9lo &amp;#8211; Embl\u00eame\" data-image-description=\"\" data-image-caption=\"\" data-large-file=\"https:\/\/i0.wp.com\/bottesetvelo.com\/blog\/wp-content\/uploads\/2014\/01\/Bottes-et-V%C3%A9lo-Embl%C3%AAme-e1454083414631.jpg?fit=100%2C79&amp;ssl=1\" class=\"  wp-image-14 alignright\" src=\"https:\/\/i0.wp.com\/bottesetvelo.com\/blog\/wp-content\/uploads\/2014\/01\/Bottes-et-V%C3%A9lo-Embl%C3%AAme.jpg?resize=81%2C64&#038;ssl=1\" alt=\"Bottes et V\u00e9lo - Embl\u00eame\" width=\"81\" height=\"64\" \/><\/a><\/p>\n<p style=\"text-align: justify;\">\u00c9ric Lalibert\u00e9<\/p>\n<h3 style=\"text-align: justify;\">Veuillez prendre note que le blogue de Bottes et V\u00e9lo fera rel\u00e2che jusqu&rsquo;au 9 janvier 2015. Nous vous souhaitons de joyeuses f\u00eates \u00e0 tous!<\/h3>\n","protected":false},"excerpt":{"rendered":"<p>Nous nous rencontrons maintes et maintes fois sous mille d\u00e9guisements sur les chemins de la vie. Carl Gustav Jung \u00c0 l\u2019origine, l\u2019expression \u00ab auberge espagnole \u00bb d\u00e9signait une auberge o\u00f9 l\u2019on n\u2019y trouvait que ce que l\u2019on y avait apport\u00e9. Fr\u00e9quenter l\u2019auberge espagnole sous-entendait donc que si l\u2019on voulait faire ripaille, valait mieux y penser&hellip;<\/p>\n","protected":false},"author":3,"featured_media":0,"comment_status":"open","ping_status":"open","sticky":false,"template":"","format":"standard","meta":{"jetpack_post_was_ever_published":false,"_jetpack_newsletter_access":"","_jetpack_dont_email_post_to_subs":false,"_jetpack_newsletter_tier_id":0,"_jetpack_memberships_contains_paywalled_content":false,"_jetpack_memberships_contains_paid_content":false,"footnotes":"","jetpack_publicize_message":"No\u00ebl dans l\u2019auberge espagnole","jetpack_publicize_feature_enabled":true,"jetpack_social_post_already_shared":true,"jetpack_social_options":{"image_generator_settings":{"template":"highway","default_image_id":0,"font":"","enabled":false},"version":2}},"categories":[3,37,79],"tags":[139,138,129,141,13,142,38,140,20],"class_list":["post-1203","post","type-post","status-publish","format-standard","hentry","category-reflexions","category-spiritualite-2","category-youtube","tag-amitie","tag-auberge-espagnole","tag-entraide","tag-partage","tag-pelerinage","tag-reconnaissance","tag-reflexion","tag-rencontre","tag-spiritualite"],"jetpack_publicize_connections":[],"jetpack_featured_media_url":"","jetpack_shortlink":"https:\/\/wp.me\/p4eY6z-jp","jetpack_sharing_enabled":true,"jetpack_likes_enabled":true,"jetpack-related-posts":[],"_links":{"self":[{"href":"https:\/\/bottesetvelo.com\/blog\/wp-json\/wp\/v2\/posts\/1203","targetHints":{"allow":["GET"]}}],"collection":[{"href":"https:\/\/bottesetvelo.com\/blog\/wp-json\/wp\/v2\/posts"}],"about":[{"href":"https:\/\/bottesetvelo.com\/blog\/wp-json\/wp\/v2\/types\/post"}],"author":[{"embeddable":true,"href":"https:\/\/bottesetvelo.com\/blog\/wp-json\/wp\/v2\/users\/3"}],"replies":[{"embeddable":true,"href":"https:\/\/bottesetvelo.com\/blog\/wp-json\/wp\/v2\/comments?post=1203"}],"version-history":[{"count":3,"href":"https:\/\/bottesetvelo.com\/blog\/wp-json\/wp\/v2\/posts\/1203\/revisions"}],"predecessor-version":[{"id":1206,"href":"https:\/\/bottesetvelo.com\/blog\/wp-json\/wp\/v2\/posts\/1203\/revisions\/1206"}],"wp:attachment":[{"href":"https:\/\/bottesetvelo.com\/blog\/wp-json\/wp\/v2\/media?parent=1203"}],"wp:term":[{"taxonomy":"category","embeddable":true,"href":"https:\/\/bottesetvelo.com\/blog\/wp-json\/wp\/v2\/categories?post=1203"},{"taxonomy":"post_tag","embeddable":true,"href":"https:\/\/bottesetvelo.com\/blog\/wp-json\/wp\/v2\/tags?post=1203"}],"curies":[{"name":"wp","href":"https:\/\/api.w.org\/{rel}","templated":true}]}}