{"id":1197,"date":"2014-12-17T19:14:08","date_gmt":"2014-12-18T00:14:08","guid":{"rendered":"http:\/\/bottesetvelo.com\/blog\/?p=1197"},"modified":"2014-12-17T19:15:14","modified_gmt":"2014-12-18T00:15:14","slug":"bottes-et-velo-2015","status":"publish","type":"post","link":"https:\/\/bottesetvelo.com\/blog\/2014\/12\/17\/bottes-et-velo-2015\/","title":{"rendered":"Bottes et V\u00e9lo 2015"},"content":{"rendered":"<p style=\"text-align: justify;\"><a href=\"http:\/\/bottesetvelo.com\/\"><img data-recalc-dims=\"1\" loading=\"lazy\" decoding=\"async\" data-attachment-id=\"1198\" data-permalink=\"https:\/\/bottesetvelo.com\/blog\/2014\/12\/17\/bottes-et-velo-2015\/bottes-et-velo-calendrier-2015\/\" data-orig-file=\"https:\/\/i0.wp.com\/bottesetvelo.com\/blog\/wp-content\/uploads\/2014\/12\/Bottes-et-V%C3%A9lo-Calendrier-2015.png?fit=3264%2C2448&amp;ssl=1\" data-orig-size=\"3264,2448\" data-comments-opened=\"1\" data-image-meta=\"{&quot;aperture&quot;:&quot;0&quot;,&quot;credit&quot;:&quot;&quot;,&quot;camera&quot;:&quot;&quot;,&quot;caption&quot;:&quot;&quot;,&quot;created_timestamp&quot;:&quot;0&quot;,&quot;copyright&quot;:&quot;&quot;,&quot;focal_length&quot;:&quot;0&quot;,&quot;iso&quot;:&quot;0&quot;,&quot;shutter_speed&quot;:&quot;0&quot;,&quot;title&quot;:&quot;&quot;,&quot;orientation&quot;:&quot;0&quot;}\" data-image-title=\"Bottes et V\u00e9lo &amp;#8211; Calendrier 2015\" data-image-description=\"\" data-image-caption=\"\" data-large-file=\"https:\/\/i0.wp.com\/bottesetvelo.com\/blog\/wp-content\/uploads\/2014\/12\/Bottes-et-V%C3%A9lo-Calendrier-2015.png?fit=1024%2C768&amp;ssl=1\" class=\"alignright wp-image-1198\" src=\"https:\/\/i0.wp.com\/bottesetvelo.com\/blog\/wp-content\/uploads\/2014\/12\/Bottes-et-V%C3%A9lo-Calendrier-2015.png?resize=292%2C219&#038;ssl=1\" alt=\"Bottes et V\u00e9lo - Calendrier 2015\" width=\"292\" height=\"219\" srcset=\"https:\/\/i0.wp.com\/bottesetvelo.com\/blog\/wp-content\/uploads\/2014\/12\/Bottes-et-V%C3%A9lo-Calendrier-2015.png?resize=500%2C375&amp;ssl=1 500w, https:\/\/i0.wp.com\/bottesetvelo.com\/blog\/wp-content\/uploads\/2014\/12\/Bottes-et-V%C3%A9lo-Calendrier-2015.png?resize=1024%2C768&amp;ssl=1 1024w, https:\/\/i0.wp.com\/bottesetvelo.com\/blog\/wp-content\/uploads\/2014\/12\/Bottes-et-V%C3%A9lo-Calendrier-2015.png?resize=624%2C467&amp;ssl=1 624w, https:\/\/i0.wp.com\/bottesetvelo.com\/blog\/wp-content\/uploads\/2014\/12\/Bottes-et-V%C3%A9lo-Calendrier-2015.png?w=2340&amp;ssl=1 2340w\" sizes=\"auto, (max-width: 292px) 100vw, 292px\" \/><\/a>D\u00e9cembre est d\u00e9j\u00e0 \u00e0 moiti\u00e9 entam\u00e9 et annonce la fin de 2014. Il est donc plus que temps que nous vous fassions part de nos projets pour la nouvelle ann\u00e9e!<\/p>\n<p style=\"text-align: justify;\">Voici donc les grandes lignes de ce que Bottes et V\u00e9lo vous r\u00e9serve pour 2015. Vous y trouverez plusieurs nouveaut\u00e9s telles que : des d\u00e9jeuners-causerie; des ateliers portant sur la d\u00e9marche du p\u00e8lerin; des s\u00e9jours de ressourcement \u00e0 travers le p\u00e8lerinage, qui sont maintenant offerts dans plusieurs r\u00e9gions du Qu\u00e9bec; des livres \u00e0 para\u00eetre; des p\u00e8lerinages \u00e0 d\u00e9couvrir\u2026 <strong>(Cliquez sur la photo pour d\u00e9couvrir tous les d\u00e9tails sur le site de Bottes et V\u00e9lo.)<\/strong><\/p>\n<p style=\"text-align: justify;\">C\u2019est une ann\u00e9e bien remplie qui s\u2019annonce et nous esp\u00e9rons qu\u2019elle saura r\u00e9pondre \u00e0 vos attentes. Comme nous avons eu beaucoup de plaisir \u00e0 penser cette ann\u00e9e pour vous, nous esp\u00e9rons que vous en aurez tout autant \u00e0 partager ces moments avec nous!<\/p>\n<p style=\"text-align: justify;\">\u00c0 bient\u00f4t!<a href=\"https:\/\/i0.wp.com\/bottesetvelo.com\/blog\/wp-content\/uploads\/2014\/01\/Bottes-et-V%C3%A9lo-Embl%C3%AAme.jpg?ssl=1\"><img data-recalc-dims=\"1\" loading=\"lazy\" decoding=\"async\" data-attachment-id=\"14\" data-permalink=\"https:\/\/bottesetvelo.com\/blog\/bottes-et-velo-le-blog\/bottes-et-velo-embleme\/\" data-orig-file=\"https:\/\/i0.wp.com\/bottesetvelo.com\/blog\/wp-content\/uploads\/2014\/01\/Bottes-et-V%C3%A9lo-Embl%C3%AAme-e1454083414631.jpg?fit=100%2C79&amp;ssl=1\" data-orig-size=\"100,79\" data-comments-opened=\"1\" data-image-meta=\"{&quot;aperture&quot;:&quot;0&quot;,&quot;credit&quot;:&quot;&quot;,&quot;camera&quot;:&quot;&quot;,&quot;caption&quot;:&quot;&quot;,&quot;created_timestamp&quot;:&quot;0&quot;,&quot;copyright&quot;:&quot;&quot;,&quot;focal_length&quot;:&quot;0&quot;,&quot;iso&quot;:&quot;0&quot;,&quot;shutter_speed&quot;:&quot;0&quot;,&quot;title&quot;:&quot;&quot;}\" data-image-title=\"Bottes et V\u00e9lo &amp;#8211; Embl\u00eame\" data-image-description=\"\" data-image-caption=\"\" data-large-file=\"https:\/\/i0.wp.com\/bottesetvelo.com\/blog\/wp-content\/uploads\/2014\/01\/Bottes-et-V%C3%A9lo-Embl%C3%AAme-e1454083414631.jpg?fit=100%2C79&amp;ssl=1\" class=\"alignright wp-image-14 \" src=\"https:\/\/i0.wp.com\/bottesetvelo.com\/blog\/wp-content\/uploads\/2014\/01\/Bottes-et-V%C3%A9lo-Embl%C3%AAme.jpg?resize=81%2C64&#038;ssl=1\" alt=\"Bottes et V\u00e9lo - Embl\u00eame\" width=\"81\" height=\"64\" \/><\/a><\/p>\n<p style=\"text-align: justify;\">\u00c9ric Lalibert\u00e9 et Brigitte Harouni<\/p>\n","protected":false},"excerpt":{"rendered":"<p>D\u00e9cembre est d\u00e9j\u00e0 \u00e0 moiti\u00e9 entam\u00e9 et annonce la fin de 2014. Il est donc plus que temps que nous vous fassions part de nos projets pour la nouvelle ann\u00e9e! Voici donc les grandes lignes de ce que Bottes et V\u00e9lo vous r\u00e9serve pour 2015. Vous y trouverez plusieurs nouveaut\u00e9s telles que : des d\u00e9jeuners-causerie;&hellip;<\/p>\n","protected":false},"author":1,"featured_media":0,"comment_status":"open","ping_status":"open","sticky":false,"template":"","format":"standard","meta":{"jetpack_post_was_ever_published":false,"_jetpack_newsletter_access":"","_jetpack_dont_email_post_to_subs":false,"_jetpack_newsletter_tier_id":0,"_jetpack_memberships_contains_paywalled_content":false,"_jetpack_memberships_contains_paid_content":false,"footnotes":"","jetpack_publicize_message":"","jetpack_publicize_feature_enabled":true,"jetpack_social_post_already_shared":true,"jetpack_social_options":{"image_generator_settings":{"template":"highway","default_image_id":0,"font":"","enabled":false},"version":2}},"categories":[56],"tags":[136,18,137,40,135,276,57,68,35,13,20],"class_list":["post-1197","post","type-post","status-publish","format-standard","hentry","category-activites","tag-ateliers","tag-bottes-et-velo","tag-calendrier-2015","tag-croissance-personnelle-2","tag-dejeuners-causerie","tag-fondation-elan","tag-guide-du-pelerin","tag-la-voie-du-saint-laurent","tag-livre","tag-pelerinage","tag-spiritualite"],"jetpack_publicize_connections":[],"jetpack_featured_media_url":"","jetpack_shortlink":"https:\/\/wp.me\/p4eY6z-jj","jetpack_sharing_enabled":true,"jetpack_likes_enabled":true,"jetpack-related-posts":[],"_links":{"self":[{"href":"https:\/\/bottesetvelo.com\/blog\/wp-json\/wp\/v2\/posts\/1197","targetHints":{"allow":["GET"]}}],"collection":[{"href":"https:\/\/bottesetvelo.com\/blog\/wp-json\/wp\/v2\/posts"}],"about":[{"href":"https:\/\/bottesetvelo.com\/blog\/wp-json\/wp\/v2\/types\/post"}],"author":[{"embeddable":true,"href":"https:\/\/bottesetvelo.com\/blog\/wp-json\/wp\/v2\/users\/1"}],"replies":[{"embeddable":true,"href":"https:\/\/bottesetvelo.com\/blog\/wp-json\/wp\/v2\/comments?post=1197"}],"version-history":[{"count":3,"href":"https:\/\/bottesetvelo.com\/blog\/wp-json\/wp\/v2\/posts\/1197\/revisions"}],"predecessor-version":[{"id":1200,"href":"https:\/\/bottesetvelo.com\/blog\/wp-json\/wp\/v2\/posts\/1197\/revisions\/1200"}],"wp:attachment":[{"href":"https:\/\/bottesetvelo.com\/blog\/wp-json\/wp\/v2\/media?parent=1197"}],"wp:term":[{"taxonomy":"category","embeddable":true,"href":"https:\/\/bottesetvelo.com\/blog\/wp-json\/wp\/v2\/categories?post=1197"},{"taxonomy":"post_tag","embeddable":true,"href":"https:\/\/bottesetvelo.com\/blog\/wp-json\/wp\/v2\/tags?post=1197"}],"curies":[{"name":"wp","href":"https:\/\/api.w.org\/{rel}","templated":true}]}}