{"id":1181,"date":"2014-12-07T17:31:29","date_gmt":"2014-12-07T22:31:29","guid":{"rendered":"http:\/\/bottesetvelo.com\/blog\/?p=1181"},"modified":"2014-12-07T17:31:29","modified_gmt":"2014-12-07T22:31:29","slug":"conference-le-st-laurent-par-bottes-et-velo","status":"publish","type":"post","link":"https:\/\/bottesetvelo.com\/blog\/2014\/12\/07\/conference-le-st-laurent-par-bottes-et-velo\/","title":{"rendered":"Conf\u00e9rence: Le St-Laurent par Bottes et V\u00e9lo"},"content":{"rendered":"<p><span class=\"userContent\">L&rsquo;exp\u00e9rience du p\u00e8lerinage vous interpelle? Vous avez envie d&rsquo;en apprendre davantage? De d\u00e9couvrir le St-Laurent sous un nouveau jour?<\/span><\/p>\n<p><span class=\"userContent\">Bottes et V\u00e9lo vous invite \u00e0 venir nous rencontrer lors de la conf\u00e9rence:<\/span><\/p>\n<h1><span class=\"userContent\" style=\"color: #000080;\">Le St-Laurent par Bottes et V\u00e9lo<\/span><\/h1>\n<div id=\"attachment_1182\" style=\"width: 350px\" class=\"wp-caption alignright\"><a href=\"https:\/\/i0.wp.com\/bottesetvelo.com\/blog\/wp-content\/uploads\/2014\/12\/Conf%C3%A9rence-Bottes-et-V%C3%A9lo-Au-Coin-du-Monde-Rappel.png?ssl=1\"><img data-recalc-dims=\"1\" loading=\"lazy\" decoding=\"async\" aria-describedby=\"caption-attachment-1182\" data-attachment-id=\"1182\" data-permalink=\"https:\/\/bottesetvelo.com\/blog\/2014\/12\/07\/conference-le-st-laurent-par-bottes-et-velo\/conference-bottes-et-velo-au-coin-du-monde-rappel\/\" data-orig-file=\"https:\/\/i0.wp.com\/bottesetvelo.com\/blog\/wp-content\/uploads\/2014\/12\/Conf%C3%A9rence-Bottes-et-V%C3%A9lo-Au-Coin-du-Monde-Rappel.png?fit=3264%2C2448&amp;ssl=1\" data-orig-size=\"3264,2448\" data-comments-opened=\"1\" data-image-meta=\"{&quot;aperture&quot;:&quot;0&quot;,&quot;credit&quot;:&quot;&quot;,&quot;camera&quot;:&quot;&quot;,&quot;caption&quot;:&quot;&quot;,&quot;created_timestamp&quot;:&quot;0&quot;,&quot;copyright&quot;:&quot;&quot;,&quot;focal_length&quot;:&quot;0&quot;,&quot;iso&quot;:&quot;0&quot;,&quot;shutter_speed&quot;:&quot;0&quot;,&quot;title&quot;:&quot;&quot;,&quot;orientation&quot;:&quot;0&quot;}\" data-image-title=\"Conf\u00e9rence &amp;#8211; Bottes et V\u00e9lo Au Coin du Monde\" data-image-description=\"\" data-image-caption=\"&lt;p&gt;Le St-Laurent par Bottes et V\u00e9lo &amp;#8211; 9 d\u00e9cembre 2014, 19h30 &amp;#8211; Bistro Au Coin du Monde &amp;#8211; Montmagny&lt;\/p&gt;\n\" data-large-file=\"https:\/\/i0.wp.com\/bottesetvelo.com\/blog\/wp-content\/uploads\/2014\/12\/Conf%C3%A9rence-Bottes-et-V%C3%A9lo-Au-Coin-du-Monde-Rappel.png?fit=1024%2C768&amp;ssl=1\" class=\"wp-image-1182 \" src=\"https:\/\/i0.wp.com\/bottesetvelo.com\/blog\/wp-content\/uploads\/2014\/12\/Conf%C3%A9rence-Bottes-et-V%C3%A9lo-Au-Coin-du-Monde-Rappel.png?resize=340%2C255&#038;ssl=1\" alt=\"Le St-Laurent par Bottes et V\u00e9lo - 9 d\u00e9cembre 2014, 19h30 - Bistro Au Coin du Monde - Montmagny\" width=\"340\" height=\"255\" srcset=\"https:\/\/i0.wp.com\/bottesetvelo.com\/blog\/wp-content\/uploads\/2014\/12\/Conf%C3%A9rence-Bottes-et-V%C3%A9lo-Au-Coin-du-Monde-Rappel.png?resize=500%2C375&amp;ssl=1 500w, https:\/\/i0.wp.com\/bottesetvelo.com\/blog\/wp-content\/uploads\/2014\/12\/Conf%C3%A9rence-Bottes-et-V%C3%A9lo-Au-Coin-du-Monde-Rappel.png?resize=1024%2C768&amp;ssl=1 1024w, https:\/\/i0.wp.com\/bottesetvelo.com\/blog\/wp-content\/uploads\/2014\/12\/Conf%C3%A9rence-Bottes-et-V%C3%A9lo-Au-Coin-du-Monde-Rappel.png?resize=624%2C467&amp;ssl=1 624w, https:\/\/i0.wp.com\/bottesetvelo.com\/blog\/wp-content\/uploads\/2014\/12\/Conf%C3%A9rence-Bottes-et-V%C3%A9lo-Au-Coin-du-Monde-Rappel.png?w=2340&amp;ssl=1 2340w\" sizes=\"auto, (max-width: 340px) 100vw, 340px\" \/><\/a><p id=\"caption-attachment-1182\" class=\"wp-caption-text\">Le St-Laurent par Bottes et V\u00e9lo &#8211; 9 d\u00e9cembre 2014, 19h30 &#8211; Bistro Au Coin du Monde &#8211; Montmagny<\/p><\/div>\n<p><span class=\"userContent\"><span style=\"color: #008000;\"><strong>Mardi, le 9 d\u00e9cembre, \u00e0 19h30<\/strong><\/span><br \/>\n<span style=\"color: #008000;\"><strong>au <span style=\"color: #ff9900;\"><em>Bistro Au Coin du Monde<\/em><\/span><\/strong><\/span><br \/>\n<span style=\"color: #008000;\"><strong>135, rue Saint-Jean-Baptiste Est, Montmagny, G5V 1K4<\/strong><\/span><br \/>\n<a href=\"http:\/\/bottesetvelo.com\/bottes-et-v%C3%A9lo---calendrier\" target=\"_blank\" rel=\"nofollow nofollow\">http:\/\/bottesetvelo.com\/bottes-et-v\u00e9lo&#8212;calendrier<\/a><\/span><\/p>\n<p style=\"text-align: justify;\"><span class=\"userContent\">Ce sera l&rsquo;occasion de vous partager notre exp\u00e9rience sur La Voie du St-Laurent et de vous faire d\u00e9couvrir une philosophie actualis\u00e9e du p\u00e8lerinage.<\/span><\/p>\n<p>\u00a0Au plaisir de vous retrouver!<\/p>\n<p>\u00c9ric Lalibert\u00e9 et Brigitte Harouni<a href=\"https:\/\/i0.wp.com\/bottesetvelo.com\/blog\/wp-content\/uploads\/2014\/01\/Bottes-et-V%C3%A9lo-Embl%C3%AAme.jpg?ssl=1\"><img data-recalc-dims=\"1\" loading=\"lazy\" decoding=\"async\" data-attachment-id=\"14\" data-permalink=\"https:\/\/bottesetvelo.com\/blog\/bottes-et-velo-le-blog\/bottes-et-velo-embleme\/\" data-orig-file=\"https:\/\/i0.wp.com\/bottesetvelo.com\/blog\/wp-content\/uploads\/2014\/01\/Bottes-et-V%C3%A9lo-Embl%C3%AAme-e1454083414631.jpg?fit=100%2C79&amp;ssl=1\" data-orig-size=\"100,79\" data-comments-opened=\"1\" data-image-meta=\"{&quot;aperture&quot;:&quot;0&quot;,&quot;credit&quot;:&quot;&quot;,&quot;camera&quot;:&quot;&quot;,&quot;caption&quot;:&quot;&quot;,&quot;created_timestamp&quot;:&quot;0&quot;,&quot;copyright&quot;:&quot;&quot;,&quot;focal_length&quot;:&quot;0&quot;,&quot;iso&quot;:&quot;0&quot;,&quot;shutter_speed&quot;:&quot;0&quot;,&quot;title&quot;:&quot;&quot;}\" data-image-title=\"Bottes et V\u00e9lo &amp;#8211; Embl\u00eame\" data-image-description=\"\" data-image-caption=\"\" data-large-file=\"https:\/\/i0.wp.com\/bottesetvelo.com\/blog\/wp-content\/uploads\/2014\/01\/Bottes-et-V%C3%A9lo-Embl%C3%AAme-e1454083414631.jpg?fit=100%2C79&amp;ssl=1\" class=\"alignright wp-image-14 \" src=\"https:\/\/i0.wp.com\/bottesetvelo.com\/blog\/wp-content\/uploads\/2014\/01\/Bottes-et-V%C3%A9lo-Embl%C3%AAme.jpg?resize=58%2C46&#038;ssl=1\" alt=\"Bottes et V\u00e9lo - Embl\u00eame\" width=\"58\" height=\"46\" \/><\/a><\/p>\n<p>&nbsp;<\/p>\n<p>&nbsp;<\/p>\n","protected":false},"excerpt":{"rendered":"<p>L&rsquo;exp\u00e9rience du p\u00e8lerinage vous interpelle? Vous avez envie d&rsquo;en apprendre davantage? De d\u00e9couvrir le St-Laurent sous un nouveau jour? Bottes et V\u00e9lo vous invite \u00e0 venir nous rencontrer lors de la conf\u00e9rence: Le St-Laurent par Bottes et V\u00e9lo Mardi, le 9 d\u00e9cembre, \u00e0 19h30 au Bistro Au Coin du Monde 135, rue Saint-Jean-Baptiste Est, Montmagny,&hellip;<\/p>\n","protected":false},"author":1,"featured_media":0,"comment_status":"open","ping_status":"open","sticky":false,"template":"","format":"standard","meta":{"jetpack_post_was_ever_published":false,"_jetpack_newsletter_access":"","_jetpack_dont_email_post_to_subs":false,"_jetpack_newsletter_tier_id":0,"_jetpack_memberships_contains_paywalled_content":false,"_jetpack_memberships_contains_paid_content":false,"footnotes":"","jetpack_publicize_message":"Conf\u00e9rence: Le St-Laurent par Bottes et V\u00e9lo http:\/\/wp.me\/p4eY6z-j3","jetpack_publicize_feature_enabled":true,"jetpack_social_post_already_shared":true,"jetpack_social_options":{"image_generator_settings":{"template":"highway","default_image_id":0,"font":"","enabled":false},"version":2}},"categories":[1],"tags":[18,126,68,14,13,19,15],"class_list":["post-1181","post","type-post","status-publish","format-standard","hentry","category-uncategorized","tag-bottes-et-velo","tag-conference","tag-la-voie-du-saint-laurent","tag-marche","tag-pelerinage","tag-randonnee","tag-velo"],"jetpack_publicize_connections":[],"jetpack_featured_media_url":"","jetpack_shortlink":"https:\/\/wp.me\/p4eY6z-j3","jetpack_sharing_enabled":true,"jetpack_likes_enabled":true,"jetpack-related-posts":[],"_links":{"self":[{"href":"https:\/\/bottesetvelo.com\/blog\/wp-json\/wp\/v2\/posts\/1181","targetHints":{"allow":["GET"]}}],"collection":[{"href":"https:\/\/bottesetvelo.com\/blog\/wp-json\/wp\/v2\/posts"}],"about":[{"href":"https:\/\/bottesetvelo.com\/blog\/wp-json\/wp\/v2\/types\/post"}],"author":[{"embeddable":true,"href":"https:\/\/bottesetvelo.com\/blog\/wp-json\/wp\/v2\/users\/1"}],"replies":[{"embeddable":true,"href":"https:\/\/bottesetvelo.com\/blog\/wp-json\/wp\/v2\/comments?post=1181"}],"version-history":[{"count":3,"href":"https:\/\/bottesetvelo.com\/blog\/wp-json\/wp\/v2\/posts\/1181\/revisions"}],"predecessor-version":[{"id":1185,"href":"https:\/\/bottesetvelo.com\/blog\/wp-json\/wp\/v2\/posts\/1181\/revisions\/1185"}],"wp:attachment":[{"href":"https:\/\/bottesetvelo.com\/blog\/wp-json\/wp\/v2\/media?parent=1181"}],"wp:term":[{"taxonomy":"category","embeddable":true,"href":"https:\/\/bottesetvelo.com\/blog\/wp-json\/wp\/v2\/categories?post=1181"},{"taxonomy":"post_tag","embeddable":true,"href":"https:\/\/bottesetvelo.com\/blog\/wp-json\/wp\/v2\/tags?post=1181"}],"curies":[{"name":"wp","href":"https:\/\/api.w.org\/{rel}","templated":true}]}}